{"id":46555,"date":"2023-07-31T21:07:03","date_gmt":"2023-07-31T18:07:03","guid":{"rendered":"https:\/\/www.satokangas.fi\/blogi\/?p=46555"},"modified":"2023-07-31T23:05:21","modified_gmt":"2023-07-31T20:05:21","slug":"kuvakirjaprojekteja-vireille","status":"publish","type":"post","link":"https:\/\/www.satokangas.fi\/blogi\/2023\/07\/kuvakirjaprojekteja-vireille\/","title":{"rendered":"Kuvakirjaprojekteja vireille"},"content":{"rendered":"<p>Viel\u00e4kin on l\u00e4mmin.<\/p>\n<p>Sellainen kuin elokuisten iltojen sanotaan olevan. Samettinen, h\u00e4m\u00e4rtyv\u00e4. Hyvin harvoin tuollaisia elokuun samenttisia iltoja Oulun leveysasteilla kuitenkaan on. Aurinko laskee vasta puoliyhdentoista aikoihin, ja harvoin elokuussa on niin l\u00e4mmint\u00e4, ett\u00e4 sit\u00e4 kunnolla riitt\u00e4isi iltaan asti. Nyt hein\u00e4kuu sent\u00e4n p\u00e4\u00e4ttyy l\u00e4mpim\u00e4\u00e4n iltaan.<\/p>\n<p>T\u00e4n\u00e4 kes\u00e4n\u00e4 on tapahtunut niin paljon, on k\u00e4yty ja oltu niin monissa paikoissa ja paikkakunnilla ja tavattu paljon ihmisi\u00e4, ett\u00e4 tuntuu kuin oltaisiin hyvinkin jo elokuun loppupuolella.<\/p>\n<p>Aika pys\u00e4htynyt tunnelma kyll\u00e4 on ollut pitkin p\u00e4iv\u00e4\u00e4: kes\u00e4isest\u00e4 kelist\u00e4 huolimatta on ollut virett\u00e4 istua koneella. Kaksikin kuvakirjaa on aie saada valmiiksi t\u00e4m\u00e4n vuoden puolella: sek\u00e4 Hangasojan m\u00f6kkikirja ett\u00e4 viinikerhon kuva&#8221;p\u00e4iv\u00e4kirja&#8221;. Joten valtavien kuva-arkistojen selailua ja niiden my\u00f6t\u00e4 uppoamista muistoihin. Aika vahvasti olen 90-luvulla elellyt t\u00e4n\u00e4\u00e4n&#8230;<\/p>\n<p>Ja jotain vaikutusta Warholin n\u00e4yttelyst\u00e4? &#8211; Yksi kohde, erilaisia vedoksia, ei piirt\u00e4mist\u00e4, ei maalausta, ei sekatekniikkaa, &#8230; mutta jollei perjantaina oltaisi k\u00e4yty n\u00e4yttelyss\u00e4, en ehk\u00e4 olisi t\u00e4mm\u00f6st\u00e4 ottamistani kuviasta v\u00e4rkk\u00e4illyt.<\/p>\n<p><a href=\"https:\/\/www.satokangas.fi\/blogi\/2023\/07\/kuvakirjaprojekteja-vireille\/huippu_p\/\" rel=\"attachment wp-att-46557\"><img loading=\"lazy\" decoding=\"async\" data-attachment-id=\"46557\" data-permalink=\"https:\/\/www.satokangas.fi\/blogi\/2023\/07\/kuvakirjaprojekteja-vireille\/huippu_p\/\" data-orig-file=\"https:\/\/www.satokangas.fi\/blogi\/wp-content\/uploads\/2023\/07\/Huippu_p.jpg\" data-orig-size=\"1100,733\" data-comments-opened=\"1\" data-image-title=\"Huippu_p\" data-image-description=\"\" data-image-caption=\"\" data-large-file=\"https:\/\/www.satokangas.fi\/blogi\/wp-content\/uploads\/2023\/07\/Huippu_p.jpg\" class=\"size-full wp-image-46557 aligncenter\" src=\"https:\/\/www.satokangas.fi\/blogi\/wp-content\/uploads\/2023\/07\/Huippu_p.jpg\" alt=\"\" width=\"1100\" height=\"733\" srcset=\"https:\/\/www.satokangas.fi\/blogi\/wp-content\/uploads\/2023\/07\/Huippu_p.jpg 1100w, https:\/\/www.satokangas.fi\/blogi\/wp-content\/uploads\/2023\/07\/Huippu_p-600x400.jpg 600w, https:\/\/www.satokangas.fi\/blogi\/wp-content\/uploads\/2023\/07\/Huippu_p-300x200.jpg 300w, https:\/\/www.satokangas.fi\/blogi\/wp-content\/uploads\/2023\/07\/Huippu_p-768x512.jpg 768w, https:\/\/www.satokangas.fi\/blogi\/wp-content\/uploads\/2023\/07\/Huippu_p-90x60.jpg 90w\" sizes=\"auto, (max-width: 1100px) 100vw, 1100px\" \/><\/a><\/p>\n<p style=\"text-align: center;\">[Saarisel\u00e4ll\u00e4 Kaunisp\u00e4\u00e4n huipulla palovartijan vanha m\u00f6kki*.]<\/p>\n<p><span style=\"color: #808080;\">*Se on valmistunut 1952, e<span id=\"fbPhotoSnowliftCaption\" class=\"fbPhotosPhotoCaption\" tabindex=\"0\" data-ft=\"{&quot;tn&quot;:&quot;K&quot;}\"><span class=\"hasCaption\">dellisen 30-luvulla rakennetun saksalaiset polttivat Lapin sodan loppumetreill\u00e4. M\u00f6kiss\u00e4 on t\u00e4hystystorni ja sielt\u00e4 n\u00e4kee juuri ja juuri\u00a0<a style=\"color: #808080;\" href=\"https:\/\/www.satokangas.fi\/blogi\/2010\/09\/pyha-nattanen-huiputettu\/\" target=\"_blank\" rel=\"noopener noreferrer\">Pyh\u00e4-Nattasen huipulle<\/a>, jossa on seuraava kuloh\u00e4lytystupa. T\u00e4llainen ketju on aikanaan ollut t\u00e4rke\u00e4 mets\u00e4palojen ehk\u00e4isyss\u00e4.<\/span><\/span><\/span><\/p>\n","protected":false},"excerpt":{"rendered":"<p>Viel\u00e4kin on l\u00e4mmin. Sellainen kuin elokuisten iltojen sanotaan olevan. Samettinen, h\u00e4m\u00e4rtyv\u00e4. Hyvin harvoin tuollaisia elokuun samenttisia iltoja Oulun leveysasteilla kuitenkaan on. Aurinko laskee vasta puoliyhdentoista aikoihin, ja harvoin elokuussa on niin l\u00e4mmint\u00e4, ett\u00e4 sit\u00e4 kunnolla riitt\u00e4isi iltaan asti. Nyt hein\u00e4kuu sent\u00e4n p\u00e4\u00e4ttyy l\u00e4mpim\u00e4\u00e4n iltaan. T\u00e4n\u00e4 kes\u00e4n\u00e4 on tapahtunut niin paljon, on k\u00e4yty ja oltu niin monissa paikoissa ja paikkakunnilla ja &hellip; <\/p>\n","protected":false},"author":1,"featured_media":46556,"comment_status":"open","ping_status":"open","sticky":false,"template":"","format":"standard","meta":{"_jetpack_newsletter_access":"","_jetpack_dont_email_post_to_subs":false,"_jetpack_newsletter_tier_id":0,"_jetpack_memberships_contains_paywalled_content":false,"_jetpack_feature_clip_id":0,"_jetpack_memberships_contains_paid_content":false,"footnotes":"","jetpack_publicize_message":"","jetpack_publicize_feature_enabled":true,"jetpack_social_post_already_shared":true,"jetpack_social_options":{"image_generator_settings":{"template":"highway","default_image_id":0,"font":"","enabled":false},"version":2},"jetpack_post_was_ever_published":false},"categories":[13,37],"tags":[],"class_list":["post-46555","post","type-post","status-publish","format-standard","has-post-thumbnail","hentry","category-historiaa","category-valokuvaus","latest_post"],"jetpack_publicize_connections":[],"jetpack_shortlink":"https:\/\/wp.me\/pr4p4-c6T","jetpack_sharing_enabled":true,"jetpack_likes_enabled":false,"jetpack-related-posts":[{"id":14998,"url":"https:\/\/www.satokangas.fi\/blogi\/2012\/08\/valokuvahaasteita\/","url_meta":{"origin":46555,"position":0},"title":"Valokuvahaasteita","author":"Reija","date":"7.8.2012","format":false,"excerpt":"Kun kerran liven\u00e4 ei ole elokuun samettisia iltoja, niin laitoinpas bannerikuvaksi otoksen joka n\u00e4ytt\u00e4\u00e4 silt\u00e4. Vaikka kuvassa itseasiassa on toukokuun ilta Umbriassa. Kuvassa on Villa Francon takapihan pikkuportti, josta l\u00e4hdettiin aina lenkille. Ja jos blogin taustakuvana edelleen n\u00e4kyy lentokoneesta otettu ilmakuva, niin paina n\u00e4pp\u00e4imist\u00f6ll\u00e4 F5:sta. Taustaksi pit\u00e4isi tulla Naantalin aamussa\u2026","rel":"","context":"Kategoriassa &quot;Valokuvaus&quot;","block_context":{"text":"Valokuvaus","link":"https:\/\/www.satokangas.fi\/blogi\/category\/valokuvaus\/"},"img":{"alt_text":"","src":"https:\/\/i0.wp.com\/www.satokangas.fi\/blogi\/wp-content\/uploads\/tausta30-600x400.jpg?resize=350%2C200&ssl=1","width":350,"height":200,"srcset":"https:\/\/i0.wp.com\/www.satokangas.fi\/blogi\/wp-content\/uploads\/tausta30-600x400.jpg?resize=350%2C200&ssl=1 1x, https:\/\/i0.wp.com\/www.satokangas.fi\/blogi\/wp-content\/uploads\/tausta30-600x400.jpg?resize=525%2C300&ssl=1 1.5x"},"classes":[]},{"id":14982,"url":"https:\/\/www.satokangas.fi\/blogi\/2012\/08\/ihan-parasta\/","url_meta":{"origin":46555,"position":1},"title":"Ihan parasta","author":"Reija","date":"5.8.2012","format":false,"excerpt":"Pitk\u00e4llisen pohdinnan ja monien empiiristen tutkimusten (ehk\u00e4 enemm\u00e4nkin kokemusten) j\u00e4lkeen olen p\u00e4\u00e4tt\u00e4nyt: elo-syyskuu on Lapissa parasta aikaa. Maaliskuun loppu-huhtikuu on eitt\u00e4m\u00e4tt\u00e4 ihan toiseksi paras. Aiemmin pidin kev\u00e4ttalvesta eniten, mutta nyt viimeisin\u00e4 vuosina (vuodesta 2005) kun olen p\u00e4\u00e4ssyt\/ymm\u00e4rt\u00e4nyt tulla t\u00e4nne my\u00f6s elokuussa, olen aina vain vakuuttuneempi, ett\u00e4 t\u00e4m\u00e4 on parasta aikaa\u2026","rel":"","context":"Kategoriassa &quot;Lappi&quot;","block_context":{"text":"Lappi","link":"https:\/\/www.satokangas.fi\/blogi\/category\/lappi\/"},"img":{"alt_text":"","src":"https:\/\/i0.wp.com\/www.satokangas.fi\/blogi\/wp-content\/uploads\/Hangasoja-2-2-266x400.jpg?resize=350%2C200&ssl=1","width":350,"height":200},"classes":[]},{"id":43463,"url":"https:\/\/www.satokangas.fi\/blogi\/2022\/08\/elokuun-eka-paras-ehka-ikina\/","url_meta":{"origin":46555,"position":2},"title":"Elokuun eka &#8211; paras ehk\u00e4 ikin\u00e4","author":"Reija","date":"1.8.2022","format":false,"excerpt":"Onhan me liikuttu, hyv\u00e4nen aika, kuinka me onkaan liikuttu.\u00a0Kaksi pient\u00e4 ikiliikkujaa ovat pit\u00e4neet erityisesti mummin liikkeess\u00e4. Hyv\u00e4 niin Lasten eroja kuvaa hyvin se, kun olimme kolmisin l\u00e4himets\u00e4ss\u00e4 etsim\u00e4ss\u00e4 sieni\u00e4 ja muuten vaan kulkemassa, katselemassa, etsim\u00e4ss\u00e4 k\u00e4\u00e4pi\u00e4, varpuja, ... ja eteen sattui kaarelle taipunut nuorehko m\u00e4nty. Eevis hihkaisi jo kaukaa: \"Oi,\u2026","rel":"","context":"Kategoriassa &quot;M\u00f6kkiel\u00e4m\u00e4\u00e4&quot;","block_context":{"text":"M\u00f6kkiel\u00e4m\u00e4\u00e4","link":"https:\/\/www.satokangas.fi\/blogi\/category\/mokkielamaa\/"},"img":{"alt_text":"","src":"https:\/\/i0.wp.com\/www.satokangas.fi\/blogi\/wp-content\/uploads\/2022\/08\/1-2.jpg?resize=350%2C200&ssl=1","width":350,"height":200,"srcset":"https:\/\/i0.wp.com\/www.satokangas.fi\/blogi\/wp-content\/uploads\/2022\/08\/1-2.jpg?resize=350%2C200&ssl=1 1x, https:\/\/i0.wp.com\/www.satokangas.fi\/blogi\/wp-content\/uploads\/2022\/08\/1-2.jpg?resize=525%2C300&ssl=1 1.5x, https:\/\/i0.wp.com\/www.satokangas.fi\/blogi\/wp-content\/uploads\/2022\/08\/1-2.jpg?resize=700%2C400&ssl=1 2x"},"classes":[]},{"id":42760,"url":"https:\/\/www.satokangas.fi\/blogi\/2022\/04\/kuvausiloa-on-loytymassa\/","url_meta":{"origin":46555,"position":3},"title":"Kuvausiloa on l\u00f6ytym\u00e4ss\u00e4","author":"Reija","date":"20.4.2022","format":false,"excerpt":"\u00a0 T\u00e4m\u00e4 maisema tyynnytti kummasti. Aurinkoisen l\u00e4mpim\u00e4n p\u00e4iv\u00e4n loppupuolella p\u00e4\u00e4sin py\u00f6r\u00e4lenkille, on se mieluisaa liikuntaa. Aika paljon on jo py\u00f6r\u00e4ilij\u00f6it\u00e4, ehk\u00e4 t\u00e4n\u00e4 vuonna taas uusia enn\u00e4tyksi\u00e4. Ja s\u00e4hk\u00f6py\u00f6r\u00e4buumi on kuulemma niin kova, ett\u00e4 Oulussa joutuu uusia py\u00f6ri\u00e4 jonottamaan melkein yht\u00e4 kauan kuin s\u00e4hk\u00f6autoja. Kausi alussa, ja liikkeet myyv\u00e4t eioota. Eka\u2026","rel":"","context":"Kategoriassa &quot;Muistikuvia&quot;","block_context":{"text":"Muistikuvia","link":"https:\/\/www.satokangas.fi\/blogi\/category\/muistikuvia\/"},"img":{"alt_text":"","src":"https:\/\/i0.wp.com\/www.satokangas.fi\/blogi\/wp-content\/uploads\/2022\/04\/pyoraillen.jpg?resize=350%2C200&ssl=1","width":350,"height":200,"srcset":"https:\/\/i0.wp.com\/www.satokangas.fi\/blogi\/wp-content\/uploads\/2022\/04\/pyoraillen.jpg?resize=350%2C200&ssl=1 1x, https:\/\/i0.wp.com\/www.satokangas.fi\/blogi\/wp-content\/uploads\/2022\/04\/pyoraillen.jpg?resize=525%2C300&ssl=1 1.5x, https:\/\/i0.wp.com\/www.satokangas.fi\/blogi\/wp-content\/uploads\/2022\/04\/pyoraillen.jpg?resize=700%2C400&ssl=1 2x"},"classes":[]},{"id":28856,"url":"https:\/\/www.satokangas.fi\/blogi\/2016\/07\/kuvia-ja-kirjoittamista\/","url_meta":{"origin":46555,"position":4},"title":"Kuvia ja kirjoittamista","author":"Reija","date":"31.7.2016","format":false,"excerpt":"Kaiken juhlinnan keskell\u00e4, juhlissa ja niiden v\u00e4liss\u00e4, varhain aamuisin, my\u00f6h\u00e4\u00e4n iltaisin on tullut t\u00e4n\u00e4 viikonloppuna otettua yli 600 kuvaa. Rotiss\u00f6\u00f6ripiknikin kuvat ehdin jo ty\u00f6st\u00e4\u00e4 ja julkaista voutikunnan kuvasivulla. Nyt viel\u00e4 eilisen illan kes\u00e4juhlakuvat pit\u00e4isi perata ja k\u00e4sitell\u00e4. J\u00e4\u00e4nee tiistaille. Samoin kuin eilisen aamun urbaanimaisemien kuvat. Olin eilen aamulla ennen seitsem\u00e4\u00e4\u2026","rel":"","context":"Kategoriassa &quot;Niit\u00e4 n\u00e4it\u00e4&quot;","block_context":{"text":"Niit\u00e4 n\u00e4it\u00e4","link":"https:\/\/www.satokangas.fi\/blogi\/category\/aiheeton\/"},"img":{"alt_text":"Urbaanimaisema","src":"https:\/\/i0.wp.com\/www.satokangas.fi\/blogi\/wp-content\/uploads\/2016\/07\/Urbaanimaisema-1-600x400.jpg?resize=350%2C200&ssl=1","width":350,"height":200,"srcset":"https:\/\/i0.wp.com\/www.satokangas.fi\/blogi\/wp-content\/uploads\/2016\/07\/Urbaanimaisema-1-600x400.jpg?resize=350%2C200&ssl=1 1x, https:\/\/i0.wp.com\/www.satokangas.fi\/blogi\/wp-content\/uploads\/2016\/07\/Urbaanimaisema-1-600x400.jpg?resize=525%2C300&ssl=1 1.5x"},"classes":[]},{"id":41794,"url":"https:\/\/www.satokangas.fi\/blogi\/2021\/10\/hetki-jonka-soisi-pysahtyvan\/","url_meta":{"origin":46555,"position":5},"title":"Hetki, jonka soisi pys\u00e4htyv\u00e4n","author":"Reija","date":"23.10.2021","format":false,"excerpt":"Tuntuu, varovaisesti ajatellen, ett\u00e4 koronan suurin kirous on jo ohi. Tuntuu hyv\u00e4lle, ett\u00e4 t\u00e4n\u00e4\u00e4n olemme viett\u00e4neet illan yst\u00e4vien parissa, k\u00e4telleet, unohtaneet maskit, istuneet l\u00e4hekk\u00e4in. Yhteisen aterian \u00e4\u00e4rell\u00e4. Hyvin sy\u00f6den, paljon kertoen, paljon kuunnellen. Sopivasti viini\u00e4 maistellen. Levollisesti monta tuntia yhteisen p\u00f6yd\u00e4n \u00e4\u00e4ress\u00e4 muistellen menneit\u00e4. Takana, mennein\u00e4 vuosikymmenin\u00e4 yli 300 tapaamista,\u2026","rel":"","context":"Kategoriassa &quot;Niit\u00e4 n\u00e4it\u00e4&quot;","block_context":{"text":"Niit\u00e4 n\u00e4it\u00e4","link":"https:\/\/www.satokangas.fi\/blogi\/category\/aiheeton\/"},"img":{"alt_text":"","src":"https:\/\/i0.wp.com\/www.satokangas.fi\/blogi\/wp-content\/uploads\/2016\/11\/BO-25-v-5.jpg?resize=350%2C200&ssl=1","width":350,"height":200,"srcset":"https:\/\/i0.wp.com\/www.satokangas.fi\/blogi\/wp-content\/uploads\/2016\/11\/BO-25-v-5.jpg?resize=350%2C200&ssl=1 1x, https:\/\/i0.wp.com\/www.satokangas.fi\/blogi\/wp-content\/uploads\/2016\/11\/BO-25-v-5.jpg?resize=525%2C300&ssl=1 1.5x, https:\/\/i0.wp.com\/www.satokangas.fi\/blogi\/wp-content\/uploads\/2016\/11\/BO-25-v-5.jpg?resize=700%2C400&ssl=1 2x"},"classes":[]}],"jetpack_featured_media_url":"https:\/\/www.satokangas.fi\/blogi\/wp-content\/uploads\/2023\/07\/purjevenekello.jpg","_links":{"self":[{"href":"https:\/\/www.satokangas.fi\/blogi\/wp-json\/wp\/v2\/posts\/46555","targetHints":{"allow":["GET"]}}],"collection":[{"href":"https:\/\/www.satokangas.fi\/blogi\/wp-json\/wp\/v2\/posts"}],"about":[{"href":"https:\/\/www.satokangas.fi\/blogi\/wp-json\/wp\/v2\/types\/post"}],"author":[{"embeddable":true,"href":"https:\/\/www.satokangas.fi\/blogi\/wp-json\/wp\/v2\/users\/1"}],"replies":[{"embeddable":true,"href":"https:\/\/www.satokangas.fi\/blogi\/wp-json\/wp\/v2\/comments?post=46555"}],"version-history":[{"count":0,"href":"https:\/\/www.satokangas.fi\/blogi\/wp-json\/wp\/v2\/posts\/46555\/revisions"}],"wp:featuredmedia":[{"embeddable":true,"href":"https:\/\/www.satokangas.fi\/blogi\/wp-json\/wp\/v2\/media\/46556"}],"wp:attachment":[{"href":"https:\/\/www.satokangas.fi\/blogi\/wp-json\/wp\/v2\/media?parent=46555"}],"wp:term":[{"taxonomy":"category","embeddable":true,"href":"https:\/\/www.satokangas.fi\/blogi\/wp-json\/wp\/v2\/categories?post=46555"},{"taxonomy":"post_tag","embeddable":true,"href":"https:\/\/www.satokangas.fi\/blogi\/wp-json\/wp\/v2\/tags?post=46555"}],"curies":[{"name":"wp","href":"https:\/\/api.w.org\/{rel}","templated":true}]}}