{"id":46173,"date":"2023-06-26T21:06:47","date_gmt":"2023-06-26T18:06:47","guid":{"rendered":"https:\/\/www.satokangas.fi\/blogi\/?p=46173"},"modified":"2023-06-27T10:19:17","modified_gmt":"2023-06-27T07:19:17","slug":"keski-suomesta-yopymispaikka","status":"publish","type":"post","link":"https:\/\/www.satokangas.fi\/blogi\/2023\/06\/keski-suomesta-yopymispaikka\/","title":{"rendered":"Keski-Suomesta y\u00f6pymispaikka?"},"content":{"rendered":"<p style=\"text-align: justify;\">Hellep\u00e4iv\u00e4n hommia on t\u00e4n\u00e4\u00e4n kuulunut juhannuksen j\u00e4lkeiseen arkeen palaamiseen.<\/p>\n<p style=\"text-align: justify;\">Ja sitten kalenteriin merkint\u00f6j\u00e4. Suunnitelmia ja sovittuja juttuja tuleville viikoille. Ettei menisi kes\u00e4 ihan haaskioon odotellessa jotain mukavaa, kes\u00e4ist\u00e4 tapahtuvaksi. Siisp\u00e4 kes\u00e4teatteria, rotiss\u00f6\u00f6ripiknikki\u00e4, tapaamisia, ruokavieraita, humputteluaikeita muksujen kans, m\u00f6kkireissua.<\/p>\n<p style=\"text-align: justify;\"><a href=\"https:\/\/www.satokangas.fi\/blogi\/2023\/06\/keski-suomesta-yopymispaikka\/sanginsuu-3\/\" rel=\"attachment wp-att-46176\"><img loading=\"lazy\" decoding=\"async\" data-attachment-id=\"46176\" data-permalink=\"https:\/\/www.satokangas.fi\/blogi\/2023\/06\/keski-suomesta-yopymispaikka\/sanginsuu-3\/\" data-orig-file=\"https:\/\/www.satokangas.fi\/blogi\/wp-content\/uploads\/2023\/06\/Sanginsuu-3.jpg\" data-orig-size=\"1080,720\" data-comments-opened=\"1\" data-image-meta=\"{&quot;aperture&quot;:&quot;7.1&quot;,&quot;credit&quot;:&quot;REIJA SATOKANGAS&quot;,&quot;camera&quot;:&quot;Canon EOS 5D Mark IV&quot;,&quot;caption&quot;:&quot;&quot;,&quot;created_timestamp&quot;:&quot;1687771635&quot;,&quot;copyright&quot;:&quot;&quot;,&quot;focal_length&quot;:&quot;24&quot;,&quot;iso&quot;:&quot;500&quot;,&quot;shutter_speed&quot;:&quot;0.0002&quot;,&quot;title&quot;:&quot;&quot;,&quot;orientation&quot;:&quot;0&quot;}\" data-image-title=\"Sanginsuu-3\" data-image-description=\"\" data-image-caption=\"\" data-large-file=\"https:\/\/www.satokangas.fi\/blogi\/wp-content\/uploads\/2023\/06\/Sanginsuu-3.jpg\" class=\"aligncenter size-full wp-image-46176\" src=\"https:\/\/www.satokangas.fi\/blogi\/wp-content\/uploads\/2023\/06\/Sanginsuu-3.jpg\" alt=\"\" width=\"1080\" height=\"720\" srcset=\"https:\/\/www.satokangas.fi\/blogi\/wp-content\/uploads\/2023\/06\/Sanginsuu-3.jpg 1080w, https:\/\/www.satokangas.fi\/blogi\/wp-content\/uploads\/2023\/06\/Sanginsuu-3-600x400.jpg 600w, https:\/\/www.satokangas.fi\/blogi\/wp-content\/uploads\/2023\/06\/Sanginsuu-3-300x200.jpg 300w, https:\/\/www.satokangas.fi\/blogi\/wp-content\/uploads\/2023\/06\/Sanginsuu-3-768x512.jpg 768w, https:\/\/www.satokangas.fi\/blogi\/wp-content\/uploads\/2023\/06\/Sanginsuu-3-90x60.jpg 90w\" sizes=\"auto, (max-width: 1080px) 100vw, 1080px\" \/><\/a><\/p>\n<p style=\"text-align: justify;\">Ja eilen saimme p\u00e4\u00e4tetyksi, ett\u00e4 teemme t\u00e4n\u00e4 kes\u00e4n\u00e4kin jonkin pienen reissun: Lofootit on olleet vahvasti ehdolla jo pidemm\u00e4n aikaa, mutta p\u00e4\u00e4dyimmekin lopulta etel\u00e4iseen Suomeen. L\u00e4nsipuolelle. Parin viikon p\u00e4\u00e4st\u00e4 ollaan jo matkalla, nimenomaan maanantain tiistain v\u00e4liseksi y\u00f6ksi pit\u00e4isi l\u00f6yt\u00e4\u00e4 joku mukava y\u00f6pymispaikka. SUunnilleen 100 km s\u00e4teell\u00e4 Jyv\u00e4skyl\u00e4st\u00e4, eik\u00e4 it\u00e4puolelle. Olisiko kell\u00e4\u00e4n suositella jotain mukavaa j\u00e4rvenranta lomapaikkaa\/m\u00f6kki\u00e4\/kaupunkia, jossa mukava airbnb, kartano- tai boutique-hotellia, tai jotain &#8211; ei-ketjuhotellia,\u00a0 jossain t\u00e4ll\u00e4 aluella:<\/p>\n<p style=\"text-align: justify;\"><a href=\"https:\/\/www.satokangas.fi\/blogi\/2023\/06\/keski-suomesta-yopymispaikka\/jyvaskyla\/\" rel=\"attachment wp-att-46177\"><img loading=\"lazy\" decoding=\"async\" data-attachment-id=\"46177\" data-permalink=\"https:\/\/www.satokangas.fi\/blogi\/2023\/06\/keski-suomesta-yopymispaikka\/jyvaskyla\/\" data-orig-file=\"https:\/\/www.satokangas.fi\/blogi\/wp-content\/uploads\/2023\/06\/jyvaskyla.jpg\" data-orig-size=\"546,303\" data-comments-opened=\"1\" data-image-meta=\"{&quot;aperture&quot;:&quot;0&quot;,&quot;credit&quot;:&quot;&quot;,&quot;camera&quot;:&quot;&quot;,&quot;caption&quot;:&quot;&quot;,&quot;created_timestamp&quot;:&quot;0&quot;,&quot;copyright&quot;:&quot;&quot;,&quot;focal_length&quot;:&quot;0&quot;,&quot;iso&quot;:&quot;0&quot;,&quot;shutter_speed&quot;:&quot;0&quot;,&quot;title&quot;:&quot;&quot;,&quot;orientation&quot;:&quot;0&quot;}\" data-image-title=\"jyvaskyla\" data-image-description=\"\" data-image-caption=\"\" data-large-file=\"https:\/\/www.satokangas.fi\/blogi\/wp-content\/uploads\/2023\/06\/jyvaskyla.jpg\" class=\"aligncenter size-full wp-image-46177\" src=\"https:\/\/www.satokangas.fi\/blogi\/wp-content\/uploads\/2023\/06\/jyvaskyla.jpg\" alt=\"\" width=\"546\" height=\"303\" srcset=\"https:\/\/www.satokangas.fi\/blogi\/wp-content\/uploads\/2023\/06\/jyvaskyla.jpg 546w, https:\/\/www.satokangas.fi\/blogi\/wp-content\/uploads\/2023\/06\/jyvaskyla-300x166.jpg 300w, https:\/\/www.satokangas.fi\/blogi\/wp-content\/uploads\/2023\/06\/jyvaskyla-108x60.jpg 108w\" sizes=\"auto, (max-width: 546px) 100vw, 546px\" \/><\/a><\/p>\n<p style=\"text-align: justify;\">Paluumatkalle l\u00f6ysin Vaasasta mukavan oloisen majoituksen, eik\u00e4 me olla juuri koskaan kunnolla Vaasaan tutustuttu. Mie olin kerran tilausajossa siell\u00e4 yhden y\u00f6n, ja sitten noin nelj\u00e4nnesvuosisata sitten k\u00e4vimme perheen kanssa siell\u00e4 &#8221;pikkujoulumatkalla&#8221; kun Vaasan kaupunginteatterissa oli R\u00f6lli, jota Ty\u00e4r fanitti ihan hurjasti. Joku kylpyl\u00e4hotelli-majoitus ja teatteri oli sen kertainen Vaasa-kokemus. Kymmeni\u00e4 kertoja on ajettu l\u00e4pi, mutta nyt aiotaan olla yksi y\u00f6 ihan keskustassa olevassa airbnb:ss\u00e4.<\/p>\n<p style=\"text-align: justify;\">Mutta ent\u00e4s menomatkalla? &#8211; Tampere on yksi mahdollisuus, mutta siell\u00e4 on aika vastakin (koronakes\u00e4 2020) y\u00f6vytty ja se on muutenkin aika tuttu.\u00a0Veden \u00e4\u00e4relle mielell\u00e4\u00e4n. Tietysti.<\/p>\n<p style=\"text-align: justify;\">T\u00e4n\u00e4\u00e4n py\u00f6r\u00e4lenkkikin suuntautui veden \u00e4\u00e4relle. Madekosken sillalla oli taas kaunista.<\/p>\n<p style=\"text-align: justify;\"><a href=\"https:\/\/www.satokangas.fi\/blogi\/2023\/06\/keski-suomesta-yopymispaikka\/sanginsuu-2\/\" rel=\"attachment wp-att-46175\"><img loading=\"lazy\" decoding=\"async\" data-attachment-id=\"46175\" data-permalink=\"https:\/\/www.satokangas.fi\/blogi\/2023\/06\/keski-suomesta-yopymispaikka\/sanginsuu-2\/\" data-orig-file=\"https:\/\/www.satokangas.fi\/blogi\/wp-content\/uploads\/2023\/06\/Sanginsuu-2.jpg\" data-orig-size=\"1080,719\" data-comments-opened=\"1\" data-image-meta=\"{&quot;aperture&quot;:&quot;7.1&quot;,&quot;credit&quot;:&quot;REIJA SATOKANGAS&quot;,&quot;camera&quot;:&quot;Canon EOS 5D Mark IV&quot;,&quot;caption&quot;:&quot;&quot;,&quot;created_timestamp&quot;:&quot;1687771619&quot;,&quot;copyright&quot;:&quot;&quot;,&quot;focal_length&quot;:&quot;24&quot;,&quot;iso&quot;:&quot;500&quot;,&quot;shutter_speed&quot;:&quot;0.000625&quot;,&quot;title&quot;:&quot;&quot;,&quot;orientation&quot;:&quot;0&quot;}\" data-image-title=\"Sanginsuu-2\" data-image-description=\"\" data-image-caption=\"\" data-large-file=\"https:\/\/www.satokangas.fi\/blogi\/wp-content\/uploads\/2023\/06\/Sanginsuu-2.jpg\" class=\"aligncenter size-full wp-image-46175\" src=\"https:\/\/www.satokangas.fi\/blogi\/wp-content\/uploads\/2023\/06\/Sanginsuu-2.jpg\" alt=\"\" width=\"1080\" height=\"719\" srcset=\"https:\/\/www.satokangas.fi\/blogi\/wp-content\/uploads\/2023\/06\/Sanginsuu-2.jpg 1080w, https:\/\/www.satokangas.fi\/blogi\/wp-content\/uploads\/2023\/06\/Sanginsuu-2-601x400.jpg 601w, https:\/\/www.satokangas.fi\/blogi\/wp-content\/uploads\/2023\/06\/Sanginsuu-2-300x200.jpg 300w, https:\/\/www.satokangas.fi\/blogi\/wp-content\/uploads\/2023\/06\/Sanginsuu-2-768x511.jpg 768w, https:\/\/www.satokangas.fi\/blogi\/wp-content\/uploads\/2023\/06\/Sanginsuu-2-90x60.jpg 90w\" sizes=\"auto, (max-width: 1080px) 100vw, 1080px\" \/><\/a><\/p>\n<p style=\"text-align: justify;\">\n","protected":false},"excerpt":{"rendered":"<p>Hellep\u00e4iv\u00e4n hommia on t\u00e4n\u00e4\u00e4n kuulunut juhannuksen j\u00e4lkeiseen arkeen palaamiseen. Ja sitten kalenteriin merkint\u00f6j\u00e4. Suunnitelmia ja sovittuja juttuja tuleville viikoille. Ettei menisi kes\u00e4 ihan haaskioon odotellessa jotain mukavaa, kes\u00e4ist\u00e4 tapahtuvaksi. Siisp\u00e4 kes\u00e4teatteria, rotiss\u00f6\u00f6ripiknikki\u00e4, tapaamisia, ruokavieraita, humputteluaikeita muksujen kans, m\u00f6kkireissua. Ja eilen saimme p\u00e4\u00e4tetyksi, ett\u00e4 teemme t\u00e4n\u00e4 kes\u00e4n\u00e4kin jonkin pienen reissun: Lofootit on olleet vahvasti ehdolla jo pidemm\u00e4n aikaa, mutta p\u00e4\u00e4dyimmekin lopulta &hellip; <\/p>\n","protected":false},"author":1,"featured_media":46174,"comment_status":"open","ping_status":"open","sticky":false,"template":"","format":"standard","meta":{"jetpack_post_was_ever_published":false,"_jetpack_newsletter_access":"","_jetpack_dont_email_post_to_subs":false,"_jetpack_newsletter_tier_id":0,"_jetpack_memberships_contains_paywalled_content":false,"_jetpack_memberships_contains_paid_content":false,"footnotes":"","jetpack_publicize_message":"","jetpack_publicize_feature_enabled":true,"jetpack_social_post_already_shared":true,"jetpack_social_options":{"image_generator_settings":{"template":"highway","default_image_id":0,"font":"","enabled":false},"version":2}},"categories":[1],"tags":[],"class_list":["post-46173","post","type-post","status-publish","format-standard","has-post-thumbnail","hentry","category-aiheeton","latest_post"],"jetpack_publicize_connections":[],"jetpack_featured_media_url":"https:\/\/www.satokangas.fi\/blogi\/wp-content\/uploads\/2023\/06\/Sanginsuu.jpg","jetpack_shortlink":"https:\/\/wp.me\/pr4p4-c0J","jetpack_sharing_enabled":true,"jetpack_likes_enabled":false,"jetpack-related-posts":[{"id":45374,"url":"https:\/\/www.satokangas.fi\/blogi\/2023\/04\/ajatukset-kylmasta-lampimaan\/","url_meta":{"origin":46173,"position":0},"title":"Ajatukset kylm\u00e4st\u00e4 l\u00e4mpim\u00e4\u00e4n","author":"Reija","date":"23.4.2023","format":false,"excerpt":"Hyyt\u00e4v\u00e4n kylm\u00e4. Ainakin silt\u00e4 aamulenkill\u00e4 tuntui. Viikon p\u00e4\u00e4st\u00e4 on vappuaatto. Ja t\u00e4n\u00e4\u00e4n aloitin \u00b4Suomen kaunein kes\u00e4m\u00f6kki\u00b4 -ohjelman katselun, kaksi ensimm\u00e4ist\u00e4 jaksoa katsottu ja Hangasojan vanhaan m\u00f6kkiin tulossa pient\u00e4 muutosta. Kuuntelin my\u00f6s Anneli Vainion kirjan \"Kotini on linnani. El\u00e4m\u00e4\u00e4 Etel\u00e4-Ranskassa\".\u00a0 Ei ihan tavallinen tyyliin \"vuosi-Provencessa\"-tms. tarina, mutta silti, - ehk\u00e4 juuri\u2026","rel":"","context":"Kategoriassa &quot;Luettua&quot;","block_context":{"text":"Luettua","link":"https:\/\/www.satokangas.fi\/blogi\/category\/luettua\/"},"img":{"alt_text":"","src":"https:\/\/i0.wp.com\/www.satokangas.fi\/blogi\/wp-content\/uploads\/2023\/04\/vapuksi-4.jpg?resize=350%2C200&ssl=1","width":350,"height":200,"srcset":"https:\/\/i0.wp.com\/www.satokangas.fi\/blogi\/wp-content\/uploads\/2023\/04\/vapuksi-4.jpg?resize=350%2C200&ssl=1 1x, https:\/\/i0.wp.com\/www.satokangas.fi\/blogi\/wp-content\/uploads\/2023\/04\/vapuksi-4.jpg?resize=525%2C300&ssl=1 1.5x, https:\/\/i0.wp.com\/www.satokangas.fi\/blogi\/wp-content\/uploads\/2023\/04\/vapuksi-4.jpg?resize=700%2C400&ssl=1 2x"},"classes":[]},{"id":18863,"url":"https:\/\/www.satokangas.fi\/blogi\/2013\/09\/vanha-lahtee-mopo-jaa\/","url_meta":{"origin":46173,"position":1},"title":"Vanha l\u00e4htee, mopo j\u00e4\u00e4","author":"Reija","date":"25.9.2013","format":false,"excerpt":"Kes\u00e4ll\u00e4 1979 k\u00e4vimme pehtoorin kanssa kuukauden telttareissulla Euroopassa. Englannissa Brightonissa oli kaikissa liikkeiss\u00e4 paljon ihania kirjoneuleita: slipoverej\u00e4 ja villatakkeja, neuleliivej\u00e4 ja pooloja. Ostimme molemmille sellaiset kirjoneuleliivit. Minulle harmaa-viininpuna-valkoinen, pehtoorille harmaa-sininen-valkoinen. Minulla oli omani ensimm\u00e4ist\u00e4 kertaa p\u00e4\u00e4ll\u00e4ni juuri t\u00e4llaisena kirkkaana, kylm\u00e4n\u00e4, tuulisena syysp\u00e4iv\u00e4n\u00e4 kun menin Ruotsin suurvalta-ajan historia -luentosarjan ensimm\u00e4iselle luennolle.\u2026","rel":"","context":"Kategoriassa &quot;Yliopistoel\u00e4m\u00e4\u00e4&quot;","block_context":{"text":"Yliopistoel\u00e4m\u00e4\u00e4","link":"https:\/\/www.satokangas.fi\/blogi\/category\/yliopistoelamaa\/"},"img":{"alt_text":"Keminmaan historiatoimikunta","src":"https:\/\/i0.wp.com\/www.satokangas.fi\/blogi\/wp-content\/uploads\/2013\/09\/Keminmaan-historiatoimikunta-600x396.jpg?resize=350%2C200&ssl=1","width":350,"height":200,"srcset":"https:\/\/i0.wp.com\/www.satokangas.fi\/blogi\/wp-content\/uploads\/2013\/09\/Keminmaan-historiatoimikunta-600x396.jpg?resize=350%2C200&ssl=1 1x, https:\/\/i0.wp.com\/www.satokangas.fi\/blogi\/wp-content\/uploads\/2013\/09\/Keminmaan-historiatoimikunta-600x396.jpg?resize=525%2C300&ssl=1 1.5x"},"classes":[]},{"id":7263,"url":"https:\/\/www.satokangas.fi\/blogi\/2010\/05\/helluntaita-kohti\/","url_meta":{"origin":46173,"position":2},"title":"Helluntaita kohti","author":"Reija","date":"21.5.2010","format":false,"excerpt":"Soittivat t\u00f6ihin Kalevasta ja kyseliv\u00e4t, jotta mist\u00e4 se sanonta \"Jos ei heilaa helluntaina, niin ei koko kes\u00e4n\u00e4\" tulee. Mik\u00e4 sen historiallinen tausta on? Kun en muistanut (lue: kun ei ollut harmainta aavistusta) kehotin etsim\u00e4\u00e4n Kustaa Vilkunan kirjan Vuotuinen ajantieto. Sen verran rupesi asia kiinnostamaan itse\u00e4nikin, ett\u00e4 kotona Vilkunani aukaisin. Siell\u00e4\u2026","rel":"","context":"Kategoriassa &quot;Historiaa&quot;","block_context":{"text":"Historiaa","link":"https:\/\/www.satokangas.fi\/blogi\/category\/historiaa\/"},"img":{"alt_text":"","src":"","width":0,"height":0},"classes":[]},{"id":25077,"url":"https:\/\/www.satokangas.fi\/blogi\/2015\/07\/kesapaiva-kotosalla\/","url_meta":{"origin":46173,"position":3},"title":"Kes\u00e4p\u00e4iv\u00e4 kotosalla","author":"Reija","date":"1.7.2015","format":false,"excerpt":"Kaupunkijuhannus lopetti ty\u00f6nteon, ja kun heti jo juhannussunnuntaina l\u00e4hdimme pohjoiseen, m\u00f6kille vajaan viikon ty\u00f6leiri- ja patikkalomalle, irtosivat ajatukset yliopistomaailmasta aika totaalisesti\u00a0ja siihen p\u00e4\u00e4lle viel\u00e4 nelj\u00e4n p\u00e4iv\u00e4n Pohjois-Norjan ja Suomen l\u00e4nsirajan kierros, niin koti ja kotity\u00f6tkin j\u00e4iv\u00e4t unholaan. Paitsi ett\u00e4: olen nyt n\u00e4iden kahden t\u00f6ist\u00e4poissaoloviikon \u00f6in\u00e4 n\u00e4hnyt unia duuneista. Joka ikinen\u2026","rel":"","context":"Kategoriassa &quot;Niit\u00e4 n\u00e4it\u00e4&quot;","block_context":{"text":"Niit\u00e4 n\u00e4it\u00e4","link":"https:\/\/www.satokangas.fi\/blogi\/category\/aiheeton\/"},"img":{"alt_text":"Kes\u00e4p\u00e4iv\u00e4 kotosalla-2","src":"https:\/\/i0.wp.com\/www.satokangas.fi\/blogi\/wp-content\/uploads\/2015\/07\/Kes%C3%A4p%C3%A4iv%C3%A4-kotosalla-2-600x400.jpg?resize=350%2C200&ssl=1","width":350,"height":200,"srcset":"https:\/\/i0.wp.com\/www.satokangas.fi\/blogi\/wp-content\/uploads\/2015\/07\/Kes%C3%A4p%C3%A4iv%C3%A4-kotosalla-2-600x400.jpg?resize=350%2C200&ssl=1 1x, https:\/\/i0.wp.com\/www.satokangas.fi\/blogi\/wp-content\/uploads\/2015\/07\/Kes%C3%A4p%C3%A4iv%C3%A4-kotosalla-2-600x400.jpg?resize=525%2C300&ssl=1 1.5x"},"classes":[]},{"id":7432,"url":"https:\/\/www.satokangas.fi\/blogi\/2010\/06\/muutto-kesapaikkaan\/","url_meta":{"origin":46173,"position":4},"title":"Muutto kes\u00e4paikkaan","author":"Reija","date":"8.6.2010","format":false,"excerpt":"Oulussa, kuten muissakin Suomen kaupungeissa, porvaristo l\u00e4hti kes\u00e4n tullessa kaupungin keskustasta l\u00e4hiseudulle, huviloille. 1800-luvun puoliv\u00e4liss\u00e4 Helsingill\u00e4 ja Turulla oli omat huvilayhdyskuntansa; Ruissalo on hyv\u00e4 esimerkki. Karjalassa s\u00e4\u00e4tyl\u00e4ist\u00f6 ja kauppiaat hakeutuivat Terijoelle kes\u00e4n ajaksi. Oulussa kauppaporvaristo, laivanvarustajat Snellmanit, Candelinit, Antellit ja Bergbomit ja monet muut rakennuttivat pitsihuvilansa Toppilansalmeen ja Hietasaareen. Porvariston\u2026","rel":"","context":"Kategoriassa &quot;Historiaa&quot;","block_context":{"text":"Historiaa","link":"https:\/\/www.satokangas.fi\/blogi\/category\/historiaa\/"},"img":{"alt_text":"","src":"https:\/\/i0.wp.com\/www.satokangas.fi\/blogi\/wp-content\/uploads\/2010\/06\/Kukkakollaasi_P1-282x400.jpg?resize=350%2C200&ssl=1","width":350,"height":200},"classes":[]},{"id":46233,"url":"https:\/\/www.satokangas.fi\/blogi\/2023\/07\/kaipuu-lampimiin-maisemiin\/","url_meta":{"origin":46173,"position":5},"title":"Kaipuu l\u00e4mpimiin maisemiin","author":"Reija","date":"2.7.2023","format":false,"excerpt":"Kaikesta huolimatta l\u00e4hdin py\u00f6r\u00e4lenkille t\u00e4n\u00e4\u00e4n. Ja pukeuduin l\u00e4mpim\u00e4sti. Miksenp\u00e4! Hein\u00e4kuun toinen, keskikes\u00e4, hyv\u00e4nen aika, pit\u00e4\u00e4h\u00e4n sit\u00e4 pukeutua s\u00e4\u00e4n mukaan! Kyll\u00e4, kyll\u00e4 minulla oli nahkasormikkaat, pitk\u00e4hihainen hiihto!!poolo ja goretex-takki. Ja SILTI oli vilu polkiessa kohti pohjoista, mit\u00e4 en sitten kauaa tehnytk\u00e4\u00e4n, vaan hakeuduin suojaisimmelle reiteille. Koetin kierrell\u00e4 pikkutiet\u00e4, muka tuulensuojassa. H\u00f6p\u00f6,\u2026","rel":"","context":"Kategoriassa &quot;Niit\u00e4 n\u00e4it\u00e4&quot;","block_context":{"text":"Niit\u00e4 n\u00e4it\u00e4","link":"https:\/\/www.satokangas.fi\/blogi\/category\/aiheeton\/"},"img":{"alt_text":"","src":"https:\/\/i0.wp.com\/www.satokangas.fi\/blogi\/wp-content\/uploads\/2023\/07\/LIguria-e1688315499951.jpg?resize=350%2C200&ssl=1","width":350,"height":200,"srcset":"https:\/\/i0.wp.com\/www.satokangas.fi\/blogi\/wp-content\/uploads\/2023\/07\/LIguria-e1688315499951.jpg?resize=350%2C200&ssl=1 1x, https:\/\/i0.wp.com\/www.satokangas.fi\/blogi\/wp-content\/uploads\/2023\/07\/LIguria-e1688315499951.jpg?resize=525%2C300&ssl=1 1.5x, https:\/\/i0.wp.com\/www.satokangas.fi\/blogi\/wp-content\/uploads\/2023\/07\/LIguria-e1688315499951.jpg?resize=700%2C400&ssl=1 2x"},"classes":[]}],"_links":{"self":[{"href":"https:\/\/www.satokangas.fi\/blogi\/wp-json\/wp\/v2\/posts\/46173","targetHints":{"allow":["GET"]}}],"collection":[{"href":"https:\/\/www.satokangas.fi\/blogi\/wp-json\/wp\/v2\/posts"}],"about":[{"href":"https:\/\/www.satokangas.fi\/blogi\/wp-json\/wp\/v2\/types\/post"}],"author":[{"embeddable":true,"href":"https:\/\/www.satokangas.fi\/blogi\/wp-json\/wp\/v2\/users\/1"}],"replies":[{"embeddable":true,"href":"https:\/\/www.satokangas.fi\/blogi\/wp-json\/wp\/v2\/comments?post=46173"}],"version-history":[{"count":0,"href":"https:\/\/www.satokangas.fi\/blogi\/wp-json\/wp\/v2\/posts\/46173\/revisions"}],"wp:featuredmedia":[{"embeddable":true,"href":"https:\/\/www.satokangas.fi\/blogi\/wp-json\/wp\/v2\/media\/46174"}],"wp:attachment":[{"href":"https:\/\/www.satokangas.fi\/blogi\/wp-json\/wp\/v2\/media?parent=46173"}],"wp:term":[{"taxonomy":"category","embeddable":true,"href":"https:\/\/www.satokangas.fi\/blogi\/wp-json\/wp\/v2\/categories?post=46173"},{"taxonomy":"post_tag","embeddable":true,"href":"https:\/\/www.satokangas.fi\/blogi\/wp-json\/wp\/v2\/tags?post=46173"}],"curies":[{"name":"wp","href":"https:\/\/api.w.org\/{rel}","templated":true}]}}