{"id":45904,"date":"2023-06-01T20:32:30","date_gmt":"2023-06-01T17:32:30","guid":{"rendered":"https:\/\/www.satokangas.fi\/blogi\/?p=45904"},"modified":"2023-06-01T20:32:31","modified_gmt":"2023-06-01T17:32:31","slug":"saa-suosii-sisahommia","status":"publish","type":"post","link":"https:\/\/www.satokangas.fi\/blogi\/2023\/06\/saa-suosii-sisahommia\/","title":{"rendered":"S\u00e4\u00e4 suosii sis\u00e4hommia"},"content":{"rendered":"<p style=\"text-align: justify;\">Hyv\u00e4nen aika! Kes\u00e4kuun ensimm\u00e4inen, armas aikakin on jo (periaatteessa ja perinteen mukaan) eilen koittanut, ja kes\u00e4isen vihre\u00e4lt\u00e4 ja aurinkoiselta n\u00e4ytt\u00e4\u00e4, mutta milt\u00e4 tuntuu? &#8211; En tied\u00e4! Kylm\u00e4lt\u00e4. Purevalta. Jotenkin &#8221;v\u00e4\u00e4r\u00e4lt\u00e4&#8221;. Ihan hyyt\u00e4v\u00e4n kylm\u00e4lt\u00e4.<\/p>\n<p style=\"text-align: justify;\">Viime vuonna me oltiin t\u00e4h\u00e4n aikaan aika autiolla Saarisel\u00e4ll\u00e4, mm. hieno <a href=\"https:\/\/www.satokangas.fi\/blogi\/2022\/05\/retkella-jorpulipaalla\/\" target=\"_blank\" rel=\"noopener\">patikka Jorpulip\u00e4\u00e4lle,<\/a> maastos\u00e4hk\u00f6py\u00f6r\u00e4t parina p\u00e4iv\u00e4n\u00e4 ja siell\u00e4kin puhkesi silloin kes\u00e4. T\u00e4n\u00e4\u00e4n siell\u00e4 on satanut ihan kunnolla lunta. (Liekk\u00f6 t\u00e4m\u00e4 videolinkki aukenee?\u00a0 <a href=\"https:\/\/www.facebook.com\/100003268434946\/videos\/126244937140129\/\" target=\"_blank\" rel=\"noopener\">KLIKS\u00a0<\/a> Joka tapauksessa vaikuttava lumipyry Kaunisp\u00e4\u00e4n huipulla kuvattuna.) Onhan t\u00e4ss\u00e4 taas ollut aietta sinnekin p\u00e4in suunnata jossain v\u00e4liss\u00e4, mutta hiiht\u00e4m\u00e4\u00e4n en nyt kaipaa. Joten ei viel\u00e4 kiirett\u00e4 &#8221;yl\u00f6s&#8221;.<\/p>\n<p style=\"text-align: justify;\">Mutta t\u00e4n\u00e4\u00e4n iltap\u00e4iv\u00e4ll\u00e4 oli Oulussa pakko siirty\u00e4 koneen \u00e4\u00e4rest\u00e4 ulos. Hyyt\u00e4v\u00e4 ja kova tuuli eiv\u00e4t olleet esteit\u00e4 keskeytt\u00e4\u00e4 muistikorttien valtaisan kuvam\u00e4\u00e4r\u00e4n jaottelua toisaalta kehitett\u00e4viin ja toisaalta deletoiviin, ja aloittamaan editointi. Mutta jo Kaijonharjun suoralla olivat k\u00e4det &#8211; hanskoista huolimatta &#8211; j\u00e4\u00e4tyneet ohjaustankoon ja ruskettunut kasvojeni iho punoitti ja kirveli poskissa, ihan kuin j\u00e4isess\u00e4 tihkussa olisi ajellut.<\/p>\n<p style=\"text-align: justify;\"><a href=\"https:\/\/www.satokangas.fi\/blogi\/2023\/06\/saa-suosii-sisahommia\/1-5-65\/\" rel=\"attachment wp-att-45906\"><img loading=\"lazy\" decoding=\"async\" data-attachment-id=\"45906\" data-permalink=\"https:\/\/www.satokangas.fi\/blogi\/2023\/06\/saa-suosii-sisahommia\/1-5-65\/\" data-orig-file=\"https:\/\/www.satokangas.fi\/blogi\/wp-content\/uploads\/2023\/06\/1-5.jpg\" data-orig-size=\"533,800\" data-comments-opened=\"1\" data-image-meta=\"{&quot;aperture&quot;:&quot;9&quot;,&quot;credit&quot;:&quot;REIJA SATOKANGAS&quot;,&quot;camera&quot;:&quot;Canon EOS 5D Mark IV&quot;,&quot;caption&quot;:&quot;&quot;,&quot;created_timestamp&quot;:&quot;1685442981&quot;,&quot;copyright&quot;:&quot;&quot;,&quot;focal_length&quot;:&quot;50&quot;,&quot;iso&quot;:&quot;400&quot;,&quot;shutter_speed&quot;:&quot;0.005&quot;,&quot;title&quot;:&quot;&quot;,&quot;orientation&quot;:&quot;0&quot;}\" data-image-title=\"1-5\" data-image-description=\"\" data-image-caption=\"\" data-large-file=\"https:\/\/www.satokangas.fi\/blogi\/wp-content\/uploads\/2023\/06\/1-5.jpg\" class=\"aligncenter size-full wp-image-45906\" src=\"https:\/\/www.satokangas.fi\/blogi\/wp-content\/uploads\/2023\/06\/1-5.jpg\" alt=\"\" width=\"533\" height=\"800\" srcset=\"https:\/\/www.satokangas.fi\/blogi\/wp-content\/uploads\/2023\/06\/1-5.jpg 533w, https:\/\/www.satokangas.fi\/blogi\/wp-content\/uploads\/2023\/06\/1-5-267x400.jpg 267w, https:\/\/www.satokangas.fi\/blogi\/wp-content\/uploads\/2023\/06\/1-5-200x300.jpg 200w, https:\/\/www.satokangas.fi\/blogi\/wp-content\/uploads\/2023\/06\/1-5-40x60.jpg 40w\" sizes=\"auto, (max-width: 533px) 100vw, 533px\" \/><\/a><\/p>\n<p style=\"text-align: justify;\">N\u00e4in siit\u00e4 huolimatta, ett\u00e4 aurinko paistoi siniselt\u00e4 taivaalta. Joten h\u00e4th\u00e4t\u00e4\u00e4 tunnin t\u00e4rv\u00e4sin tehokasta projektiaikaa liikkumiseen ja muutamaan puistopys\u00e4hdykseen kunnes joutuin palasin sit\u00e4tiloihin.<\/p>\n<p style=\"text-align: justify;\"><a href=\"https:\/\/www.satokangas.fi\/blogi\/2023\/06\/saa-suosii-sisahommia\/1-6-62\/\" rel=\"attachment wp-att-45907\"><img loading=\"lazy\" decoding=\"async\" data-attachment-id=\"45907\" data-permalink=\"https:\/\/www.satokangas.fi\/blogi\/2023\/06\/saa-suosii-sisahommia\/1-6-62\/\" data-orig-file=\"https:\/\/www.satokangas.fi\/blogi\/wp-content\/uploads\/2023\/06\/1-6.jpg\" data-orig-size=\"533,800\" data-comments-opened=\"1\" data-image-meta=\"{&quot;aperture&quot;:&quot;9&quot;,&quot;credit&quot;:&quot;REIJA SATOKANGAS&quot;,&quot;camera&quot;:&quot;Canon EOS 5D Mark IV&quot;,&quot;caption&quot;:&quot;&quot;,&quot;created_timestamp&quot;:&quot;1685446378&quot;,&quot;copyright&quot;:&quot;&quot;,&quot;focal_length&quot;:&quot;50&quot;,&quot;iso&quot;:&quot;500&quot;,&quot;shutter_speed&quot;:&quot;0.005&quot;,&quot;title&quot;:&quot;&quot;,&quot;orientation&quot;:&quot;0&quot;}\" data-image-title=\"1-6\" data-image-description=\"\" data-image-caption=\"\" data-large-file=\"https:\/\/www.satokangas.fi\/blogi\/wp-content\/uploads\/2023\/06\/1-6.jpg\" class=\"aligncenter size-full wp-image-45907\" src=\"https:\/\/www.satokangas.fi\/blogi\/wp-content\/uploads\/2023\/06\/1-6.jpg\" alt=\"\" width=\"533\" height=\"800\" srcset=\"https:\/\/www.satokangas.fi\/blogi\/wp-content\/uploads\/2023\/06\/1-6.jpg 533w, https:\/\/www.satokangas.fi\/blogi\/wp-content\/uploads\/2023\/06\/1-6-267x400.jpg 267w, https:\/\/www.satokangas.fi\/blogi\/wp-content\/uploads\/2023\/06\/1-6-200x300.jpg 200w, https:\/\/www.satokangas.fi\/blogi\/wp-content\/uploads\/2023\/06\/1-6-40x60.jpg 40w\" sizes=\"auto, (max-width: 533px) 100vw, 533px\" \/><\/a><\/p>\n<p>&nbsp;<\/p>\n","protected":false},"excerpt":{"rendered":"<p>Hyv\u00e4nen aika! Kes\u00e4kuun ensimm\u00e4inen, armas aikakin on jo (periaatteessa ja perinteen mukaan) eilen koittanut, ja kes\u00e4isen vihre\u00e4lt\u00e4 ja aurinkoiselta n\u00e4ytt\u00e4\u00e4, mutta milt\u00e4 tuntuu? &#8211; En tied\u00e4! Kylm\u00e4lt\u00e4. Purevalta. Jotenkin &#8221;v\u00e4\u00e4r\u00e4lt\u00e4&#8221;. Ihan hyyt\u00e4v\u00e4n kylm\u00e4lt\u00e4. Viime vuonna me oltiin t\u00e4h\u00e4n aikaan aika autiolla Saarisel\u00e4ll\u00e4, mm. hieno patikka Jorpulip\u00e4\u00e4lle, maastos\u00e4hk\u00f6py\u00f6r\u00e4t parina p\u00e4iv\u00e4n\u00e4 ja siell\u00e4kin puhkesi silloin kes\u00e4. T\u00e4n\u00e4\u00e4n siell\u00e4 on satanut ihan kunnolla &hellip; <\/p>\n","protected":false},"author":1,"featured_media":45905,"comment_status":"open","ping_status":"open","sticky":false,"template":"","format":"standard","meta":{"jetpack_post_was_ever_published":false,"_jetpack_newsletter_access":"","_jetpack_dont_email_post_to_subs":false,"_jetpack_newsletter_tier_id":0,"_jetpack_memberships_contains_paywalled_content":false,"_jetpack_memberships_contains_paid_content":false,"footnotes":"","jetpack_publicize_message":"","jetpack_publicize_feature_enabled":true,"jetpack_social_post_already_shared":true,"jetpack_social_options":{"image_generator_settings":{"template":"highway","default_image_id":0,"font":"","enabled":false},"version":2}},"categories":[88,37],"tags":[],"class_list":["post-45904","post","type-post","status-publish","format-standard","has-post-thumbnail","hentry","category-muistikuvia","category-valokuvaus","latest_post"],"jetpack_publicize_connections":[],"jetpack_featured_media_url":"https:\/\/www.satokangas.fi\/blogi\/wp-content\/uploads\/2023\/06\/1-7.jpg","jetpack_shortlink":"https:\/\/wp.me\/pr4p4-bWo","jetpack_sharing_enabled":true,"jetpack_likes_enabled":false,"jetpack-related-posts":[{"id":9029,"url":"https:\/\/www.satokangas.fi\/blogi\/2010\/10\/noitavainojen-uhreille\/","url_meta":{"origin":45904,"position":0},"title":"Noitavainojen uhrien muistolle","author":"Reija","date":"14.10.2010","format":false,"excerpt":"Pyysiv\u00e4t muistomerkinjulkistamistilaisuuteen. Opiskelijat siis. On Humanistisen killan 45-vuotisjuhlaviikko, jonka ohjelmassa t\u00e4n\u00e4\u00e4n oli vuorossa muistomerkinpaljastus. Olivat keksineet, jotta noitavainojen uhreilla ei ole Suomessa ainuttakaan laattaa, joten nyt olis sitten aika sellainen aikaansaada. Kaupungilta olivat kinunneet \"tontin\" paikan (siin\u00e4 se on Prisman ja P\u00f6rh\u00f6n v\u00e4liss\u00e4) ja saaneet komean kiven laatan alustaksi. Meid\u00e4n\u2026","rel":"","context":"Kategoriassa &quot;Ruoka ja viini&quot;","block_context":{"text":"Ruoka ja viini","link":"https:\/\/www.satokangas.fi\/blogi\/category\/ruoka_ja_viini\/"},"img":{"alt_text":"","src":"https:\/\/i0.wp.com\/www.satokangas.fi\/blogi\/wp-content\/uploads\/kilta-500x383.jpg?resize=350%2C200&ssl=1","width":350,"height":200},"classes":[]},{"id":41422,"url":"https:\/\/www.satokangas.fi\/blogi\/2021\/08\/kohti-syksya-2\/","url_meta":{"origin":45904,"position":1},"title":"Kohti syksy\u00e4","author":"Reija","date":"22.8.2021","format":false,"excerpt":"\u00a0 Nalle Puh ja Nasu istuivat ison puun alla. \"Ajatteles, jos joku puu kaatuisi kun me olemme sen alla!\u201d, Nasu virkkoi. Nalle Puh oli pitk\u00e4\u00e4n hiljaa ja mietti asiaa, kunnes vastasi: \"Ajatteles, jos ei kaadu.\u201d \u00a0 Ajatteles. Sit\u00e4kin. Hyytyv\u00e4n kylm\u00e4ss\u00e4 aamup\u00e4iv\u00e4ss\u00e4 polkien melkoisen mutkan kautta Kasvitieteelliseen puutarhaan. Siell\u00e4 oli paljon\u2026","rel":"","context":"Kategoriassa &quot;Niit\u00e4 n\u00e4it\u00e4&quot;","block_context":{"text":"Niit\u00e4 n\u00e4it\u00e4","link":"https:\/\/www.satokangas.fi\/blogi\/category\/aiheeton\/"},"img":{"alt_text":"","src":"https:\/\/i0.wp.com\/www.satokangas.fi\/blogi\/wp-content\/uploads\/2021\/08\/1-19.jpg?resize=350%2C200&ssl=1","width":350,"height":200,"srcset":"https:\/\/i0.wp.com\/www.satokangas.fi\/blogi\/wp-content\/uploads\/2021\/08\/1-19.jpg?resize=350%2C200&ssl=1 1x, https:\/\/i0.wp.com\/www.satokangas.fi\/blogi\/wp-content\/uploads\/2021\/08\/1-19.jpg?resize=525%2C300&ssl=1 1.5x, https:\/\/i0.wp.com\/www.satokangas.fi\/blogi\/wp-content\/uploads\/2021\/08\/1-19.jpg?resize=700%2C400&ssl=1 2x"},"classes":[]},{"id":42730,"url":"https:\/\/www.satokangas.fi\/blogi\/2022\/04\/paasiaiskukkia-ja-aika\/","url_meta":{"origin":45904,"position":2},"title":"P\u00e4\u00e4si\u00e4iskukkia ja aika","author":"Reija","date":"14.4.2022","format":false,"excerpt":"Kiirastorstai-iltana minun jo pari viikkoa sitten kylv\u00e4m\u00e4ni rairuohot ja oraat alkavat olla jotensakin \u00b4f\u00f6rbi\u00b4, mutta pupuja n\u00e4kyy kodissamme entist\u00e4 enemm\u00e4n. Limen- ja nurmenvihre\u00e4\u00e4 sek\u00e4 keltaista my\u00f6s. Pienet Pirkka-narsissit ilahduttavat my\u00f6s. Tied\u00e4ttek\u00f6, mik\u00e4 t\u00e4ss\u00e4 kuvassa on parasta? - Iltavalo. Valo illalla. Luonnon valo viel\u00e4 n\u00e4in my\u00f6h\u00e4\u00e4n, Oulussakin. Pikkunarsissien lis\u00e4ksi ostin kolmen\u2026","rel":"","context":"Kategoriassa &quot;Hautausmailla&quot;","block_context":{"text":"Hautausmailla","link":"https:\/\/www.satokangas.fi\/blogi\/category\/hautausmailla\/"},"img":{"alt_text":"","src":"https:\/\/i0.wp.com\/www.satokangas.fi\/blogi\/wp-content\/uploads\/2022\/04\/paasiainen-4.jpg?resize=350%2C200&ssl=1","width":350,"height":200,"srcset":"https:\/\/i0.wp.com\/www.satokangas.fi\/blogi\/wp-content\/uploads\/2022\/04\/paasiainen-4.jpg?resize=350%2C200&ssl=1 1x, https:\/\/i0.wp.com\/www.satokangas.fi\/blogi\/wp-content\/uploads\/2022\/04\/paasiainen-4.jpg?resize=525%2C300&ssl=1 1.5x"},"classes":[]},{"id":35829,"url":"https:\/\/www.satokangas.fi\/blogi\/2019\/01\/retkella-iissa\/","url_meta":{"origin":45904,"position":3},"title":"Retkell\u00e4 Iiss\u00e4","author":"Reija","date":"23.1.2019","format":false,"excerpt":"Talvinen \"kotiseuturetki\" suuntautui t\u00e4n\u00e4\u00e4n Iihin. Oli palautettavana sisarelle kuvausrekvisiittana olleita tavaroita sek\u00e4 parhaan serviisin astioita ja termoskannuja, jotka olivat olleet kastajaisissa lainassa. Samalle reissulle sitten suunnittelin pakkasp\u00e4iv\u00e4n kuvausretken Iihin. Ja reilut pari tuntia kiertelinkin enimm\u00e4kseen k\u00e4vellen pitkin poikin Iin keskustaa. Ja ett\u00e4 s\u00f6rssin kuvaukset Haminassa, joka oli p\u00e4\u00e4kohde ja joka\u2026","rel":"","context":"Kategoriassa &quot;Niit\u00e4 n\u00e4it\u00e4&quot;","block_context":{"text":"Niit\u00e4 n\u00e4it\u00e4","link":"https:\/\/www.satokangas.fi\/blogi\/category\/aiheeton\/"},"img":{"alt_text":"","src":"https:\/\/i0.wp.com\/www.satokangas.fi\/blogi\/wp-content\/uploads\/2019\/01\/23_1-3.jpg?resize=350%2C200&ssl=1","width":350,"height":200,"srcset":"https:\/\/i0.wp.com\/www.satokangas.fi\/blogi\/wp-content\/uploads\/2019\/01\/23_1-3.jpg?resize=350%2C200&ssl=1 1x, https:\/\/i0.wp.com\/www.satokangas.fi\/blogi\/wp-content\/uploads\/2019\/01\/23_1-3.jpg?resize=525%2C300&ssl=1 1.5x, https:\/\/i0.wp.com\/www.satokangas.fi\/blogi\/wp-content\/uploads\/2019\/01\/23_1-3.jpg?resize=700%2C400&ssl=1 2x"},"classes":[]},{"id":41012,"url":"https:\/\/www.satokangas.fi\/blogi\/2021\/06\/pyoraillen-vihreassa-kaupungissa\/","url_meta":{"origin":45904,"position":4},"title":"Py\u00f6r\u00e4illen vihre\u00e4ss\u00e4 kaupungissa","author":"Reija","date":"17.6.2021","format":false,"excerpt":"[Taas kerran Oulujoen pappilan koivukujalla.] Eilen oli kova ja kylm\u00e4 tuuli ja muutenkin kylm\u00e4, eik\u00e4 t\u00e4n\u00e4\u00e4nk\u00e4\u00e4n ennen iltap\u00e4iv\u00e4n loppua mit\u00e4\u00e4n kes\u00e4hellett\u00e4, mutta kes\u00e4isen n\u00e4k\u00f6ist\u00e4 on. Eik\u00e4 nyt ole satanut, joten hyvinkin on matkaa Helkaman kanssa taiteltu. Kyll\u00e4kin hakeutuen pois pitkilt\u00e4 vastatuulisuorilta, sivukatuja, suojaisia asutusalueiden teit\u00e4 ristiin rastiin kulkien. Mik\u00e4p\u00e4 siin\u00e4,\u2026","rel":"","context":"Kategoriassa &quot;Liikkuminen&quot;","block_context":{"text":"Liikkuminen","link":"https:\/\/www.satokangas.fi\/blogi\/category\/liikkuminen\/"},"img":{"alt_text":"","src":"https:\/\/i0.wp.com\/www.satokangas.fi\/blogi\/wp-content\/uploads\/2021\/06\/vihreytta-5.jpg?resize=350%2C200&ssl=1","width":350,"height":200,"srcset":"https:\/\/i0.wp.com\/www.satokangas.fi\/blogi\/wp-content\/uploads\/2021\/06\/vihreytta-5.jpg?resize=350%2C200&ssl=1 1x, https:\/\/i0.wp.com\/www.satokangas.fi\/blogi\/wp-content\/uploads\/2021\/06\/vihreytta-5.jpg?resize=525%2C300&ssl=1 1.5x"},"classes":[]},{"id":37147,"url":"https:\/\/www.satokangas.fi\/blogi\/2019\/09\/syksyinen-valipaiva\/","url_meta":{"origin":45904,"position":5},"title":"Syksyinen v\u00e4lip\u00e4iv\u00e4","author":"Reija","date":"5.9.2019","format":false,"excerpt":"V\u00e4lip\u00e4iv\u00e4olo. Toisaalta ihan normip\u00e4iv\u00e4. Illan sataessa ja melkein myrskytess\u00e4 treenailin pitk\u00e4st\u00e4 aikaa kuvank\u00e4sittelyjuttuja. Ei muuta. Aamup\u00e4iv\u00e4ll\u00e4kin oli kylm\u00e4, viel\u00e4 vihre\u00e4\u00e4, mutta kylm\u00e4. Nyt kun Kes\u00e4kuvakisa on ollut viikon k\u00e4ynniss\u00e4 on vastauksia tullut vasta kolme, ja lupaus nelj\u00e4nnest\u00e4. Koko viikonloppu on aikaa osallistua, ja muistathan, ett\u00e4 pelkk\u00e4 yrityskin voi tuoda palkinnon:\u2026","rel":"","context":"Kategoriassa &quot;Niit\u00e4 n\u00e4it\u00e4&quot;","block_context":{"text":"Niit\u00e4 n\u00e4it\u00e4","link":"https:\/\/www.satokangas.fi\/blogi\/category\/aiheeton\/"},"img":{"alt_text":"","src":"https:\/\/i0.wp.com\/www.satokangas.fi\/blogi\/wp-content\/uploads\/2019\/09\/Tuira-2.jpg?resize=350%2C200&ssl=1","width":350,"height":200,"srcset":"https:\/\/i0.wp.com\/www.satokangas.fi\/blogi\/wp-content\/uploads\/2019\/09\/Tuira-2.jpg?resize=350%2C200&ssl=1 1x, https:\/\/i0.wp.com\/www.satokangas.fi\/blogi\/wp-content\/uploads\/2019\/09\/Tuira-2.jpg?resize=525%2C300&ssl=1 1.5x, https:\/\/i0.wp.com\/www.satokangas.fi\/blogi\/wp-content\/uploads\/2019\/09\/Tuira-2.jpg?resize=700%2C400&ssl=1 2x"},"classes":[]}],"_links":{"self":[{"href":"https:\/\/www.satokangas.fi\/blogi\/wp-json\/wp\/v2\/posts\/45904","targetHints":{"allow":["GET"]}}],"collection":[{"href":"https:\/\/www.satokangas.fi\/blogi\/wp-json\/wp\/v2\/posts"}],"about":[{"href":"https:\/\/www.satokangas.fi\/blogi\/wp-json\/wp\/v2\/types\/post"}],"author":[{"embeddable":true,"href":"https:\/\/www.satokangas.fi\/blogi\/wp-json\/wp\/v2\/users\/1"}],"replies":[{"embeddable":true,"href":"https:\/\/www.satokangas.fi\/blogi\/wp-json\/wp\/v2\/comments?post=45904"}],"version-history":[{"count":0,"href":"https:\/\/www.satokangas.fi\/blogi\/wp-json\/wp\/v2\/posts\/45904\/revisions"}],"wp:featuredmedia":[{"embeddable":true,"href":"https:\/\/www.satokangas.fi\/blogi\/wp-json\/wp\/v2\/media\/45905"}],"wp:attachment":[{"href":"https:\/\/www.satokangas.fi\/blogi\/wp-json\/wp\/v2\/media?parent=45904"}],"wp:term":[{"taxonomy":"category","embeddable":true,"href":"https:\/\/www.satokangas.fi\/blogi\/wp-json\/wp\/v2\/categories?post=45904"},{"taxonomy":"post_tag","embeddable":true,"href":"https:\/\/www.satokangas.fi\/blogi\/wp-json\/wp\/v2\/tags?post=45904"}],"curies":[{"name":"wp","href":"https:\/\/api.w.org\/{rel}","templated":true}]}}