{"id":45888,"date":"2023-05-31T22:05:34","date_gmt":"2023-05-31T19:05:34","guid":{"rendered":"https:\/\/www.satokangas.fi\/blogi\/?p=45888"},"modified":"2023-10-17T12:13:36","modified_gmt":"2023-10-17T09:13:36","slug":"valokuvaushommia-juhlassa","status":"publish","type":"post","link":"https:\/\/www.satokangas.fi\/blogi\/2023\/05\/valokuvaushommia-juhlassa\/","title":{"rendered":"Valokuvaushommia juhlassa"},"content":{"rendered":"<p style=\"text-align: justify;\">T\u00e4n\u00e4\u00e4n oli se iso kuvauskeikka, joka oli yksi syy meid\u00e4n Provencen loman vaihtamiseksi Kroatiaan ja varhentamiseksi viime viikolle. Ranskan reissu olisi ollut t\u00e4ll\u00e4 viikolla, joten Oulun uuden Oikeustalon avajaisjuhla ja kuvaaminen, sek\u00e4 aamup\u00e4iv\u00e4n henkil\u00f6kunnalle suunnatussa juhlassa ett\u00e4 iltap\u00e4iv\u00e4n-illan kutsuvierasjuhlassa, olisi ollut jonkun muun homma kuin minun, jos olisimme l\u00e4hteneet aiotulle polkupy\u00f6r\u00e4reissulle Ranskaan.<\/p>\n<p style=\"text-align: justify;\">Toinen syy siit\u00e4 aikeesta luopumiseen ja py\u00f6r\u00e4ilyn vaihtaminen k\u00e4velyyn (k\u00e4veltiin Kroatiassa muuten melkein 100 kilometri\u00e4\u00a0 (76 km on melkein 100 \ud83d\ude42 ) oli pelkoni ja ep\u00e4ilyni sen suhteen, miten minun resu olkap\u00e4\u00e4ni viikon intensiivisen py\u00f6r\u00e4ilyn kest\u00e4isi; noh, tuskin olisi p\u00e4rj\u00e4nnyt kovin hyvin, kun sen kanssa saa kipuilla aamu\u00f6isin edelleenkin, my\u00f6s Kroatian l\u00e4mm\u00f6ss\u00e4 ihan ilman py\u00f6r\u00e4ily\u00e4k\u00e4\u00e4n.<\/p>\n<p style=\"text-align: justify;\">Joten hyv\u00e4 kun ollaan t\u00e4n\u00e4\u00e4n oltu Oulussa ja olin suhteellisen toimintakykyisen\u00e4 my\u00f6s viime viikolla reissussa. Siisp\u00e4 t\u00e4n\u00e4\u00e4n kuvaushommissa Oikeustalolla hienoissa 300 + 300 hengen juhlissa.<\/p>\n<p style=\"text-align: justify;\"><a href=\"https:\/\/www.satokangas.fi\/blogi\/2023\/05\/valokuvaushommia-juhlassa\/oikeustalo-10-2\/\" rel=\"attachment wp-att-45893\"><img loading=\"lazy\" decoding=\"async\" data-attachment-id=\"45893\" data-permalink=\"https:\/\/www.satokangas.fi\/blogi\/2023\/05\/valokuvaushommia-juhlassa\/oikeustalo-10-2\/\" data-orig-file=\"https:\/\/www.satokangas.fi\/blogi\/wp-content\/uploads\/2023\/05\/Oikeustalo-10-1.jpg\" data-orig-size=\"1000,699\" data-comments-opened=\"1\" data-image-meta=\"{&quot;aperture&quot;:&quot;0&quot;,&quot;credit&quot;:&quot;&quot;,&quot;camera&quot;:&quot;&quot;,&quot;caption&quot;:&quot;&quot;,&quot;created_timestamp&quot;:&quot;1685513585&quot;,&quot;copyright&quot;:&quot;&quot;,&quot;focal_length&quot;:&quot;0&quot;,&quot;iso&quot;:&quot;0&quot;,&quot;shutter_speed&quot;:&quot;0&quot;,&quot;title&quot;:&quot;&quot;,&quot;orientation&quot;:&quot;0&quot;}\" data-image-title=\"Oikeustalo-10\" data-image-description=\"\" data-image-caption=\"\" data-large-file=\"https:\/\/www.satokangas.fi\/blogi\/wp-content\/uploads\/2023\/05\/Oikeustalo-10-1.jpg\" class=\"aligncenter wp-image-45893 size-full\" src=\"https:\/\/www.satokangas.fi\/blogi\/wp-content\/uploads\/2023\/05\/Oikeustalo-10-1.jpg\" alt=\"\" width=\"1000\" height=\"699\" srcset=\"https:\/\/www.satokangas.fi\/blogi\/wp-content\/uploads\/2023\/05\/Oikeustalo-10-1.jpg 1000w, https:\/\/www.satokangas.fi\/blogi\/wp-content\/uploads\/2023\/05\/Oikeustalo-10-1-572x400.jpg 572w, https:\/\/www.satokangas.fi\/blogi\/wp-content\/uploads\/2023\/05\/Oikeustalo-10-1-300x210.jpg 300w, https:\/\/www.satokangas.fi\/blogi\/wp-content\/uploads\/2023\/05\/Oikeustalo-10-1-768x537.jpg 768w, https:\/\/www.satokangas.fi\/blogi\/wp-content\/uploads\/2023\/05\/Oikeustalo-10-1-86x60.jpg 86w\" sizes=\"auto, (max-width: 1000px) 100vw, 1000px\" \/><\/a><\/p>\n<p style=\"text-align: justify;\">Samalla sain kuulla Oulun ja Pohjanmaan oikeushallinnon kehityksest\u00e4, historioitsija minussa tykk\u00e4si kovasti, kun ohjelmassa oli monessa kohtaa menneiden vuosikymmenten ja satojen vaiheista asiaa ja anekdootteja, ja my\u00f6s selvityst\u00e4 vaiheista, jotka t\u00e4m\u00e4n uuden talon aikaansaamiseen on l\u00e4pik\u00e4yty. Ihan erityisen kiinnostavaa oli kuulla arkkitehtien ja taiteilijoiden n\u00e4kemyksi\u00e4 ja taustoitusta t\u00f6illeen ja ratkaisuilleen.<\/p>\n<p style=\"text-align: justify;\"><a href=\"https:\/\/www.satokangas.fi\/blogi\/2023\/05\/valokuvaushommia-juhlassa\/oikeustalo-9\/\" rel=\"attachment wp-att-45892\"><img loading=\"lazy\" decoding=\"async\" data-attachment-id=\"45892\" data-permalink=\"https:\/\/www.satokangas.fi\/blogi\/2023\/05\/valokuvaushommia-juhlassa\/oikeustalo-9\/\" data-orig-file=\"https:\/\/www.satokangas.fi\/blogi\/wp-content\/uploads\/2023\/05\/Oikeustalo-9.jpg\" data-orig-size=\"1000,660\" data-comments-opened=\"1\" data-image-meta=\"{&quot;aperture&quot;:&quot;0&quot;,&quot;credit&quot;:&quot;&quot;,&quot;camera&quot;:&quot;&quot;,&quot;caption&quot;:&quot;&quot;,&quot;created_timestamp&quot;:&quot;1685507016&quot;,&quot;copyright&quot;:&quot;&quot;,&quot;focal_length&quot;:&quot;0&quot;,&quot;iso&quot;:&quot;0&quot;,&quot;shutter_speed&quot;:&quot;0&quot;,&quot;title&quot;:&quot;&quot;,&quot;orientation&quot;:&quot;0&quot;}\" data-image-title=\"Oikeustalo-9\" data-image-description=\"\" data-image-caption=\"\" data-large-file=\"https:\/\/www.satokangas.fi\/blogi\/wp-content\/uploads\/2023\/05\/Oikeustalo-9.jpg\" class=\"aligncenter size-full wp-image-45892\" src=\"https:\/\/www.satokangas.fi\/blogi\/wp-content\/uploads\/2023\/05\/Oikeustalo-9.jpg\" alt=\"\" width=\"1000\" height=\"660\" srcset=\"https:\/\/www.satokangas.fi\/blogi\/wp-content\/uploads\/2023\/05\/Oikeustalo-9.jpg 1000w, https:\/\/www.satokangas.fi\/blogi\/wp-content\/uploads\/2023\/05\/Oikeustalo-9-606x400.jpg 606w, https:\/\/www.satokangas.fi\/blogi\/wp-content\/uploads\/2023\/05\/Oikeustalo-9-300x198.jpg 300w, https:\/\/www.satokangas.fi\/blogi\/wp-content\/uploads\/2023\/05\/Oikeustalo-9-768x507.jpg 768w, https:\/\/www.satokangas.fi\/blogi\/wp-content\/uploads\/2023\/05\/Oikeustalo-9-91x60.jpg 91w\" sizes=\"auto, (max-width: 1000px) 100vw, 1000px\" \/><\/a><\/p>\n<div class=\"xdj266r x11i5rnm xat24cr x1mh8g0r x1vvkbs x126k92a\" style=\"text-align: justify;\">\n<div dir=\"auto\">Talo on hieno! Ajatuksella suunniteltu, turvallisesti jyhke\u00e4 olematta raskas, levollinen ja siell\u00e4 on monia hienoja kuvataideteoksia. Ja kuten <a href=\"https:\/\/www.satokangas.fi\/blogi\/2023\/05\/kuva-julkiseen-tilaan\/\" target=\"_blank\" rel=\"noopener\">aiemmin jo paljastinkin<\/a> henkil\u00f6kunnan taukotilassa on minun ottamastani valokuvasta tehty tapettisein\u00e4. Sit\u00e4kin sai t\u00e4n\u00e4\u00e4n juhlia. \ud83d\ude42<\/div>\n<div dir=\"auto\"><\/div>\n<div dir=\"auto\">Seitsem\u00e4ss\u00e4 istuntosalissa ja aulan seinill\u00e4 on Otto Karvosen tilateos &#8221;Kuin kaikkialla virtaava vesi&#8221;.<\/div>\n<\/div>\n<div dir=\"auto\" style=\"text-align: justify;\">\n<p><a href=\"https:\/\/www.satokangas.fi\/blogi\/2023\/05\/valokuvaushommia-juhlassa\/oikeustalo-11\/\" rel=\"attachment wp-att-45894\"><img loading=\"lazy\" decoding=\"async\" data-attachment-id=\"45894\" data-permalink=\"https:\/\/www.satokangas.fi\/blogi\/2023\/05\/valokuvaushommia-juhlassa\/oikeustalo-11\/\" data-orig-file=\"https:\/\/www.satokangas.fi\/blogi\/wp-content\/uploads\/2023\/05\/Oikeustalo-11.jpg\" data-orig-size=\"1000,667\" data-comments-opened=\"1\" data-image-meta=\"{&quot;aperture&quot;:&quot;0&quot;,&quot;credit&quot;:&quot;REIJA SATOKANGAS&quot;,&quot;camera&quot;:&quot;&quot;,&quot;caption&quot;:&quot;&quot;,&quot;created_timestamp&quot;:&quot;1685541864&quot;,&quot;copyright&quot;:&quot;&quot;,&quot;focal_length&quot;:&quot;0&quot;,&quot;iso&quot;:&quot;0&quot;,&quot;shutter_speed&quot;:&quot;0&quot;,&quot;title&quot;:&quot;&quot;,&quot;orientation&quot;:&quot;0&quot;}\" data-image-title=\"Oikeustalo-11\" data-image-description=\"\" data-image-caption=\"\" data-large-file=\"https:\/\/www.satokangas.fi\/blogi\/wp-content\/uploads\/2023\/05\/Oikeustalo-11.jpg\" class=\"aligncenter size-full wp-image-45894\" src=\"https:\/\/www.satokangas.fi\/blogi\/wp-content\/uploads\/2023\/05\/Oikeustalo-11.jpg\" alt=\"\" width=\"1000\" height=\"667\" srcset=\"https:\/\/www.satokangas.fi\/blogi\/wp-content\/uploads\/2023\/05\/Oikeustalo-11.jpg 1000w, https:\/\/www.satokangas.fi\/blogi\/wp-content\/uploads\/2023\/05\/Oikeustalo-11-600x400.jpg 600w, https:\/\/www.satokangas.fi\/blogi\/wp-content\/uploads\/2023\/05\/Oikeustalo-11-300x200.jpg 300w, https:\/\/www.satokangas.fi\/blogi\/wp-content\/uploads\/2023\/05\/Oikeustalo-11-768x512.jpg 768w, https:\/\/www.satokangas.fi\/blogi\/wp-content\/uploads\/2023\/05\/Oikeustalo-11-90x60.jpg 90w\" sizes=\"auto, (max-width: 1000px) 100vw, 1000px\" \/><\/a><\/p>\n<p>Kai Rentolan ty\u00f6t ovat vanerille painettuja isoja tauluja. Hienoja nekin. Tekoprosessi ainakin minulle ennest\u00e4\u00e4n tuntematon.<\/p>\n<p><a href=\"https:\/\/www.satokangas.fi\/blogi\/2023\/05\/valokuvaushommia-juhlassa\/oikeustalo-16\/\" rel=\"attachment wp-att-45899\"><img loading=\"lazy\" decoding=\"async\" data-attachment-id=\"45899\" data-permalink=\"https:\/\/www.satokangas.fi\/blogi\/2023\/05\/valokuvaushommia-juhlassa\/oikeustalo-16\/\" data-orig-file=\"https:\/\/www.satokangas.fi\/blogi\/wp-content\/uploads\/2023\/05\/Oikeustalo-16.jpg\" data-orig-size=\"1000,626\" data-comments-opened=\"1\" data-image-meta=\"{&quot;aperture&quot;:&quot;0&quot;,&quot;credit&quot;:&quot;&quot;,&quot;camera&quot;:&quot;&quot;,&quot;caption&quot;:&quot;&quot;,&quot;created_timestamp&quot;:&quot;1685513294&quot;,&quot;copyright&quot;:&quot;&quot;,&quot;focal_length&quot;:&quot;0&quot;,&quot;iso&quot;:&quot;0&quot;,&quot;shutter_speed&quot;:&quot;0&quot;,&quot;title&quot;:&quot;&quot;,&quot;orientation&quot;:&quot;0&quot;}\" data-image-title=\"Oikeustalo-16\" data-image-description=\"\" data-image-caption=\"\" data-large-file=\"https:\/\/www.satokangas.fi\/blogi\/wp-content\/uploads\/2023\/05\/Oikeustalo-16.jpg\" class=\"aligncenter size-full wp-image-45899\" src=\"https:\/\/www.satokangas.fi\/blogi\/wp-content\/uploads\/2023\/05\/Oikeustalo-16.jpg\" alt=\"\" width=\"1000\" height=\"626\" srcset=\"https:\/\/www.satokangas.fi\/blogi\/wp-content\/uploads\/2023\/05\/Oikeustalo-16.jpg 1000w, https:\/\/www.satokangas.fi\/blogi\/wp-content\/uploads\/2023\/05\/Oikeustalo-16-639x400.jpg 639w, https:\/\/www.satokangas.fi\/blogi\/wp-content\/uploads\/2023\/05\/Oikeustalo-16-300x188.jpg 300w, https:\/\/www.satokangas.fi\/blogi\/wp-content\/uploads\/2023\/05\/Oikeustalo-16-768x481.jpg 768w, https:\/\/www.satokangas.fi\/blogi\/wp-content\/uploads\/2023\/05\/Oikeustalo-16-96x60.jpg 96w\" sizes=\"auto, (max-width: 1000px) 100vw, 1000px\" \/><\/a><\/p>\n<p>Ja valokuvia oli toisen ja kolmannen kerroksen tiloissa toki muiltakin kuin minulta &#8211; sein\u00e4nkokoisia ei tiet\u00e4\u00e4kseni muita. \ud83d\ude42<\/p>\n<p><a href=\"https:\/\/www.satokangas.fi\/blogi\/2023\/05\/kuva-julkiseen-tilaan\/oikeustalo-7\/\" rel=\"attachment wp-att-45546\"><img loading=\"lazy\" decoding=\"async\" data-attachment-id=\"45546\" data-permalink=\"https:\/\/www.satokangas.fi\/blogi\/2023\/05\/kuva-julkiseen-tilaan\/oikeustalo-7\/\" data-orig-file=\"https:\/\/www.satokangas.fi\/blogi\/wp-content\/uploads\/2023\/05\/Oikeustalo-7.jpg\" data-orig-size=\"1000,718\" data-comments-opened=\"1\" data-image-meta=\"{&quot;aperture&quot;:&quot;8&quot;,&quot;credit&quot;:&quot;REIJA SATOKANGAS&quot;,&quot;camera&quot;:&quot;Canon EOS 5D Mark IV&quot;,&quot;caption&quot;:&quot;&quot;,&quot;created_timestamp&quot;:&quot;1684151331&quot;,&quot;copyright&quot;:&quot;&quot;,&quot;focal_length&quot;:&quot;16&quot;,&quot;iso&quot;:&quot;640&quot;,&quot;shutter_speed&quot;:&quot;0.033333333333333&quot;,&quot;title&quot;:&quot;&quot;,&quot;orientation&quot;:&quot;0&quot;}\" data-image-title=\"Oikeustalo-7\" data-image-description=\"\" data-image-caption=\"\" data-large-file=\"https:\/\/www.satokangas.fi\/blogi\/wp-content\/uploads\/2023\/05\/Oikeustalo-7.jpg\" class=\"aligncenter size-full wp-image-45546\" src=\"https:\/\/www.satokangas.fi\/blogi\/wp-content\/uploads\/2023\/05\/Oikeustalo-7.jpg\" alt=\"\" width=\"1000\" height=\"718\" srcset=\"https:\/\/www.satokangas.fi\/blogi\/wp-content\/uploads\/2023\/05\/Oikeustalo-7.jpg 1000w, https:\/\/www.satokangas.fi\/blogi\/wp-content\/uploads\/2023\/05\/Oikeustalo-7-557x400.jpg 557w, https:\/\/www.satokangas.fi\/blogi\/wp-content\/uploads\/2023\/05\/Oikeustalo-7-300x215.jpg 300w, https:\/\/www.satokangas.fi\/blogi\/wp-content\/uploads\/2023\/05\/Oikeustalo-7-768x551.jpg 768w, https:\/\/www.satokangas.fi\/blogi\/wp-content\/uploads\/2023\/05\/Oikeustalo-7-84x60.jpg 84w\" sizes=\"auto, (max-width: 1000px) 100vw, 1000px\" \/><\/a><\/p>\n<p>Illan juhla oli my\u00f6s ruokajuhla, tovin s\u00f6inkin ja sen voimalla viel\u00e4 t\u00e4ss\u00e4 jo perannut kuvasaalista, huomenna homma jatkuu.\u00a0 Hyv\u00e4 p\u00e4iv\u00e4 t\u00e4n\u00e4\u00e4n.<\/p>\n<\/div>\n<div dir=\"auto\" style=\"text-align: justify;\"><\/div>\n","protected":false},"excerpt":{"rendered":"<p>T\u00e4n\u00e4\u00e4n oli se iso kuvauskeikka, joka oli yksi syy meid\u00e4n Provencen loman vaihtamiseksi Kroatiaan ja varhentamiseksi viime viikolle. Ranskan reissu olisi ollut t\u00e4ll\u00e4 viikolla, joten Oulun uuden Oikeustalon avajaisjuhla ja kuvaaminen, sek\u00e4 aamup\u00e4iv\u00e4n henkil\u00f6kunnalle suunnatussa juhlassa ett\u00e4 iltap\u00e4iv\u00e4n-illan kutsuvierasjuhlassa, olisi ollut jonkun muun homma kuin minun, jos olisimme l\u00e4hteneet aiotulle polkupy\u00f6r\u00e4reissulle Ranskaan. Toinen syy siit\u00e4 aikeesta luopumiseen ja py\u00f6r\u00e4ilyn vaihtaminen &hellip; <\/p>\n","protected":false},"author":1,"featured_media":45891,"comment_status":"open","ping_status":"open","sticky":false,"template":"","format":"standard","meta":{"jetpack_post_was_ever_published":false,"_jetpack_newsletter_access":"","_jetpack_dont_email_post_to_subs":false,"_jetpack_newsletter_tier_id":0,"_jetpack_memberships_contains_paywalled_content":false,"_jetpack_memberships_contains_paid_content":false,"footnotes":"","jetpack_publicize_message":"","jetpack_publicize_feature_enabled":true,"jetpack_social_post_already_shared":true,"jetpack_social_options":{"image_generator_settings":{"template":"highway","default_image_id":0,"font":"","enabled":false},"version":2}},"categories":[88,1,37],"tags":[],"class_list":["post-45888","post","type-post","status-publish","format-standard","has-post-thumbnail","hentry","category-muistikuvia","category-aiheeton","category-valokuvaus","latest_post"],"jetpack_publicize_connections":[],"jetpack_featured_media_url":"https:\/\/www.satokangas.fi\/blogi\/wp-content\/uploads\/2023\/05\/Oikeustalo-7-1.jpg","jetpack_shortlink":"https:\/\/wp.me\/pr4p4-bW8","jetpack_sharing_enabled":true,"jetpack_likes_enabled":false,"jetpack-related-posts":[{"id":32279,"url":"https:\/\/www.satokangas.fi\/blogi\/2017\/10\/koko-paiva-kroatiasta-nauttimista\/","url_meta":{"origin":45888,"position":0},"title":"Koko p\u00e4iv\u00e4 Kroatiasta nauttimista","author":"Reija","date":"5.10.2017","format":false,"excerpt":"Olimmehan me ajatelleet t\u00e4ll\u00e4(kin) Adrianmeren rannan reissulla k\u00e4yd\u00e4 tutustumassa Spilitiin, k\u00e4yd\u00e4 siell\u00e4 katsomassa historiallisia n\u00e4ht\u00e4vyyksi\u00e4, hankkimassa Apsulle tuliaisia ja muutenkin kiertelem\u00e4ss\u00e4 ja katselemassa kroatialaista kaupunkiel\u00e4m\u00e4\u00e4. Jo eilen - aika lailla yht\u00e4 aikaa - olimme molemmat tulleet ajatuksiin, ett\u00e4 miksip\u00e4 l\u00e4hte\u00e4 autoon istumaan, kun kerran voi patikoida vuorilla, k\u00e4vell\u00e4 Makarskan rivieralla\u2026","rel":"","context":"Kategoriassa &quot;Kroatia&quot;","block_context":{"text":"Kroatia","link":"https:\/\/www.satokangas.fi\/blogi\/category\/reissut\/kroatia\/"},"img":{"alt_text":"","src":"https:\/\/i0.wp.com\/www.satokangas.fi\/blogi\/wp-content\/uploads\/2017\/10\/Igrane-patikka-Makarska-1.jpg?resize=350%2C200&ssl=1","width":350,"height":200,"srcset":"https:\/\/i0.wp.com\/www.satokangas.fi\/blogi\/wp-content\/uploads\/2017\/10\/Igrane-patikka-Makarska-1.jpg?resize=350%2C200&ssl=1 1x, https:\/\/i0.wp.com\/www.satokangas.fi\/blogi\/wp-content\/uploads\/2017\/10\/Igrane-patikka-Makarska-1.jpg?resize=525%2C300&ssl=1 1.5x, https:\/\/i0.wp.com\/www.satokangas.fi\/blogi\/wp-content\/uploads\/2017\/10\/Igrane-patikka-Makarska-1.jpg?resize=700%2C400&ssl=1 2x"},"classes":[]},{"id":32151,"url":"https:\/\/www.satokangas.fi\/blogi\/2017\/09\/paluu-kroatiaan\/","url_meta":{"origin":45888,"position":1},"title":"Paluu Kroatiaan","author":"Reija","date":"29.9.2017","format":false,"excerpt":"Siit\u00e4 on 37 vuotta kun oltu Splitiss\u00e4 edellisen kerran. Silloin Split ja Dubrovnik olivat Jugoslavian lomakaupunkeja, Titon vallan alla olleen Adrianmeren rantakaupunkeja, osa Kroatian maakuntaa. Sen j\u00e4lkeen Dalmatian rannikolle asti on ulottunut Balkkanin sota. Kuinkahan mones? Nyt olemme j\u00e4lleen Kroatissa, EU-maassa, jossa sosialistisen diktatuurin tai sodan j\u00e4lki\u00e4 ei ainakaan p\u00e4iv\u00e4nvalossa\u2026","rel":"","context":"Kategoriassa &quot;Niit\u00e4 n\u00e4it\u00e4&quot;","block_context":{"text":"Niit\u00e4 n\u00e4it\u00e4","link":"https:\/\/www.satokangas.fi\/blogi\/category\/aiheeton\/"},"img":{"alt_text":"","src":"https:\/\/i0.wp.com\/www.satokangas.fi\/blogi\/wp-content\/uploads\/2017\/09\/Paluu-Kroatiaan_-4.jpg?resize=350%2C200&ssl=1","width":350,"height":200,"srcset":"https:\/\/i0.wp.com\/www.satokangas.fi\/blogi\/wp-content\/uploads\/2017\/09\/Paluu-Kroatiaan_-4.jpg?resize=350%2C200&ssl=1 1x, https:\/\/i0.wp.com\/www.satokangas.fi\/blogi\/wp-content\/uploads\/2017\/09\/Paluu-Kroatiaan_-4.jpg?resize=525%2C300&ssl=1 1.5x, https:\/\/i0.wp.com\/www.satokangas.fi\/blogi\/wp-content\/uploads\/2017\/09\/Paluu-Kroatiaan_-4.jpg?resize=700%2C400&ssl=1 2x"},"classes":[]},{"id":32294,"url":"https:\/\/www.satokangas.fi\/blogi\/2017\/10\/puolimatkan-krouvissa-2\/","url_meta":{"origin":45888,"position":2},"title":"Puolimatkan &#8221;krouvissa&#8221;","author":"Reija","date":"6.10.2017","format":false,"excerpt":"Kotiinpaluun p\u00e4iv\u00e4. Kaikki sujui soljuen, hyv\u00e4ll\u00e4 sykkeell\u00e4, kiireett\u00e4 ja ajallaan, - aina Helsinki - Vantaalle asti. T\u00e4\u00e4ll\u00e4 oltiin etuajassa puolinelj\u00e4n tienoilla, mutta sitten oli edess\u00e4 pitk\u00e4 ilta. Oulun kone l\u00e4htee vasta yhdeks\u00e4lt\u00e4. Meneeh\u00e4n se perjantai-ilta n\u00e4inkin. ~~~~~~~~~~~~~~ T\u00e4n\u00e4\u00e4n oli ensimmm\u00e4inen pilviharsoinen aamu, ja t\u00e4ysi kuu m\u00f6ll\u00f6tti aamuvarhain suoraan parvekkeelta katsellessa.\u2026","rel":"","context":"Kategoriassa &quot;Kroatia&quot;","block_context":{"text":"Kroatia","link":"https:\/\/www.satokangas.fi\/blogi\/category\/reissut\/kroatia\/"},"img":{"alt_text":"","src":"https:\/\/i0.wp.com\/www.satokangas.fi\/blogi\/wp-content\/uploads\/2017\/10\/Matkalla-kent%C3%A4lle_-3.jpg?resize=350%2C200&ssl=1","width":350,"height":200,"srcset":"https:\/\/i0.wp.com\/www.satokangas.fi\/blogi\/wp-content\/uploads\/2017\/10\/Matkalla-kent%C3%A4lle_-3.jpg?resize=350%2C200&ssl=1 1x, https:\/\/i0.wp.com\/www.satokangas.fi\/blogi\/wp-content\/uploads\/2017\/10\/Matkalla-kent%C3%A4lle_-3.jpg?resize=525%2C300&ssl=1 1.5x, https:\/\/i0.wp.com\/www.satokangas.fi\/blogi\/wp-content\/uploads\/2017\/10\/Matkalla-kent%C3%A4lle_-3.jpg?resize=700%2C400&ssl=1 2x"},"classes":[]},{"id":32335,"url":"https:\/\/www.satokangas.fi\/blogi\/2017\/10\/hrvatska-posta\/","url_meta":{"origin":45888,"position":3},"title":"Hrvatska po\u0161ta","author":"Reija","date":"11.10.2017","format":false,"excerpt":"Hrvatskan postia viel\u00e4.\u00a0Kroatia on kroatiaksi Hrvatska. Siit\u00e4 siis johtuu, ett\u00e4 autojen kansallisuustunnuksena on RH (=\u00a0Republika Hrvatska eli Kroatian tasavalta). Kroatian kieli on hyvin konsonannttista.\u00a0Hyvin slaavilaiseltahan se kuulostaa, mutta on jotenkin soinnillisempaa kuin ven\u00e4j\u00e4. Nyt kuvakansioita on yhteens\u00e4 viisi, niiden \"kuvatekstit\" on paljolti t\u00e4\u00e4ll\u00e4 blogissa. Kansioissa ei ole ollenkaan ruokakuvia, teen\u2026","rel":"","context":"Kategoriassa &quot;Hautausmailla&quot;","block_context":{"text":"Hautausmailla","link":"https:\/\/www.satokangas.fi\/blogi\/category\/hautausmailla\/"},"img":{"alt_text":"","src":"https:\/\/i0.wp.com\/www.satokangas.fi\/blogi\/wp-content\/uploads\/2017\/10\/Sunset.jpg?resize=350%2C200&ssl=1","width":350,"height":200,"srcset":"https:\/\/i0.wp.com\/www.satokangas.fi\/blogi\/wp-content\/uploads\/2017\/10\/Sunset.jpg?resize=350%2C200&ssl=1 1x, https:\/\/i0.wp.com\/www.satokangas.fi\/blogi\/wp-content\/uploads\/2017\/10\/Sunset.jpg?resize=525%2C300&ssl=1 1.5x, https:\/\/i0.wp.com\/www.satokangas.fi\/blogi\/wp-content\/uploads\/2017\/10\/Sunset.jpg?resize=700%2C400&ssl=1 2x"},"classes":[]},{"id":46193,"url":"https:\/\/www.satokangas.fi\/blogi\/2023\/06\/kotipihalla-hiljaa-hyraillen\/","url_meta":{"origin":45888,"position":4},"title":"Kotipihalla hiljaa hyr\u00e4illen","author":"Reija","date":"28.6.2023","format":false,"excerpt":"Aamusella mietin kovasti, l\u00e4htisink\u00f6 Turkansaareen vai sittenkin Iihin py\u00f6r\u00e4retkelle? Lyhyempi (melkein 50 km) vai pidempi (yli 60 km) kierros? Molempiin kun on tapana ainakin kerran kes\u00e4ss\u00e4 tehd\u00e4 lenkki. Ensin oli kuitenkin\u00a0 pest\u00e4v\u00e4 py\u00f6r\u00e4 eilisen rankkasateessa py\u00f6r\u00e4ilyn j\u00e4ljilt\u00e4, p\u00e4\u00e4tin sitten samalla kastella kukat, ja v\u00e4h\u00e4n lakaista sis\u00e4pihalla, pyyhki\u00e4 ikkunalautoja - viel\u00e4\u2026","rel":"","context":"Kategoriassa &quot;Niit\u00e4 n\u00e4it\u00e4&quot;","block_context":{"text":"Niit\u00e4 n\u00e4it\u00e4","link":"https:\/\/www.satokangas.fi\/blogi\/category\/aiheeton\/"},"img":{"alt_text":"","src":"https:\/\/i0.wp.com\/www.satokangas.fi\/blogi\/wp-content\/uploads\/2023\/06\/kotosalla-6.jpg?resize=350%2C200&ssl=1","width":350,"height":200,"srcset":"https:\/\/i0.wp.com\/www.satokangas.fi\/blogi\/wp-content\/uploads\/2023\/06\/kotosalla-6.jpg?resize=350%2C200&ssl=1 1x, https:\/\/i0.wp.com\/www.satokangas.fi\/blogi\/wp-content\/uploads\/2023\/06\/kotosalla-6.jpg?resize=525%2C300&ssl=1 1.5x, https:\/\/i0.wp.com\/www.satokangas.fi\/blogi\/wp-content\/uploads\/2023\/06\/kotosalla-6.jpg?resize=700%2C400&ssl=1 2x"},"classes":[]},{"id":11484,"url":"https:\/\/www.satokangas.fi\/blogi\/2011\/04\/pyoraily-ja-parsakausi-avattu\/","url_meta":{"origin":45888,"position":5},"title":"Py\u00f6r\u00e4ily- ja parsakausi avattu","author":"Reija","date":"16.4.2011","format":false,"excerpt":"Aurinkoa. Heti aamusta aurinkoa. Hieman harmitti kun oli aamup\u00e4iv\u00e4 k\u00e4ytett\u00e4v\u00e4 duunin tekoon, mutta alkuiltap\u00e4iv\u00e4st\u00e4 l\u00e4hdimme py\u00f6r\u00e4ilem\u00e4\u00e4n. K\u00e4ytiin hallissa py\u00f6rill\u00e4 hakemassa huomiseksi karitsan filett\u00e4 ja nautimmepa kauppahallin viinibaarissa lasilliset. Melkein kuin terassikausikin olisi aukaistu. Viime kes\u00e4n\u00e4 yritimme ko. paikkaan muutaman kerran, aina oli t\u00e4ynn\u00e4, mutta t\u00e4n\u00e4\u00e4n ei ollut ket\u00e4\u00e4n, joten k\u00e4ytimme\u2026","rel":"","context":"Kategoriassa &quot;Niit\u00e4 n\u00e4it\u00e4&quot;","block_context":{"text":"Niit\u00e4 n\u00e4it\u00e4","link":"https:\/\/www.satokangas.fi\/blogi\/category\/aiheeton\/"},"img":{"alt_text":"","src":"https:\/\/i0.wp.com\/www.satokangas.fi\/blogi\/wp-content\/uploads\/Parsat-kiehumassa-600x400.jpg?resize=350%2C200&ssl=1","width":350,"height":200,"srcset":"https:\/\/i0.wp.com\/www.satokangas.fi\/blogi\/wp-content\/uploads\/Parsat-kiehumassa-600x400.jpg?resize=350%2C200&ssl=1 1x, https:\/\/i0.wp.com\/www.satokangas.fi\/blogi\/wp-content\/uploads\/Parsat-kiehumassa-600x400.jpg?resize=525%2C300&ssl=1 1.5x"},"classes":[]}],"_links":{"self":[{"href":"https:\/\/www.satokangas.fi\/blogi\/wp-json\/wp\/v2\/posts\/45888","targetHints":{"allow":["GET"]}}],"collection":[{"href":"https:\/\/www.satokangas.fi\/blogi\/wp-json\/wp\/v2\/posts"}],"about":[{"href":"https:\/\/www.satokangas.fi\/blogi\/wp-json\/wp\/v2\/types\/post"}],"author":[{"embeddable":true,"href":"https:\/\/www.satokangas.fi\/blogi\/wp-json\/wp\/v2\/users\/1"}],"replies":[{"embeddable":true,"href":"https:\/\/www.satokangas.fi\/blogi\/wp-json\/wp\/v2\/comments?post=45888"}],"version-history":[{"count":0,"href":"https:\/\/www.satokangas.fi\/blogi\/wp-json\/wp\/v2\/posts\/45888\/revisions"}],"wp:featuredmedia":[{"embeddable":true,"href":"https:\/\/www.satokangas.fi\/blogi\/wp-json\/wp\/v2\/media\/45891"}],"wp:attachment":[{"href":"https:\/\/www.satokangas.fi\/blogi\/wp-json\/wp\/v2\/media?parent=45888"}],"wp:term":[{"taxonomy":"category","embeddable":true,"href":"https:\/\/www.satokangas.fi\/blogi\/wp-json\/wp\/v2\/categories?post=45888"},{"taxonomy":"post_tag","embeddable":true,"href":"https:\/\/www.satokangas.fi\/blogi\/wp-json\/wp\/v2\/tags?post=45888"}],"curies":[{"name":"wp","href":"https:\/\/api.w.org\/{rel}","templated":true}]}}