{"id":45573,"date":"2023-05-18T20:33:26","date_gmt":"2023-05-18T17:33:26","guid":{"rendered":"https:\/\/www.satokangas.fi\/blogi\/?p=45573"},"modified":"2023-05-19T08:24:07","modified_gmt":"2023-05-19T05:24:07","slug":"ainakin-ajatuksissa-kylmasta-lampimaan","status":"publish","type":"post","link":"https:\/\/www.satokangas.fi\/blogi\/2023\/05\/ainakin-ajatuksissa-kylmasta-lampimaan\/","title":{"rendered":"Ainakin ajatuksissa kylm\u00e4st\u00e4 l\u00e4mpim\u00e4\u00e4n"},"content":{"rendered":"<p style=\"text-align: justify;\">Helatorstai on usein, yleens\u00e4, ollut kes\u00e4kukkien hakup\u00e4iv\u00e4, pihahommap\u00e4iv\u00e4, perhep\u00e4iv\u00e4, tms. Mutta ei t\u00e4n\u00e4\u00e4n. Pihaa ja terassia on laitettu kuntoon jo aiemmin, kes\u00e4kukat laitan vasta reilun viikon p\u00e4\u00e4st\u00e4, perhe ei ole ollut nyt l\u00e4sn\u00e4 ja s\u00e4\u00e4kin on ollut ihan j\u00e4rkytt\u00e4v\u00e4n kylm\u00e4.<\/p>\n<p style=\"text-align: justify;\">Olihan se riddari, pipo, anorakki ja goretxitit taas etsitt\u00e4v\u00e4 esille, ett\u00e4 py\u00f6r\u00e4lenkille saattoi aikoakaan. Lyhyeksi j\u00e4i pitk\u00e4ksi aiottu lenkki. Kylm\u00e4n lis\u00e4ksi ilmassa oli jotain merkillist\u00e4 j\u00e4\u00e4hilesadetta. Silt\u00e4 se ainakin kasvoille tuntui.<\/p>\n<p style=\"text-align: justify;\">Ei siis ihme, ett\u00e4 iso osa p\u00e4iv\u00e4st\u00e4 on surffailtu netiss\u00e4 ja etsitty reissukohteesta patikkapolkuja, hyvi\u00e4 illallisravintoloita, lautta-aikatauluja, Diocletianuksen palatsin historiaa&#8230; Ja toivottu my\u00f6s Adrianmerenrannalle l\u00e4mpenev\u00e4\u00e4 tai ainakin sateetonta s\u00e4\u00e4t\u00e4. (Splitin &#8221;Seaside Promenade <a href=\"https:\/\/www.whatsupcams.com\/en\/webcams\/croatia\/split-dalmatia\/split\/seaside-promenade\/\" target=\"_blank\" rel=\"noopener\">Webcam- kuvaa<\/a> olen pitkin p\u00e4iv\u00e4\u00e4 tullut klikanneeksi auki useammankin kerran: onko ihmisill\u00e4 lyhyt- vai pitk\u00e4hihaista, paistaako ja milt\u00e4 muutoin n\u00e4ytt\u00e4\u00e4? Live-kuvan oikeassa reunassa n\u00e4kyy meid\u00e4n hotelli. \ud83d\ude42 )<\/p>\n<p style=\"text-align: justify;\">L\u00e4mpeni se t\u00e4\u00e4ll\u00e4kin t\u00e4ss\u00e4 illansuussa &#8211; edes v\u00e4h\u00e4n. N\u00e4ytt\u00e4\u00e4 kes\u00e4isemm\u00e4lt\u00e4 kuin onkaan. Kuvien oikeassa reunassa meid\u00e4n toinen valkovuokkolaikku.<\/p>\n<p><a href=\"https:\/\/www.satokangas.fi\/blogi\/2023\/05\/ainakin-ajatuksissa-kylmasta-lampimaan\/valkovuokkojen_aikaan-2-2\/\" rel=\"attachment wp-att-45574\"><img loading=\"lazy\" decoding=\"async\" data-attachment-id=\"45574\" data-permalink=\"https:\/\/www.satokangas.fi\/blogi\/2023\/05\/ainakin-ajatuksissa-kylmasta-lampimaan\/valkovuokkojen_aikaan-2-2\/\" data-orig-file=\"https:\/\/www.satokangas.fi\/blogi\/wp-content\/uploads\/2023\/05\/valkovuokkojen_aikaan-2.jpg\" data-orig-size=\"834,1200\" data-comments-opened=\"1\" data-image-meta=\"{&quot;aperture&quot;:&quot;0&quot;,&quot;credit&quot;:&quot;REIJA SATOKANGAS&quot;,&quot;camera&quot;:&quot;&quot;,&quot;caption&quot;:&quot;&quot;,&quot;created_timestamp&quot;:&quot;1684426370&quot;,&quot;copyright&quot;:&quot;&quot;,&quot;focal_length&quot;:&quot;0&quot;,&quot;iso&quot;:&quot;0&quot;,&quot;shutter_speed&quot;:&quot;0&quot;,&quot;title&quot;:&quot;&quot;,&quot;orientation&quot;:&quot;0&quot;}\" data-image-title=\"valkovuokkojen_aikaan-2\" data-image-description=\"\" data-image-caption=\"\" data-large-file=\"https:\/\/www.satokangas.fi\/blogi\/wp-content\/uploads\/2023\/05\/valkovuokkojen_aikaan-2-712x1024.jpg\" class=\"aligncenter wp-image-45574\" src=\"https:\/\/www.satokangas.fi\/blogi\/wp-content\/uploads\/2023\/05\/valkovuokkojen_aikaan-2-278x400.jpg\" alt=\"\" width=\"521\" height=\"750\" srcset=\"https:\/\/www.satokangas.fi\/blogi\/wp-content\/uploads\/2023\/05\/valkovuokkojen_aikaan-2-278x400.jpg 278w, https:\/\/www.satokangas.fi\/blogi\/wp-content\/uploads\/2023\/05\/valkovuokkojen_aikaan-2-712x1024.jpg 712w, https:\/\/www.satokangas.fi\/blogi\/wp-content\/uploads\/2023\/05\/valkovuokkojen_aikaan-2-209x300.jpg 209w, https:\/\/www.satokangas.fi\/blogi\/wp-content\/uploads\/2023\/05\/valkovuokkojen_aikaan-2-768x1105.jpg 768w, https:\/\/www.satokangas.fi\/blogi\/wp-content\/uploads\/2023\/05\/valkovuokkojen_aikaan-2-42x60.jpg 42w, https:\/\/www.satokangas.fi\/blogi\/wp-content\/uploads\/2023\/05\/valkovuokkojen_aikaan-2.jpg 834w\" sizes=\"auto, (max-width: 521px) 100vw, 521px\" \/><\/a><\/p>\n<p>&nbsp;<\/p>\n<p style=\"text-align: justify;\">\n","protected":false},"excerpt":{"rendered":"<p>Helatorstai on usein, yleens\u00e4, ollut kes\u00e4kukkien hakup\u00e4iv\u00e4, pihahommap\u00e4iv\u00e4, perhep\u00e4iv\u00e4, tms. Mutta ei t\u00e4n\u00e4\u00e4n. Pihaa ja terassia on laitettu kuntoon jo aiemmin, kes\u00e4kukat laitan vasta reilun viikon p\u00e4\u00e4st\u00e4, perhe ei ole ollut nyt l\u00e4sn\u00e4 ja s\u00e4\u00e4kin on ollut ihan j\u00e4rkytt\u00e4v\u00e4n kylm\u00e4. Olihan se riddari, pipo, anorakki ja goretxitit taas etsitt\u00e4v\u00e4 esille, ett\u00e4 py\u00f6r\u00e4lenkille saattoi aikoakaan. Lyhyeksi j\u00e4i pitk\u00e4ksi aiottu lenkki. Kylm\u00e4n &hellip; <\/p>\n","protected":false},"author":1,"featured_media":45575,"comment_status":"open","ping_status":"open","sticky":false,"template":"","format":"standard","meta":{"jetpack_post_was_ever_published":false,"_jetpack_newsletter_access":"","_jetpack_dont_email_post_to_subs":false,"_jetpack_newsletter_tier_id":0,"_jetpack_memberships_contains_paywalled_content":false,"_jetpack_memberships_contains_paid_content":false,"footnotes":"","jetpack_publicize_message":"","jetpack_publicize_feature_enabled":true,"jetpack_social_post_already_shared":true,"jetpack_social_options":{"image_generator_settings":{"template":"highway","default_image_id":0,"font":"","enabled":false},"version":2}},"categories":[1],"tags":[],"class_list":["post-45573","post","type-post","status-publish","format-standard","has-post-thumbnail","hentry","category-aiheeton","latest_post"],"jetpack_publicize_connections":[],"jetpack_featured_media_url":"https:\/\/www.satokangas.fi\/blogi\/wp-content\/uploads\/2023\/05\/valkovuokkojen_aikaan-3.jpg","jetpack_shortlink":"https:\/\/wp.me\/pr4p4-bR3","jetpack_sharing_enabled":true,"jetpack_likes_enabled":false,"jetpack-related-posts":[{"id":7350,"url":"https:\/\/www.satokangas.fi\/blogi\/2010\/05\/ruokaa-ja-ruukkupuutarha\/","url_meta":{"origin":45573,"position":0},"title":"Ruokaa ja ruukkupuutarha","author":"Reija","date":"30.5.2010","format":false,"excerpt":"Sanat eiv\u00e4t riit\u00e4 kertomaan, tai ovat ihan turhia. Kuvat kertovat aika paljon siit\u00e4 hyv\u00e4st\u00e4, mist\u00e4 saimme eilen sisareni luona nauttia. Valitettavasti maistiaisia ei voi netin kautta tarjoilla... leip\u00e4, sitruunasorbetti ja pinaattilasagne (kaikki itse alusta asti tehtyj\u00e4, luonnollisesti :) ) olivat ylivertaisia. Ja suolakala, tai kala suolassa. Sellaista en ole ennen\u2026","rel":"","context":"Kategoriassa &quot;Niit\u00e4 n\u00e4it\u00e4&quot;","block_context":{"text":"Niit\u00e4 n\u00e4it\u00e4","link":"https:\/\/www.satokangas.fi\/blogi\/category\/aiheeton\/"},"img":{"alt_text":"","src":"https:\/\/i0.wp.com\/www.satokangas.fi\/blogi\/wp-content\/uploads\/2010\/05\/IMG_22641-500x347.jpg?resize=350%2C200&ssl=1","width":350,"height":200},"classes":[]},{"id":21391,"url":"https:\/\/www.satokangas.fi\/blogi\/2014\/06\/poikkeuksien-paiva\/","url_meta":{"origin":45573,"position":1},"title":"Poikkeuksien p\u00e4iv\u00e4","author":"Reija","date":"14.6.2014","format":false,"excerpt":"Jos pihlajan kukinnan m\u00e4\u00e4r\u00e4 on k\u00e4\u00e4nteisesti verrannollinen tulevan talven lumen m\u00e4\u00e4r\u00e4\u00e4n, niin ensi talvena ei ole lunta ollenkaan! Meill\u00e4 on pihalla seitsem\u00e4n isoa pihlajaa, ja kukkia on satoja, ellei tuhansia. Pit\u00e4isi olla tae siit\u00e4, ett\u00e4 ensi talvena ei ole metritolkulla lunta. Katsotaanpas nyt sitten t\u00e4m\u00e4 kansanperinteen ennustuskelpoisuus. Jotain muutakin tavallisuudesta\u2026","rel":"","context":"Kategoriassa &quot;Niit\u00e4 n\u00e4it\u00e4&quot;","block_context":{"text":"Niit\u00e4 n\u00e4it\u00e4","link":"https:\/\/www.satokangas.fi\/blogi\/category\/aiheeton\/"},"img":{"alt_text":"erilaista kuin yleens\u00e4-4","src":"https:\/\/i0.wp.com\/www.satokangas.fi\/blogi\/wp-content\/uploads\/2014\/06\/erilaista-kuin-yleens%C3%A4-4-600x400.jpg?resize=350%2C200&ssl=1","width":350,"height":200,"srcset":"https:\/\/i0.wp.com\/www.satokangas.fi\/blogi\/wp-content\/uploads\/2014\/06\/erilaista-kuin-yleens%C3%A4-4-600x400.jpg?resize=350%2C200&ssl=1 1x, https:\/\/i0.wp.com\/www.satokangas.fi\/blogi\/wp-content\/uploads\/2014\/06\/erilaista-kuin-yleens%C3%A4-4-600x400.jpg?resize=525%2C300&ssl=1 1.5x"},"classes":[]},{"id":49651,"url":"https:\/\/www.satokangas.fi\/blogi\/2024\/05\/puutarhassa-ja-samppanjamaisteluissa\/","url_meta":{"origin":45573,"position":2},"title":"Puutarhassa ja samppanjamaisteluissa","author":"Reija","date":"28.5.2024","format":false,"excerpt":"Kes\u00e4kukka-aamup\u00e4iv\u00e4. Huvilan suursiivousiltap\u00e4iv\u00e4. Samppanjanmaisteluiltap\u00e4iv\u00e4. Siitep\u00f6ly\u00e4ihanhillitt\u00f6m\u00e4stikokop\u00e4iv\u00e4. Allergiaoireidenp\u00e4iv\u00e4. Samppanjailta. Joka vuosi p\u00e4\u00e4t\u00e4n\/p\u00e4\u00e4t\u00e4mme laittaa edellist\u00e4 v\u00e4hemm\u00e4n kes\u00e4kukkia. T\u00e4n\u00e4 vuonna se taisi onnistua. Toki portinpielet ja parit ikkunanalukset (japaninkelloja), parit yhden ruusubegonian sein\u00e4kukat, molempiin valurautatolppiin verbenat ja lumihiutaleet. Kun kes\u00e4kukat olivat purkeissaan, siirryn kasvimaan\/yrttipenkkien puolelle; maank\u00e4\u00e4nt\u00f6hommia. V\u00e4h\u00e4n mutta kuitenkin. Ja sitten Huvilaan ikkunat puhtaiksi,\u2026","rel":"","context":"Kategoriassa &quot;Niit\u00e4 n\u00e4it\u00e4&quot;","block_context":{"text":"Niit\u00e4 n\u00e4it\u00e4","link":"https:\/\/www.satokangas.fi\/blogi\/category\/aiheeton\/"},"img":{"alt_text":"","src":"https:\/\/i0.wp.com\/www.satokangas.fi\/blogi\/wp-content\/uploads\/2024\/05\/Samppanja-4.jpg?resize=350%2C200&ssl=1","width":350,"height":200,"srcset":"https:\/\/i0.wp.com\/www.satokangas.fi\/blogi\/wp-content\/uploads\/2024\/05\/Samppanja-4.jpg?resize=350%2C200&ssl=1 1x, https:\/\/i0.wp.com\/www.satokangas.fi\/blogi\/wp-content\/uploads\/2024\/05\/Samppanja-4.jpg?resize=525%2C300&ssl=1 1.5x, https:\/\/i0.wp.com\/www.satokangas.fi\/blogi\/wp-content\/uploads\/2024\/05\/Samppanja-4.jpg?resize=700%2C400&ssl=1 2x"},"classes":[]},{"id":32328,"url":"https:\/\/www.satokangas.fi\/blogi\/2017\/10\/syyspaivan-soppaa\/","url_meta":{"origin":45573,"position":3},"title":"Syysp\u00e4iv\u00e4n soppaa","author":"Reija","date":"10.10.2017","format":false,"excerpt":"Puutarhan valmistelu kohti talvea oli eilen p\u00e4iv\u00e4n projekti numero yksi, varsinkin Pehtoorilla, mutta touhuilinpa siell\u00e4 min\u00e4kin. Melkein kaikki kes\u00e4kukat pois, ja yrttipenkeist\u00e4 sadonkorjuuta. Meid\u00e4n ainokainen sy\u00f6t\u00e4vi\u00e4 omenoita tuottava puumme on viel\u00e4 kovin v\u00e4h\u00e4satoinen, mutta aroniat poimin ja huomenissa keittelen hyytel\u00f6n. Edes jotain s\u00e4il\u00f6nt\u00e4\u00e4 t\u00f6lkkeihin, kun suolasieni\u00e4 on ihan h\u00e4vytt\u00f6m\u00e4n v\u00e4h\u00e4n.\u2026","rel":"","context":"Kategoriassa &quot;Jokaviikkoinen soppamme&quot;","block_context":{"text":"Jokaviikkoinen soppamme","link":"https:\/\/www.satokangas.fi\/blogi\/category\/ruoka_ja_viini\/jokaviikkoinen-soppamme\/"},"img":{"alt_text":"","src":"https:\/\/i0.wp.com\/www.satokangas.fi\/blogi\/wp-content\/uploads\/2017\/10\/Syksyn-ruokaa-7.jpg?resize=350%2C200&ssl=1","width":350,"height":200,"srcset":"https:\/\/i0.wp.com\/www.satokangas.fi\/blogi\/wp-content\/uploads\/2017\/10\/Syksyn-ruokaa-7.jpg?resize=350%2C200&ssl=1 1x, https:\/\/i0.wp.com\/www.satokangas.fi\/blogi\/wp-content\/uploads\/2017\/10\/Syksyn-ruokaa-7.jpg?resize=525%2C300&ssl=1 1.5x, https:\/\/i0.wp.com\/www.satokangas.fi\/blogi\/wp-content\/uploads\/2017\/10\/Syksyn-ruokaa-7.jpg?resize=700%2C400&ssl=1 2x"},"classes":[]},{"id":30913,"url":"https:\/\/www.satokangas.fi\/blogi\/2017\/06\/kesaa-kaikille\/","url_meta":{"origin":45573,"position":4},"title":"Kes\u00e4\u00e4 kaikille","author":"Reija","date":"6.6.2017","format":false,"excerpt":"K\u00e4ytiin t\u00e4n\u00e4\u00e4n puutarhalla. Min\u00e4h\u00e4n\u00a0olen siirt\u00e4nyt pelakuiden ja surffiinojen laittamista kun on ollut turhan viile\u00e4\u00e4, y\u00f6pakkasiakin viel\u00e4. No t\u00e4n\u00e4\u00e4n sitten aamukahvilla istuskellessamme ja p\u00e4iv\u00e4n ohjelmaa osaltamme p\u00e4hk\u00e4ileiss\u00e4mme ilmoitin, ett\u00e4 min\u00e4 ainakin harjoittelen simultaaneja varten... t\u00e4ss\u00e4 pikaisia \"konsepteja\" harkoista... [kannattaa klikata isommiksi] Ja Pehtoori muistutti, ett\u00e4 olisipa ne kes\u00e4kukat haettava puutarhalta, kun\u2026","rel":"","context":"Kategoriassa &quot;Niit\u00e4 n\u00e4it\u00e4&quot;","block_context":{"text":"Niit\u00e4 n\u00e4it\u00e4","link":"https:\/\/www.satokangas.fi\/blogi\/category\/aiheeton\/"},"img":{"alt_text":"","src":"https:\/\/i0.wp.com\/www.satokangas.fi\/blogi\/wp-content\/uploads\/2017\/06\/2017-06-06-400x400.jpg?resize=350%2C200&ssl=1","width":350,"height":200},"classes":[]},{"id":48767,"url":"https:\/\/www.satokangas.fi\/blogi\/2024\/03\/muistikuvia-hiipuu-hiljalleen\/","url_meta":{"origin":45573,"position":5},"title":"Muistikuvia hiipuu hiljalleen","author":"Reija","date":"21.3.2024","format":false,"excerpt":"T\u00e4n\u00e4\u00e4n ja eilen on ollut minun yhden hengen Muistikuvia-yritykseni loppusuoran valmistelua. Yritys t\u00e4ytt\u00e4\u00e4 seitsem\u00e4n vuotta huhtikuussa, ja siihen se sen teht\u00e4v\u00e4 t\u00e4ss\u00e4 universumissa taitaa loppuakin. Veroilmoituksen teko ja sen lis\u00e4ksi puuhia toiminimen lakkauttamiseksi olen t\u00e4ss\u00e4 selvitellyt ja laitellut vireille. Tuli jotenkin mieleen se, kun syksyll\u00e4 pit\u00e4\u00e4 pihakalusteet vied\u00e4 varastoon ja\u2026","rel":"","context":"Kategoriassa &quot;Muistikuvia&quot;","block_context":{"text":"Muistikuvia","link":"https:\/\/www.satokangas.fi\/blogi\/category\/muistikuvia\/"},"img":{"alt_text":"","src":"https:\/\/i0.wp.com\/www.satokangas.fi\/blogi\/wp-content\/uploads\/2024\/03\/1.png?resize=350%2C200&ssl=1","width":350,"height":200,"srcset":"https:\/\/i0.wp.com\/www.satokangas.fi\/blogi\/wp-content\/uploads\/2024\/03\/1.png?resize=350%2C200&ssl=1 1x, https:\/\/i0.wp.com\/www.satokangas.fi\/blogi\/wp-content\/uploads\/2024\/03\/1.png?resize=525%2C300&ssl=1 1.5x, https:\/\/i0.wp.com\/www.satokangas.fi\/blogi\/wp-content\/uploads\/2024\/03\/1.png?resize=700%2C400&ssl=1 2x"},"classes":[]}],"_links":{"self":[{"href":"https:\/\/www.satokangas.fi\/blogi\/wp-json\/wp\/v2\/posts\/45573","targetHints":{"allow":["GET"]}}],"collection":[{"href":"https:\/\/www.satokangas.fi\/blogi\/wp-json\/wp\/v2\/posts"}],"about":[{"href":"https:\/\/www.satokangas.fi\/blogi\/wp-json\/wp\/v2\/types\/post"}],"author":[{"embeddable":true,"href":"https:\/\/www.satokangas.fi\/blogi\/wp-json\/wp\/v2\/users\/1"}],"replies":[{"embeddable":true,"href":"https:\/\/www.satokangas.fi\/blogi\/wp-json\/wp\/v2\/comments?post=45573"}],"version-history":[{"count":0,"href":"https:\/\/www.satokangas.fi\/blogi\/wp-json\/wp\/v2\/posts\/45573\/revisions"}],"wp:featuredmedia":[{"embeddable":true,"href":"https:\/\/www.satokangas.fi\/blogi\/wp-json\/wp\/v2\/media\/45575"}],"wp:attachment":[{"href":"https:\/\/www.satokangas.fi\/blogi\/wp-json\/wp\/v2\/media?parent=45573"}],"wp:term":[{"taxonomy":"category","embeddable":true,"href":"https:\/\/www.satokangas.fi\/blogi\/wp-json\/wp\/v2\/categories?post=45573"},{"taxonomy":"post_tag","embeddable":true,"href":"https:\/\/www.satokangas.fi\/blogi\/wp-json\/wp\/v2\/tags?post=45573"}],"curies":[{"name":"wp","href":"https:\/\/api.w.org\/{rel}","templated":true}]}}