{"id":45569,"date":"2023-05-17T21:51:39","date_gmt":"2023-05-17T18:51:39","guid":{"rendered":"https:\/\/www.satokangas.fi\/blogi\/?p=45569"},"modified":"2023-05-17T22:14:05","modified_gmt":"2023-05-17T19:14:05","slug":"kituviikko-jo-yli-puolivalin","status":"publish","type":"post","link":"https:\/\/www.satokangas.fi\/blogi\/2023\/05\/kituviikko-jo-yli-puolivalin\/","title":{"rendered":"Kituviikko jo yli puoliv\u00e4lin&#8230;"},"content":{"rendered":"<p style=\"text-align: justify;\">T\u00e4ll\u00e4 viikolla Oulussa on s\u00e4\u00e4ss\u00e4 kaikki vuodenajat: maanantaina kaunis toukokuinen auringonpaiste, tiistaina l\u00e4mmin kes\u00e4inen p\u00e4iv\u00e4, t\u00e4n\u00e4\u00e4n sateinen, harmaa syksy ja huomiseksi on luvattu mittareihin liki talvisia lukemia (+ 5 C).<\/p>\n<p style=\"text-align: justify;\">Eilen\u00a0 puhkesivat valkovuokot, ja sitten y\u00f6llinen ja t\u00e4m\u00e4np\u00e4iv\u00e4inen sade on pessyt kadut p\u00f6lyst\u00e4, painanut koivun siitep\u00f6ly\u00e4 maahan ja raikastanut ilman.<\/p>\n<p style=\"text-align: justify;\">Minulla alkavat matkavalmistelut olla tehtyn\u00e4:<\/p>\n<p style=\"padding-left: 40px; text-align: justify;\">passi uusittu <em>check<\/em>,<br \/>\najokorttia varten (se 65 v. taas taustalla syyn\u00e4!) l\u00e4\u00e4k\u00e4rintarkastus <em>check,<br \/>\n<\/em>koronarokotus <em>check,<br \/>\n<\/em>matka-apteekki <em>check,<br \/>\n<\/em>kaksi uutta T-paitaa hankittu <em>check<\/em>,<br \/>\nripset ja kulmat saaneet uinnin kest\u00e4v\u00e4t v\u00e4rit <em>check,<br \/>\n<\/em>itsetehty pedi- ja manikyyri <em>check,<br \/>\n<\/em>lenkkikamppeet pyykiss\u00e4 <em>check,<br \/>\n<\/em>l\u00e4pp\u00e4rin ohjelmistojen p\u00e4ivitys<em> check,<br \/>\n<\/em>hammasl\u00e4\u00e4k\u00e4ri (t\u00e4n\u00e4\u00e4n lohjenneen paikan korjaus)<em> check.\u00a0<\/em><\/p>\n<p style=\"text-align: justify;\">Joskus muinoin t\u00e4h\u00e4n listaan tuli lis\u00e4tty\u00e4 verenluovutus, mutta kohtalokkaiden seurausten vuoksi (<a href=\"https:\/\/www.satokangas.fi\/blogi\/2009\/10\/matka-maailman-toiselle-puolen\/\" target=\"_blank\" rel=\"noopener\">py\u00f6rtyminen <\/a>lennolla) en en\u00e4\u00e4 luovuta ennen lomareissuja, joilla lennell\u00e4\u00e4n. Perjantaina k\u00e4yn viel\u00e4 Foto-Nordicissa ostamassa yhden uuden akun kameraan (alkaa vara-akussa varauskyky olla aika heikko) ja samalla putsautan kennon. Sitten vaan kamppeet laukkuun ja lauantaina aamuvarhain reissuun.<\/p>\n<p style=\"text-align: justify;\">Kituviikko on oikeastaan ihan mukavaa, &#8211; mukavan odottaminen on.<\/p>\n<p><a href=\"https:\/\/www.satokangas.fi\/blogi\/2023\/05\/kituviikko-jo-yli-puolivalin\/split_1\/\" rel=\"attachment wp-att-45570\"><img loading=\"lazy\" decoding=\"async\" data-attachment-id=\"45570\" data-permalink=\"https:\/\/www.satokangas.fi\/blogi\/2023\/05\/kituviikko-jo-yli-puolivalin\/split_1\/\" data-orig-file=\"https:\/\/www.satokangas.fi\/blogi\/wp-content\/uploads\/2023\/05\/Split_1.jpg\" data-orig-size=\"800,731\" data-comments-opened=\"1\" data-image-meta=\"{&quot;aperture&quot;:&quot;0&quot;,&quot;credit&quot;:&quot;&quot;,&quot;camera&quot;:&quot;&quot;,&quot;caption&quot;:&quot;&quot;,&quot;created_timestamp&quot;:&quot;1506952727&quot;,&quot;copyright&quot;:&quot;&quot;,&quot;focal_length&quot;:&quot;0&quot;,&quot;iso&quot;:&quot;0&quot;,&quot;shutter_speed&quot;:&quot;0&quot;,&quot;title&quot;:&quot;&quot;,&quot;orientation&quot;:&quot;0&quot;}\" data-image-title=\"Split_1\" data-image-description=\"\" data-image-caption=\"\" data-large-file=\"https:\/\/www.satokangas.fi\/blogi\/wp-content\/uploads\/2023\/05\/Split_1.jpg\" class=\"aligncenter size-full wp-image-45570\" src=\"https:\/\/www.satokangas.fi\/blogi\/wp-content\/uploads\/2023\/05\/Split_1.jpg\" alt=\"\" width=\"800\" height=\"731\" srcset=\"https:\/\/www.satokangas.fi\/blogi\/wp-content\/uploads\/2023\/05\/Split_1.jpg 800w, https:\/\/www.satokangas.fi\/blogi\/wp-content\/uploads\/2023\/05\/Split_1-438x400.jpg 438w, https:\/\/www.satokangas.fi\/blogi\/wp-content\/uploads\/2023\/05\/Split_1-300x274.jpg 300w, https:\/\/www.satokangas.fi\/blogi\/wp-content\/uploads\/2023\/05\/Split_1-768x702.jpg 768w, https:\/\/www.satokangas.fi\/blogi\/wp-content\/uploads\/2023\/05\/Split_1-66x60.jpg 66w\" sizes=\"auto, (max-width: 800px) 100vw, 800px\" \/><\/a><\/p>\n<p style=\"text-align: justify;\">\n","protected":false},"excerpt":{"rendered":"<p>T\u00e4ll\u00e4 viikolla Oulussa on s\u00e4\u00e4ss\u00e4 kaikki vuodenajat: maanantaina kaunis toukokuinen auringonpaiste, tiistaina l\u00e4mmin kes\u00e4inen p\u00e4iv\u00e4, t\u00e4n\u00e4\u00e4n sateinen, harmaa syksy ja huomiseksi on luvattu mittareihin liki talvisia lukemia (+ 5 C). Eilen\u00a0 puhkesivat valkovuokot, ja sitten y\u00f6llinen ja t\u00e4m\u00e4np\u00e4iv\u00e4inen sade on pessyt kadut p\u00f6lyst\u00e4, painanut koivun siitep\u00f6ly\u00e4 maahan ja raikastanut ilman. Minulla alkavat matkavalmistelut olla tehtyn\u00e4: passi uusittu check, ajokorttia varten &hellip; <\/p>\n","protected":false},"author":1,"featured_media":45571,"comment_status":"open","ping_status":"open","sticky":false,"template":"","format":"standard","meta":{"jetpack_post_was_ever_published":false,"_jetpack_newsletter_access":"","_jetpack_dont_email_post_to_subs":false,"_jetpack_newsletter_tier_id":0,"_jetpack_memberships_contains_paywalled_content":false,"_jetpack_memberships_contains_paid_content":false,"footnotes":"","jetpack_publicize_message":"","jetpack_publicize_feature_enabled":true,"jetpack_social_post_already_shared":true,"jetpack_social_options":{"image_generator_settings":{"template":"highway","default_image_id":0,"font":"","enabled":false},"version":2}},"categories":[1],"tags":[],"class_list":["post-45569","post","type-post","status-publish","format-standard","has-post-thumbnail","hentry","category-aiheeton","latest_post"],"jetpack_publicize_connections":[],"jetpack_featured_media_url":"https:\/\/www.satokangas.fi\/blogi\/wp-content\/uploads\/2023\/05\/valkovuokkojen_aikaan.jpg","jetpack_shortlink":"https:\/\/wp.me\/pr4p4-bQZ","jetpack_sharing_enabled":true,"jetpack_likes_enabled":false,"jetpack-related-posts":[{"id":43906,"url":"https:\/\/www.satokangas.fi\/blogi\/2022\/10\/monta-check\/","url_meta":{"origin":45569,"position":0},"title":"Monta * &#8221;check&#8221;","author":"Reija","date":"28.10.2022","format":false,"excerpt":"Ajoissa kampaajalle her\u00e4tty! Check! [Kampaaja kahdeksalta, olin ihan tikkana pystyss\u00e4 aamunelj\u00e4lt\u00e4. Ei ihme, ett\u00e4 nyt v\u00e4sytt\u00e4\u00e4.] Uuninl\u00e4mm\u00f6ss\u00e4 y\u00f6n yli paistunut (todellakin paistunut) ohraryynipuuro CHECK. [Ensi kerralla olen huolellisempi, 8 tuntia riitt\u00e4\u00e4, ei tarvita 12 tuntia!] Uusi luomiv\u00e4ri hankittu. - Check! M\u00f6kkil\u00e4pp\u00e4ri viety huoltoon: voidaanhan se elvytt\u00e4\u00e4 edullisin hinnoin! Paljon kyselty,\u2026","rel":"","context":"Kategoriassa &quot;Niit\u00e4 n\u00e4it\u00e4&quot;","block_context":{"text":"Niit\u00e4 n\u00e4it\u00e4","link":"https:\/\/www.satokangas.fi\/blogi\/category\/aiheeton\/"},"img":{"alt_text":"","src":"https:\/\/i0.wp.com\/www.satokangas.fi\/blogi\/wp-content\/uploads\/2022\/10\/52-Frames-2.jpg?resize=350%2C200&ssl=1","width":350,"height":200},"classes":[]},{"id":39286,"url":"https:\/\/www.satokangas.fi\/blogi\/2020\/09\/kaikki-paikallaan-ja-tallessakin\/","url_meta":{"origin":45569,"position":1},"title":"Kaikki paikallaan &#8211; ja tallessakin?","author":"Reija","date":"2.9.2020","format":false,"excerpt":"Vuosi vuodelta t\u00e4m\u00e4 muuttuu pahemmaksi. Minun asioiden \"talteen laittaminen\", \"sujauttelu\", \"pois tielt\u00e4\", - ja sitten liikkeelle l\u00e4hteminen. En suinkaan ole sellainen, jonka tarvitsisi palata jo kilometrien p\u00e4\u00e4st\u00e4 takaisin kotiin tarkistamaan, onko kahvinkeitin p\u00e4\u00e4ll\u00e4 (sit\u00e4 paitsi meill\u00e4h\u00e4n ei edes ole kahvinkeitint\u00e4), mutta minulla menee tolkuttoman kauan aikaa p\u00e4\u00e4st\u00e4 l\u00e4htem\u00e4\u00e4n. Ja sitten\u2026","rel":"","context":"Kategoriassa &quot;Niit\u00e4 n\u00e4it\u00e4&quot;","block_context":{"text":"Niit\u00e4 n\u00e4it\u00e4","link":"https:\/\/www.satokangas.fi\/blogi\/category\/aiheeton\/"},"img":{"alt_text":"","src":"https:\/\/i0.wp.com\/www.satokangas.fi\/blogi\/wp-content\/uploads\/2020\/09\/1-3.jpg?resize=350%2C200&ssl=1","width":350,"height":200,"srcset":"https:\/\/i0.wp.com\/www.satokangas.fi\/blogi\/wp-content\/uploads\/2020\/09\/1-3.jpg?resize=350%2C200&ssl=1 1x, https:\/\/i0.wp.com\/www.satokangas.fi\/blogi\/wp-content\/uploads\/2020\/09\/1-3.jpg?resize=525%2C300&ssl=1 1.5x, https:\/\/i0.wp.com\/www.satokangas.fi\/blogi\/wp-content\/uploads\/2020\/09\/1-3.jpg?resize=700%2C400&ssl=1 2x"},"classes":[]},{"id":36480,"url":"https:\/\/www.satokangas.fi\/blogi\/2019\/05\/paluu-puolimatkassa\/","url_meta":{"origin":45569,"position":2},"title":"Paluu &#8211; puolimatkassa","author":"Reija","date":"23.5.2019","format":false,"excerpt":"Aeroporto Fiumicino, per favor. L\u00e4hdimme hotellista ajoissa. Onneksi. Aamuruuhkat olivat melkoiset, taksikuski kiersi liki Ostian (Rooman satama) kautta. Autostradaa mentiin vasta viimeiset kymmenen kilometri\u00e4. Jostain v\u00e4list\u00e4 aina n\u00e4kyi, kuinka se oli tukossa. Kauniita puistomaisia leveit\u00e4 teit\u00e4 ajeltiin hyvinkin kolme varttia, ja muutamia liittym\u00e4p\u00e4tki\u00e4, joissa oli 50 rajoitus mentiin 130 km\u2026","rel":"","context":"Kategoriassa &quot;Niit\u00e4 n\u00e4it\u00e4&quot;","block_context":{"text":"Niit\u00e4 n\u00e4it\u00e4","link":"https:\/\/www.satokangas.fi\/blogi\/category\/aiheeton\/"},"img":{"alt_text":"","src":"","width":0,"height":0},"classes":[]},{"id":6377,"url":"https:\/\/www.satokangas.fi\/blogi\/2010\/03\/kohti-kotia\/","url_meta":{"origin":45569,"position":3},"title":"Kohti kotia","author":"Reija","date":"14.3.2010","format":false,"excerpt":"Lauantai-ilta: Seafire-ravintola oli ainutlaatuisen hieno. Huonekorkeus viisi metri\u00e4 ja karu linnamainen sisustus. Ja siell\u00e4 oli kahden Michelin-t\u00e4hden ravintolan keitti\u00f6mestari vierailevana t\u00e4hten\u00e4! Erityisteemana oli erilaiset grilliruoat. Tarjolla mm. KILON T-luupihvit. Valitsimme kuitenkin jotakin muuta. Tyt\u00e4r vegelinjalla, pojat ottivat Mixed grill -annoksen ja meitsi annoksen, jossa oli sek\u00e4 merirapua kermaisessa kastikkeessa ett\u00e4\u2026","rel":"","context":"Kategoriassa &quot;Niit\u00e4 n\u00e4it\u00e4&quot;","block_context":{"text":"Niit\u00e4 n\u00e4it\u00e4","link":"https:\/\/www.satokangas.fi\/blogi\/category\/aiheeton\/"},"img":{"alt_text":"","src":"","width":0,"height":0},"classes":[]},{"id":13526,"url":"https:\/\/www.satokangas.fi\/blogi\/2012\/02\/matkan-loppusuora-ja-maalissa\/","url_meta":{"origin":45569,"position":4},"title":"Matkan loppusuora ja maalissa","author":"Reija","date":"13.2.2012","format":false,"excerpt":"\u00a0La Gomera j\u00e4i, rannikolla n\u00e4kyy kahdessa tasossa San Sebastianin pikku kaupunki. (klikkaamalla kuvat suurenevat) Matkalta on palattu, maanantai on jo illassa. Eik\u00e4 t\u00e4n\u00e4\u00e4n ole tarvinnut menn\u00e4 t\u00f6ihin. Juuri t\u00e4llaisina p\u00e4ivin\u00e4 vuorotteluvapaa on paljon, \u00a0se on enemm\u00e4n kuin hyv\u00e4 juttu. Mutta palaanpa viel\u00e4 eiliseen... Teneriffan etel\u00e4inen lentokentt\u00e4 on nyky\u00e4\u00e4n se isompi,\u2026","rel":"","context":"Kategoriassa &quot;La Comera &amp; Teneriffa&quot;","block_context":{"text":"La Comera &amp; Teneriffa","link":"https:\/\/www.satokangas.fi\/blogi\/category\/reissut\/la-comera-teneriffa-reissut\/"},"img":{"alt_text":"","src":"https:\/\/i0.wp.com\/www.satokangas.fi\/blogi\/wp-content\/uploads\/Mehikasvit.jpg?resize=350%2C200&ssl=1","width":350,"height":200,"srcset":"https:\/\/i0.wp.com\/www.satokangas.fi\/blogi\/wp-content\/uploads\/Mehikasvit.jpg?resize=350%2C200&ssl=1 1x, https:\/\/i0.wp.com\/www.satokangas.fi\/blogi\/wp-content\/uploads\/Mehikasvit.jpg?resize=525%2C300&ssl=1 1.5x, https:\/\/i0.wp.com\/www.satokangas.fi\/blogi\/wp-content\/uploads\/Mehikasvit.jpg?resize=700%2C400&ssl=1 2x, https:\/\/i0.wp.com\/www.satokangas.fi\/blogi\/wp-content\/uploads\/Mehikasvit.jpg?resize=1050%2C600&ssl=1 3x"},"classes":[]},{"id":47309,"url":"https:\/\/www.satokangas.fi\/blogi\/2023\/10\/tyttojen-paivana\/","url_meta":{"origin":45569,"position":5},"title":"Tytt\u00f6jen p\u00e4iv\u00e4n\u00e4","author":"Reija","date":"11.10.2023","format":false,"excerpt":"\"Tytt\u00f6itten huttuja\"\u00a0 sanoisi pojantyt\u00e4r Eepi, jos juteltaisiin t\u00e4st\u00e4 p\u00e4iv\u00e4st\u00e4. T\u00e4n\u00e4\u00e4n tytt\u00f6jen p\u00e4iv\u00e4n\u00e4 matkasin Oulusta Helsingin kautta J\u00e4rvenp\u00e4\u00e4h\u00e4n. Kunhan olin early check in\u00b4n saanut BnB-kolmiooni* tehdyksi l\u00e4hdin vajaan kilometrin p\u00e4\u00e4h\u00e4n, jossa tytt\u00e4ren ja perheens\u00e4 koti on. (*Eritt\u00e4in hyv\u00e4, siisti, tilava, hyv\u00e4ll\u00e4 paikkaa, hiljainen, mukavasti ja varsin hyvin sisustettu ja varusteltu.) Vajaa\u2026","rel":"","context":"Kategoriassa &quot;Isovanhemmuus&quot;","block_context":{"text":"Isovanhemmuus","link":"https:\/\/www.satokangas.fi\/blogi\/category\/isovanhemmuus\/"},"img":{"alt_text":"","src":"","width":0,"height":0},"classes":[]}],"_links":{"self":[{"href":"https:\/\/www.satokangas.fi\/blogi\/wp-json\/wp\/v2\/posts\/45569","targetHints":{"allow":["GET"]}}],"collection":[{"href":"https:\/\/www.satokangas.fi\/blogi\/wp-json\/wp\/v2\/posts"}],"about":[{"href":"https:\/\/www.satokangas.fi\/blogi\/wp-json\/wp\/v2\/types\/post"}],"author":[{"embeddable":true,"href":"https:\/\/www.satokangas.fi\/blogi\/wp-json\/wp\/v2\/users\/1"}],"replies":[{"embeddable":true,"href":"https:\/\/www.satokangas.fi\/blogi\/wp-json\/wp\/v2\/comments?post=45569"}],"version-history":[{"count":0,"href":"https:\/\/www.satokangas.fi\/blogi\/wp-json\/wp\/v2\/posts\/45569\/revisions"}],"wp:featuredmedia":[{"embeddable":true,"href":"https:\/\/www.satokangas.fi\/blogi\/wp-json\/wp\/v2\/media\/45571"}],"wp:attachment":[{"href":"https:\/\/www.satokangas.fi\/blogi\/wp-json\/wp\/v2\/media?parent=45569"}],"wp:term":[{"taxonomy":"category","embeddable":true,"href":"https:\/\/www.satokangas.fi\/blogi\/wp-json\/wp\/v2\/categories?post=45569"},{"taxonomy":"post_tag","embeddable":true,"href":"https:\/\/www.satokangas.fi\/blogi\/wp-json\/wp\/v2\/tags?post=45569"}],"curies":[{"name":"wp","href":"https:\/\/api.w.org\/{rel}","templated":true}]}}