{"id":45551,"date":"2023-05-16T20:51:58","date_gmt":"2023-05-16T17:51:58","guid":{"rendered":"https:\/\/www.satokangas.fi\/blogi\/?p=45551"},"modified":"2023-05-16T20:51:58","modified_gmt":"2023-05-16T17:51:58","slug":"pilvia-kirjoissa-kuvissa-reissussa","status":"publish","type":"post","link":"https:\/\/www.satokangas.fi\/blogi\/2023\/05\/pilvia-kirjoissa-kuvissa-reissussa\/","title":{"rendered":"Pilvi\u00e4 kirjoissa, kuvissa, reissussa"},"content":{"rendered":"<p style=\"text-align: justify;\"><a href=\"https:\/\/www.satokangas.fi\/blogi\/2023\/05\/pilvia-kirjoissa-kuvissa-reissussa\/pilvet\/\" rel=\"attachment wp-att-45554\"><img loading=\"lazy\" decoding=\"async\" data-attachment-id=\"45554\" data-permalink=\"https:\/\/www.satokangas.fi\/blogi\/2023\/05\/pilvia-kirjoissa-kuvissa-reissussa\/pilvet\/\" data-orig-file=\"https:\/\/www.satokangas.fi\/blogi\/wp-content\/uploads\/2023\/05\/Pilvet.jpg\" data-orig-size=\"1000,667\" data-comments-opened=\"1\" data-image-meta=\"{&quot;aperture&quot;:&quot;0&quot;,&quot;credit&quot;:&quot;&quot;,&quot;camera&quot;:&quot;&quot;,&quot;caption&quot;:&quot;&quot;,&quot;created_timestamp&quot;:&quot;1684226189&quot;,&quot;copyright&quot;:&quot;&quot;,&quot;focal_length&quot;:&quot;0&quot;,&quot;iso&quot;:&quot;0&quot;,&quot;shutter_speed&quot;:&quot;0&quot;,&quot;title&quot;:&quot;&quot;,&quot;orientation&quot;:&quot;0&quot;}\" data-image-title=\"Pilvet\" data-image-description=\"\" data-image-caption=\"\" data-large-file=\"https:\/\/www.satokangas.fi\/blogi\/wp-content\/uploads\/2023\/05\/Pilvet.jpg\" class=\"size-full wp-image-45554 aligncenter\" src=\"https:\/\/www.satokangas.fi\/blogi\/wp-content\/uploads\/2023\/05\/Pilvet.jpg\" alt=\"\" width=\"1000\" height=\"667\" srcset=\"https:\/\/www.satokangas.fi\/blogi\/wp-content\/uploads\/2023\/05\/Pilvet.jpg 1000w, https:\/\/www.satokangas.fi\/blogi\/wp-content\/uploads\/2023\/05\/Pilvet-600x400.jpg 600w, https:\/\/www.satokangas.fi\/blogi\/wp-content\/uploads\/2023\/05\/Pilvet-300x200.jpg 300w, https:\/\/www.satokangas.fi\/blogi\/wp-content\/uploads\/2023\/05\/Pilvet-768x512.jpg 768w, https:\/\/www.satokangas.fi\/blogi\/wp-content\/uploads\/2023\/05\/Pilvet-90x60.jpg 90w\" sizes=\"auto, (max-width: 1000px) 100vw, 1000px\" \/><\/a><\/p>\n<p style=\"text-align: justify;\">Meri on vapaa j\u00e4\u00e4st\u00e4! Puolenp\u00e4iv\u00e4n j\u00e4lkeen Nallikarissa n\u00e4kym\u00e4 pohjoiseen oli yht\u00e4 kes\u00e4inen kuin jo l\u00e4mp\u00f6tilakin (yli + 20 C),\u00a0mutta sel\u00e4n takana jo sateen uhka ilmeinen. Oliskohan tuo juurikin Cumulonimbus?<\/p>\n<p style=\"text-align: justify;\"><a href=\"https:\/\/www.satokangas.fi\/blogi\/2023\/05\/pilvia-kirjoissa-kuvissa-reissussa\/pilvet-2\/\" rel=\"attachment wp-att-45555\"><img loading=\"lazy\" decoding=\"async\" data-attachment-id=\"45555\" data-permalink=\"https:\/\/www.satokangas.fi\/blogi\/2023\/05\/pilvia-kirjoissa-kuvissa-reissussa\/pilvet-2\/\" data-orig-file=\"https:\/\/www.satokangas.fi\/blogi\/wp-content\/uploads\/2023\/05\/Pilvet-2.jpg\" data-orig-size=\"1000,670\" data-comments-opened=\"1\" data-image-meta=\"{&quot;aperture&quot;:&quot;0&quot;,&quot;credit&quot;:&quot;&quot;,&quot;camera&quot;:&quot;&quot;,&quot;caption&quot;:&quot;&quot;,&quot;created_timestamp&quot;:&quot;1684226207&quot;,&quot;copyright&quot;:&quot;&quot;,&quot;focal_length&quot;:&quot;0&quot;,&quot;iso&quot;:&quot;0&quot;,&quot;shutter_speed&quot;:&quot;0&quot;,&quot;title&quot;:&quot;&quot;,&quot;orientation&quot;:&quot;0&quot;}\" data-image-title=\"Pilvet-2\" data-image-description=\"\" data-image-caption=\"\" data-large-file=\"https:\/\/www.satokangas.fi\/blogi\/wp-content\/uploads\/2023\/05\/Pilvet-2.jpg\" class=\"aligncenter wp-image-45555 size-full\" src=\"https:\/\/www.satokangas.fi\/blogi\/wp-content\/uploads\/2023\/05\/Pilvet-2.jpg\" alt=\"\" width=\"1000\" height=\"670\" srcset=\"https:\/\/www.satokangas.fi\/blogi\/wp-content\/uploads\/2023\/05\/Pilvet-2.jpg 1000w, https:\/\/www.satokangas.fi\/blogi\/wp-content\/uploads\/2023\/05\/Pilvet-2-597x400.jpg 597w, https:\/\/www.satokangas.fi\/blogi\/wp-content\/uploads\/2023\/05\/Pilvet-2-300x201.jpg 300w, https:\/\/www.satokangas.fi\/blogi\/wp-content\/uploads\/2023\/05\/Pilvet-2-768x515.jpg 768w, https:\/\/www.satokangas.fi\/blogi\/wp-content\/uploads\/2023\/05\/Pilvet-2-90x60.jpg 90w\" sizes=\"auto, (max-width: 1000px) 100vw, 1000px\" \/><\/a><\/p>\n<p style=\"text-align: justify;\">Viime viikolla kuuntelin Seija Paasosen kirjan &#8221;<a href=\"https:\/\/www.bookbeat.fi\/kirja\/naiset-jotka-maalasivat-taivaan-910261\" target=\"_blank\" rel=\"noopener\">Naiset jotka maalasivat taivaan<\/a>&#8221; ja sen j\u00e4lkeen on tullut pilvi\u00e4 katseltua uusin silmin.<\/p>\n<p style=\"text-align: justify;\">Min\u00e4h\u00e4n olen kuvannut &#8211; jo ihan liikaa &#8211; taivaita ja merenrantamaisemia, mutta kirjan j\u00e4lkeen aattelin, ett\u00e4 voisin koettaa t\u00e4n\u00e4 kes\u00e4n\u00e4 saada kuviin kaikki 10 pilvisukua. Voisin kuvailla yl\u00e4pilvi\u00e4, keskipilvi\u00e4 ja alapilvi\u00e4, koettaa tunnistaa ja erottaa kuuropilvet (Cumulonimbukset) laajoista sadepilvist\u00e4 (Nimbostratuksista). Yrit\u00e4n oppia millaisia ovat untuvapilvet (Cirrus) ja millaisia\u00a0 hahtuvapilvet (Altocumulus), miten ne eroavat?<\/p>\n<p style=\"text-align: justify;\">Paasosen kirjasta tuli mieleen muutenkin kuin nimen vuoksi Mia Kankim\u00e4en hieno kirja &#8221;Naiset joita ajattelen \u00f6isin&#8221;. Paasonen kertoo kirjassaan tutkimusprosessistaan, l\u00e4hteist\u00e4, joista tietoa haki ja sai, kohtaamisista ja yksinolosta kirjoittaessaan, naisen asemasta taidemaailmassa, siit\u00e4, mik\u00e4 oli naismaalareille sallittu ja mahdollista ja mik\u00e4 ei. Mukavasti rauhallinen kirja. Ja sai minut her\u00e4\u00e4m\u00e4\u00e4n pilvien aiempaa tarkempaan tarkasteluun.<\/p>\n<p style=\"text-align: justify;\"><a href=\"https:\/\/www.satokangas.fi\/blogi\/2023\/05\/pilvia-kirjoissa-kuvissa-reissussa\/kroatia-2\/\" rel=\"attachment wp-att-45557\"><img loading=\"lazy\" decoding=\"async\" data-attachment-id=\"45557\" data-permalink=\"https:\/\/www.satokangas.fi\/blogi\/2023\/05\/pilvia-kirjoissa-kuvissa-reissussa\/kroatia-2\/\" data-orig-file=\"https:\/\/www.satokangas.fi\/blogi\/wp-content\/uploads\/2023\/05\/Kroatia.jpg\" data-orig-size=\"363,500\" data-comments-opened=\"1\" data-image-meta=\"{&quot;aperture&quot;:&quot;0&quot;,&quot;credit&quot;:&quot;Reija Satokangas&quot;,&quot;camera&quot;:&quot;&quot;,&quot;caption&quot;:&quot;&quot;,&quot;created_timestamp&quot;:&quot;1507220319&quot;,&quot;copyright&quot;:&quot;&quot;,&quot;focal_length&quot;:&quot;0&quot;,&quot;iso&quot;:&quot;0&quot;,&quot;shutter_speed&quot;:&quot;0&quot;,&quot;title&quot;:&quot;&quot;,&quot;orientation&quot;:&quot;1&quot;}\" data-image-title=\"Kroatia\" data-image-description=\"\" data-image-caption=\"\" data-large-file=\"https:\/\/www.satokangas.fi\/blogi\/wp-content\/uploads\/2023\/05\/Kroatia.jpg\" class=\"size-full wp-image-45557 alignleft\" src=\"https:\/\/www.satokangas.fi\/blogi\/wp-content\/uploads\/2023\/05\/Kroatia.jpg\" alt=\"\" width=\"363\" height=\"500\" srcset=\"https:\/\/www.satokangas.fi\/blogi\/wp-content\/uploads\/2023\/05\/Kroatia.jpg 363w, https:\/\/www.satokangas.fi\/blogi\/wp-content\/uploads\/2023\/05\/Kroatia-290x400.jpg 290w, https:\/\/www.satokangas.fi\/blogi\/wp-content\/uploads\/2023\/05\/Kroatia-218x300.jpg 218w, https:\/\/www.satokangas.fi\/blogi\/wp-content\/uploads\/2023\/05\/Kroatia-44x60.jpg 44w\" sizes=\"auto, (max-width: 363px) 100vw, 363px\" \/><\/a>Kroatian reissulla ei toivottavasti ole pilvi\u00e4 kuvattavaksi, mutta jos on, niin sitten &#8221;canonisoin&#8221; niit\u00e4kin. Ja s\u00e4\u00e4ennusteissa pilvi\u00e4 kyll\u00e4 n\u00e4ytt\u00e4\u00e4 riitt\u00e4v\u00e4n.<\/p>\n<p style=\"text-align: justify;\">Lis\u00e4ksi ajattelin kuvata tavallisten turistikuvien (kirkkoja ja rantoja, ruokaa ja aukioita \ud83d\ude42 ) lis\u00e4ksi ja erityisesti teit\u00e4, polkuja, kulkuv\u00e4yli\u00e4, siltoja. Ja toiseksi uudeksi reissukuvausteemaksi ajattelin &#8221;tekstej\u00e4&#8221;.\u00a0 Saapa n\u00e4hd\u00e4 mit\u00e4 sitten muistikorteille tarttuu.<\/p>\n","protected":false},"excerpt":{"rendered":"<p>Meri on vapaa j\u00e4\u00e4st\u00e4! Puolenp\u00e4iv\u00e4n j\u00e4lkeen Nallikarissa n\u00e4kym\u00e4 pohjoiseen oli yht\u00e4 kes\u00e4inen kuin jo l\u00e4mp\u00f6tilakin (yli + 20 C),\u00a0mutta sel\u00e4n takana jo sateen uhka ilmeinen. Oliskohan tuo juurikin Cumulonimbus? Viime viikolla kuuntelin Seija Paasosen kirjan &#8221;Naiset jotka maalasivat taivaan&#8221; ja sen j\u00e4lkeen on tullut pilvi\u00e4 katseltua uusin silmin. Min\u00e4h\u00e4n olen kuvannut &#8211; jo ihan liikaa &#8211; taivaita ja merenrantamaisemia, mutta &hellip; <\/p>\n","protected":false},"author":1,"featured_media":45556,"comment_status":"open","ping_status":"open","sticky":false,"template":"","format":"standard","meta":{"jetpack_post_was_ever_published":false,"_jetpack_newsletter_access":"","_jetpack_dont_email_post_to_subs":false,"_jetpack_newsletter_tier_id":0,"_jetpack_memberships_contains_paywalled_content":false,"_jetpack_memberships_contains_paid_content":false,"footnotes":"","jetpack_publicize_message":"","jetpack_publicize_feature_enabled":true,"jetpack_social_post_already_shared":true,"jetpack_social_options":{"image_generator_settings":{"template":"highway","default_image_id":0,"font":"","enabled":false},"version":2}},"categories":[1,37],"tags":[],"class_list":["post-45551","post","type-post","status-publish","format-standard","has-post-thumbnail","hentry","category-aiheeton","category-valokuvaus","latest_post"],"jetpack_publicize_connections":[],"jetpack_featured_media_url":"https:\/\/www.satokangas.fi\/blogi\/wp-content\/uploads\/2023\/05\/Pilvet-3.jpg","jetpack_shortlink":"https:\/\/wp.me\/pr4p4-bQH","jetpack_sharing_enabled":true,"jetpack_likes_enabled":false,"jetpack-related-posts":[{"id":51556,"url":"https:\/\/www.satokangas.fi\/blogi\/2024\/12\/kirjahaastetta-ennen-musiikkia-joulu\/","url_meta":{"origin":45551,"position":0},"title":"Ennen kirjahaastetta musiikkia  &#8211; joulu!","author":"Reija","date":"19.12.2024","format":false,"excerpt":"Eilen julkaistiin ensi vuoden Helmet-lukuhaaste 2025 (Ks. alla).\u00a0 Yleens\u00e4h\u00e4n julkistus on vasta joulukuun lopussa, mutta nyt jo ennen joulua - hyv\u00e4 n\u00e4in. Mielell\u00e4ni taas yrit\u00e4n t\u00e4t\u00e4 seurata ja kirjat haastekohtiin valita. Nelj\u00e4n\u00e4 edellisen\u00e4 vuonna olen n\u00e4in tehnyt, ja yhteens\u00e4 200 kirjaa \"haastettuna\" kuunnellut, ja muutaman niist\u00e4 oikein kirja kirjana lukenutkin.\u2026","rel":"","context":"Kategoriassa &quot;Niit\u00e4 n\u00e4it\u00e4&quot;","block_context":{"text":"Niit\u00e4 n\u00e4it\u00e4","link":"https:\/\/www.satokangas.fi\/blogi\/category\/aiheeton\/"},"img":{"alt_text":"","src":"https:\/\/i0.wp.com\/www.satokangas.fi\/blogi\/wp-content\/uploads\/2024\/12\/cozy-pines-winter_PNG-49-e1734634676278.png?resize=350%2C200&ssl=1","width":350,"height":200,"srcset":"https:\/\/i0.wp.com\/www.satokangas.fi\/blogi\/wp-content\/uploads\/2024\/12\/cozy-pines-winter_PNG-49-e1734634676278.png?resize=350%2C200&ssl=1 1x, https:\/\/i0.wp.com\/www.satokangas.fi\/blogi\/wp-content\/uploads\/2024\/12\/cozy-pines-winter_PNG-49-e1734634676278.png?resize=525%2C300&ssl=1 1.5x, https:\/\/i0.wp.com\/www.satokangas.fi\/blogi\/wp-content\/uploads\/2024\/12\/cozy-pines-winter_PNG-49-e1734634676278.png?resize=700%2C400&ssl=1 2x"},"classes":[]},{"id":40352,"url":"https:\/\/www.satokangas.fi\/blogi\/2021\/03\/helmet-lukuhaaste-helmikuu\/","url_meta":{"origin":45551,"position":1},"title":"Helmet-lukuhaaste: helmikuu","author":"Reija","date":"5.3.2021","format":false,"excerpt":"El\u00e4m\u00e4ni toinen kuukausi lukuhaasteen parissa on ohitse. Edelleen olen sit\u00e4 mielt\u00e4, ett\u00e4 haaste on hyv\u00e4ksi elinik\u00e4iselle lukuharrastukselleni. Harrastuneisuus ja haasteeseen vastaaminen on\u00a0 jatkunut aktiivisena: helmikuussa 13 kirjaa luettuna, mit\u00e4 pid\u00e4n aika yll\u00e4tt\u00e4v\u00e4n\u00e4kin. Ja kuten jo tammikuussa, niin nytkin sellaisia kirjoja, jotka olisivat j\u00e4\u00e4neet avaamatta ilman t\u00e4t\u00e4 haastetta.\u00a0 Ja t\u00e4m\u00e4n haasteen\u2026","rel":"","context":"Kategoriassa &quot;Luettua&quot;","block_context":{"text":"Luettua","link":"https:\/\/www.satokangas.fi\/blogi\/category\/luettua\/"},"img":{"alt_text":"","src":"https:\/\/i0.wp.com\/www.satokangas.fi\/blogi\/wp-content\/uploads\/2021\/03\/Helmikuu_2021-740x1024.jpg?resize=350%2C200&ssl=1","width":350,"height":200,"srcset":"https:\/\/i0.wp.com\/www.satokangas.fi\/blogi\/wp-content\/uploads\/2021\/03\/Helmikuu_2021-740x1024.jpg?resize=350%2C200&ssl=1 1x, https:\/\/i0.wp.com\/www.satokangas.fi\/blogi\/wp-content\/uploads\/2021\/03\/Helmikuu_2021-740x1024.jpg?resize=525%2C300&ssl=1 1.5x, https:\/\/i0.wp.com\/www.satokangas.fi\/blogi\/wp-content\/uploads\/2021\/03\/Helmikuu_2021-740x1024.jpg?resize=700%2C400&ssl=1 2x"},"classes":[]},{"id":37028,"url":"https:\/\/www.satokangas.fi\/blogi\/2019\/08\/kirjakesan-saldo\/","url_meta":{"origin":45551,"position":2},"title":"Kirjakes\u00e4n saldo","author":"Reija","date":"22.8.2019","format":false,"excerpt":"Kirjojen kes\u00e4. Py\u00f6r\u00e4ilyn kes\u00e4. Kotikes\u00e4. L\u00e4himatkailukes\u00e4. Valokuvauskes\u00e4. Minulla on ollut puhelimessani BookBeat -\u00e4\u00e4nikirjatili nyt viitisen kuukautta, ja sin\u00e4 aikana olen lukenut kolme \"oikeaa\" kirjaa ja kuunnellut 50 \u00e4\u00e4nikirjaa, mik\u00e4 merkitsee noin kymmenen kirjan kuukausivauhtia. Kolme p\u00e4iv\u00e4\u00e4 per kirja. En ole koskaan lukenut n\u00e4in paljoa n\u00e4in lyhyess\u00e4 ajassa. Enimm\u00e4kseen olen kuunnellut\u2026","rel":"","context":"Kategoriassa &quot;Luettua&quot;","block_context":{"text":"Luettua","link":"https:\/\/www.satokangas.fi\/blogi\/category\/luettua\/"},"img":{"alt_text":"","src":"https:\/\/i0.wp.com\/www.satokangas.fi\/blogi\/wp-content\/uploads\/2019\/08\/Luetut_kirjat_kesa_2019.jpg?resize=350%2C200&ssl=1","width":350,"height":200,"srcset":"https:\/\/i0.wp.com\/www.satokangas.fi\/blogi\/wp-content\/uploads\/2019\/08\/Luetut_kirjat_kesa_2019.jpg?resize=350%2C200&ssl=1 1x, https:\/\/i0.wp.com\/www.satokangas.fi\/blogi\/wp-content\/uploads\/2019\/08\/Luetut_kirjat_kesa_2019.jpg?resize=525%2C300&ssl=1 1.5x"},"classes":[]},{"id":44814,"url":"https:\/\/www.satokangas.fi\/blogi\/2023\/02\/helmet-lukuhaaste-2023-vol-2-paljon-hyvaa-luettavaa\/","url_meta":{"origin":45551,"position":3},"title":"Helmet-lukuhaaste 2023 vol. 2 &#8211; paljon hyv\u00e4\u00e4 luettavaa","author":"Reija","date":"14.2.2023","format":false,"excerpt":"Edelleen olen kuunnellut paljon (ladulla tai kutimen kanssa ja kuvia tehdess\u00e4 - nuo kaikki kuluttavat my\u00f6s kirjoja). Edellisen koosteen j\u00e4lkeen, kuukauden kuluessa on ollut monta pient\u00e4 kirjaa, muutama tiiliskivi, aika monta historiallista romaania, v\u00e4h\u00e4n tietokirjoja, yksi Nobel-voittajakin ja dekkari sek\u00e4 aikuisten ja nuorten satuja. T\u00e4ll\u00e4 kertaa sek\u00e4 kuvakollaasi ett\u00e4 kirjaluettelo\u2026","rel":"","context":"Kategoriassa &quot;Luettua&quot;","block_context":{"text":"Luettua","link":"https:\/\/www.satokangas.fi\/blogi\/category\/luettua\/"},"img":{"alt_text":"","src":"https:\/\/i0.wp.com\/www.satokangas.fi\/blogi\/wp-content\/uploads\/2019\/11\/kirjahylly_grafiikka.jpg?resize=350%2C200&ssl=1","width":350,"height":200,"srcset":"https:\/\/i0.wp.com\/www.satokangas.fi\/blogi\/wp-content\/uploads\/2019\/11\/kirjahylly_grafiikka.jpg?resize=350%2C200&ssl=1 1x, https:\/\/i0.wp.com\/www.satokangas.fi\/blogi\/wp-content\/uploads\/2019\/11\/kirjahylly_grafiikka.jpg?resize=525%2C300&ssl=1 1.5x, https:\/\/i0.wp.com\/www.satokangas.fi\/blogi\/wp-content\/uploads\/2019\/11\/kirjahylly_grafiikka.jpg?resize=700%2C400&ssl=1 2x, https:\/\/i0.wp.com\/www.satokangas.fi\/blogi\/wp-content\/uploads\/2019\/11\/kirjahylly_grafiikka.jpg?resize=1050%2C600&ssl=1 3x"},"classes":[]},{"id":40108,"url":"https:\/\/www.satokangas.fi\/blogi\/2021\/01\/kukkia-ja-kirjoja\/","url_meta":{"origin":45551,"position":4},"title":"Kukkia ja kirjoja","author":"Reija","date":"21.1.2021","format":false,"excerpt":"Amaryllis. Meid\u00e4n jouluamaryllis on t\u00e4ysin riippumaton kalenterista, tavallisista kukkimisajoista ja tavoista. H\u00e4mm\u00e4styksekseni ensimm\u00e4isest\u00e4 vanasta puhkesi ennenn\u00e4kem\u00e4tt\u00f6m\u00e4n n\u00e4k\u00f6inen kukka, tuollainen \"kerrannainen\" vai miksi tuollaista kutsutaan? Se kuihtui nopeasti, jo ennen joulua. Joulun j\u00e4lkeen vietiin kukkakori m\u00f6kille, jossa hoksattiin, ett\u00e4 toisessa vanassa on nuppu ja toinenkin. Varsi kasvoi liki metriseksi, eik\u00e4 kukka\u2026","rel":"","context":"Kategoriassa &quot;Niit\u00e4 n\u00e4it\u00e4&quot;","block_context":{"text":"Niit\u00e4 n\u00e4it\u00e4","link":"https:\/\/www.satokangas.fi\/blogi\/category\/aiheeton\/"},"img":{"alt_text":"","src":"https:\/\/i0.wp.com\/www.satokangas.fi\/blogi\/wp-content\/uploads\/2021\/01\/va-2.jpg?resize=350%2C200&ssl=1","width":350,"height":200,"srcset":"https:\/\/i0.wp.com\/www.satokangas.fi\/blogi\/wp-content\/uploads\/2021\/01\/va-2.jpg?resize=350%2C200&ssl=1 1x, https:\/\/i0.wp.com\/www.satokangas.fi\/blogi\/wp-content\/uploads\/2021\/01\/va-2.jpg?resize=525%2C300&ssl=1 1.5x, https:\/\/i0.wp.com\/www.satokangas.fi\/blogi\/wp-content\/uploads\/2021\/01\/va-2.jpg?resize=700%2C400&ssl=1 2x"},"classes":[]},{"id":13110,"url":"https:\/\/www.satokangas.fi\/blogi\/2011\/12\/kirjan-julkistus-vuorotellen\/","url_meta":{"origin":45551,"position":5},"title":"Kirjan julkistus! Vuorotellen","author":"Reija","date":"18.12.2011","format":false,"excerpt":"\u00a0 Ihan huvin vuoksi olemme sisaren kanssa tehneet kirjan. Olemme tehneet sit\u00e4 koko vuoden. Nyt se on valmis. Kirjaa ei ole nettiversiona, mutta voit saada sen omaksi ostamalla tai osallistumalla ARVONTAAN. Kirjoita kommenteihin halukkuutesi olla mukana arvonnassa. Arvontaan voit osallistua vuoden loppuun asti. Kaikkien osallistuneiden kesken arvon kaksi kirjaa. Voittajat\u2026","rel":"","context":"Kategoriassa &quot;Ruoka ja viini&quot;","block_context":{"text":"Ruoka ja viini","link":"https:\/\/www.satokangas.fi\/blogi\/category\/ruoka_ja_viini\/"},"img":{"alt_text":"","src":"https:\/\/i0.wp.com\/www.satokangas.fi\/blogi\/wp-content\/uploads\/Vuorotellen-kirjan-kansi-600x400.jpg?resize=350%2C200&ssl=1","width":350,"height":200,"srcset":"https:\/\/i0.wp.com\/www.satokangas.fi\/blogi\/wp-content\/uploads\/Vuorotellen-kirjan-kansi-600x400.jpg?resize=350%2C200&ssl=1 1x, https:\/\/i0.wp.com\/www.satokangas.fi\/blogi\/wp-content\/uploads\/Vuorotellen-kirjan-kansi-600x400.jpg?resize=525%2C300&ssl=1 1.5x"},"classes":[]}],"_links":{"self":[{"href":"https:\/\/www.satokangas.fi\/blogi\/wp-json\/wp\/v2\/posts\/45551","targetHints":{"allow":["GET"]}}],"collection":[{"href":"https:\/\/www.satokangas.fi\/blogi\/wp-json\/wp\/v2\/posts"}],"about":[{"href":"https:\/\/www.satokangas.fi\/blogi\/wp-json\/wp\/v2\/types\/post"}],"author":[{"embeddable":true,"href":"https:\/\/www.satokangas.fi\/blogi\/wp-json\/wp\/v2\/users\/1"}],"replies":[{"embeddable":true,"href":"https:\/\/www.satokangas.fi\/blogi\/wp-json\/wp\/v2\/comments?post=45551"}],"version-history":[{"count":0,"href":"https:\/\/www.satokangas.fi\/blogi\/wp-json\/wp\/v2\/posts\/45551\/revisions"}],"wp:featuredmedia":[{"embeddable":true,"href":"https:\/\/www.satokangas.fi\/blogi\/wp-json\/wp\/v2\/media\/45556"}],"wp:attachment":[{"href":"https:\/\/www.satokangas.fi\/blogi\/wp-json\/wp\/v2\/media?parent=45551"}],"wp:term":[{"taxonomy":"category","embeddable":true,"href":"https:\/\/www.satokangas.fi\/blogi\/wp-json\/wp\/v2\/categories?post=45551"},{"taxonomy":"post_tag","embeddable":true,"href":"https:\/\/www.satokangas.fi\/blogi\/wp-json\/wp\/v2\/tags?post=45551"}],"curies":[{"name":"wp","href":"https:\/\/api.w.org\/{rel}","templated":true}]}}