{"id":45543,"date":"2023-05-15T23:38:38","date_gmt":"2023-05-15T20:38:38","guid":{"rendered":"https:\/\/www.satokangas.fi\/blogi\/?p=45543"},"modified":"2023-05-16T09:16:35","modified_gmt":"2023-05-16T06:16:35","slug":"kuva-julkiseen-tilaan","status":"publish","type":"post","link":"https:\/\/www.satokangas.fi\/blogi\/2023\/05\/kuva-julkiseen-tilaan\/","title":{"rendered":"Kuva julkiseen tilaan &#8211; tai vaikka kotiin"},"content":{"rendered":"<p style=\"text-align: justify;\">P\u00e4\u00e4sin t\u00e4n\u00e4\u00e4n tutustumaan Oulun uuden Oikeustalon tiloihin ja suunnittelemaan loppukuun kuvauksia.<\/p>\n<p style=\"text-align: justify;\">Kerroinhan t\u00e4\u00e4ll\u00e4 blogissa jo pari vuotta sitten, ett\u00e4 olen muutaman muun kuvaajan kanssa ehk\u00e4 p\u00e4\u00e4sem\u00e4ss\u00e4 mukaan isoon projektiin. Ja nuo kaksi muuta ovat kuuluisia, tunnettuja, palkittuja pohjoissuomalaisia valokuvauksen suuria nimi\u00e4, &#8211; ja sitten min\u00e4kin sain l\u00e4hett\u00e4\u00e4 ehdolle kuviani tehosteseinien kuvittamiseksi!<\/p>\n<p style=\"text-align: justify;\">Ty\u00f6ryhm\u00e4t ja arkkitehdit suunnittelivat, valitsivat, pohtivat ja jossain v\u00e4liss\u00e4 ilmoittivat, ett\u00e4 yksi kuvistani voisi olla tarkoitukseen sopiva, mutta ett\u00e4 voisinko v\u00e4h\u00e4n s\u00e4\u00e4t\u00e4\u00e4 ja &#8221;mustavalkoistaa&#8221;, kyseliv\u00e4t, mit\u00e4 kuva maksaisi etc. ja sitten p\u00e4\u00e4ttiv\u00e4t kuvan ostaa ja k\u00e4ytt\u00e4\u00e4 sit\u00e4 sisustuksessa. Toiselta edell\u00e4 mainitsemistani kuvaajista on my\u00f6s yksi kuva Oikeustalossa.<\/p>\n<p style=\"text-align: justify;\">T\u00e4n\u00e4\u00e4n siis p\u00e4\u00e4sin n\u00e4kem\u00e4\u00e4n henkil\u00f6kunnan kahvi-, ruoka- ja juhlatilan, jonka sein\u00e4ll\u00e4 kuvani on. Eik\u00e4 olekaan ihan pikku printti!<\/p>\n<p style=\"text-align: justify;\"><a href=\"https:\/\/www.satokangas.fi\/blogi\/2023\/05\/kuva-julkiseen-tilaan\/oikeustalo-7\/\" rel=\"attachment wp-att-45546\"><img loading=\"lazy\" decoding=\"async\" data-attachment-id=\"45546\" data-permalink=\"https:\/\/www.satokangas.fi\/blogi\/2023\/05\/kuva-julkiseen-tilaan\/oikeustalo-7\/\" data-orig-file=\"https:\/\/www.satokangas.fi\/blogi\/wp-content\/uploads\/2023\/05\/Oikeustalo-7.jpg\" data-orig-size=\"1000,718\" data-comments-opened=\"1\" data-image-meta=\"{&quot;aperture&quot;:&quot;8&quot;,&quot;credit&quot;:&quot;REIJA SATOKANGAS&quot;,&quot;camera&quot;:&quot;Canon EOS 5D Mark IV&quot;,&quot;caption&quot;:&quot;&quot;,&quot;created_timestamp&quot;:&quot;1684151331&quot;,&quot;copyright&quot;:&quot;&quot;,&quot;focal_length&quot;:&quot;16&quot;,&quot;iso&quot;:&quot;640&quot;,&quot;shutter_speed&quot;:&quot;0.033333333333333&quot;,&quot;title&quot;:&quot;&quot;,&quot;orientation&quot;:&quot;0&quot;}\" data-image-title=\"Oikeustalo-7\" data-image-description=\"\" data-image-caption=\"\" data-large-file=\"https:\/\/www.satokangas.fi\/blogi\/wp-content\/uploads\/2023\/05\/Oikeustalo-7.jpg\" class=\"aligncenter size-full wp-image-45546\" src=\"https:\/\/www.satokangas.fi\/blogi\/wp-content\/uploads\/2023\/05\/Oikeustalo-7.jpg\" alt=\"\" width=\"1000\" height=\"718\" srcset=\"https:\/\/www.satokangas.fi\/blogi\/wp-content\/uploads\/2023\/05\/Oikeustalo-7.jpg 1000w, https:\/\/www.satokangas.fi\/blogi\/wp-content\/uploads\/2023\/05\/Oikeustalo-7-557x400.jpg 557w, https:\/\/www.satokangas.fi\/blogi\/wp-content\/uploads\/2023\/05\/Oikeustalo-7-300x215.jpg 300w, https:\/\/www.satokangas.fi\/blogi\/wp-content\/uploads\/2023\/05\/Oikeustalo-7-768x551.jpg 768w, https:\/\/www.satokangas.fi\/blogi\/wp-content\/uploads\/2023\/05\/Oikeustalo-7-84x60.jpg 84w\" sizes=\"auto, (max-width: 1000px) 100vw, 1000px\" \/><\/a><\/p>\n<p style=\"text-align: justify;\">Kuvassa olevan Toripolliisin kuvan k\u00e4ytt\u00f6 vaatii perikunnalta luvan ja korvauksen k\u00e4yt\u00f6st\u00e4, ja sekin hoitui &#8221;j\u00e4rjest\u00e4v\u00e4n osapuolen&#8221; kautta ja kuvani p\u00e4\u00e4si esille.<\/p>\n<p style=\"text-align: center;\">Olen kuvasta ja sen sijoittamisesta oikein iloinen ja ylpe\u00e4.<\/p>\n<p style=\"text-align: center;\">Koko sein\u00e4n kokoinen kuva!<\/p>\n<p style=\"text-align: center;\">Onneksi halusivat\/valitsivat mustavalkoisen. Se on just noin hyv\u00e4! Ja saanut jo nyt &#8211; kuulemma &#8211; paljon hyv\u00e4\u00e4 palautetta.<\/p>\n<p style=\"text-align: justify;\"><a href=\"https:\/\/www.satokangas.fi\/blogi\/2023\/05\/kuva-julkiseen-tilaan\/oikeustalo-6\/\" rel=\"attachment wp-att-45545\"><img loading=\"lazy\" decoding=\"async\" data-attachment-id=\"45545\" data-permalink=\"https:\/\/www.satokangas.fi\/blogi\/2023\/05\/kuva-julkiseen-tilaan\/oikeustalo-6\/\" data-orig-file=\"https:\/\/www.satokangas.fi\/blogi\/wp-content\/uploads\/2023\/05\/Oikeustalo-6.jpg\" data-orig-size=\"1000,667\" data-comments-opened=\"1\" data-image-meta=\"{&quot;aperture&quot;:&quot;8&quot;,&quot;credit&quot;:&quot;REIJA SATOKANGAS&quot;,&quot;camera&quot;:&quot;Canon EOS 5D Mark IV&quot;,&quot;caption&quot;:&quot;&quot;,&quot;created_timestamp&quot;:&quot;1684151300&quot;,&quot;copyright&quot;:&quot;&quot;,&quot;focal_length&quot;:&quot;16&quot;,&quot;iso&quot;:&quot;640&quot;,&quot;shutter_speed&quot;:&quot;0.025&quot;,&quot;title&quot;:&quot;&quot;,&quot;orientation&quot;:&quot;0&quot;}\" data-image-title=\"Oikeustalo-6\" data-image-description=\"\" data-image-caption=\"\" data-large-file=\"https:\/\/www.satokangas.fi\/blogi\/wp-content\/uploads\/2023\/05\/Oikeustalo-6.jpg\" class=\"aligncenter size-full wp-image-45545\" src=\"https:\/\/www.satokangas.fi\/blogi\/wp-content\/uploads\/2023\/05\/Oikeustalo-6.jpg\" alt=\"\" width=\"1000\" height=\"667\" srcset=\"https:\/\/www.satokangas.fi\/blogi\/wp-content\/uploads\/2023\/05\/Oikeustalo-6.jpg 1000w, https:\/\/www.satokangas.fi\/blogi\/wp-content\/uploads\/2023\/05\/Oikeustalo-6-600x400.jpg 600w, https:\/\/www.satokangas.fi\/blogi\/wp-content\/uploads\/2023\/05\/Oikeustalo-6-300x200.jpg 300w, https:\/\/www.satokangas.fi\/blogi\/wp-content\/uploads\/2023\/05\/Oikeustalo-6-768x512.jpg 768w, https:\/\/www.satokangas.fi\/blogi\/wp-content\/uploads\/2023\/05\/Oikeustalo-6-90x60.jpg 90w\" sizes=\"auto, (max-width: 1000px) 100vw, 1000px\" \/><\/a><\/p>\n<p style=\"text-align: justify;\">Ehk\u00e4 t\u00e4m\u00e4 innostaa muitakin tekem\u00e4\u00e4n valokuvasta tapetteja?!! Ainakin Oikeustalon henkil\u00f6kunta tuntuu olevan oikeinkin tyytyv\u00e4inen valintaansa.<\/p>\n<p style=\"text-align: justify;\">Ja juuri se valinta oli heid\u00e4n. Kuva minun. Kaikki p\u00e4rj\u00e4simme. \ud83d\ude42<\/p>\n","protected":false},"excerpt":{"rendered":"<p>P\u00e4\u00e4sin t\u00e4n\u00e4\u00e4n tutustumaan Oulun uuden Oikeustalon tiloihin ja suunnittelemaan loppukuun kuvauksia. Kerroinhan t\u00e4\u00e4ll\u00e4 blogissa jo pari vuotta sitten, ett\u00e4 olen muutaman muun kuvaajan kanssa ehk\u00e4 p\u00e4\u00e4sem\u00e4ss\u00e4 mukaan isoon projektiin. Ja nuo kaksi muuta ovat kuuluisia, tunnettuja, palkittuja pohjoissuomalaisia valokuvauksen suuria nimi\u00e4, &#8211; ja sitten min\u00e4kin sain l\u00e4hett\u00e4\u00e4 ehdolle kuviani tehosteseinien kuvittamiseksi! Ty\u00f6ryhm\u00e4t ja arkkitehdit suunnittelivat, valitsivat, pohtivat ja jossain v\u00e4liss\u00e4 &hellip; <\/p>\n","protected":false},"author":1,"featured_media":45550,"comment_status":"open","ping_status":"open","sticky":false,"template":"","format":"standard","meta":{"jetpack_post_was_ever_published":false,"_jetpack_newsletter_access":"","_jetpack_dont_email_post_to_subs":false,"_jetpack_newsletter_tier_id":0,"_jetpack_memberships_contains_paywalled_content":false,"_jetpack_memberships_contains_paid_content":false,"footnotes":"","jetpack_publicize_message":"","jetpack_publicize_feature_enabled":true,"jetpack_social_post_already_shared":true,"jetpack_social_options":{"image_generator_settings":{"template":"highway","default_image_id":0,"font":"","enabled":false},"version":2}},"categories":[88,1,37],"tags":[],"class_list":["post-45543","post","type-post","status-publish","format-standard","has-post-thumbnail","hentry","category-muistikuvia","category-aiheeton","category-valokuvaus","latest_post"],"jetpack_publicize_connections":[],"jetpack_featured_media_url":"https:\/\/www.satokangas.fi\/blogi\/wp-content\/uploads\/2023\/05\/Oikeustalo-10.jpg","jetpack_shortlink":"https:\/\/wp.me\/pr4p4-bQz","jetpack_sharing_enabled":true,"jetpack_likes_enabled":false,"jetpack-related-posts":[{"id":45888,"url":"https:\/\/www.satokangas.fi\/blogi\/2023\/05\/valokuvaushommia-juhlassa\/","url_meta":{"origin":45543,"position":0},"title":"Valokuvaushommia juhlassa","author":"Reija","date":"31.5.2023","format":false,"excerpt":"T\u00e4n\u00e4\u00e4n oli se iso kuvauskeikka, joka oli yksi syy meid\u00e4n Provencen loman vaihtamiseksi Kroatiaan ja varhentamiseksi viime viikolle. Ranskan reissu olisi ollut t\u00e4ll\u00e4 viikolla, joten Oulun uuden Oikeustalon avajaisjuhla ja kuvaaminen, sek\u00e4 aamup\u00e4iv\u00e4n henkil\u00f6kunnalle suunnatussa juhlassa ett\u00e4 iltap\u00e4iv\u00e4n-illan kutsuvierasjuhlassa, olisi ollut jonkun muun homma kuin minun, jos olisimme l\u00e4hteneet aiotulle\u2026","rel":"","context":"Kategoriassa &quot;Muistikuvia&quot;","block_context":{"text":"Muistikuvia","link":"https:\/\/www.satokangas.fi\/blogi\/category\/muistikuvia\/"},"img":{"alt_text":"","src":"https:\/\/i0.wp.com\/www.satokangas.fi\/blogi\/wp-content\/uploads\/2023\/05\/Oikeustalo-7-1.jpg?resize=350%2C200&ssl=1","width":350,"height":200,"srcset":"https:\/\/i0.wp.com\/www.satokangas.fi\/blogi\/wp-content\/uploads\/2023\/05\/Oikeustalo-7-1.jpg?resize=350%2C200&ssl=1 1x, https:\/\/i0.wp.com\/www.satokangas.fi\/blogi\/wp-content\/uploads\/2023\/05\/Oikeustalo-7-1.jpg?resize=525%2C300&ssl=1 1.5x, https:\/\/i0.wp.com\/www.satokangas.fi\/blogi\/wp-content\/uploads\/2023\/05\/Oikeustalo-7-1.jpg?resize=700%2C400&ssl=1 2x, https:\/\/i0.wp.com\/www.satokangas.fi\/blogi\/wp-content\/uploads\/2023\/05\/Oikeustalo-7-1.jpg?resize=1050%2C600&ssl=1 3x"},"classes":[]},{"id":45940,"url":"https:\/\/www.satokangas.fi\/blogi\/2023\/06\/hopusti-hommia-alta-pois\/","url_meta":{"origin":45543,"position":1},"title":"Hopusti hommia alta pois","author":"Reija","date":"5.6.2023","format":false,"excerpt":"Pitk\u00e4n p\u00e4iv\u00e4n ilta... Touhua ja tekemist\u00e4 koko p\u00e4iv\u00e4ksi, pitk\u00e4lle iltaan. Kuvakansiot Oikeustalon avajaisista vaativat viel\u00e4 t\u00e4n\u00e4\u00e4nkin aika lailla ty\u00f6st\u00e4mist\u00e4, mutta nyt paketti on valmis ja toimitettu asiakkaalle. Saattoipa olla viimeinen iso keikka, jonka valokuvaajana tein. Hiljalleen alan luopua noista hommista, - nyt on eka kertaa moneen vuoteen, ettei ole kalenterissa\u2026","rel":"","context":"Kategoriassa &quot;Niit\u00e4 n\u00e4it\u00e4&quot;","block_context":{"text":"Niit\u00e4 n\u00e4it\u00e4","link":"https:\/\/www.satokangas.fi\/blogi\/category\/aiheeton\/"},"img":{"alt_text":"","src":"https:\/\/i0.wp.com\/www.satokangas.fi\/blogi\/wp-content\/uploads\/2023\/06\/1-26.jpg?resize=350%2C200&ssl=1","width":350,"height":200,"srcset":"https:\/\/i0.wp.com\/www.satokangas.fi\/blogi\/wp-content\/uploads\/2023\/06\/1-26.jpg?resize=350%2C200&ssl=1 1x, https:\/\/i0.wp.com\/www.satokangas.fi\/blogi\/wp-content\/uploads\/2023\/06\/1-26.jpg?resize=525%2C300&ssl=1 1.5x, https:\/\/i0.wp.com\/www.satokangas.fi\/blogi\/wp-content\/uploads\/2023\/06\/1-26.jpg?resize=700%2C400&ssl=1 2x"},"classes":[]},{"id":20327,"url":"https:\/\/www.satokangas.fi\/blogi\/2014\/02\/20327\/","url_meta":{"origin":45543,"position":2},"title":"Brunssi teki p\u00e4iv\u00e4st\u00e4 juhlan","author":"Reija","date":"16.2.2014","format":false,"excerpt":"Sunnuntai on ruokap\u00e4iv\u00e4. Usein enemm\u00e4n kuin muut p\u00e4iv\u00e4t. Sunnuntai on ulkoilup\u00e4iv\u00e4. Usein enemm\u00e4n kuin muut p\u00e4iv\u00e4t. Niin t\u00e4n\u00e4\u00e4nkin. T\u00e4h\u00e4n menness\u00e4 ei ole paljon muuta ehtinyt kuin ruoan ja ulkoilun parissa p\u00e4iv\u00e4\u00e4 viett\u00e4\u00e4. No hyv\u00e4 on aamup\u00e4iv\u00e4 kotit\u00f6it\u00e4 ja v\u00e4h\u00e4n lukemista. Kannatti ulkoilla kunnolla reippaasta lumipyryst\u00e4, -sateesta, -tuiskusta, -nuoskasta huolimatta, sill\u00e4\u2026","rel":"","context":"Kategoriassa &quot;Ruoka ja viini&quot;","block_context":{"text":"Ruoka ja viini","link":"https:\/\/www.satokangas.fi\/blogi\/category\/ruoka_ja_viini\/"},"img":{"alt_text":"Chez Jouni brunssi","src":"https:\/\/i0.wp.com\/www.satokangas.fi\/blogi\/wp-content\/uploads\/2014\/02\/Chez-Jouni-brunssi-156x400.jpg?resize=350%2C200&ssl=1","width":350,"height":200},"classes":[]},{"id":30867,"url":"https:\/\/www.satokangas.fi\/blogi\/2017\/06\/viikko-kuvia-ja-sukupolvien-valissa\/","url_meta":{"origin":45543,"position":3},"title":"Viikko kuvia ja sukupolvien v\u00e4liss\u00e4","author":"Reija","date":"2.6.2017","format":false,"excerpt":"Kuvank\u00e4sittely\u00e4. Sit\u00e4h\u00e4n se t\u00e4m\u00e4 viikko on paljolti ollut. Ja eloa ja oloa sukupolvien keskell\u00e4. T\u00e4n\u00e4\u00e4nkin ihan huikea Apsu-p\u00e4iv\u00e4, maanantaina \u00e4idin luona \"konmarittaessa\" (= kaappien siivousta ja tyhjennyst\u00e4, kev\u00e4tsiivousta) ja puhelinp\u00e4ivystyst\u00e4 aina v\u00e4h\u00e4n. Kuvat suurenevat klikkaamalla. Ja ohessa, v\u00e4liss\u00e4, ennen ja j\u00e4lkeen kuvank\u00e4sittely\u00e4: maanantaina on deadline kuvien palauttamiselle viikon p\u00e4\u00e4st\u00e4 olevaan\u2026","rel":"","context":"Kategoriassa &quot;VAT&quot;","block_context":{"text":"VAT","link":"https:\/\/www.satokangas.fi\/blogi\/category\/valokuvaus\/vat\/"},"img":{"alt_text":"","src":"https:\/\/i0.wp.com\/www.satokangas.fi\/blogi\/wp-content\/uploads\/2017\/06\/1_-6-764x400.jpg?resize=350%2C200&ssl=1","width":350,"height":200,"srcset":"https:\/\/i0.wp.com\/www.satokangas.fi\/blogi\/wp-content\/uploads\/2017\/06\/1_-6-764x400.jpg?resize=350%2C200&ssl=1 1x, https:\/\/i0.wp.com\/www.satokangas.fi\/blogi\/wp-content\/uploads\/2017\/06\/1_-6-764x400.jpg?resize=525%2C300&ssl=1 1.5x, https:\/\/i0.wp.com\/www.satokangas.fi\/blogi\/wp-content\/uploads\/2017\/06\/1_-6-764x400.jpg?resize=700%2C400&ssl=1 2x"},"classes":[]},{"id":38142,"url":"https:\/\/www.satokangas.fi\/blogi\/2020\/01\/lintukodossa-lunta-ja-huolta\/","url_meta":{"origin":45543,"position":4},"title":"Lintukodossa lunta ja huolta","author":"Reija","date":"29.1.2020","format":false,"excerpt":"On viides vuosi kun osallistun serkkuni yll\u00e4pit\u00e4m\u00e4\u00e4n valokuvaushaasteryhm\u00e4\u00e4n (Vilmaajat 5) FB:ss\u00e4. Viime vuosi oli ehk\u00e4 v\u00e4h\u00e4n vaikea: moni j\u00e4tti kesken, palautetta tuli\u00a0 lopultakin aikav\u00e4h\u00e4n, ja osa mukana olleista otti (serkkuni ja meid\u00e4n muidenkin) kehitt\u00e4misehdotukset henkil\u00f6kohtaisina herjoina, ja j\u00e4ttiv\u00e4t porukan, vaikka minusta siell\u00e4 annettu palaute oli 97 %:sti pelk\u00e4st\u00e4\u00e4n rakentavaa (tai\u2026","rel":"","context":"Kategoriassa &quot;Lappi&quot;","block_context":{"text":"Lappi","link":"https:\/\/www.satokangas.fi\/blogi\/category\/lappi\/"},"img":{"alt_text":"","src":"https:\/\/i0.wp.com\/www.satokangas.fi\/blogi\/wp-content\/uploads\/2020\/01\/WhatsApp-Image-2020-01-29-at-16.31.36.jpeg?resize=350%2C200&ssl=1","width":350,"height":200,"srcset":"https:\/\/i0.wp.com\/www.satokangas.fi\/blogi\/wp-content\/uploads\/2020\/01\/WhatsApp-Image-2020-01-29-at-16.31.36.jpeg?resize=350%2C200&ssl=1 1x, https:\/\/i0.wp.com\/www.satokangas.fi\/blogi\/wp-content\/uploads\/2020\/01\/WhatsApp-Image-2020-01-29-at-16.31.36.jpeg?resize=525%2C300&ssl=1 1.5x, https:\/\/i0.wp.com\/www.satokangas.fi\/blogi\/wp-content\/uploads\/2020\/01\/WhatsApp-Image-2020-01-29-at-16.31.36.jpeg?resize=700%2C400&ssl=1 2x, https:\/\/i0.wp.com\/www.satokangas.fi\/blogi\/wp-content\/uploads\/2020\/01\/WhatsApp-Image-2020-01-29-at-16.31.36.jpeg?resize=1050%2C600&ssl=1 3x, https:\/\/i0.wp.com\/www.satokangas.fi\/blogi\/wp-content\/uploads\/2020\/01\/WhatsApp-Image-2020-01-29-at-16.31.36.jpeg?resize=1400%2C800&ssl=1 4x"},"classes":[]},{"id":3719,"url":"https:\/\/www.satokangas.fi\/blogi\/2009\/07\/freixenet-ja-sitges\/","url_meta":{"origin":45543,"position":5},"title":"Freixenet ja Sitges","author":"Reija","date":"5.7.2009","format":false,"excerpt":"Lauantaiaamuna oli viel\u00e4 k\u00e4yt\u00e4v\u00e4 aamu-uinnilla. Oli oltava yksin Villa Voiksin pihalla. Viivytt\u00e4v\u00e4 viel\u00e4 viikon vaiheissa... Yhdeks\u00e4lt\u00e4 (tasan, turha moittia espanjalaisia mist\u00e4\u00e4n ma\u00f1ana-meiningist\u00e4) meid\u00e4n talomme \"landlady\", Soriano, tuli hakemaan avaimet, palauttamaan takuusumman ja hyv\u00e4stelem\u00e4\u00e4n meid\u00e4t, oli aika j\u00e4tt\u00e4\u00e4 Villa Voiksi. Adios! Roses j\u00e4\u00e4k\u00f6\u00f6n. Ajelimme kohti Barcelonaa, ja ohikin. Lauantain lomaliikenteess\u00e4 n\u00e4imme\u2026","rel":"","context":"Kategoriassa &quot;Niit\u00e4 n\u00e4it\u00e4&quot;","block_context":{"text":"Niit\u00e4 n\u00e4it\u00e4","link":"https:\/\/www.satokangas.fi\/blogi\/category\/aiheeton\/"},"img":{"alt_text":"Freixenet ja meid\u00e4n vuokra-auto","src":"https:\/\/i0.wp.com\/www.satokangas.fi\/blogi\/wp-content\/uploads\/2009\/07\/freixenet2-500x314.jpg?resize=350%2C200&ssl=1","width":350,"height":200},"classes":[]}],"_links":{"self":[{"href":"https:\/\/www.satokangas.fi\/blogi\/wp-json\/wp\/v2\/posts\/45543","targetHints":{"allow":["GET"]}}],"collection":[{"href":"https:\/\/www.satokangas.fi\/blogi\/wp-json\/wp\/v2\/posts"}],"about":[{"href":"https:\/\/www.satokangas.fi\/blogi\/wp-json\/wp\/v2\/types\/post"}],"author":[{"embeddable":true,"href":"https:\/\/www.satokangas.fi\/blogi\/wp-json\/wp\/v2\/users\/1"}],"replies":[{"embeddable":true,"href":"https:\/\/www.satokangas.fi\/blogi\/wp-json\/wp\/v2\/comments?post=45543"}],"version-history":[{"count":0,"href":"https:\/\/www.satokangas.fi\/blogi\/wp-json\/wp\/v2\/posts\/45543\/revisions"}],"wp:featuredmedia":[{"embeddable":true,"href":"https:\/\/www.satokangas.fi\/blogi\/wp-json\/wp\/v2\/media\/45550"}],"wp:attachment":[{"href":"https:\/\/www.satokangas.fi\/blogi\/wp-json\/wp\/v2\/media?parent=45543"}],"wp:term":[{"taxonomy":"category","embeddable":true,"href":"https:\/\/www.satokangas.fi\/blogi\/wp-json\/wp\/v2\/categories?post=45543"},{"taxonomy":"post_tag","embeddable":true,"href":"https:\/\/www.satokangas.fi\/blogi\/wp-json\/wp\/v2\/tags?post=45543"}],"curies":[{"name":"wp","href":"https:\/\/api.w.org\/{rel}","templated":true}]}}