{"id":45537,"date":"2023-05-14T20:36:33","date_gmt":"2023-05-14T17:36:33","guid":{"rendered":"https:\/\/www.satokangas.fi\/blogi\/?p=45537"},"modified":"2023-05-14T20:36:34","modified_gmt":"2023-05-14T17:36:34","slug":"aitienpaivan-rauha","status":"publish","type":"post","link":"https:\/\/www.satokangas.fi\/blogi\/2023\/05\/aitienpaivan-rauha\/","title":{"rendered":"\u00c4itienp\u00e4iv\u00e4n rauha"},"content":{"rendered":"<p style=\"text-align: justify;\">Aurinkoinen, leppoisa, mukava, kiireet\u00f6n \u00e4itienp\u00e4iv\u00e4.<\/p>\n<p style=\"text-align: justify;\">Koskapa jaksoimme eilen puolille \u00f6in katsella Euroviisuja, nukuimmekin my\u00f6h\u00e4\u00e4n, mik\u00e4 meill\u00e4 tarkoittaa kahdeksaa. Tavallista parempi aamiainen (muutakin kuin puuroa ja kahvia), lehdet, perhechatti, Juniori ja Eepi piipahtivat ovella, etc. ja sitten l\u00e4hdimme kaksin py\u00f6r\u00e4illen J\u00e4\u00e4liin &#8211; M.-mummua tervehtim\u00e4\u00e4n ja kahvittelemaan.<\/p>\n<p style=\"text-align: justify;\"><a href=\"https:\/\/www.satokangas.fi\/blogi\/2023\/05\/aitienpaivan-rauha\/aitienpaiva-3-2\/\" rel=\"attachment wp-att-45540\"><img loading=\"lazy\" decoding=\"async\" data-attachment-id=\"45540\" data-permalink=\"https:\/\/www.satokangas.fi\/blogi\/2023\/05\/aitienpaivan-rauha\/aitienpaiva-3-2\/\" data-orig-file=\"https:\/\/www.satokangas.fi\/blogi\/wp-content\/uploads\/2023\/05\/aitienpaiva-3.jpg\" data-orig-size=\"889,1200\" data-comments-opened=\"1\" data-image-meta=\"{&quot;aperture&quot;:&quot;0&quot;,&quot;credit&quot;:&quot;&quot;,&quot;camera&quot;:&quot;&quot;,&quot;caption&quot;:&quot;&quot;,&quot;created_timestamp&quot;:&quot;0&quot;,&quot;copyright&quot;:&quot;&quot;,&quot;focal_length&quot;:&quot;0&quot;,&quot;iso&quot;:&quot;0&quot;,&quot;shutter_speed&quot;:&quot;0&quot;,&quot;title&quot;:&quot;&quot;,&quot;orientation&quot;:&quot;0&quot;}\" data-image-title=\"aitienpaiva-3\" data-image-description=\"\" data-image-caption=\"\" data-large-file=\"https:\/\/www.satokangas.fi\/blogi\/wp-content\/uploads\/2023\/05\/aitienpaiva-3-759x1024.jpg\" class=\"aligncenter size-medium wp-image-45540\" src=\"https:\/\/www.satokangas.fi\/blogi\/wp-content\/uploads\/2023\/05\/aitienpaiva-3-296x400.jpg\" alt=\"\" width=\"296\" height=\"400\" srcset=\"https:\/\/www.satokangas.fi\/blogi\/wp-content\/uploads\/2023\/05\/aitienpaiva-3-296x400.jpg 296w, https:\/\/www.satokangas.fi\/blogi\/wp-content\/uploads\/2023\/05\/aitienpaiva-3-759x1024.jpg 759w, https:\/\/www.satokangas.fi\/blogi\/wp-content\/uploads\/2023\/05\/aitienpaiva-3-222x300.jpg 222w, https:\/\/www.satokangas.fi\/blogi\/wp-content\/uploads\/2023\/05\/aitienpaiva-3-768x1037.jpg 768w, https:\/\/www.satokangas.fi\/blogi\/wp-content\/uploads\/2023\/05\/aitienpaiva-3-44x60.jpg 44w, https:\/\/www.satokangas.fi\/blogi\/wp-content\/uploads\/2023\/05\/aitienpaiva-3.jpg 889w\" sizes=\"auto, (max-width: 296px) 100vw, 296px\" \/><\/a><\/p>\n<p style=\"text-align: justify;\">Paljon muistoja menneist\u00e4, meid\u00e4n muksujen leikki-ik\u00e4vaiheesta, jolloin he saivat aika usein olla J\u00e4\u00e4lin mummulassa, ett\u00e4 mie p\u00e4\u00e4sin p\u00e4iv\u00e4n arkistoreissuille Keminmaahan. P\u00e4iv\u00e4koti- ja alakouluik\u00e4isin\u00e4 olivat joskus my\u00f6s toipilasp\u00e4ivin\u00e4 J\u00e4\u00e4liss\u00e4 (&#8221;yksi kuumeeton p\u00e4iv\u00e4 oltava pois tarhasta\/koulusta&#8221;, ja minulla jo opetusr\u00e4stit kutsuivat t\u00f6ihin). T\u00e4rkeit\u00e4 p\u00e4ivi\u00e4 meille kaikille.<\/p>\n<p style=\"text-align: justify;\">Ja en voinut t\u00e4n\u00e4\u00e4nk\u00e4\u00e4n kuin ihmetell\u00e4 anopin hyv\u00e4muistisuutta. Ei niink\u00e4\u00e4n hyv\u00e4vointinen, mutta hyv\u00e4muistinen, ja kaikin puolin skarppi on Pehtoorin \u00e4iti.<\/p>\n<p style=\"text-align: justify;\">Sitten mie odottelin pitkin p\u00e4iv\u00e4\u00e4, ett\u00e4 l\u00e4mmin s\u00e4\u00e4 ja auringonpaiste saisivat valkovuokot avautumaan, mutta ei ihan viel\u00e4. Nuppuja on sek\u00e4 etu- ett\u00e4 takapihalla paljon. Valkovuokkoajatuksia \u00e4idilleni kuitenkin.<\/p>\n<p style=\"text-align: justify;\"><a href=\"https:\/\/www.satokangas.fi\/blogi\/2023\/05\/aitienpaivan-rauha\/aitienpaiva-8\/\" rel=\"attachment wp-att-45538\"><img loading=\"lazy\" decoding=\"async\" data-attachment-id=\"45538\" data-permalink=\"https:\/\/www.satokangas.fi\/blogi\/2023\/05\/aitienpaivan-rauha\/aitienpaiva-8\/\" data-orig-file=\"https:\/\/www.satokangas.fi\/blogi\/wp-content\/uploads\/2023\/05\/aitienpaiva.jpg\" data-orig-size=\"1200,800\" data-comments-opened=\"1\" data-image-meta=\"{&quot;aperture&quot;:&quot;8&quot;,&quot;credit&quot;:&quot;REIJA SATOKANGAS&quot;,&quot;camera&quot;:&quot;Canon EOS 5D Mark IV&quot;,&quot;caption&quot;:&quot;&quot;,&quot;created_timestamp&quot;:&quot;1684073090&quot;,&quot;copyright&quot;:&quot;&quot;,&quot;focal_length&quot;:&quot;100&quot;,&quot;iso&quot;:&quot;1250&quot;,&quot;shutter_speed&quot;:&quot;0.0025&quot;,&quot;title&quot;:&quot;&quot;,&quot;orientation&quot;:&quot;0&quot;}\" data-image-title=\"aitienpaiva\" data-image-description=\"\" data-image-caption=\"\" data-large-file=\"https:\/\/www.satokangas.fi\/blogi\/wp-content\/uploads\/2023\/05\/aitienpaiva.jpg\" class=\"aligncenter size-medium wp-image-45538\" src=\"https:\/\/www.satokangas.fi\/blogi\/wp-content\/uploads\/2023\/05\/aitienpaiva-600x400.jpg\" alt=\"\" width=\"600\" height=\"400\" srcset=\"https:\/\/www.satokangas.fi\/blogi\/wp-content\/uploads\/2023\/05\/aitienpaiva-600x400.jpg 600w, https:\/\/www.satokangas.fi\/blogi\/wp-content\/uploads\/2023\/05\/aitienpaiva-300x200.jpg 300w, https:\/\/www.satokangas.fi\/blogi\/wp-content\/uploads\/2023\/05\/aitienpaiva-768x512.jpg 768w, https:\/\/www.satokangas.fi\/blogi\/wp-content\/uploads\/2023\/05\/aitienpaiva-90x60.jpg 90w, https:\/\/www.satokangas.fi\/blogi\/wp-content\/uploads\/2023\/05\/aitienpaiva.jpg 1200w\" sizes=\"auto, (max-width: 600px) 100vw, 600px\" \/><\/a><\/p>\n<p style=\"text-align: center;\">Eik\u00e4 sitten muuta. Rauhallinen toukokuun sunnuntai.<\/p>\n<p style=\"text-align: center;\">Ruusut juuri mieleiseni.<\/p>\n<p><a href=\"https:\/\/www.satokangas.fi\/blogi\/2023\/05\/aitienpaivan-rauha\/aitienpaiva-2-4\/\" rel=\"attachment wp-att-45539\"><img loading=\"lazy\" decoding=\"async\" data-attachment-id=\"45539\" data-permalink=\"https:\/\/www.satokangas.fi\/blogi\/2023\/05\/aitienpaivan-rauha\/aitienpaiva-2-4\/\" data-orig-file=\"https:\/\/www.satokangas.fi\/blogi\/wp-content\/uploads\/2023\/05\/aitienpaiva-2.jpg\" data-orig-size=\"1200,1017\" data-comments-opened=\"1\" data-image-meta=\"{&quot;aperture&quot;:&quot;8&quot;,&quot;credit&quot;:&quot;REIJA SATOKANGAS&quot;,&quot;camera&quot;:&quot;Canon EOS 5D Mark IV&quot;,&quot;caption&quot;:&quot;&quot;,&quot;created_timestamp&quot;:&quot;1684073862&quot;,&quot;copyright&quot;:&quot;&quot;,&quot;focal_length&quot;:&quot;100&quot;,&quot;iso&quot;:&quot;320&quot;,&quot;shutter_speed&quot;:&quot;0.008&quot;,&quot;title&quot;:&quot;&quot;,&quot;orientation&quot;:&quot;0&quot;}\" data-image-title=\"aitienpaiva-2\" data-image-description=\"\" data-image-caption=\"\" data-large-file=\"https:\/\/www.satokangas.fi\/blogi\/wp-content\/uploads\/2023\/05\/aitienpaiva-2.jpg\" class=\"aligncenter size-medium wp-image-45539\" src=\"https:\/\/www.satokangas.fi\/blogi\/wp-content\/uploads\/2023\/05\/aitienpaiva-2-472x400.jpg\" alt=\"\" width=\"472\" height=\"400\" srcset=\"https:\/\/www.satokangas.fi\/blogi\/wp-content\/uploads\/2023\/05\/aitienpaiva-2-472x400.jpg 472w, https:\/\/www.satokangas.fi\/blogi\/wp-content\/uploads\/2023\/05\/aitienpaiva-2-300x254.jpg 300w, https:\/\/www.satokangas.fi\/blogi\/wp-content\/uploads\/2023\/05\/aitienpaiva-2-768x651.jpg 768w, https:\/\/www.satokangas.fi\/blogi\/wp-content\/uploads\/2023\/05\/aitienpaiva-2-71x60.jpg 71w, https:\/\/www.satokangas.fi\/blogi\/wp-content\/uploads\/2023\/05\/aitienpaiva-2.jpg 1200w\" sizes=\"auto, (max-width: 472px) 100vw, 472px\" \/><\/a><\/p>\n<p style=\"text-align: justify;\">\n","protected":false},"excerpt":{"rendered":"<p>Aurinkoinen, leppoisa, mukava, kiireet\u00f6n \u00e4itienp\u00e4iv\u00e4. Koskapa jaksoimme eilen puolille \u00f6in katsella Euroviisuja, nukuimmekin my\u00f6h\u00e4\u00e4n, mik\u00e4 meill\u00e4 tarkoittaa kahdeksaa. Tavallista parempi aamiainen (muutakin kuin puuroa ja kahvia), lehdet, perhechatti, Juniori ja Eepi piipahtivat ovella, etc. ja sitten l\u00e4hdimme kaksin py\u00f6r\u00e4illen J\u00e4\u00e4liin &#8211; M.-mummua tervehtim\u00e4\u00e4n ja kahvittelemaan. Paljon muistoja menneist\u00e4, meid\u00e4n muksujen leikki-ik\u00e4vaiheesta, jolloin he saivat aika usein olla J\u00e4\u00e4lin mummulassa, ett\u00e4 &hellip; <\/p>\n","protected":false},"author":1,"featured_media":45541,"comment_status":"open","ping_status":"open","sticky":false,"template":"","format":"standard","meta":{"jetpack_post_was_ever_published":false,"_jetpack_newsletter_access":"","_jetpack_dont_email_post_to_subs":false,"_jetpack_newsletter_tier_id":0,"_jetpack_memberships_contains_paywalled_content":false,"_jetpack_memberships_contains_paid_content":false,"footnotes":"","jetpack_publicize_message":"","jetpack_publicize_feature_enabled":true,"jetpack_social_post_already_shared":true,"jetpack_social_options":{"image_generator_settings":{"template":"highway","default_image_id":0,"font":"","enabled":false},"version":2}},"categories":[1],"tags":[],"class_list":["post-45537","post","type-post","status-publish","format-standard","has-post-thumbnail","hentry","category-aiheeton","latest_post"],"jetpack_publicize_connections":[],"jetpack_featured_media_url":"https:\/\/www.satokangas.fi\/blogi\/wp-content\/uploads\/2023\/05\/aitienpaiva-4.jpg","jetpack_shortlink":"https:\/\/wp.me\/pr4p4-bQt","jetpack_sharing_enabled":true,"jetpack_likes_enabled":false,"jetpack-related-posts":[{"id":42832,"url":"https:\/\/www.satokangas.fi\/blogi\/2022\/05\/aitienpaiva-aidin-mentya\/","url_meta":{"origin":45537,"position":0},"title":"\u00c4itienp\u00e4iv\u00e4 \u00e4idin menty\u00e4","author":"Reija","date":"8.5.2022","format":false,"excerpt":"T\u00e4n\u00e4kin vuonna \u00e4itienp\u00e4iv\u00e4korttini on itse tehty. Se on oikeastaan my\u00f6s mummin kortti, sill\u00e4 apuja sen tekemiseen sain pojantytt\u00e4relt\u00e4; Eeviksen kanssa askarreltu enkeli lent\u00e4\u00e4 liihottaa hautalehdon rauhasta taivaan tuuliin, tuonilmaisiin ... Nelj\u00e4n sukupolven \u00e4itienp\u00e4iv\u00e4tervehdys. Siit\u00e4kin kiitollinen, nelj\u00e4st\u00e4 sukupolvesta. Pehtoorilla viel\u00e4 nelj\u00e4, minulla en\u00e4\u00e4 kolme, mutta se on paljon, eik\u00e4 mik\u00e4\u00e4n itsest\u00e4\u00e4nselvyys.\u2026","rel":"","context":"Kategoriassa &quot;Niit\u00e4 n\u00e4it\u00e4&quot;","block_context":{"text":"Niit\u00e4 n\u00e4it\u00e4","link":"https:\/\/www.satokangas.fi\/blogi\/category\/aiheeton\/"},"img":{"alt_text":"","src":"https:\/\/i0.wp.com\/www.satokangas.fi\/blogi\/wp-content\/uploads\/2022\/05\/aitienpaivana-3.jpg?resize=350%2C200&ssl=1","width":350,"height":200,"srcset":"https:\/\/i0.wp.com\/www.satokangas.fi\/blogi\/wp-content\/uploads\/2022\/05\/aitienpaivana-3.jpg?resize=350%2C200&ssl=1 1x, https:\/\/i0.wp.com\/www.satokangas.fi\/blogi\/wp-content\/uploads\/2022\/05\/aitienpaivana-3.jpg?resize=525%2C300&ssl=1 1.5x, https:\/\/i0.wp.com\/www.satokangas.fi\/blogi\/wp-content\/uploads\/2022\/05\/aitienpaivana-3.jpg?resize=700%2C400&ssl=1 2x"},"classes":[]},{"id":49356,"url":"https:\/\/www.satokangas.fi\/blogi\/2024\/05\/aiteja-uusia-ja-menneita\/","url_meta":{"origin":45537,"position":1},"title":"\u00c4itej\u00e4 &#8211; uusia ja menneit\u00e4","author":"Reija","date":"12.5.2024","format":false,"excerpt":"\u00c4itienp\u00e4iv\u00e4 - siis minunkin. My\u00f6s tytt\u00e4rell\u00e4ni \u00e4itienp\u00e4iv\u00e4. H\u00e4nell\u00e4, jota niin kauan odotettiin, odotettiin h\u00e4nen tulonsa tekev\u00e4n meist\u00e4 vanhempia, tekev\u00e4n minusta \u00e4idin. T\u00e4n\u00e4\u00e4n oli h\u00e4nell\u00e4 ensimm\u00e4inen \u00e4itienp\u00e4iv\u00e4 \u00e4itin\u00e4. Min\u00e4h\u00e4n en koskaan unohda omaa ensimm\u00e4ist\u00e4 \u00e4itienp\u00e4iv\u00e4\u00e4, - taitaa se olla viel\u00e4kin v\u00e4h\u00e4n kipe\u00e4 muisto. \u00c4itini haudalla k\u00e4vin eilen, ja poikani tytt\u00e4relle sain\u2026","rel":"","context":"Kategoriassa &quot;Isovanhemmuus&quot;","block_context":{"text":"Isovanhemmuus","link":"https:\/\/www.satokangas.fi\/blogi\/category\/isovanhemmuus\/"},"img":{"alt_text":"","src":"https:\/\/i0.wp.com\/www.satokangas.fi\/blogi\/wp-content\/uploads\/2024\/05\/ruusut_2024.jpg?resize=350%2C200&ssl=1","width":350,"height":200,"srcset":"https:\/\/i0.wp.com\/www.satokangas.fi\/blogi\/wp-content\/uploads\/2024\/05\/ruusut_2024.jpg?resize=350%2C200&ssl=1 1x, https:\/\/i0.wp.com\/www.satokangas.fi\/blogi\/wp-content\/uploads\/2024\/05\/ruusut_2024.jpg?resize=525%2C300&ssl=1 1.5x"},"classes":[]},{"id":11583,"url":"https:\/\/www.satokangas.fi\/blogi\/2011\/05\/ensimmainen-aitienpaiva-nain\/","url_meta":{"origin":45537,"position":2},"title":"Ensimm\u00e4inen \u00e4itienp\u00e4iv\u00e4 n\u00e4in","author":"Reija","date":"8.5.2011","format":false,"excerpt":"\u00c4itienp\u00e4iv\u00e4n aamuna her\u00e4\u00e4n aikaisin niin kuin aina \u00e4itienp\u00e4ivin\u00e4, niin kuin yleens\u00e4 aina. Mutta t\u00e4n\u00e4\u00e4n ei ole yht\u00e4\u00e4n lasta kotona. Nyt on eka kertaa el\u00e4m\u00e4ss\u00e4 t\u00e4m\u00e4 p\u00e4iv\u00e4 loppuel\u00e4m\u00e4st\u00e4; ei tahmaisia suukkoja, ei tarhassa tehtyj\u00e4 kortteja, ei hellytt\u00e4vi\u00e4 haleja, ei koulussa kirjailtuja vohvelikangaspyyhkeit\u00e4, ei ikimuistoisia aamulauluja (joita ennen olin jo ehtinyt k\u00e4yd\u00e4\u2026","rel":"","context":"Kategoriassa &quot;Niit\u00e4 n\u00e4it\u00e4&quot;","block_context":{"text":"Niit\u00e4 n\u00e4it\u00e4","link":"https:\/\/www.satokangas.fi\/blogi\/category\/aiheeton\/"},"img":{"alt_text":"","src":"","width":0,"height":0},"classes":[]},{"id":30752,"url":"https:\/\/www.satokangas.fi\/blogi\/2017\/05\/aitienpaivan-suomalainen-melankolia\/","url_meta":{"origin":45537,"position":3},"title":"\u00c4itienp\u00e4iv\u00e4n suomalainen melankolia","author":"Reija","date":"14.5.2017","format":false,"excerpt":"Pikku prinssin laukku on pakattu, ja nuhanen\u00e4inen poika on palannut kotiin. Apsu oli kanssani \u00e4iti\u00e4\u00e4n t\u00f6ist\u00e4 vastassa. Kaksivuotiaan, el\u00e4m\u00e4ns\u00e4 ensimm\u00e4inen oikea (ei hampaiden tulosta johtuva) flunssa ei ollut se syy, miksi pojan silm\u00e4t kostuivat, kun h\u00e4n n\u00e4ki \u00e4itins\u00e4 tulevan ty\u00f6paikan ovesta ulos ja tulevan kohti parkkipaikkaa, jossa odottelimme. Emme suinkaan\u00a0olleet\u2026","rel":"","context":"Kategoriassa &quot;Niit\u00e4 n\u00e4it\u00e4&quot;","block_context":{"text":"Niit\u00e4 n\u00e4it\u00e4","link":"https:\/\/www.satokangas.fi\/blogi\/category\/aiheeton\/"},"img":{"alt_text":"","src":"","width":0,"height":0},"classes":[]},{"id":24559,"url":"https:\/\/www.satokangas.fi\/blogi\/2015\/05\/aitienpaiva-on-pian-100-vuotias\/","url_meta":{"origin":45537,"position":4},"title":"\u00c4itienp\u00e4iv\u00e4 on pian 100-vuotias","author":"Reija","date":"10.5.2015","format":false,"excerpt":"\u00c4itienp\u00e4iv\u00e4\u00e4 vietettiin Suomessa ensimm\u00e4isen kerran vuonna 1918. \u00c4itienp\u00e4iv\u00e4 l\u00e4hti liikkeelle USA:sta, kun L\u00e4nsi-Virginiasta kotoisin ollut Anna Jarvis j\u00e4rjesti kirkossa \u00e4itins\u00e4 muistoksi juhlan vuonna 1907 . Vain seitsem\u00e4n vuotta my\u00f6hemmin presidentti Woodrow Wilson allekirjoitti kongressin tekem\u00e4n p\u00e4\u00e4t\u00f6ksen, jolla \u00e4itienp\u00e4iv\u00e4 virallistettiin. Yhdysvalloista \u00e4itienp\u00e4iv\u00e4perinne levisi my\u00f6s Suomeen, jonne sen Amerikan matkaltaan toi\u00a0 kansakoulunopettaja\u2026","rel":"","context":"Kategoriassa &quot;Historiaa&quot;","block_context":{"text":"Historiaa","link":"https:\/\/www.satokangas.fi\/blogi\/category\/historiaa\/"},"img":{"alt_text":"Kotikasvatus","src":"https:\/\/i0.wp.com\/www.satokangas.fi\/blogi\/wp-content\/uploads\/2015\/05\/Kotikasvatus-468x400.jpg?resize=350%2C200&ssl=1","width":350,"height":200},"classes":[]},{"id":7047,"url":"https:\/\/www.satokangas.fi\/blogi\/2010\/05\/aitienpaivan-synttarit\/","url_meta":{"origin":45537,"position":5},"title":"\u00c4itienp\u00e4iv\u00e4n syntt\u00e4rit","author":"Reija","date":"7.5.2010","format":false,"excerpt":"T\u00f6ist\u00e4 tullessa mies on keitti\u00f6ss\u00e4. Se ei ole harvinaista. Se ON harvinaista, ett\u00e4 h\u00e4n on juuri vispannut jotain. Yleiskone on esill\u00e4 ja tasoilla astioita ep\u00e4lukuinen m\u00e4\u00e4r\u00e4, jotain hyv\u00e4ntuoksuista leivonnaistakin on paistettu. T\u00e4m\u00e4k\u00e4\u00e4n ei minua oikeastaan h\u00e4mm\u00e4styt\u00e4. Onhan ylihuomenna \u00c4itienp\u00e4iv\u00e4n syntt\u00e4rit. Yhden laskutavan mukaan \u00e4itienp\u00e4iv\u00e4 t\u00e4ytt\u00e4\u00e4 ensi sunnuntaina 105 vuotta. Amerikkalainen\u2026","rel":"","context":"Kategoriassa &quot;Historiaa&quot;","block_context":{"text":"Historiaa","link":"https:\/\/www.satokangas.fi\/blogi\/category\/historiaa\/"},"img":{"alt_text":"","src":"","width":0,"height":0},"classes":[]}],"_links":{"self":[{"href":"https:\/\/www.satokangas.fi\/blogi\/wp-json\/wp\/v2\/posts\/45537","targetHints":{"allow":["GET"]}}],"collection":[{"href":"https:\/\/www.satokangas.fi\/blogi\/wp-json\/wp\/v2\/posts"}],"about":[{"href":"https:\/\/www.satokangas.fi\/blogi\/wp-json\/wp\/v2\/types\/post"}],"author":[{"embeddable":true,"href":"https:\/\/www.satokangas.fi\/blogi\/wp-json\/wp\/v2\/users\/1"}],"replies":[{"embeddable":true,"href":"https:\/\/www.satokangas.fi\/blogi\/wp-json\/wp\/v2\/comments?post=45537"}],"version-history":[{"count":0,"href":"https:\/\/www.satokangas.fi\/blogi\/wp-json\/wp\/v2\/posts\/45537\/revisions"}],"wp:featuredmedia":[{"embeddable":true,"href":"https:\/\/www.satokangas.fi\/blogi\/wp-json\/wp\/v2\/media\/45541"}],"wp:attachment":[{"href":"https:\/\/www.satokangas.fi\/blogi\/wp-json\/wp\/v2\/media?parent=45537"}],"wp:term":[{"taxonomy":"category","embeddable":true,"href":"https:\/\/www.satokangas.fi\/blogi\/wp-json\/wp\/v2\/categories?post=45537"},{"taxonomy":"post_tag","embeddable":true,"href":"https:\/\/www.satokangas.fi\/blogi\/wp-json\/wp\/v2\/tags?post=45537"}],"curies":[{"name":"wp","href":"https:\/\/api.w.org\/{rel}","templated":true}]}}