{"id":45532,"date":"2023-05-13T21:31:36","date_gmt":"2023-05-13T18:31:36","guid":{"rendered":"https:\/\/www.satokangas.fi\/blogi\/?p=45532"},"modified":"2023-05-14T09:28:16","modified_gmt":"2023-05-14T06:28:16","slug":"voidaanhan-rallatella","status":"publish","type":"post","link":"https:\/\/www.satokangas.fi\/blogi\/2023\/05\/voidaanhan-rallatella\/","title":{"rendered":"Voidaanhan rallatella"},"content":{"rendered":"<p style=\"text-align: justify;\">Mukava p\u00e4iv\u00e4.<\/p>\n<p style=\"text-align: justify;\">T\u00e4n\u00e4\u00e4n monta rastia kierrett\u00e4v\u00e4n\u00e4: postipaketteja haettavana, ruokap\u00f6yt\u00e4\u00e4n pieni\u00e4 t\u00e4ydennyksi\u00e4, \u00e4itienp\u00e4iv\u00e4tervehdys haudalla, Knuutilankankaan vakiokohde kuvattavana, linnunlaulusta ja kev\u00e4\u00e4st\u00e4 nauttien ja kulkien siell\u00e4 sun t\u00e4\u00e4ll\u00e4. Ja k\u00e4vinp\u00e4 ottamassa oikealla kameralla p\u00e4iv\u00e4nvalossa kunnon kuvan my\u00f6s Martista (my\u00f6s eilisess\u00e4 postauksessa kuva).<\/p>\n<p style=\"text-align: justify;\"><span style=\"color: #000000;\">Marttikin on liittynyt K\u00e4\u00e4rij\u00e4n fanijoukkoon! Martti on osa Sanna Koiviston &#8221;Ajan kulku&#8221; &#8211; veistosta Kaupungintalon takana Maria Silfvanin puistossa. Ja h\u00e4n on ehk\u00e4 sympaattisin ja hellyytt\u00e4vin patsas, jonka tied\u00e4n. Olen kuvannut Martti monenlaisissa asuissa, s\u00e4\u00e4ss\u00e4, eri vuodenaikoina, aamuin illoin.\u00a0<\/span><\/p>\n<p style=\"text-align: justify;\"><a href=\"https:\/\/www.satokangas.fi\/blogi\/2023\/05\/voidaanhan-rallatella\/kaupungilla-4-2\/\" rel=\"attachment wp-att-45534\"><img loading=\"lazy\" decoding=\"async\" data-attachment-id=\"45534\" data-permalink=\"https:\/\/www.satokangas.fi\/blogi\/2023\/05\/voidaanhan-rallatella\/kaupungilla-4-2\/\" data-orig-file=\"https:\/\/www.satokangas.fi\/blogi\/wp-content\/uploads\/2023\/05\/Kaupungilla-4.jpg\" data-orig-size=\"943,1200\" data-comments-opened=\"1\" data-image-meta=\"{&quot;aperture&quot;:&quot;5&quot;,&quot;credit&quot;:&quot;&quot;,&quot;camera&quot;:&quot;Canon EOS R&quot;,&quot;caption&quot;:&quot;&quot;,&quot;created_timestamp&quot;:&quot;1683967665&quot;,&quot;copyright&quot;:&quot;&quot;,&quot;focal_length&quot;:&quot;50&quot;,&quot;iso&quot;:&quot;2500&quot;,&quot;shutter_speed&quot;:&quot;0.00125&quot;,&quot;title&quot;:&quot;&quot;,&quot;orientation&quot;:&quot;0&quot;}\" data-image-title=\"Kaupungilla-4\" data-image-description=\"\" data-image-caption=\"\" data-large-file=\"https:\/\/www.satokangas.fi\/blogi\/wp-content\/uploads\/2023\/05\/Kaupungilla-4-805x1024.jpg\" class=\"aligncenter wp-image-45534\" src=\"https:\/\/www.satokangas.fi\/blogi\/wp-content\/uploads\/2023\/05\/Kaupungilla-4-805x1024.jpg\" alt=\"\" width=\"550\" height=\"700\" srcset=\"https:\/\/www.satokangas.fi\/blogi\/wp-content\/uploads\/2023\/05\/Kaupungilla-4-805x1024.jpg 805w, https:\/\/www.satokangas.fi\/blogi\/wp-content\/uploads\/2023\/05\/Kaupungilla-4-314x400.jpg 314w, https:\/\/www.satokangas.fi\/blogi\/wp-content\/uploads\/2023\/05\/Kaupungilla-4-236x300.jpg 236w, https:\/\/www.satokangas.fi\/blogi\/wp-content\/uploads\/2023\/05\/Kaupungilla-4-768x977.jpg 768w, https:\/\/www.satokangas.fi\/blogi\/wp-content\/uploads\/2023\/05\/Kaupungilla-4-47x60.jpg 47w, https:\/\/www.satokangas.fi\/blogi\/wp-content\/uploads\/2023\/05\/Kaupungilla-4.jpg 943w\" sizes=\"auto, (max-width: 550px) 100vw, 550px\" \/><\/a><\/p>\n<p style=\"text-align: justify;\">Laitoin kuvan my\u00f6s FB:n Oulu tutuksi -ryhm\u00e4\u00e4n, jossa se on saanut satoja tykk\u00e4yksi\u00e4. Eik\u00e4 (ainakaan viel\u00e4) montakaan tupinaa, mutta onpa somessa noin yleisesti n\u00e4kynyt monia n\u00e4rk\u00e4styneit\u00e4 kommentteja &#8221;K\u00e4\u00e4rij\u00e4-hypetyksest\u00e4&#8221;.<\/p>\n<p style=\"text-align: justify;\">Ja sit\u00e4h\u00e4n min\u00e4 en oikein ymm\u00e4rr\u00e4. Ei niin, ett\u00e4 olisin mitenk\u00e4\u00e4n erityisesti K\u00e4\u00e4rij\u00e4-fani tai ett\u00e4 Cha-cha-cha olisi mielest\u00e4ni juuri se biisi, jonka olisi Euroviisut voitettava, mutta totta kai: olisihan se mukavaa.<\/p>\n<p style=\"text-align: justify;\">Mutta ja ennen kaikkea minusta on ollut mahdottoman hienoa, ett\u00e4 biisin my\u00f6t\u00e4 &#8211; ja ymm\u00e4rt\u00e4\u00e4kseni my\u00f6s toisen ennakkosuosikin asemassa &#8211; Suomesta on viisuv\u00e4elle ja muillekin v\u00e4littynyt ihan uudenlainen kuva: suomalaisetkin osaavat hymyill\u00e4, heitt\u00e4yty\u00e4, juhlia ja rallatella. Melankolialla ja maailmantuskalla on paikkansa, mutta mikseip\u00e4 voitaisi kev\u00e4tt\u00e4 ja juhlaa juhlia ja tanssia.<\/p>\n<p style=\"padding-left: 40px; text-align: justify;\"><em>Nyt l\u00e4hden tanssimaan<\/em><br aria-hidden=\"true\" \/><em>Niinku cha cha cha<\/em><br aria-hidden=\"true\" \/><em>Enk\u00e4 pelk\u00e4\u00e4k\u00e4\u00e4n t\u00e4t\u00e4 maailmaa<\/em><br aria-hidden=\"true\" \/><em>Niinku cha cha cha<\/em><br aria-hidden=\"true\" \/><em>Kun m\u00e4 kaadan p\u00e4\u00e4lleni samppanjaa<\/em><\/p>\n<p style=\"text-align: justify;\">On niin hienoa, kuinka Toripolliisi, Helsingin rautatieaseman Lyhdynkantajat, Ajan kulun Martti ja monet muut paikat, yritykset, ihmiset ovat riemastuneet osoittamaan iloa ja kannatusta, tsemppaamaan K\u00e4\u00e4rij\u00e4\u00e4 ja levitt\u00e4m\u00e4\u00e4n limenvihre\u00e4\u00e4 iloa ymp\u00e4riins\u00e4 tavalla tai toisella. Hulluttelu tekee hyv\u00e4\u00e4, saa hymyn huulille ja se on jo paljon &#8211; tuli voittoa tai ei.<\/p>\n<p style=\"text-align: justify;\">Euroviisuviikonloppuun kuuluu my\u00f6s \u00e4itienp\u00e4iv\u00e4, jota meill\u00e4 vietettiin t\u00e4n\u00e4\u00e4n. Juniori, R. ja muksut olivat pitk\u00e4ll\u00e4 p\u00e4iv\u00e4llisell\u00e4: kiinalaista (kahdenlaisia dumplingseja, kastikkeita, nuudelia, Setsuanin kurkkuja, grillattuja curry-scampeja ja lohta yms. yms.) ja j\u00e4lkk\u00e4riksi Pinocchio-kakkua (Brita-kakkua my way).<\/p>\n<p style=\"text-align: justify;\"><a href=\"https:\/\/www.satokangas.fi\/blogi\/2023\/05\/voidaanhan-rallatella\/samppanja-2\/\" rel=\"attachment wp-att-45535\"><img loading=\"lazy\" decoding=\"async\" data-attachment-id=\"45535\" data-permalink=\"https:\/\/www.satokangas.fi\/blogi\/2023\/05\/voidaanhan-rallatella\/samppanja-2\/\" data-orig-file=\"https:\/\/www.satokangas.fi\/blogi\/wp-content\/uploads\/2023\/05\/samppanja.jpg\" data-orig-size=\"1200,626\" data-comments-opened=\"1\" data-image-meta=\"{&quot;aperture&quot;:&quot;5&quot;,&quot;credit&quot;:&quot;&quot;,&quot;camera&quot;:&quot;Canon EOS R&quot;,&quot;caption&quot;:&quot;&quot;,&quot;created_timestamp&quot;:&quot;1683974776&quot;,&quot;copyright&quot;:&quot;&quot;,&quot;focal_length&quot;:&quot;50&quot;,&quot;iso&quot;:&quot;2500&quot;,&quot;shutter_speed&quot;:&quot;0.0004&quot;,&quot;title&quot;:&quot;&quot;,&quot;orientation&quot;:&quot;0&quot;}\" data-image-title=\"samppanja\" data-image-description=\"\" data-image-caption=\"\" data-large-file=\"https:\/\/www.satokangas.fi\/blogi\/wp-content\/uploads\/2023\/05\/samppanja.jpg\" class=\"aligncenter size-medium wp-image-45535\" src=\"https:\/\/www.satokangas.fi\/blogi\/wp-content\/uploads\/2023\/05\/samppanja-767x400.jpg\" alt=\"\" width=\"767\" height=\"400\" srcset=\"https:\/\/www.satokangas.fi\/blogi\/wp-content\/uploads\/2023\/05\/samppanja-767x400.jpg 767w, https:\/\/www.satokangas.fi\/blogi\/wp-content\/uploads\/2023\/05\/samppanja-300x157.jpg 300w, https:\/\/www.satokangas.fi\/blogi\/wp-content\/uploads\/2023\/05\/samppanja-768x401.jpg 768w, https:\/\/www.satokangas.fi\/blogi\/wp-content\/uploads\/2023\/05\/samppanja-115x60.jpg 115w, https:\/\/www.satokangas.fi\/blogi\/wp-content\/uploads\/2023\/05\/samppanja.jpg 1200w\" sizes=\"auto, (max-width: 767px) 100vw, 767px\" \/><\/a><\/p>\n<p style=\"text-align: justify;\">Sy\u00f6tiin sis\u00e4ll\u00e4 ja ulkona, Huvilassa ja Festassa. V\u00e4lill\u00e4 jalkapalloa, saippuakuplia ja leppoisaa oleilua. Juniori tarjosi samppanjaa, jota en kaatanut p\u00e4\u00e4lleni, vaikka cha-cha-chata hyr\u00e4iltiinkin. \ud83d\ude42\u00a0 P\u00e4iv\u00e4n tarjoomuksista lapset tykk\u00e4siv\u00e4t erityisesti mummin kermavaahdosta. \ud83d\ude42 Ja pihalla, l\u00e4mm\u00f6ss\u00e4 ja auringossa olosta. Kovasti suunnittelivat kaikkea, mit\u00e4 pitkin kes\u00e4\u00e4 voitaisiin tehd\u00e4. Hyv\u00e4lle se sellainen tuntui, vaikka koetin kyll\u00e4 toppuutellakin, ett\u00e4 nautitaanpa nyt ihan t\u00e4st\u00e4 hetkest\u00e4.<\/p>\n<p style=\"text-align: justify;\">Rallatellen jatkoon t\u00e4llaiset s\u00e4\u00e4t ja fiilikset.<\/p>\n","protected":false},"excerpt":{"rendered":"<p>Mukava p\u00e4iv\u00e4. T\u00e4n\u00e4\u00e4n monta rastia kierrett\u00e4v\u00e4n\u00e4: postipaketteja haettavana, ruokap\u00f6yt\u00e4\u00e4n pieni\u00e4 t\u00e4ydennyksi\u00e4, \u00e4itienp\u00e4iv\u00e4tervehdys haudalla, Knuutilankankaan vakiokohde kuvattavana, linnunlaulusta ja kev\u00e4\u00e4st\u00e4 nauttien ja kulkien siell\u00e4 sun t\u00e4\u00e4ll\u00e4. Ja k\u00e4vinp\u00e4 ottamassa oikealla kameralla p\u00e4iv\u00e4nvalossa kunnon kuvan my\u00f6s Martista (my\u00f6s eilisess\u00e4 postauksessa kuva). Marttikin on liittynyt K\u00e4\u00e4rij\u00e4n fanijoukkoon! Martti on osa Sanna Koiviston &#8221;Ajan kulku&#8221; &#8211; veistosta Kaupungintalon takana Maria Silfvanin puistossa. Ja h\u00e4n &hellip; <\/p>\n","protected":false},"author":1,"featured_media":45536,"comment_status":"open","ping_status":"open","sticky":false,"template":"","format":"standard","meta":{"jetpack_post_was_ever_published":false,"_jetpack_newsletter_access":"","_jetpack_dont_email_post_to_subs":false,"_jetpack_newsletter_tier_id":0,"_jetpack_memberships_contains_paywalled_content":false,"_jetpack_memberships_contains_paid_content":false,"footnotes":"","jetpack_publicize_message":"","jetpack_publicize_feature_enabled":true,"jetpack_social_post_already_shared":true,"jetpack_social_options":{"image_generator_settings":{"template":"highway","default_image_id":0,"font":"","enabled":false},"version":2}},"categories":[1],"tags":[],"class_list":["post-45532","post","type-post","status-publish","format-standard","has-post-thumbnail","hentry","category-aiheeton","latest_post"],"jetpack_publicize_connections":[],"jetpack_featured_media_url":"https:\/\/www.satokangas.fi\/blogi\/wp-content\/uploads\/2023\/05\/444.jpg","jetpack_shortlink":"https:\/\/wp.me\/pr4p4-bQo","jetpack_sharing_enabled":true,"jetpack_likes_enabled":false,"jetpack-related-posts":[{"id":47544,"url":"https:\/\/www.satokangas.fi\/blogi\/2023\/11\/en-ja-martin-paiva\/","url_meta":{"origin":45532,"position":0},"title":"E:n ja Martin p\u00e4iv\u00e4","author":"Reija","date":"10.11.2023","format":false,"excerpt":"Meid\u00e4n p\u00e4iv\u00e4ss\u00e4 t\u00e4rkeysj\u00e4rjestys t\u00e4n\u00e4\u00e4n juuri noin: ensin E:n p\u00e4iv\u00e4 ja sitten Martinp\u00e4iv\u00e4. Ja t\u00e4n\u00e4 vuonna siihen kuului rauhan presidentin Martti Ahtisaaren hautaan siunaamisen p\u00e4iv\u00e4. Juhlan valmistelu, syntt\u00e4reiden puuhaaminen rakkaalle on mieluista, v\u00e4hint\u00e4\u00e4n yht\u00e4 mieluista kuin juhliminen. Jo eilen hankin ongintaan kaikille pienet saaliit, pienet lahjat. Suklaakalenterit ja kirjat ovat varmoja\u2026","rel":"","context":"Kategoriassa &quot;Isovanhemmuus&quot;","block_context":{"text":"Isovanhemmuus","link":"https:\/\/www.satokangas.fi\/blogi\/category\/isovanhemmuus\/"},"img":{"alt_text":"","src":"https:\/\/i0.wp.com\/www.satokangas.fi\/blogi\/wp-content\/uploads\/2023\/11\/Nutella-kakku.jpg?resize=350%2C200&ssl=1","width":350,"height":200,"srcset":"https:\/\/i0.wp.com\/www.satokangas.fi\/blogi\/wp-content\/uploads\/2023\/11\/Nutella-kakku.jpg?resize=350%2C200&ssl=1 1x, https:\/\/i0.wp.com\/www.satokangas.fi\/blogi\/wp-content\/uploads\/2023\/11\/Nutella-kakku.jpg?resize=525%2C300&ssl=1 1.5x"},"classes":[]},{"id":13275,"url":"https:\/\/www.satokangas.fi\/blogi\/2012\/01\/canonin-kanssa-lenkilla-vol-iii\/","url_meta":{"origin":45532,"position":1},"title":"Canonin kanssa lenkill\u00e4 vol. III","author":"Reija","date":"14.1.2012","format":false,"excerpt":"Martti on saanut villatakin ylleen ja avaimen kaulaansa. Kuka on Martti? K\u00e4y katsomassa toissa kes\u00e4n\u00e4 kuvaamaani Marttia\u00a0 (siell\u00e4 on my\u00f6s selitys): https:\/\/www.satokangas.fi\/blogi\/2010\/06\/veistoksellinen-lauantai\/\u00a0 Kaikkea muutakin tulin t\u00e4n\u00e4\u00e4n aamup\u00e4iv\u00e4n kest\u00e4neell\u00e4 reissullani \u00a0kuvanneeksi. Tammikuinen Oulu tarjosi uusia kuvakulmia, hyyt\u00e4v\u00e4\u00e4 tuulta, aurinkoa, ulkoilua. Kaikki kuvat suurenevat klikkaamalla. Laanaojassa kermavaahtoh\u00f6tt\u00f6si\u00e4. Pikisaareen paistoi aamuaurinko Toripolliisi oli\u2026","rel":"","context":"Kategoriassa &quot;Niit\u00e4 n\u00e4it\u00e4&quot;","block_context":{"text":"Niit\u00e4 n\u00e4it\u00e4","link":"https:\/\/www.satokangas.fi\/blogi\/category\/aiheeton\/"},"img":{"alt_text":"","src":"https:\/\/i0.wp.com\/www.satokangas.fi\/blogi\/wp-content\/uploads\/MG_6403-251x400.jpg?resize=350%2C200&ssl=1","width":350,"height":200},"classes":[]},{"id":19422,"url":"https:\/\/www.satokangas.fi\/blogi\/2013\/11\/tiistai-tuumaillen\/","url_meta":{"origin":45532,"position":2},"title":"Tiistai tuumaillen","author":"Reija","date":"26.11.2013","format":false,"excerpt":"Verkkainen p\u00e4iv\u00e4. Enempi sellaista tuumailua kuin mit\u00e4\u00e4n aikaansaannoksia.\u00a0Ehk\u00e4 kuitenkin niist\u00e4 tuumailuista, keskusteluista, kuuntelemisista joskus koituu jotain hyv\u00e4\u00e4, jotain aikaansaannoksia. Ehk\u00e4 jotain l\u00e4hti liikkeelle, hiljalleen muhimaan.\u00a0\u00a0Yht\u00e4 verkkaista on ollut ilta kotonakin. Muutaman keitti\u00f6n laatikon olen siivonnut, makkarasopan keitt\u00e4nyt. Yhden opiskelijan kanssa ty\u00f6asioita s\u00e4hk\u00f6posteillen hoidellut, taas surffailut. Ihan hilikulla oli, ett\u00e4 ryhdyin\u2026","rel":"","context":"Kategoriassa &quot;Niit\u00e4 n\u00e4it\u00e4&quot;","block_context":{"text":"Niit\u00e4 n\u00e4it\u00e4","link":"https:\/\/www.satokangas.fi\/blogi\/category\/aiheeton\/"},"img":{"alt_text":"Kotipihan lumimaisemia-6","src":"https:\/\/i0.wp.com\/www.satokangas.fi\/blogi\/wp-content\/uploads\/2013\/11\/Kotipihan-lumimaisemia-6-600x400.jpg?resize=350%2C200&ssl=1","width":350,"height":200,"srcset":"https:\/\/i0.wp.com\/www.satokangas.fi\/blogi\/wp-content\/uploads\/2013\/11\/Kotipihan-lumimaisemia-6-600x400.jpg?resize=350%2C200&ssl=1 1x, https:\/\/i0.wp.com\/www.satokangas.fi\/blogi\/wp-content\/uploads\/2013\/11\/Kotipihan-lumimaisemia-6-600x400.jpg?resize=525%2C300&ssl=1 1.5x"},"classes":[]},{"id":28018,"url":"https:\/\/www.satokangas.fi\/blogi\/2016\/04\/mitaantekematon-maanantai\/","url_meta":{"origin":45532,"position":3},"title":"Mit\u00e4\u00e4ntekem\u00e4t\u00f6n maanantai","author":"Reija","date":"11.4.2016","format":false,"excerpt":"Ei olisi minusta vuoroty\u00f6l\u00e4iseksi. Melkein ennemmin ty\u00f6t\u00e4 vuorotta kuin ett\u00e4 olisi (ollut) ment\u00e4v\u00e4 aina v\u00e4lill\u00e4 ilta- ja jopa y\u00f6vuoroon. T\u00e4n\u00e4\u00e4n oli nimitt\u00e4in kampaaja vasta iltap\u00e4iv\u00e4ll\u00e4, ja sen per\u00e4\u00e4n kokous kaupungissa. Mit\u00e4\u00e4n en osannut ennen noita tehd\u00e4. Koko aamun, aamup\u00e4iv\u00e4n, alkuiltap\u00e4iv\u00e4n vain odotin, ett\u00e4 pian l\u00e4hdett\u00e4v\u00e4. Mit\u00e4\u00e4n uutta hommaa en osannut\u2026","rel":"","context":"Kategoriassa &quot;Valokuvaus&quot;","block_context":{"text":"Valokuvaus","link":"https:\/\/www.satokangas.fi\/blogi\/category\/valokuvaus\/"},"img":{"alt_text":"torimummu","src":"https:\/\/i0.wp.com\/www.satokangas.fi\/blogi\/wp-content\/uploads\/2016\/04\/torimummu-250x400.jpg?resize=350%2C200&ssl=1","width":350,"height":200},"classes":[]},{"id":16051,"url":"https:\/\/www.satokangas.fi\/blogi\/2012\/12\/joulun-alla\/","url_meta":{"origin":45532,"position":4},"title":"Joulun alla","author":"Reija","date":"22.12.2012","format":false,"excerpt":"Onhan mukavaa t\u00e4llainen lussakka lomailu. Her\u00e4sin kahdeksalta! Lin Jutangin sanoin: Ah, onnea! Hyvin nukkuminen, tarpeeksi nukkuminen, on niin julmetun mukavaa. Toinen ihan armottoman hyv\u00e4 juttu on kun p\u00e4\u00e4see ulos ja liikkumaan. Maltoin odottaa puolille p\u00e4ivin, ett\u00e4 lauhtui (no, hyv\u00e4 on: ei - 18 C niin j\u00e4rin lauhaa ole, mutta lauhempaa...)\u2026","rel":"","context":"Kategoriassa &quot;Niit\u00e4 n\u00e4it\u00e4&quot;","block_context":{"text":"Niit\u00e4 n\u00e4it\u00e4","link":"https:\/\/www.satokangas.fi\/blogi\/category\/aiheeton\/"},"img":{"alt_text":"","src":"https:\/\/i0.wp.com\/www.satokangas.fi\/blogi\/wp-content\/uploads\/2012\/12\/110.jpg?resize=350%2C200&ssl=1","width":350,"height":200,"srcset":"https:\/\/i0.wp.com\/www.satokangas.fi\/blogi\/wp-content\/uploads\/2012\/12\/110.jpg?resize=350%2C200&ssl=1 1x, https:\/\/i0.wp.com\/www.satokangas.fi\/blogi\/wp-content\/uploads\/2012\/12\/110.jpg?resize=525%2C300&ssl=1 1.5x, https:\/\/i0.wp.com\/www.satokangas.fi\/blogi\/wp-content\/uploads\/2012\/12\/110.jpg?resize=700%2C400&ssl=1 2x"},"classes":[]},{"id":31100,"url":"https:\/\/www.satokangas.fi\/blogi\/2017\/06\/kesakaupungissa\/","url_meta":{"origin":45532,"position":5},"title":"Kes\u00e4kaupungissa","author":"Reija","date":"27.6.2017","format":false,"excerpt":"Kes\u00e4isin teen lenkkini mieluiten kaupungissa, tai Nallikari-M\u00f6lj\u00e4-Hietasaari -huudeilla. On paljon katseltavaa, kuvattavaa. Ja kes\u00e4ll\u00e4 Oulu on aika kaunis kaupunki. Jollen k\u00e4vele kaupunkiin lenkille niin sitten ajan parkkiin Linnansaareen tai Raattiin ja l\u00e4hden siit\u00e4 tepastelemaan. Tai j\u00e4\u00e4n Caritas-k\u00e4ynnin j\u00e4lkeen kaupunkiin kameran kanssa - niin t\u00e4n\u00e4\u00e4nkin. T\u00e4n\u00e4\u00e4n lenkki urheilusuoritteena oli l\u00e4hinn\u00e4 h\u00e4m\u00e4yst\u00e4,\u2026","rel":"","context":"Kategoriassa &quot;Oulu&quot;","block_context":{"text":"Oulu","link":"https:\/\/www.satokangas.fi\/blogi\/category\/oulu\/"},"img":{"alt_text":"","src":"https:\/\/i0.wp.com\/www.satokangas.fi\/blogi\/wp-content\/uploads\/2017\/06\/Kesa-Oulu_-4.jpg?resize=350%2C200&ssl=1","width":350,"height":200,"srcset":"https:\/\/i0.wp.com\/www.satokangas.fi\/blogi\/wp-content\/uploads\/2017\/06\/Kesa-Oulu_-4.jpg?resize=350%2C200&ssl=1 1x, https:\/\/i0.wp.com\/www.satokangas.fi\/blogi\/wp-content\/uploads\/2017\/06\/Kesa-Oulu_-4.jpg?resize=525%2C300&ssl=1 1.5x, https:\/\/i0.wp.com\/www.satokangas.fi\/blogi\/wp-content\/uploads\/2017\/06\/Kesa-Oulu_-4.jpg?resize=700%2C400&ssl=1 2x"},"classes":[]}],"_links":{"self":[{"href":"https:\/\/www.satokangas.fi\/blogi\/wp-json\/wp\/v2\/posts\/45532","targetHints":{"allow":["GET"]}}],"collection":[{"href":"https:\/\/www.satokangas.fi\/blogi\/wp-json\/wp\/v2\/posts"}],"about":[{"href":"https:\/\/www.satokangas.fi\/blogi\/wp-json\/wp\/v2\/types\/post"}],"author":[{"embeddable":true,"href":"https:\/\/www.satokangas.fi\/blogi\/wp-json\/wp\/v2\/users\/1"}],"replies":[{"embeddable":true,"href":"https:\/\/www.satokangas.fi\/blogi\/wp-json\/wp\/v2\/comments?post=45532"}],"version-history":[{"count":0,"href":"https:\/\/www.satokangas.fi\/blogi\/wp-json\/wp\/v2\/posts\/45532\/revisions"}],"wp:featuredmedia":[{"embeddable":true,"href":"https:\/\/www.satokangas.fi\/blogi\/wp-json\/wp\/v2\/media\/45536"}],"wp:attachment":[{"href":"https:\/\/www.satokangas.fi\/blogi\/wp-json\/wp\/v2\/media?parent=45532"}],"wp:term":[{"taxonomy":"category","embeddable":true,"href":"https:\/\/www.satokangas.fi\/blogi\/wp-json\/wp\/v2\/categories?post=45532"},{"taxonomy":"post_tag","embeddable":true,"href":"https:\/\/www.satokangas.fi\/blogi\/wp-json\/wp\/v2\/tags?post=45532"}],"curies":[{"name":"wp","href":"https:\/\/api.w.org\/{rel}","templated":true}]}}