{"id":45477,"date":"2023-05-06T20:57:11","date_gmt":"2023-05-06T17:57:11","guid":{"rendered":"https:\/\/www.satokangas.fi\/blogi\/?p=45477"},"modified":"2023-05-06T21:16:07","modified_gmt":"2023-05-06T18:16:07","slug":"kruunajaispaivana","status":"publish","type":"post","link":"https:\/\/www.satokangas.fi\/blogi\/2023\/05\/kruunajaispaivana\/","title":{"rendered":"Kruunajaisp\u00e4iv\u00e4n\u00e4"},"content":{"rendered":"<p style=\"text-align: justify;\">Juhlap\u00e4iv\u00e4.<\/p>\n<p style=\"text-align: justify;\">Aamiaiselta se alkoi. Uuden kahvikoneen (ja Pehtoorin) cappuccino uudesta kahvilasista. Olen sanonut ennenkin: astialla ja lasilla on vaikutusta makuun! Viel\u00e4 parempaa kuin aiemmin.<\/p>\n<p style=\"text-align: justify;\"><a href=\"https:\/\/www.satokangas.fi\/blogi\/2023\/05\/kruunajaispaivana\/juhlapaiva-10\/\" rel=\"attachment wp-att-45478\"><img loading=\"lazy\" decoding=\"async\" data-attachment-id=\"45478\" data-permalink=\"https:\/\/www.satokangas.fi\/blogi\/2023\/05\/kruunajaispaivana\/juhlapaiva-10\/\" data-orig-file=\"https:\/\/www.satokangas.fi\/blogi\/wp-content\/uploads\/2023\/05\/juhlapaiva.jpg\" data-orig-size=\"900,637\" data-comments-opened=\"1\" data-image-meta=\"{&quot;aperture&quot;:&quot;0&quot;,&quot;credit&quot;:&quot;&quot;,&quot;camera&quot;:&quot;&quot;,&quot;caption&quot;:&quot;&quot;,&quot;created_timestamp&quot;:&quot;0&quot;,&quot;copyright&quot;:&quot;&quot;,&quot;focal_length&quot;:&quot;0&quot;,&quot;iso&quot;:&quot;0&quot;,&quot;shutter_speed&quot;:&quot;0&quot;,&quot;title&quot;:&quot;&quot;,&quot;orientation&quot;:&quot;0&quot;}\" data-image-title=\"juhlapaiva\" data-image-description=\"\" data-image-caption=\"\" data-large-file=\"https:\/\/www.satokangas.fi\/blogi\/wp-content\/uploads\/2023\/05\/juhlapaiva.jpg\" class=\"aligncenter wp-image-45478 size-full\" src=\"https:\/\/www.satokangas.fi\/blogi\/wp-content\/uploads\/2023\/05\/juhlapaiva.jpg\" alt=\"\" width=\"900\" height=\"637\" srcset=\"https:\/\/www.satokangas.fi\/blogi\/wp-content\/uploads\/2023\/05\/juhlapaiva.jpg 900w, https:\/\/www.satokangas.fi\/blogi\/wp-content\/uploads\/2023\/05\/juhlapaiva-565x400.jpg 565w, https:\/\/www.satokangas.fi\/blogi\/wp-content\/uploads\/2023\/05\/juhlapaiva-300x212.jpg 300w, https:\/\/www.satokangas.fi\/blogi\/wp-content\/uploads\/2023\/05\/juhlapaiva-768x544.jpg 768w, https:\/\/www.satokangas.fi\/blogi\/wp-content\/uploads\/2023\/05\/juhlapaiva-85x60.jpg 85w\" sizes=\"auto, (max-width: 900px) 100vw, 900px\" \/><\/a><\/p>\n<p style=\"text-align: justify;\">Aamup\u00e4iv\u00e4ll\u00e4 olin pari tuntia py\u00f6r\u00e4ilem\u00e4ss\u00e4, kun ei ollut muutakaan tekemist\u00e4&#8230; \ud83d\ude42<\/p>\n<p style=\"text-align: justify;\"><a href=\"https:\/\/www.satokangas.fi\/blogi\/2023\/05\/kruunajaispaivana\/img-20230506-wa00131\/\" rel=\"attachment wp-att-45481\"><img loading=\"lazy\" decoding=\"async\" class=\"aligncenter wp-image-45481 size-full\" src=\"https:\/\/www.satokangas.fi\/blogi\/wp-content\/uploads\/2023\/05\/IMG-20230506-WA00131.jpg\" alt=\"\" width=\"900\" height=\"675\" \/><\/a><\/p>\n<p style=\"text-align: justify;\">Ja iltap\u00e4iv\u00e4n vietinkin telkkarin \u00e4\u00e4ress\u00e4. Ja kovasti mietin, mit\u00e4 p\u00e4\u00e4henkil\u00f6t ajattelivat, milt\u00e4 heist\u00e4 tuntui. Minusta tuntui v\u00e4lill\u00e4, ett\u00e4 onhan se hassua, ett\u00e4 hyvinkin jo vanhuuttaan el\u00e4v\u00e4n miehen olisi kannattanut tehd\u00e4 hattutemppu tai paremminkin kruunutemppu, ja tehd\u00e4 tilaa seuraavalle sukupolvelle.<\/p>\n<p style=\"text-align: justify;\"><a href=\"https:\/\/www.satokangas.fi\/blogi\/2023\/05\/kruunajaispaivana\/juhlapaiva-2-5\/\" rel=\"attachment wp-att-45479\"><img loading=\"lazy\" decoding=\"async\" data-attachment-id=\"45479\" data-permalink=\"https:\/\/www.satokangas.fi\/blogi\/2023\/05\/kruunajaispaivana\/juhlapaiva-2-5\/\" data-orig-file=\"https:\/\/www.satokangas.fi\/blogi\/wp-content\/uploads\/2023\/05\/juhlapaiva-2.jpg\" data-orig-size=\"856,900\" data-comments-opened=\"1\" data-image-meta=\"{&quot;aperture&quot;:&quot;1.8&quot;,&quot;credit&quot;:&quot;&quot;,&quot;camera&quot;:&quot;CLT-L29&quot;,&quot;caption&quot;:&quot;&quot;,&quot;created_timestamp&quot;:&quot;1683374189&quot;,&quot;copyright&quot;:&quot;&quot;,&quot;focal_length&quot;:&quot;5.58&quot;,&quot;iso&quot;:&quot;125&quot;,&quot;shutter_speed&quot;:&quot;0.01&quot;,&quot;title&quot;:&quot;&quot;,&quot;orientation&quot;:&quot;0&quot;}\" data-image-title=\"juhlapaiva-2\" data-image-description=\"\" data-image-caption=\"\" data-large-file=\"https:\/\/www.satokangas.fi\/blogi\/wp-content\/uploads\/2023\/05\/juhlapaiva-2.jpg\" class=\"size-medium wp-image-45479 alignleft\" src=\"https:\/\/www.satokangas.fi\/blogi\/wp-content\/uploads\/2023\/05\/juhlapaiva-2-380x400.jpg\" alt=\"\" width=\"380\" height=\"400\" srcset=\"https:\/\/www.satokangas.fi\/blogi\/wp-content\/uploads\/2023\/05\/juhlapaiva-2-380x400.jpg 380w, https:\/\/www.satokangas.fi\/blogi\/wp-content\/uploads\/2023\/05\/juhlapaiva-2-285x300.jpg 285w, https:\/\/www.satokangas.fi\/blogi\/wp-content\/uploads\/2023\/05\/juhlapaiva-2-768x807.jpg 768w, https:\/\/www.satokangas.fi\/blogi\/wp-content\/uploads\/2023\/05\/juhlapaiva-2-57x60.jpg 57w, https:\/\/www.satokangas.fi\/blogi\/wp-content\/uploads\/2023\/05\/juhlapaiva-2.jpg 856w\" sizes=\"auto, (max-width: 380px) 100vw, 380px\" \/><\/a> Ett\u00e4 h\u00e4nen i\u00e4ss\u00e4\u00e4n pit\u00e4isi oikeastaan jo luopua ty\u00f6urastaan, eik\u00e4 vasta nyt k\u00e4\u00e4ri\u00e4 hihoja ja ryhty\u00e4 hommiin. No eih\u00e4n se nyt ihan niin ole ja ei se niin vaan k\u00e4y. Sit\u00e4 paitsi onhan puolet maailman valtioiden p\u00e4\u00e4miehist\u00e4\/naisista hyvinkin jo parhaimman ty\u00f6ik\u00e4ns\u00e4 ylitt\u00e4neit\u00e4. Kuninkaallisilla ja muilla hallitsijoilla ik\u00e4rajat eiv\u00e4t noudattele keskiarvoja, suosituksia, normi-iki\u00e4, taulukoita yms.<\/p>\n<p style=\"text-align: justify;\">Kruunajaisissa oli niin paljon historian havinaa, perinteit\u00e4, marssimusiikkia, vuosisataista britti-imperiumin ja monarkian hohdetta, ett\u00e4 kuitenkin oikein mielell\u00e4ni katselin ja kuuntelin p\u00e4iv\u00e4n tapahtumia. Semminkin kun aikoinani maisteri- ja graduvaiheen opinnoissani erikoistuin (= tein graduni) 1700-luvun lopun Englannin siirtomaapolitiikasta (kolonialismin vaiheista Intiassa) p\u00e4\u00e4l\u00e4hteen\u00e4 British Foreign Officen arkiston kirjeenvaihto ja my\u00f6hemmin tuntiopettajana pidin luentosarjan &#8221;Englannin uuden ajan historiasta&#8221;. Se ei varsinaisesti ollut niit\u00e4 ty\u00f6urani hohdokkaimpia tuotoksia.<\/p>\n<p style=\"text-align: justify;\">Parin tunnin j\u00e4lkeen Pehtoori vet\u00e4ytyi laittamaan ruokaa: ja sitten min\u00e4 p\u00e4\u00e4sin valmiille kolmen ruokalajin p\u00e4iv\u00e4lliselle telkkarimaratonin j\u00e4lkeen.<\/p>\n<p style=\"text-align: justify;\">Alkuruokana oli samettisen pehme\u00e4\u00e4 kukkakaalikeittoa, jossa maistui vanilja. Se oli ihan uusi ruoka meill\u00e4. Mutta tuskin j\u00e4\u00e4 ainoaksi kerraksi. P\u00e4\u00e4ruokana savustettua nieri\u00e4\u00e4 ja raikasta uudenlaista salaattia. Ja rustiikkileip\u00e4\u00e4 sek\u00e4 suolakidevoita. Kovasti minun mielest\u00e4ni, eik\u00e4 j\u00e4lkk\u00e4rik\u00e4\u00e4n j\u00e4\u00e4nyt sy\u00f6m\u00e4tt\u00e4.<\/p>\n<p style=\"text-align: justify;\">Sitruuna(tuorejuusto)vaahtoa ja mansikoita.\u00a0Muistutin, ett\u00e4 mielell\u00e4ni useamminkin kuin kerran tai pari vuodessa nautin t\u00e4llaisesta menusta. \ud83d\ude42<\/p>\n<p style=\"text-align: justify;\"><a href=\"https:\/\/www.satokangas.fi\/blogi\/2023\/05\/kruunajaispaivana\/juhlapaiva-4-4\/\" rel=\"attachment wp-att-45480\"><img loading=\"lazy\" decoding=\"async\" data-attachment-id=\"45480\" data-permalink=\"https:\/\/www.satokangas.fi\/blogi\/2023\/05\/kruunajaispaivana\/juhlapaiva-4-4\/\" data-orig-file=\"https:\/\/www.satokangas.fi\/blogi\/wp-content\/uploads\/2023\/05\/juhlapaiva-4.jpg\" data-orig-size=\"695,900\" data-comments-opened=\"1\" data-image-meta=\"{&quot;aperture&quot;:&quot;7.1&quot;,&quot;credit&quot;:&quot;&quot;,&quot;camera&quot;:&quot;Canon EOS R&quot;,&quot;caption&quot;:&quot;&quot;,&quot;created_timestamp&quot;:&quot;1683377550&quot;,&quot;copyright&quot;:&quot;&quot;,&quot;focal_length&quot;:&quot;100&quot;,&quot;iso&quot;:&quot;1250&quot;,&quot;shutter_speed&quot;:&quot;0.008&quot;,&quot;title&quot;:&quot;&quot;,&quot;orientation&quot;:&quot;0&quot;}\" data-image-title=\"juhlapaiva-4\" data-image-description=\"\" data-image-caption=\"\" data-large-file=\"https:\/\/www.satokangas.fi\/blogi\/wp-content\/uploads\/2023\/05\/juhlapaiva-4.jpg\" class=\"aligncenter size-medium wp-image-45480\" src=\"https:\/\/www.satokangas.fi\/blogi\/wp-content\/uploads\/2023\/05\/juhlapaiva-4-309x400.jpg\" alt=\"\" width=\"309\" height=\"400\" srcset=\"https:\/\/www.satokangas.fi\/blogi\/wp-content\/uploads\/2023\/05\/juhlapaiva-4-309x400.jpg 309w, https:\/\/www.satokangas.fi\/blogi\/wp-content\/uploads\/2023\/05\/juhlapaiva-4-232x300.jpg 232w, https:\/\/www.satokangas.fi\/blogi\/wp-content\/uploads\/2023\/05\/juhlapaiva-4-46x60.jpg 46w, https:\/\/www.satokangas.fi\/blogi\/wp-content\/uploads\/2023\/05\/juhlapaiva-4.jpg 695w\" sizes=\"auto, (max-width: 309px) 100vw, 309px\" \/><\/a><\/p>\n<p style=\"text-align: justify;\">\n","protected":false},"excerpt":{"rendered":"<p>Juhlap\u00e4iv\u00e4. Aamiaiselta se alkoi. Uuden kahvikoneen (ja Pehtoorin) cappuccino uudesta kahvilasista. Olen sanonut ennenkin: astialla ja lasilla on vaikutusta makuun! Viel\u00e4 parempaa kuin aiemmin. Aamup\u00e4iv\u00e4ll\u00e4 olin pari tuntia py\u00f6r\u00e4ilem\u00e4ss\u00e4, kun ei ollut muutakaan tekemist\u00e4&#8230; \ud83d\ude42 Ja iltap\u00e4iv\u00e4n vietinkin telkkarin \u00e4\u00e4ress\u00e4. Ja kovasti mietin, mit\u00e4 p\u00e4\u00e4henkil\u00f6t ajattelivat, milt\u00e4 heist\u00e4 tuntui. Minusta tuntui v\u00e4lill\u00e4, ett\u00e4 onhan se hassua, ett\u00e4 hyvinkin jo vanhuuttaan &hellip; <\/p>\n","protected":false},"author":1,"featured_media":45479,"comment_status":"open","ping_status":"open","sticky":false,"template":"","format":"standard","meta":{"jetpack_post_was_ever_published":false,"_jetpack_newsletter_access":"","_jetpack_dont_email_post_to_subs":false,"_jetpack_newsletter_tier_id":0,"_jetpack_memberships_contains_paywalled_content":false,"_jetpack_memberships_contains_paid_content":false,"footnotes":"","jetpack_publicize_message":"","jetpack_publicize_feature_enabled":true,"jetpack_social_post_already_shared":true,"jetpack_social_options":{"image_generator_settings":{"template":"highway","default_image_id":0,"font":"","enabled":false},"version":2}},"categories":[1],"tags":[],"class_list":["post-45477","post","type-post","status-publish","format-standard","has-post-thumbnail","hentry","category-aiheeton","latest_post"],"jetpack_publicize_connections":[],"jetpack_featured_media_url":"https:\/\/www.satokangas.fi\/blogi\/wp-content\/uploads\/2023\/05\/juhlapaiva-2.jpg","jetpack_shortlink":"https:\/\/wp.me\/pr4p4-bPv","jetpack_sharing_enabled":true,"jetpack_likes_enabled":false,"jetpack-related-posts":[{"id":408,"url":"https:\/\/www.satokangas.fi\/blogi\/2008\/04\/piste-ja-uuden-alku\/","url_meta":{"origin":45477,"position":0},"title":"Piste ja uuden alku","author":"Reija","date":"29.4.2008","format":false,"excerpt":"Palautep\u00e4iv\u00e4 Raaheen.Rautaruukki: mielenkiintoinen.Raahen historia: pient\u00e4, vieh\u00e4tt\u00e4v\u00e4\u00e4.Palaute: kiitt\u00e4v\u00e4 ja kehitt\u00e4v\u00e4.Artikkeli: valmis! L\u00e4hti \u00e4sken julkaistavaksi! P\u00e4iv\u00e4\u00e4 etuajassa! Yesh!Nyt: virkavapaus alkanut!","rel":"","context":"Kategoriassa &quot;Niit\u00e4 n\u00e4it\u00e4&quot;","block_context":{"text":"Niit\u00e4 n\u00e4it\u00e4","link":"https:\/\/www.satokangas.fi\/blogi\/category\/aiheeton\/"},"img":{"alt_text":"","src":"","width":0,"height":0},"classes":[]},{"id":559,"url":"https:\/\/www.satokangas.fi\/blogi\/2008\/09\/ilta\/","url_meta":{"origin":45477,"position":1},"title":"Ilta","author":"Reija","date":"12.9.2008","format":false,"excerpt":"Eilen illalla Iijoen rannalla. Maisema (klikkaamalla kuva suurenee) ei ollut ainoa aisteja herkist\u00e4v\u00e4 asia. Sisar miehens\u00e4 kanssa olivat n\u00e4hneet vaivaa ja k\u00e4ytt\u00e4neet aikaa, ja meille se merkitsi juhlaa. Eilisen nautinto tuntui viipyilev\u00e4n\u00e4 hyv\u00e4n\u00e4 olona viel\u00e4 t\u00e4n\u00e4\u00e4nkin, - mutta my\u00f6s uupumuksena. Viiden tunnin y\u00f6unen j\u00e4lkeen kuitenkin artikkeli t\u00f6iss\u00e4 valmistui. P\u00e4iv\u00e4\u00e4 on\u2026","rel":"","context":"Kategoriassa &quot;Bloggailu&quot;","block_context":{"text":"Bloggailu","link":"https:\/\/www.satokangas.fi\/blogi\/category\/bloggailu\/"},"img":{"alt_text":"","src":"https:\/\/i0.wp.com\/www.satokangas.fi\/blogi\/wp-content\/uploads\/2008\/09\/ilta.jpg?resize=350%2C200&ssl=1","width":350,"height":200},"classes":[]},{"id":531,"url":"https:\/\/www.satokangas.fi\/blogi\/2008\/09\/historian-uudet\/","url_meta":{"origin":45477,"position":2},"title":"Historian uudet","author":"Reija","date":"3.9.2008","format":false,"excerpt":"Historian opiskelijoiden uusi vuosikurssi on vastaanotettu. Oppiaineen porukassa opiskelijoita entist\u00e4 v\u00e4hemm\u00e4n (12) yht\u00e4 paljon nuoria naisia ja miehi\u00e4 reippaan, rohkean - jopa itseironisen - oloisia nelj\u00e4sosalla jo ammatti\/korkeakoulututkinto valmiina viime kev\u00e4\u00e4n abeja puolet Oulusta ei yht\u00e4k\u00e4\u00e4n, Pohjois-Suomesta melkein kaikki p\u00e4\u00e4t\u00f6s l\u00e4hte\u00e4 lukemaan historiaa johtuu 1) mummosta, 2) halusta tehd\u00e4 \"jotakin\u2026","rel":"","context":"Kategoriassa &quot;Yliopistoel\u00e4m\u00e4\u00e4&quot;","block_context":{"text":"Yliopistoel\u00e4m\u00e4\u00e4","link":"https:\/\/www.satokangas.fi\/blogi\/category\/yliopistoelamaa\/"},"img":{"alt_text":"","src":"","width":0,"height":0},"classes":[]},{"id":30658,"url":"https:\/\/www.satokangas.fi\/blogi\/2017\/04\/tuulestatemmattua-on-muuttanut\/","url_meta":{"origin":45477,"position":3},"title":"Tuulestatemmattua on muuttanut","author":"Reija","date":"26.4.2017","format":false,"excerpt":"Tosia ja tuulestatemmattuja juttuja p\u00e4ivitt\u00e4in on luettavissa uudessa osoitteessa. N\u00e4m\u00e4 vanhat postaukset pystyttiin pelastamaan ja on nyt siirretty uudelle palvelimelle. Mist\u00e4 olen ihan tavattoman hyvill\u00e4ni! Koko sivusto on remontin alla... mutta Tuulestatemmattuja juttuja on luvassa taas joka p\u00e4iv\u00e4. Siis tervetuloa t\u00e4nne\u00a0www.tuulestatemmattua.fi","rel":"","context":"Kategoriassa &quot;Niit\u00e4 n\u00e4it\u00e4&quot;","block_context":{"text":"Niit\u00e4 n\u00e4it\u00e4","link":"https:\/\/www.satokangas.fi\/blogi\/category\/aiheeton\/"},"img":{"alt_text":"","src":"https:\/\/i0.wp.com\/www.satokangas.fi\/blogi\/wp-content\/uploads\/2017\/04\/1-43-449x400.jpg?resize=350%2C200&ssl=1","width":350,"height":200},"classes":[]},{"id":1488,"url":"https:\/\/www.satokangas.fi\/blogi\/2008\/11\/pannacotta-uudella-tavalla\/","url_meta":{"origin":45477,"position":4},"title":"Pannacotta uudella tavalla","author":"Reija","date":"9.11.2008","format":false,"excerpt":"Lasteni is\u00e4lle en osaa lahjoja is\u00e4np\u00e4iv\u00e4n\u00e4 ostaa, tehd\u00e4 tai hankkia, omani haudalle kynttil\u00e4n vein ja appea k\u00e4ytiin perheen kanssa heippaamassa; perheen juhlap\u00e4iv\u00e4sankarin kunniaksi ja perheelle sent\u00e4\u00e4n kokkailin monenmoista. Ja parasta oli - ehk\u00e4 - LappItalia-henkeen kehitelty Pannacotta. Reseptin pohja on uusimmassa Etiketti-lehdess\u00e4 nimell\u00e4 Mango-pannacotta. Vaihdoin mangon hillasoseeseen, ja v\u00e4h\u00e4n varioin\u2026","rel":"","context":"Kategoriassa &quot;Ruoka ja viini&quot;","block_context":{"text":"Ruoka ja viini","link":"https:\/\/www.satokangas.fi\/blogi\/category\/ruoka_ja_viini\/"},"img":{"alt_text":"","src":"https:\/\/i0.wp.com\/www.satokangas.fi\/blogi\/wp-content\/uploads\/2008\/11\/_mg_04351-272x400.jpg?resize=350%2C200&ssl=1","width":350,"height":200},"classes":[]},{"id":23043,"url":"https:\/\/www.satokangas.fi\/blogi\/2014\/11\/hietaniemessa-uudelleen-haluan-sinne\/","url_meta":{"origin":45477,"position":5},"title":"Hietaniemess\u00e4 &#8211; uudelleen haluan sinne","author":"Reija","date":"12.11.2014","format":false,"excerpt":"Sunnuntai-iltap\u00e4iv\u00e4n parituntinen Helsingiss\u00e4 Hietaniemen hautausmailla - vain muutamilla niist\u00e4. Juutalaisella, Suomen kaartin hautausmaalla ja islamilaisella j\u00e4i kokonaan k\u00e4ym\u00e4tt\u00e4. Joskus toiste sitten. Haluan sinne uudelleen, p\u00e4iv\u00e4ksi. Jonakin alkusyksyn p\u00e4iv\u00e4n\u00e4 menen sinne, otan ev\u00e4\u00e4t ja j\u00e4rkk\u00e4rin, karttoja ja tietoa mukaani. T\u00e4ll\u00e4 kerralla k\u00e4velimme p\u00e4\u00e4m\u00e4\u00e4r\u00e4tt\u00f6m\u00e4sti, emme osanneet mit\u00e4\u00e4n erityist\u00e4 edes etsi\u00e4. Vain muutamia\u2026","rel":"","context":"Kategoriassa &quot;Hautausmailla&quot;","block_context":{"text":"Hautausmailla","link":"https:\/\/www.satokangas.fi\/blogi\/category\/hautausmailla\/"},"img":{"alt_text":"Hietaniemess\u00e4-8","src":"https:\/\/i0.wp.com\/www.satokangas.fi\/blogi\/wp-content\/uploads\/2014\/11\/Hietaniemess%C3%A4-81-600x263.jpg?resize=350%2C200&ssl=1","width":350,"height":200,"srcset":"https:\/\/i0.wp.com\/www.satokangas.fi\/blogi\/wp-content\/uploads\/2014\/11\/Hietaniemess%C3%A4-81-600x263.jpg?resize=350%2C200&ssl=1 1x, https:\/\/i0.wp.com\/www.satokangas.fi\/blogi\/wp-content\/uploads\/2014\/11\/Hietaniemess%C3%A4-81-600x263.jpg?resize=525%2C300&ssl=1 1.5x"},"classes":[]}],"_links":{"self":[{"href":"https:\/\/www.satokangas.fi\/blogi\/wp-json\/wp\/v2\/posts\/45477","targetHints":{"allow":["GET"]}}],"collection":[{"href":"https:\/\/www.satokangas.fi\/blogi\/wp-json\/wp\/v2\/posts"}],"about":[{"href":"https:\/\/www.satokangas.fi\/blogi\/wp-json\/wp\/v2\/types\/post"}],"author":[{"embeddable":true,"href":"https:\/\/www.satokangas.fi\/blogi\/wp-json\/wp\/v2\/users\/1"}],"replies":[{"embeddable":true,"href":"https:\/\/www.satokangas.fi\/blogi\/wp-json\/wp\/v2\/comments?post=45477"}],"version-history":[{"count":0,"href":"https:\/\/www.satokangas.fi\/blogi\/wp-json\/wp\/v2\/posts\/45477\/revisions"}],"wp:featuredmedia":[{"embeddable":true,"href":"https:\/\/www.satokangas.fi\/blogi\/wp-json\/wp\/v2\/media\/45479"}],"wp:attachment":[{"href":"https:\/\/www.satokangas.fi\/blogi\/wp-json\/wp\/v2\/media?parent=45477"}],"wp:term":[{"taxonomy":"category","embeddable":true,"href":"https:\/\/www.satokangas.fi\/blogi\/wp-json\/wp\/v2\/categories?post=45477"},{"taxonomy":"post_tag","embeddable":true,"href":"https:\/\/www.satokangas.fi\/blogi\/wp-json\/wp\/v2\/tags?post=45477"}],"curies":[{"name":"wp","href":"https:\/\/api.w.org\/{rel}","templated":true}]}}