{"id":45466,"date":"2023-05-04T20:25:16","date_gmt":"2023-05-04T17:25:16","guid":{"rendered":"https:\/\/www.satokangas.fi\/blogi\/?p=45466"},"modified":"2023-05-04T20:25:17","modified_gmt":"2023-05-04T17:25:17","slug":"iltavuorossa-kuvaamassa","status":"publish","type":"post","link":"https:\/\/www.satokangas.fi\/blogi\/2023\/05\/iltavuorossa-kuvaamassa\/","title":{"rendered":"Iltavuorossa kuvaamassa"},"content":{"rendered":"<p style=\"text-align: justify;\">Olen aina sanonut, ettei minusta olisi vuoroty\u00f6l\u00e4iseksi. Lukuunottamatta lyhytt\u00e4 vaihetta linja-autonkuljettajan hommassa (kes\u00e4ll\u00e4 1983 ja kev\u00e4ttalvella 1985) ty\u00f6urallani ty\u00f6aika on ollut m\u00e4\u00e4r\u00e4ttyn\u00e4 tai valittavana siten, ett\u00e4 duuni on alkanut aamulla. Useimmiten menin kustannuspaikalle kahdeksan aikoihin, muutamina vuosina seitsem\u00e4ksi, koska niin halusin. Ja se sopi minulle hyvin. P\u00e4iv\u00e4t kestiv\u00e4t yleens\u00e4 sen kahdeksan-yhdeks\u00e4n tuntia, mutta oli my\u00f6s aikoja, jolloin normity\u00f6p\u00e4iv\u00e4 oli kellon ymp\u00e4ri. Mutta t\u00e4rke\u00e4\u00e4 oli, ett\u00e4 ty\u00f6t alkoivat aamulla ja ett\u00e4 ne olivat mielekk\u00e4it\u00e4.<\/p>\n<p style=\"text-align: justify;\">Nyt kun puolenkymment\u00e4 vuotta olen tehnyt satunnaisia valokuvauskeikkoja, on kuvaustapahtuma ollut useimmin p\u00e4iv\u00e4saikaan &#8211; editointihommat ja painotuotteiden (kortit, kalenterit) ty\u00f6st\u00e4minen sek\u00e4 kuvatoimistojutut olen tehnyt yleens\u00e4 aloittaen <em>nimenomaan aamulla<\/em>. Ja edelleen: sellainen sopii minulle parhaiten.<\/p>\n<p style=\"text-align: justify;\">T\u00e4n\u00e4\u00e4n oli taas De Gamlas Hemin uuden ruokalistan annosten kuvaus; kuvaukset alkoivat nelj\u00e4lt\u00e4. Eih\u00e4n siell\u00e4 kulu kuin pari-kolme tuntia, mutta <em>koko p\u00e4iv\u00e4 menee odottaessa<\/em>, ett\u00e4 voin l\u00e4hte\u00e4 hommiin. Pikku juttu tietysti t\u00e4ss\u00e4 vaiheessa, mutta niinp\u00e4 se kuitenkin k\u00e4vi, ett\u00e4 ihme haahuilua oli koko p\u00e4iv\u00e4. Noh, nyt on koko uusi lista (15 annosta) kuvattu monesta eri suunnasta ja osana erilaista kattausta. Ihan mukavaa puuhaa. Ja huomenna <em>aamulla<\/em> aloitan kuvasaaliin perkaamisen ja editoinnin.<\/p>\n<p><a href=\"https:\/\/www.satokangas.fi\/blogi\/2023\/05\/iltavuorossa-kuvaamassa\/de_gamlas_hem\/\" rel=\"attachment wp-att-45468\"><img loading=\"lazy\" decoding=\"async\" data-attachment-id=\"45468\" data-permalink=\"https:\/\/www.satokangas.fi\/blogi\/2023\/05\/iltavuorossa-kuvaamassa\/de_gamlas_hem\/\" data-orig-file=\"https:\/\/www.satokangas.fi\/blogi\/wp-content\/uploads\/2023\/05\/De_gamlas_hem.jpg\" data-orig-size=\"1000,686\" data-comments-opened=\"1\" data-image-meta=\"{&quot;aperture&quot;:&quot;5.6&quot;,&quot;credit&quot;:&quot;REIJA SATOKANGAS&quot;,&quot;camera&quot;:&quot;Canon EOS 5D Mark IV&quot;,&quot;caption&quot;:&quot;&quot;,&quot;created_timestamp&quot;:&quot;1683209772&quot;,&quot;copyright&quot;:&quot;&quot;,&quot;focal_length&quot;:&quot;70&quot;,&quot;iso&quot;:&quot;1600&quot;,&quot;shutter_speed&quot;:&quot;0.00625&quot;,&quot;title&quot;:&quot;&quot;,&quot;orientation&quot;:&quot;0&quot;}\" data-image-title=\"De_gamlas_hem\" data-image-description=\"\" data-image-caption=\"\" data-large-file=\"https:\/\/www.satokangas.fi\/blogi\/wp-content\/uploads\/2023\/05\/De_gamlas_hem.jpg\" class=\"aligncenter size-full wp-image-45468\" src=\"https:\/\/www.satokangas.fi\/blogi\/wp-content\/uploads\/2023\/05\/De_gamlas_hem.jpg\" alt=\"\" width=\"1000\" height=\"686\" srcset=\"https:\/\/www.satokangas.fi\/blogi\/wp-content\/uploads\/2023\/05\/De_gamlas_hem.jpg 1000w, https:\/\/www.satokangas.fi\/blogi\/wp-content\/uploads\/2023\/05\/De_gamlas_hem-583x400.jpg 583w, https:\/\/www.satokangas.fi\/blogi\/wp-content\/uploads\/2023\/05\/De_gamlas_hem-300x206.jpg 300w, https:\/\/www.satokangas.fi\/blogi\/wp-content\/uploads\/2023\/05\/De_gamlas_hem-768x527.jpg 768w, https:\/\/www.satokangas.fi\/blogi\/wp-content\/uploads\/2023\/05\/De_gamlas_hem-87x60.jpg 87w\" sizes=\"auto, (max-width: 1000px) 100vw, 1000px\" \/><\/a><\/p>\n<p>Onneksi kuitenkin kaikelta haahuilultani sent\u00e4\u00e4n tein ja s\u00f6in ruoan kotona ennen l\u00e4ht\u00f6\u00e4. Varsinkin kahden parsan risoton, etanapannun, karitsa-annoksen kohdalla olisi keskittyminen kuvaamiseen varmaankin ollut aika ep\u00e4vakaata. <a href=\"https:\/\/degamlashotel.fi\/illallinen\/\" target=\"_blank\" rel=\"noopener\">Menu<\/a> on taas oikeinkin houkutteleva.\u00a0 Toivottavasti kuvatkin. \ud83d\ude42<\/p>\n<p><a href=\"https:\/\/www.satokangas.fi\/blogi\/2023\/05\/iltavuorossa-kuvaamassa\/de_gamlas_hem-3\/\" rel=\"attachment wp-att-45469\"><img loading=\"lazy\" decoding=\"async\" data-attachment-id=\"45469\" data-permalink=\"https:\/\/www.satokangas.fi\/blogi\/2023\/05\/iltavuorossa-kuvaamassa\/de_gamlas_hem-3\/\" data-orig-file=\"https:\/\/www.satokangas.fi\/blogi\/wp-content\/uploads\/2023\/05\/De_gamlas_hem-3.jpg\" data-orig-size=\"1000,691\" data-comments-opened=\"1\" data-image-meta=\"{&quot;aperture&quot;:&quot;5.6&quot;,&quot;credit&quot;:&quot;&quot;,&quot;camera&quot;:&quot;Canon EOS R&quot;,&quot;caption&quot;:&quot;&quot;,&quot;created_timestamp&quot;:&quot;1683205181&quot;,&quot;copyright&quot;:&quot;&quot;,&quot;focal_length&quot;:&quot;50&quot;,&quot;iso&quot;:&quot;1250&quot;,&quot;shutter_speed&quot;:&quot;0.002&quot;,&quot;title&quot;:&quot;&quot;,&quot;orientation&quot;:&quot;0&quot;}\" data-image-title=\"De_gamlas_hem-3\" data-image-description=\"\" data-image-caption=\"\" data-large-file=\"https:\/\/www.satokangas.fi\/blogi\/wp-content\/uploads\/2023\/05\/De_gamlas_hem-3.jpg\" class=\"aligncenter size-full wp-image-45469\" src=\"https:\/\/www.satokangas.fi\/blogi\/wp-content\/uploads\/2023\/05\/De_gamlas_hem-3.jpg\" alt=\"\" width=\"1000\" height=\"691\" srcset=\"https:\/\/www.satokangas.fi\/blogi\/wp-content\/uploads\/2023\/05\/De_gamlas_hem-3.jpg 1000w, https:\/\/www.satokangas.fi\/blogi\/wp-content\/uploads\/2023\/05\/De_gamlas_hem-3-579x400.jpg 579w, https:\/\/www.satokangas.fi\/blogi\/wp-content\/uploads\/2023\/05\/De_gamlas_hem-3-300x207.jpg 300w, https:\/\/www.satokangas.fi\/blogi\/wp-content\/uploads\/2023\/05\/De_gamlas_hem-3-768x531.jpg 768w, https:\/\/www.satokangas.fi\/blogi\/wp-content\/uploads\/2023\/05\/De_gamlas_hem-3-87x60.jpg 87w\" sizes=\"auto, (max-width: 1000px) 100vw, 1000px\" \/><\/a><\/p>\n","protected":false},"excerpt":{"rendered":"<p>Olen aina sanonut, ettei minusta olisi vuoroty\u00f6l\u00e4iseksi. Lukuunottamatta lyhytt\u00e4 vaihetta linja-autonkuljettajan hommassa (kes\u00e4ll\u00e4 1983 ja kev\u00e4ttalvella 1985) ty\u00f6urallani ty\u00f6aika on ollut m\u00e4\u00e4r\u00e4ttyn\u00e4 tai valittavana siten, ett\u00e4 duuni on alkanut aamulla. Useimmiten menin kustannuspaikalle kahdeksan aikoihin, muutamina vuosina seitsem\u00e4ksi, koska niin halusin. Ja se sopi minulle hyvin. P\u00e4iv\u00e4t kestiv\u00e4t yleens\u00e4 sen kahdeksan-yhdeks\u00e4n tuntia, mutta oli my\u00f6s aikoja, jolloin normity\u00f6p\u00e4iv\u00e4 oli kellon &hellip; <\/p>\n","protected":false},"author":1,"featured_media":45467,"comment_status":"open","ping_status":"open","sticky":false,"template":"","format":"standard","meta":{"jetpack_post_was_ever_published":false,"_jetpack_newsletter_access":"","_jetpack_dont_email_post_to_subs":false,"_jetpack_newsletter_tier_id":0,"_jetpack_memberships_contains_paywalled_content":false,"_jetpack_memberships_contains_paid_content":false,"footnotes":"","jetpack_publicize_message":"","jetpack_publicize_feature_enabled":true,"jetpack_social_post_already_shared":true,"jetpack_social_options":{"image_generator_settings":{"template":"highway","default_image_id":0,"font":"","enabled":false},"version":2}},"categories":[88,94,17,37],"tags":[],"class_list":["post-45466","post","type-post","status-publish","format-standard","has-post-thumbnail","hentry","category-muistikuvia","category-ravintolat-ruoka_ja_viini","category-ruoka_ja_viini","category-valokuvaus","latest_post"],"jetpack_publicize_connections":[],"jetpack_featured_media_url":"https:\/\/www.satokangas.fi\/blogi\/wp-content\/uploads\/2023\/05\/dgh.jpg","jetpack_shortlink":"https:\/\/wp.me\/pr4p4-bPk","jetpack_sharing_enabled":true,"jetpack_likes_enabled":false,"jetpack-related-posts":[{"id":425,"url":"https:\/\/www.satokangas.fi\/blogi\/2008\/05\/palattu-pohjoiseen-pakomatkan-paatos\/","url_meta":{"origin":45466,"position":0},"title":"Palattu pohjoiseen: pakomatkan p\u00e4\u00e4t\u00f6s","author":"Reija","date":"17.5.2008","format":false,"excerpt":"Helsinki-Vantaan lentokentt\u00e4. 10 \u00bd tunnin lento takana, kolme tuntia odotusta, sitten Oulun koneeseen ja kotiin. Matka onnellisesti jo ohi. Meill\u00e4 oli hyv\u00e4 reissu. Kiinaan voisi l\u00e4hte\u00e4 uudestaankin. Eik\u00e4 meill\u00e4 t\u00e4ll\u00e4k\u00e4\u00e4n kertaa ollut vaikeuksia \u00e4iti-tyt\u00e4r -leireilyss\u00e4. Eilinen aamup\u00e4iv\u00e4 meni matkustukseen sekin: Yalong Bayn hotellialueelta Sanyan lentokent\u00e4lle, lento Guangzhoun eli Kantoniin ja\u2026","rel":"","context":"Kategoriassa &quot;Kiina&quot;","block_context":{"text":"Kiina","link":"https:\/\/www.satokangas.fi\/blogi\/category\/reissut\/kiina\/"},"img":{"alt_text":"","src":"","width":0,"height":0},"classes":[]},{"id":27569,"url":"https:\/\/www.satokangas.fi\/blogi\/2016\/02\/elamme-epavakaita-aikoja\/","url_meta":{"origin":45466,"position":1},"title":"El\u00e4mme ep\u00e4vakaita aikoja &#8230;","author":"Reija","date":"9.2.2016","format":false,"excerpt":"T\u00e4n\u00e4\u00e4n en ole avannut radiota, en edes kun tein ruokaa, vaikka yleens\u00e4 se aina silloin on auki. Aamulla kauppaan ja Caritakseen ajellessa laitoin autoradion kiinni. Olen ollut Novan kuuntelija kauan. Kes\u00e4ll\u00e4 2012, kun Jalle Niemel\u00e4 siirtyi Novalta Nostalgialle, kuuntelin sit\u00e4, mutta kyll\u00e4styin ja palasin takaisin Novalle. Radion kuuntelemattomuus on pieni,\u2026","rel":"","context":"Kategoriassa &quot;Niit\u00e4 n\u00e4it\u00e4&quot;","block_context":{"text":"Niit\u00e4 n\u00e4it\u00e4","link":"https:\/\/www.satokangas.fi\/blogi\/category\/aiheeton\/"},"img":{"alt_text":"Iijoen rannalla-2","src":"https:\/\/i0.wp.com\/www.satokangas.fi\/blogi\/wp-content\/uploads\/2016\/02\/Iijoen-rannalla-2-600x385.jpg?resize=350%2C200&ssl=1","width":350,"height":200,"srcset":"https:\/\/i0.wp.com\/www.satokangas.fi\/blogi\/wp-content\/uploads\/2016\/02\/Iijoen-rannalla-2-600x385.jpg?resize=350%2C200&ssl=1 1x, https:\/\/i0.wp.com\/www.satokangas.fi\/blogi\/wp-content\/uploads\/2016\/02\/Iijoen-rannalla-2-600x385.jpg?resize=525%2C300&ssl=1 1.5x"},"classes":[]},{"id":11545,"url":"https:\/\/www.satokangas.fi\/blogi\/2011\/04\/lista\/","url_meta":{"origin":45466,"position":2},"title":"Lista","author":"Reija","date":"29.4.2011","format":false,"excerpt":"Lista arkip\u00e4iv\u00e4isyyksi\u00e4 ja niist\u00e4 poikkeamisista: Kuntosalilla oli erinomaisen valoisaa (olenhan kertonut, ett\u00e4 salin automaattinen valoj\u00e4rjestelm\u00e4 sytytt\u00e4\u00e4 valot nyt kes\u00e4aikaan siirtymisen j\u00e4lkeen\u00a0 vasta klo 6.23), sill\u00e4 aurinko paistoi aamulla tehdashalliin tehdyn salin ikkunoista kauniisti, - valottomuus ei t\u00e4n\u00e4\u00e4n haitannut. S\u00f6in aamiaiseksi muroja. Sit\u00e4 en todellakaan yleens\u00e4 tee. Ja sitten unohdin ev\u00e4\u00e4t\u2026","rel":"","context":"Kategoriassa &quot;Niit\u00e4 n\u00e4it\u00e4&quot;","block_context":{"text":"Niit\u00e4 n\u00e4it\u00e4","link":"https:\/\/www.satokangas.fi\/blogi\/category\/aiheeton\/"},"img":{"alt_text":"","src":"","width":0,"height":0},"classes":[]},{"id":42260,"url":"https:\/\/www.satokangas.fi\/blogi\/2022\/01\/ei-lampaita-ei-nukku-mattia\/","url_meta":{"origin":45466,"position":3},"title":"Ei lampaita, ei Nukku-Mattia","author":"Reija","date":"11.1.2022","format":false,"excerpt":"Laske lampaita! - sanoi \u00e4iti pienelle pojalleen, joka valitti, ettei saa unta. Laskin jo! Mutta ku ne ei liiku mihink\u00e4\u00e4n! - vastasi poika.\u00a0 Lampaiden laskemisesta oli jokunen viikko sitten puhetta radiossa - vai olikohan se joku lehtijuttu, jonka luin. Any way, jutussa kerrottiin, ett\u00e4 oli tutkittukin, millaisia lampaita ja millaisessa\u2026","rel":"","context":"Kategoriassa &quot;Niit\u00e4 n\u00e4it\u00e4&quot;","block_context":{"text":"Niit\u00e4 n\u00e4it\u00e4","link":"https:\/\/www.satokangas.fi\/blogi\/category\/aiheeton\/"},"img":{"alt_text":"","src":"https:\/\/i0.wp.com\/www.satokangas.fi\/blogi\/wp-content\/uploads\/2022\/01\/IMG_20220111_085610.jpg?resize=350%2C200&ssl=1","width":350,"height":200,"srcset":"https:\/\/i0.wp.com\/www.satokangas.fi\/blogi\/wp-content\/uploads\/2022\/01\/IMG_20220111_085610.jpg?resize=350%2C200&ssl=1 1x, https:\/\/i0.wp.com\/www.satokangas.fi\/blogi\/wp-content\/uploads\/2022\/01\/IMG_20220111_085610.jpg?resize=525%2C300&ssl=1 1.5x, https:\/\/i0.wp.com\/www.satokangas.fi\/blogi\/wp-content\/uploads\/2022\/01\/IMG_20220111_085610.jpg?resize=700%2C400&ssl=1 2x, https:\/\/i0.wp.com\/www.satokangas.fi\/blogi\/wp-content\/uploads\/2022\/01\/IMG_20220111_085610.jpg?resize=1050%2C600&ssl=1 3x"},"classes":[]},{"id":13321,"url":"https:\/\/www.satokangas.fi\/blogi\/2012\/01\/leppoistunut\/","url_meta":{"origin":45466,"position":4},"title":"Leppoistunut","author":"Reija","date":"20.1.2012","format":false,"excerpt":"Jos min\u00e4 17 tai 10 vuotta sitten olisin saanut nukkua siten kuin nyt, edes yhdenk\u00e4\u00e4n viikon ajan, olisin ollut kovin onnellinen. Kahdeksan, kymmenen! tunnin y\u00f6unia viikko toisensa per\u00e4\u00e4n! Jos silloin olisi voinut nukkua muutamankaan t\u00e4yspitk\u00e4n y\u00f6n, olisin ollut paljon vahvempi. Nyt nukkuminen on jo niin ylenpalttista, ett\u00e4 olen vihainen itselleni\u2026","rel":"","context":"Kategoriassa &quot;Niit\u00e4 n\u00e4it\u00e4&quot;","block_context":{"text":"Niit\u00e4 n\u00e4it\u00e4","link":"https:\/\/www.satokangas.fi\/blogi\/category\/aiheeton\/"},"img":{"alt_text":"","src":"https:\/\/i0.wp.com\/www.satokangas.fi\/blogi\/wp-content\/uploads\/Julia-ja-Romeo1-600x386.jpg?resize=350%2C200&ssl=1","width":350,"height":200,"srcset":"https:\/\/i0.wp.com\/www.satokangas.fi\/blogi\/wp-content\/uploads\/Julia-ja-Romeo1-600x386.jpg?resize=350%2C200&ssl=1 1x, https:\/\/i0.wp.com\/www.satokangas.fi\/blogi\/wp-content\/uploads\/Julia-ja-Romeo1-600x386.jpg?resize=525%2C300&ssl=1 1.5x"},"classes":[]},{"id":39816,"url":"https:\/\/www.satokangas.fi\/blogi\/2020\/12\/aamusta-asti-reippaana\/","url_meta":{"origin":45466,"position":5},"title":"Aamusta asti reippaana","author":"Reija","date":"2.12.2020","format":false,"excerpt":"Kun kuu pit\u00e4\u00e4 huolen, ett\u00e4 aamun parhaat valot eiv\u00e4t edes joulukuussa j\u00e4\u00e4 kokematta: oli aika l\u00e4hte\u00e4 aamuvarhain Canonin kanssa liikkeelle. Kuuhulluudesta ilonsakin. Merikosken voimalaitos ja lamellipato\u00a0 Merikosken voimalaitoksen kyljess\u00e4 olevan lamellipadon valotaideteos on t\u00e4n\u00e4 syksyn\u00e4 ollut poikkeuksellisen kaunis aamuin illoin, sill\u00e4 patoluukut ovat olleet avoinna l\u00e4hes joka p\u00e4iv\u00e4: vesi tulvii\u2026","rel":"","context":"Kategoriassa &quot;Historiaa&quot;","block_context":{"text":"Historiaa","link":"https:\/\/www.satokangas.fi\/blogi\/category\/historiaa\/"},"img":{"alt_text":"","src":"https:\/\/i0.wp.com\/www.satokangas.fi\/blogi\/wp-content\/uploads\/2020\/12\/2.jpg?resize=350%2C200&ssl=1","width":350,"height":200,"srcset":"https:\/\/i0.wp.com\/www.satokangas.fi\/blogi\/wp-content\/uploads\/2020\/12\/2.jpg?resize=350%2C200&ssl=1 1x, https:\/\/i0.wp.com\/www.satokangas.fi\/blogi\/wp-content\/uploads\/2020\/12\/2.jpg?resize=525%2C300&ssl=1 1.5x, https:\/\/i0.wp.com\/www.satokangas.fi\/blogi\/wp-content\/uploads\/2020\/12\/2.jpg?resize=700%2C400&ssl=1 2x, https:\/\/i0.wp.com\/www.satokangas.fi\/blogi\/wp-content\/uploads\/2020\/12\/2.jpg?resize=1050%2C600&ssl=1 3x"},"classes":[]}],"_links":{"self":[{"href":"https:\/\/www.satokangas.fi\/blogi\/wp-json\/wp\/v2\/posts\/45466","targetHints":{"allow":["GET"]}}],"collection":[{"href":"https:\/\/www.satokangas.fi\/blogi\/wp-json\/wp\/v2\/posts"}],"about":[{"href":"https:\/\/www.satokangas.fi\/blogi\/wp-json\/wp\/v2\/types\/post"}],"author":[{"embeddable":true,"href":"https:\/\/www.satokangas.fi\/blogi\/wp-json\/wp\/v2\/users\/1"}],"replies":[{"embeddable":true,"href":"https:\/\/www.satokangas.fi\/blogi\/wp-json\/wp\/v2\/comments?post=45466"}],"version-history":[{"count":0,"href":"https:\/\/www.satokangas.fi\/blogi\/wp-json\/wp\/v2\/posts\/45466\/revisions"}],"wp:featuredmedia":[{"embeddable":true,"href":"https:\/\/www.satokangas.fi\/blogi\/wp-json\/wp\/v2\/media\/45467"}],"wp:attachment":[{"href":"https:\/\/www.satokangas.fi\/blogi\/wp-json\/wp\/v2\/media?parent=45466"}],"wp:term":[{"taxonomy":"category","embeddable":true,"href":"https:\/\/www.satokangas.fi\/blogi\/wp-json\/wp\/v2\/categories?post=45466"},{"taxonomy":"post_tag","embeddable":true,"href":"https:\/\/www.satokangas.fi\/blogi\/wp-json\/wp\/v2\/tags?post=45466"}],"curies":[{"name":"wp","href":"https:\/\/api.w.org\/{rel}","templated":true}]}}