{"id":45150,"date":"2023-03-26T20:37:54","date_gmt":"2023-03-26T17:37:54","guid":{"rendered":"https:\/\/www.satokangas.fi\/blogi\/?p=45150"},"modified":"2023-03-26T20:38:55","modified_gmt":"2023-03-26T17:38:55","slug":"talvinen-kesaaika","status":"publish","type":"post","link":"https:\/\/www.satokangas.fi\/blogi\/2023\/03\/talvinen-kesaaika\/","title":{"rendered":"Talvinen kes\u00e4aika"},"content":{"rendered":"<p style=\"text-align: justify;\">Kes\u00e4aika.<\/p>\n<p style=\"text-align: justify;\">Jos sit\u00e4 mitattaisiin lumen korkeudella tai pakkasasteilla, niin kyll\u00e4 taas olisi aika lailla venytett\u00e4v\u00e4 k\u00e4sitteen mittareita ja m\u00e4\u00e4reit\u00e4. Niiden mukaan kun on ihan selv\u00e4sti viel\u00e4 talviaika: y\u00f6ll\u00e4 pakkasta yli &#8211; 20 C ja lumenkorkeus on hyvinkin puoli metri\u00e4, kinokset korkeita ja puhtaan valkoisia. Talvelta tuntuu, vaikka hieno aurinkoinen p\u00e4iv\u00e4 on ollutkin.<\/p>\n<p><a href=\"https:\/\/www.satokangas.fi\/blogi\/2023\/03\/talvinen-kesaaika\/kesa-aika-3\/\" rel=\"attachment wp-att-45154\"><img loading=\"lazy\" decoding=\"async\" data-attachment-id=\"45154\" data-permalink=\"https:\/\/www.satokangas.fi\/blogi\/2023\/03\/talvinen-kesaaika\/kesa-aika-3\/\" data-orig-file=\"https:\/\/www.satokangas.fi\/blogi\/wp-content\/uploads\/2023\/03\/kesa-aika-3.jpg\" data-orig-size=\"534,750\" data-comments-opened=\"1\" data-image-meta=\"{&quot;aperture&quot;:&quot;6.3&quot;,&quot;credit&quot;:&quot;REIJA SATOKANGAS&quot;,&quot;camera&quot;:&quot;Canon EOS 5D Mark IV&quot;,&quot;caption&quot;:&quot;&quot;,&quot;created_timestamp&quot;:&quot;1679834903&quot;,&quot;copyright&quot;:&quot;&quot;,&quot;focal_length&quot;:&quot;100&quot;,&quot;iso&quot;:&quot;1250&quot;,&quot;shutter_speed&quot;:&quot;0.002&quot;,&quot;title&quot;:&quot;&quot;,&quot;orientation&quot;:&quot;0&quot;}\" data-image-title=\"kesa-aika-3\" data-image-description=\"\" data-image-caption=\"\" data-large-file=\"https:\/\/www.satokangas.fi\/blogi\/wp-content\/uploads\/2023\/03\/kesa-aika-3.jpg\" class=\"aligncenter size-full wp-image-45154\" src=\"https:\/\/www.satokangas.fi\/blogi\/wp-content\/uploads\/2023\/03\/kesa-aika-3.jpg\" alt=\"\" width=\"534\" height=\"750\" srcset=\"https:\/\/www.satokangas.fi\/blogi\/wp-content\/uploads\/2023\/03\/kesa-aika-3.jpg 534w, https:\/\/www.satokangas.fi\/blogi\/wp-content\/uploads\/2023\/03\/kesa-aika-3-285x400.jpg 285w, https:\/\/www.satokangas.fi\/blogi\/wp-content\/uploads\/2023\/03\/kesa-aika-3-214x300.jpg 214w, https:\/\/www.satokangas.fi\/blogi\/wp-content\/uploads\/2023\/03\/kesa-aika-3-43x60.jpg 43w\" sizes=\"auto, (max-width: 534px) 100vw, 534px\" \/><\/a><\/p>\n<p style=\"text-align: justify;\">Inventaariop\u00e4iv\u00e4kin t\u00e4n\u00e4\u00e4n on ollut: postikorttikauppaa en ole t\u00e4n\u00e4 vuonna juuri tehnyt, en uusia tehnyt, en edes uusintapainoksia, &#8211; v\u00e4h\u00e4n jo suunnittelen loppuunmyynti\u00e4. Mutta joka tapauksessa t\u00e4n\u00e4\u00e4n varaston tsekkasin.<\/p>\n<p style=\"text-align: justify;\">Ja toinen &#8221;inventaario&#8221; tai kirjanpito tai mik\u00e4 lieneek\u00e4\u00e4n listaus, kun olen koonnut ja &#8221;puhtaaksikirjoitellut&#8221; Helmet-lukuhaasteen aikaansaannoksia. Kunhan nyt kesken oleva paksu kirja on p\u00e4\u00e4t\u00f6ksess\u00e4\u00e4n, taitaa 50 kirjan lista olla t\u00e4ytettyn\u00e4. V\u00e4h\u00e4n suorittamiseksi n\u00e4in loppusuoralla on homma taas mennyt, mutta eih\u00e4n tiikeri raidoistaan, enk\u00e4 min\u00e4 listoistani.<\/p>\n<p style=\"text-align: center;\">Kuvakollaasi on jo valmis &#8211; loppuviikosta sitten kirjallinen kommentointi.<br \/>\nT\u00e4m\u00e4 kolmas lukuhaasteeni oli ehk\u00e4 kaikkein antoisin,<br \/>\nolen lukenut\/kuunnellut paljon sellaista,<br \/>\nmihin en olisi ilman haastetta tarttunut.<br \/>\nMelkein ep\u00e4mukavuusalueellakin hetkitt\u00e4in.<\/p>\n<p style=\"text-align: center;\"><span style=\"color: #0000ff;\">[klikkaamalla kuva suurenee]<\/span><\/p>\n<p><a href=\"https:\/\/www.satokangas.fi\/blogi\/2023\/03\/talvinen-kesaaika\/helmet_2023_1100\/\" rel=\"attachment wp-att-45156\"><img loading=\"lazy\" decoding=\"async\" data-attachment-id=\"45156\" data-permalink=\"https:\/\/www.satokangas.fi\/blogi\/2023\/03\/talvinen-kesaaika\/helmet_2023_1100\/\" data-orig-file=\"https:\/\/www.satokangas.fi\/blogi\/wp-content\/uploads\/2023\/03\/Helmet_2023_1100.jpg\" data-orig-size=\"1100,687\" data-comments-opened=\"1\" data-image-meta=\"{&quot;aperture&quot;:&quot;0&quot;,&quot;credit&quot;:&quot;Picasa&quot;,&quot;camera&quot;:&quot;&quot;,&quot;caption&quot;:&quot;&quot;,&quot;created_timestamp&quot;:&quot;1679816945&quot;,&quot;copyright&quot;:&quot;&quot;,&quot;focal_length&quot;:&quot;0&quot;,&quot;iso&quot;:&quot;0&quot;,&quot;shutter_speed&quot;:&quot;0&quot;,&quot;title&quot;:&quot;&quot;,&quot;orientation&quot;:&quot;1&quot;}\" data-image-title=\"Helmet_2023_1100\" data-image-description=\"\" data-image-caption=\"\" data-large-file=\"https:\/\/www.satokangas.fi\/blogi\/wp-content\/uploads\/2023\/03\/Helmet_2023_1100.jpg\" class=\"aligncenter size-full wp-image-45156\" src=\"https:\/\/www.satokangas.fi\/blogi\/wp-content\/uploads\/2023\/03\/Helmet_2023_1100.jpg\" alt=\"\" width=\"1100\" height=\"687\" srcset=\"https:\/\/www.satokangas.fi\/blogi\/wp-content\/uploads\/2023\/03\/Helmet_2023_1100.jpg 1100w, https:\/\/www.satokangas.fi\/blogi\/wp-content\/uploads\/2023\/03\/Helmet_2023_1100-640x400.jpg 640w, https:\/\/www.satokangas.fi\/blogi\/wp-content\/uploads\/2023\/03\/Helmet_2023_1100-300x187.jpg 300w, https:\/\/www.satokangas.fi\/blogi\/wp-content\/uploads\/2023\/03\/Helmet_2023_1100-768x480.jpg 768w, https:\/\/www.satokangas.fi\/blogi\/wp-content\/uploads\/2023\/03\/Helmet_2023_1100-96x60.jpg 96w\" sizes=\"auto, (max-width: 1100px) 100vw, 1100px\" \/><\/a><\/p>\n<p>&nbsp;<\/p>\n","protected":false},"excerpt":{"rendered":"<p>Kes\u00e4aika. Jos sit\u00e4 mitattaisiin lumen korkeudella tai pakkasasteilla, niin kyll\u00e4 taas olisi aika lailla venytett\u00e4v\u00e4 k\u00e4sitteen mittareita ja m\u00e4\u00e4reit\u00e4. Niiden mukaan kun on ihan selv\u00e4sti viel\u00e4 talviaika: y\u00f6ll\u00e4 pakkasta yli &#8211; 20 C ja lumenkorkeus on hyvinkin puoli metri\u00e4, kinokset korkeita ja puhtaan valkoisia. Talvelta tuntuu, vaikka hieno aurinkoinen p\u00e4iv\u00e4 on ollutkin. Inventaariop\u00e4iv\u00e4kin t\u00e4n\u00e4\u00e4n on ollut: postikorttikauppaa en ole t\u00e4n\u00e4 &hellip; <\/p>\n","protected":false},"author":1,"featured_media":45153,"comment_status":"open","ping_status":"open","sticky":false,"template":"","format":"standard","meta":{"jetpack_post_was_ever_published":false,"_jetpack_newsletter_access":"","_jetpack_dont_email_post_to_subs":false,"_jetpack_newsletter_tier_id":0,"_jetpack_memberships_contains_paywalled_content":false,"_jetpack_memberships_contains_paid_content":false,"footnotes":"","jetpack_publicize_message":"","jetpack_publicize_feature_enabled":true,"jetpack_social_post_already_shared":true,"jetpack_social_options":{"image_generator_settings":{"template":"highway","default_image_id":0,"font":"","enabled":false},"version":2}},"categories":[1],"tags":[],"class_list":["post-45150","post","type-post","status-publish","format-standard","has-post-thumbnail","hentry","category-aiheeton","latest_post"],"jetpack_publicize_connections":[],"jetpack_featured_media_url":"https:\/\/www.satokangas.fi\/blogi\/wp-content\/uploads\/2023\/03\/kesa-aika-2.jpg","jetpack_shortlink":"https:\/\/wp.me\/pr4p4-bKe","jetpack_sharing_enabled":true,"jetpack_likes_enabled":false,"jetpack-related-posts":[{"id":2902,"url":"https:\/\/www.satokangas.fi\/blogi\/2009\/03\/kohti-kesaaikaa\/","url_meta":{"origin":45150,"position":0},"title":"Kohti kes\u00e4aikaa","author":"Reija","date":"26.3.2009","format":false,"excerpt":"On hyv\u00e4 ett\u00e4 sunnuntaina siirryt\u00e4\u00e4n kes\u00e4aikaan. Tai ett\u00e4 muutkin siirtyv\u00e4t. Min\u00e4 olen jo siirtynyt. Kolmas aamu per\u00e4kk\u00e4in kun her\u00e4\u00e4n klo 4.50. Ehk\u00e4 vuodenaika ei ole ainoa syy aamuvarhaisiin her\u00e4ilyihin. Ylikierroksilla menn\u00e4\u00e4n. Eik\u00e4 ihan v\u00e4h\u00e4nk\u00e4\u00e4n. En ole ehtinyt ajattelemaan. Sellainen ei ole hyv\u00e4ksi. Taidan leipoa jotain. Leipominen relauttaa. Ja lihottaa. Siis\u2026","rel":"","context":"Kategoriassa &quot;Niit\u00e4 n\u00e4it\u00e4&quot;","block_context":{"text":"Niit\u00e4 n\u00e4it\u00e4","link":"https:\/\/www.satokangas.fi\/blogi\/category\/aiheeton\/"},"img":{"alt_text":"","src":"","width":0,"height":0},"classes":[]},{"id":50358,"url":"https:\/\/www.satokangas.fi\/blogi\/2024\/08\/kotiinpaluun-jalkeen\/","url_meta":{"origin":45150,"position":1},"title":"Kotiinpaluun j\u00e4lkeen","author":"Reija","date":"17.8.2024","format":false,"excerpt":"Kes\u00e4aika jatkuu. Ja taas se tuntuu kulkevan nopeampaa kuin min\u00e4. T\u00e4n\u00e4\u00e4n aika tavallisia kotiinpaluup\u00e4iv\u00e4n j\u00e4lkeisi\u00e4 puuhia. Pyykki\u00e4, j\u00e4\u00e4kaapin t\u00e4ytt\u00f6\u00e4, pihakukkien elvytt\u00e4mist\u00e4, (vaikka Juniori oli taas parhaansa varapuutarhurina tehnyt), r\u00e4stipostien hoitoa. Kampaaja ja hieroja ovat ensi viikolla, kuten usein ennenkin juuri m\u00f6kilt\u00e4 paluun j\u00e4lkeisell\u00e4 viikolla. Ei mit\u00e4\u00e4n Muistikuvia-hommia ollut, haudalla en\u2026","rel":"","context":"Kategoriassa &quot;Niit\u00e4 n\u00e4it\u00e4&quot;","block_context":{"text":"Niit\u00e4 n\u00e4it\u00e4","link":"https:\/\/www.satokangas.fi\/blogi\/category\/aiheeton\/"},"img":{"alt_text":"","src":"https:\/\/i0.wp.com\/www.satokangas.fi\/blogi\/wp-content\/uploads\/2024\/08\/vesiaihe.jpg?resize=350%2C200&ssl=1","width":350,"height":200,"srcset":"https:\/\/i0.wp.com\/www.satokangas.fi\/blogi\/wp-content\/uploads\/2024\/08\/vesiaihe.jpg?resize=350%2C200&ssl=1 1x, https:\/\/i0.wp.com\/www.satokangas.fi\/blogi\/wp-content\/uploads\/2024\/08\/vesiaihe.jpg?resize=525%2C300&ssl=1 1.5x, https:\/\/i0.wp.com\/www.satokangas.fi\/blogi\/wp-content\/uploads\/2024\/08\/vesiaihe.jpg?resize=700%2C400&ssl=1 2x"},"classes":[]},{"id":36178,"url":"https:\/\/www.satokangas.fi\/blogi\/2019\/03\/kesaaikaan-hyvin-syoden\/","url_meta":{"origin":45150,"position":2},"title":"Kes\u00e4aikaan hyvin sy\u00f6den","author":"Reija","date":"31.3.2019","format":false,"excerpt":"T\u00e4n\u00e4\u00e4n oli j\u00e4lkk\u00e4riksi j\u00e4\u00e4dykett\u00e4. Instassa kuva kokonaisesta versiosta. Mustikka-vadelmaj\u00e4\u00e4dykett\u00e4. Ja mustikkakastiketta ja kermavaahtoa. Reilut parikymment\u00e4 vuotta sitten, silloin kun telkkarista tuli Bon Appetit ja min\u00e4 opettelin (niin kuin viel\u00e4kin) tekem\u00e4\u00e4n v\u00e4h\u00e4n \"mutkikkaampia\" (= vispaa vesihauteessa) ruokia, tein usein j\u00e4\u00e4dykkeit\u00e4. Varsinkin lakkaj\u00e4\u00e4dykett\u00e4 meill\u00e4 oli usein tarjolla. Siis t\u00e4n\u00e4\u00e4n v\u00e4h\u00e4n retrohenkist\u00e4 j\u00e4lkk\u00e4ri\u00e4.\u2026","rel":"","context":"Kategoriassa &quot;Ruoka ja viini&quot;","block_context":{"text":"Ruoka ja viini","link":"https:\/\/www.satokangas.fi\/blogi\/category\/ruoka_ja_viini\/"},"img":{"alt_text":"","src":"https:\/\/i0.wp.com\/www.satokangas.fi\/blogi\/wp-content\/uploads\/2019\/03\/Hartaanselka.jpg?resize=350%2C200&ssl=1","width":350,"height":200,"srcset":"https:\/\/i0.wp.com\/www.satokangas.fi\/blogi\/wp-content\/uploads\/2019\/03\/Hartaanselka.jpg?resize=350%2C200&ssl=1 1x, https:\/\/i0.wp.com\/www.satokangas.fi\/blogi\/wp-content\/uploads\/2019\/03\/Hartaanselka.jpg?resize=525%2C300&ssl=1 1.5x, https:\/\/i0.wp.com\/www.satokangas.fi\/blogi\/wp-content\/uploads\/2019\/03\/Hartaanselka.jpg?resize=700%2C400&ssl=1 2x"},"classes":[]},{"id":42300,"url":"https:\/\/www.satokangas.fi\/blogi\/2022\/01\/tammikuun-valo\/","url_meta":{"origin":45150,"position":3},"title":"Tammikuun valo","author":"Reija","date":"20.1.2022","format":false,"excerpt":"Tammikuun valo on kylm\u00e4, se tulee matalalta, on alakuloinen. K\u00e4velin kaupunkiin aamup\u00e4iv\u00e4ll\u00e4. My\u00f6t\u00e4tuulessa sain tepastella, ja sitten tilasin sopivasti J\u00e4\u00e4list\u00e4 palaavalta Pehtoorilta kyydin kotiin p\u00e4in, joten ei tarvinut j\u00e4\u00e4ty\u00e4 pohjoisen tuulessa. Viimeisen puolentoista vuoden aikana, kun autoni on ollut puolenkymment\u00e4 kertaa tytt\u00e4rell\u00e4 lainassa, \"pienen Beetlen matkat kauas tuntureille\", olemme hoksanneet,\u2026","rel":"","context":"Kategoriassa &quot;Niit\u00e4 n\u00e4it\u00e4&quot;","block_context":{"text":"Niit\u00e4 n\u00e4it\u00e4","link":"https:\/\/www.satokangas.fi\/blogi\/category\/aiheeton\/"},"img":{"alt_text":"","src":"https:\/\/i0.wp.com\/www.satokangas.fi\/blogi\/wp-content\/uploads\/2022\/01\/tammikuunvalo-2.jpg?resize=350%2C200&ssl=1","width":350,"height":200,"srcset":"https:\/\/i0.wp.com\/www.satokangas.fi\/blogi\/wp-content\/uploads\/2022\/01\/tammikuunvalo-2.jpg?resize=350%2C200&ssl=1 1x, https:\/\/i0.wp.com\/www.satokangas.fi\/blogi\/wp-content\/uploads\/2022\/01\/tammikuunvalo-2.jpg?resize=525%2C300&ssl=1 1.5x"},"classes":[]},{"id":22491,"url":"https:\/\/www.satokangas.fi\/blogi\/2014\/09\/hallitsematon-hallinto\/","url_meta":{"origin":45150,"position":4},"title":"Hallitsematon hallinto","author":"Reija","date":"25.9.2014","format":false,"excerpt":"Yliopiston kaksi perusteht\u00e4v\u00e4\u00e4 ovat opetus ja tutkimus. Min\u00e4 en muista milloin olisin viimeksi opettanut saatikka milloin tutkinut. Jos lasketaan opinto-ohjaus ja opinn\u00e4ytet\u00f6iden ohjaus opettamiseksi (kuten minun toimenkuvassani tehd\u00e4\u00e4n) niin sitten olen opettanut t\u00e4n\u00e4\u00e4n, eilen, viime viikolla ja koko kuukauden, - \u00a0aika paljonkin. Mutta ett\u00e4 olisin luennoinut tai pit\u00e4nyt seminaareja? Ja\u2026","rel":"","context":"Kategoriassa &quot;Niit\u00e4 n\u00e4it\u00e4&quot;","block_context":{"text":"Niit\u00e4 n\u00e4it\u00e4","link":"https:\/\/www.satokangas.fi\/blogi\/category\/aiheeton\/"},"img":{"alt_text":"sivupalkku","src":"https:\/\/i0.wp.com\/www.satokangas.fi\/blogi\/wp-content\/uploads\/2014\/09\/sivupalkku.jpg?resize=350%2C200&ssl=1","width":350,"height":200},"classes":[]},{"id":12458,"url":"https:\/\/www.satokangas.fi\/blogi\/2011\/09\/kokeiluja-keittiossa\/","url_meta":{"origin":45150,"position":5},"title":"Kokeiluja keitti\u00f6ss\u00e4","author":"Reija","date":"23.9.2011","format":false,"excerpt":"Musta-aroniahilloa ajattelin ryhty\u00e4 tekem\u00e4\u00e4n. En ole ennen tehnyt. Mutta nyt ne ovat tuossa pihalla niin tyrkyll\u00e4 ja niit\u00e4 on niin paljon, ett\u00e4 on melkein pakko. Jotain muutakin uutta olen tehnyt t\u00e4n\u00e4\u00e4n: pastis-liekitettyj\u00e4 j\u00e4ttikatkaravunpysrt\u00f6j\u00e4. Ja chevre-gratinoituja portobelloja. Juuri sellaisia ruokia, joita poika ei suin surminkaan s\u00f6isi. Mutta marssimurtumasta k\u00e4rsiv\u00e4 - toivon\u2026","rel":"","context":"Kategoriassa &quot;Niit\u00e4 n\u00e4it\u00e4&quot;","block_context":{"text":"Niit\u00e4 n\u00e4it\u00e4","link":"https:\/\/www.satokangas.fi\/blogi\/category\/aiheeton\/"},"img":{"alt_text":"","src":"https:\/\/i0.wp.com\/www.satokangas.fi\/blogi\/wp-content\/uploads\/Musta-aronia-600x392.jpg?resize=350%2C200&ssl=1","width":350,"height":200,"srcset":"https:\/\/i0.wp.com\/www.satokangas.fi\/blogi\/wp-content\/uploads\/Musta-aronia-600x392.jpg?resize=350%2C200&ssl=1 1x, https:\/\/i0.wp.com\/www.satokangas.fi\/blogi\/wp-content\/uploads\/Musta-aronia-600x392.jpg?resize=525%2C300&ssl=1 1.5x"},"classes":[]}],"_links":{"self":[{"href":"https:\/\/www.satokangas.fi\/blogi\/wp-json\/wp\/v2\/posts\/45150","targetHints":{"allow":["GET"]}}],"collection":[{"href":"https:\/\/www.satokangas.fi\/blogi\/wp-json\/wp\/v2\/posts"}],"about":[{"href":"https:\/\/www.satokangas.fi\/blogi\/wp-json\/wp\/v2\/types\/post"}],"author":[{"embeddable":true,"href":"https:\/\/www.satokangas.fi\/blogi\/wp-json\/wp\/v2\/users\/1"}],"replies":[{"embeddable":true,"href":"https:\/\/www.satokangas.fi\/blogi\/wp-json\/wp\/v2\/comments?post=45150"}],"version-history":[{"count":0,"href":"https:\/\/www.satokangas.fi\/blogi\/wp-json\/wp\/v2\/posts\/45150\/revisions"}],"wp:featuredmedia":[{"embeddable":true,"href":"https:\/\/www.satokangas.fi\/blogi\/wp-json\/wp\/v2\/media\/45153"}],"wp:attachment":[{"href":"https:\/\/www.satokangas.fi\/blogi\/wp-json\/wp\/v2\/media?parent=45150"}],"wp:term":[{"taxonomy":"category","embeddable":true,"href":"https:\/\/www.satokangas.fi\/blogi\/wp-json\/wp\/v2\/categories?post=45150"},{"taxonomy":"post_tag","embeddable":true,"href":"https:\/\/www.satokangas.fi\/blogi\/wp-json\/wp\/v2\/tags?post=45150"}],"curies":[{"name":"wp","href":"https:\/\/api.w.org\/{rel}","templated":true}]}}