{"id":45135,"date":"2023-03-25T21:39:28","date_gmt":"2023-03-25T19:39:28","guid":{"rendered":"https:\/\/www.satokangas.fi\/blogi\/?p=45135"},"modified":"2023-03-25T21:39:28","modified_gmt":"2023-03-25T19:39:28","slug":"valoa-kotiin-ja-maailmaan","status":"publish","type":"post","link":"https:\/\/www.satokangas.fi\/blogi\/2023\/03\/valoa-kotiin-ja-maailmaan\/","title":{"rendered":"Valoa kotiin ja maailmaan"},"content":{"rendered":"<p style=\"text-align: justify;\">T\u00e4\u00e4ll\u00e4 min\u00e4 istun pime\u00e4ss\u00e4 ty\u00f6huoneessani ja postailen, &#8211; oma <a href=\"https:\/\/wwf.fi\/earthhour\/\" target=\"_blank\" rel=\"noopener\">Earth Hour<\/a>. Min\u00e4 kun en usko, ett\u00e4 WWF on &#8221;ulkomainen agentti&#8221;. Olen sit\u00e4 mielt\u00e4, ett\u00e4 maailman ymp\u00e4rist\u00f6n ja luonnon puolesta pit\u00e4isi ja pit\u00e4\u00e4 tehd\u00e4 paljon enemm\u00e4nkin. V\u00e4h\u00e4n enemm\u00e4n vuosi vuodelta yrit\u00e4n itsekin. Siksikin nyt valot pois. Valo on t\u00e4rke\u00e4\u00e4. Siksi ne on hyv\u00e4 sammuttaa v\u00e4lill\u00e4.<\/p>\n<p style=\"text-align: justify;\">T\u00e4lle p\u00e4iv\u00e4lle on muutenkin ollut ominaista valo. Kev\u00e4\u00e4n valo. Paljon valoa t\u00e4ss\u00e4 p\u00e4iv\u00e4ss\u00e4: on jo 32 vuotta siit\u00e4 kun maailmaamme syntyi yksi aika \u00e4\u00e4nek\u00e4s valo.<\/p>\n<p style=\"text-align: justify;\">Valoa oli my\u00f6s ladulla, keitti\u00f6ss\u00e4, ihan poikkeuksellisen vilkkaassa Whatsapp-p\u00e4iv\u00e4ss\u00e4: eilisen illan j\u00e4lkimainingeissa yst\u00e4vien kanssa kiitoksia, kommentteja, reseptej\u00e4, kuvia ja sitten taas kerran perhepiiriss\u00e4 paljon &#8221;asiaa&#8221;, mihin olennaisesti vaikutti se, ett\u00e4 V\u00e4vy on ty\u00f6paikan reissulla Rukalla ja Ty\u00e4r itsekseen J\u00e4rvenp\u00e4\u00e4ss\u00e4, Juniori ja R. Tampereella minilomasella. P\u00e4iv\u00e4n WA-saldo l\u00e4hemm\u00e4s 200 viesti\u00e4. Aika hassua, eik\u00f6?<\/p>\n<p><a href=\"https:\/\/www.satokangas.fi\/blogi\/2023\/03\/valoa-kotiin-ja-maailmaan\/ruukunvartija-3\/\" rel=\"attachment wp-att-45138\"><img loading=\"lazy\" decoding=\"async\" data-attachment-id=\"45138\" data-permalink=\"https:\/\/www.satokangas.fi\/blogi\/2023\/03\/valoa-kotiin-ja-maailmaan\/ruukunvartija-3\/\" data-orig-file=\"https:\/\/www.satokangas.fi\/blogi\/wp-content\/uploads\/2023\/03\/ruukunvartija-3.jpg\" data-orig-size=\"1000,667\" data-comments-opened=\"1\" data-image-meta=\"{&quot;aperture&quot;:&quot;5.6&quot;,&quot;credit&quot;:&quot;&quot;,&quot;camera&quot;:&quot;Canon EOS R&quot;,&quot;caption&quot;:&quot;&quot;,&quot;created_timestamp&quot;:&quot;1679729368&quot;,&quot;copyright&quot;:&quot;&quot;,&quot;focal_length&quot;:&quot;42&quot;,&quot;iso&quot;:&quot;500&quot;,&quot;shutter_speed&quot;:&quot;0.033333333333333&quot;,&quot;title&quot;:&quot;&quot;,&quot;orientation&quot;:&quot;0&quot;}\" data-image-title=\"ruukunvartija-3\" data-image-description=\"\" data-image-caption=\"\" data-large-file=\"https:\/\/www.satokangas.fi\/blogi\/wp-content\/uploads\/2023\/03\/ruukunvartija-3.jpg\" class=\"aligncenter size-full wp-image-45138\" src=\"https:\/\/www.satokangas.fi\/blogi\/wp-content\/uploads\/2023\/03\/ruukunvartija-3.jpg\" alt=\"\" width=\"1000\" height=\"667\" srcset=\"https:\/\/www.satokangas.fi\/blogi\/wp-content\/uploads\/2023\/03\/ruukunvartija-3.jpg 1000w, https:\/\/www.satokangas.fi\/blogi\/wp-content\/uploads\/2023\/03\/ruukunvartija-3-600x400.jpg 600w, https:\/\/www.satokangas.fi\/blogi\/wp-content\/uploads\/2023\/03\/ruukunvartija-3-300x200.jpg 300w, https:\/\/www.satokangas.fi\/blogi\/wp-content\/uploads\/2023\/03\/ruukunvartija-3-768x512.jpg 768w, https:\/\/www.satokangas.fi\/blogi\/wp-content\/uploads\/2023\/03\/ruukunvartija-3-90x60.jpg 90w\" sizes=\"auto, (max-width: 1000px) 100vw, 1000px\" \/><\/a><\/p>\n<p style=\"text-align: justify;\">Tuli mieleen ajat, jolloin ei ollut t\u00e4llaiseen mahdollisuutta. Esimerkki: olimme poikayst\u00e4v\u00e4n (nyk. Pehtoori) kanssa kuukauden auto-teltta-reissulla It\u00e4blogin maissa, jolloin mm. Puolassa oli menossa vallanvaihto, Solidaarisuus-liike ja Lech Walesa, jolloin auto hajosi, jolloin valuutanvaihdon kanssa oli pieni\u00e4 hankaluuksia etc. (joista mik\u00e4\u00e4n ei kyll\u00e4 meit\u00e4 isommasti h\u00e4irinnyt, mutta olivat kyll\u00e4 &#8221;tapahtumia&#8221;, joista varmasti olisi koti-Suomeen whatsappeiltu jos sellainen olisi ollut mahdollista\/tapana). Noh, soitimme me Suomeen. Mm. Budapestissa odottelimme p\u00e4\u00e4postissa muutaman tunnin puhelua koteihimme. Aukesihan se linja. \ud83d\ude42\u00a0 Ja jonku toisenkin kerran soitimme. Ei mit\u00e4\u00e4n perhechattia! \u00c4ideille soiteltiin. Kerran tai kahdesti, ihan riitt\u00e4v\u00e4sti. \ud83d\ude42<\/p>\n<p><a href=\"https:\/\/www.satokangas.fi\/blogi\/2023\/03\/valoa-kotiin-ja-maailmaan\/ruukunvartija-2\/\" rel=\"attachment wp-att-45137\"><img loading=\"lazy\" decoding=\"async\" data-attachment-id=\"45137\" data-permalink=\"https:\/\/www.satokangas.fi\/blogi\/2023\/03\/valoa-kotiin-ja-maailmaan\/ruukunvartija-2\/\" data-orig-file=\"https:\/\/www.satokangas.fi\/blogi\/wp-content\/uploads\/2023\/03\/ruukunvartija-2.jpg\" data-orig-size=\"1000,610\" data-comments-opened=\"1\" data-image-meta=\"{&quot;aperture&quot;:&quot;3.5&quot;,&quot;credit&quot;:&quot;REIJA SATOKANGAS&quot;,&quot;camera&quot;:&quot;Canon EOS 5D Mark IV&quot;,&quot;caption&quot;:&quot;&quot;,&quot;created_timestamp&quot;:&quot;1679748598&quot;,&quot;copyright&quot;:&quot;&quot;,&quot;focal_length&quot;:&quot;50&quot;,&quot;iso&quot;:&quot;500&quot;,&quot;shutter_speed&quot;:&quot;0.0008&quot;,&quot;title&quot;:&quot;&quot;,&quot;orientation&quot;:&quot;0&quot;}\" data-image-title=\"ruukunvartija-2\" data-image-description=\"\" data-image-caption=\"\" data-large-file=\"https:\/\/www.satokangas.fi\/blogi\/wp-content\/uploads\/2023\/03\/ruukunvartija-2.jpg\" class=\"aligncenter size-full wp-image-45137\" src=\"https:\/\/www.satokangas.fi\/blogi\/wp-content\/uploads\/2023\/03\/ruukunvartija-2.jpg\" alt=\"\" width=\"1000\" height=\"610\" srcset=\"https:\/\/www.satokangas.fi\/blogi\/wp-content\/uploads\/2023\/03\/ruukunvartija-2.jpg 1000w, https:\/\/www.satokangas.fi\/blogi\/wp-content\/uploads\/2023\/03\/ruukunvartija-2-656x400.jpg 656w, https:\/\/www.satokangas.fi\/blogi\/wp-content\/uploads\/2023\/03\/ruukunvartija-2-300x183.jpg 300w, https:\/\/www.satokangas.fi\/blogi\/wp-content\/uploads\/2023\/03\/ruukunvartija-2-768x468.jpg 768w, https:\/\/www.satokangas.fi\/blogi\/wp-content\/uploads\/2023\/03\/ruukunvartija-2-98x60.jpg 98w\" sizes=\"auto, (max-width: 1000px) 100vw, 1000px\" \/><\/a><\/p>\n<p>T\u00e4n\u00e4\u00e4n valoa oli my\u00f6s hangilla, mets\u00e4ss\u00e4, ladulla. Kev\u00e4\u00e4n valoa my\u00f6s ruokap\u00f6yd\u00e4ss\u00e4: parsakausi avattu! Valoa tulvi sis\u00e4llekin. Valokuvasin pupujani,\u00a0 t\u00e4ll\u00e4sin viherkasveja altistumaan valolle.<\/p>\n<p style=\"text-align: center;\"><a href=\"https:\/\/www.satokangas.fi\/blogi\/2023\/03\/valoa-kotiin-ja-maailmaan\/ruukunvartija\/\" rel=\"attachment wp-att-45136\"><img loading=\"lazy\" decoding=\"async\" data-attachment-id=\"45136\" data-permalink=\"https:\/\/www.satokangas.fi\/blogi\/2023\/03\/valoa-kotiin-ja-maailmaan\/ruukunvartija\/\" data-orig-file=\"https:\/\/www.satokangas.fi\/blogi\/wp-content\/uploads\/2023\/03\/ruukunvartija.jpg\" data-orig-size=\"830,1000\" data-comments-opened=\"1\" data-image-meta=\"{&quot;aperture&quot;:&quot;3.5&quot;,&quot;credit&quot;:&quot;REIJA SATOKANGAS&quot;,&quot;camera&quot;:&quot;Canon EOS 5D Mark IV&quot;,&quot;caption&quot;:&quot;&quot;,&quot;created_timestamp&quot;:&quot;1679748556&quot;,&quot;copyright&quot;:&quot;&quot;,&quot;focal_length&quot;:&quot;50&quot;,&quot;iso&quot;:&quot;500&quot;,&quot;shutter_speed&quot;:&quot;0.001&quot;,&quot;title&quot;:&quot;&quot;,&quot;orientation&quot;:&quot;0&quot;}\" data-image-title=\"ruukunvartija\" data-image-description=\"\" data-image-caption=\"\" data-large-file=\"https:\/\/www.satokangas.fi\/blogi\/wp-content\/uploads\/2023\/03\/ruukunvartija.jpg\" class=\"aligncenter size-full wp-image-45136\" src=\"https:\/\/www.satokangas.fi\/blogi\/wp-content\/uploads\/2023\/03\/ruukunvartija.jpg\" alt=\"\" width=\"830\" height=\"1000\" srcset=\"https:\/\/www.satokangas.fi\/blogi\/wp-content\/uploads\/2023\/03\/ruukunvartija.jpg 830w, https:\/\/www.satokangas.fi\/blogi\/wp-content\/uploads\/2023\/03\/ruukunvartija-332x400.jpg 332w, https:\/\/www.satokangas.fi\/blogi\/wp-content\/uploads\/2023\/03\/ruukunvartija-249x300.jpg 249w, https:\/\/www.satokangas.fi\/blogi\/wp-content\/uploads\/2023\/03\/ruukunvartija-768x925.jpg 768w, https:\/\/www.satokangas.fi\/blogi\/wp-content\/uploads\/2023\/03\/ruukunvartija-50x60.jpg 50w\" sizes=\"auto, (max-width: 830px) 100vw, 830px\" \/><\/a><br \/>\nT\u00e4m\u00e4 ruukkupupukin on uusi, Puutarhurin Majasta kuten muutkin t\u00e4m\u00e4n kev\u00e4\u00e4n uudet puput. Ja nimet\u00f6nh\u00e4n se t\u00e4m\u00e4kin viel\u00e4 on.<\/p>\n<p>&nbsp;<\/p>\n","protected":false},"excerpt":{"rendered":"<p>T\u00e4\u00e4ll\u00e4 min\u00e4 istun pime\u00e4ss\u00e4 ty\u00f6huoneessani ja postailen, &#8211; oma Earth Hour. Min\u00e4 kun en usko, ett\u00e4 WWF on &#8221;ulkomainen agentti&#8221;. Olen sit\u00e4 mielt\u00e4, ett\u00e4 maailman ymp\u00e4rist\u00f6n ja luonnon puolesta pit\u00e4isi ja pit\u00e4\u00e4 tehd\u00e4 paljon enemm\u00e4nkin. V\u00e4h\u00e4n enemm\u00e4n vuosi vuodelta yrit\u00e4n itsekin. Siksikin nyt valot pois. Valo on t\u00e4rke\u00e4\u00e4. Siksi ne on hyv\u00e4 sammuttaa v\u00e4lill\u00e4. T\u00e4lle p\u00e4iv\u00e4lle on muutenkin ollut ominaista &hellip; <\/p>\n","protected":false},"author":1,"featured_media":45139,"comment_status":"open","ping_status":"open","sticky":false,"template":"","format":"standard","meta":{"jetpack_post_was_ever_published":false,"_jetpack_newsletter_access":"","_jetpack_dont_email_post_to_subs":false,"_jetpack_newsletter_tier_id":0,"_jetpack_memberships_contains_paywalled_content":false,"_jetpack_memberships_contains_paid_content":false,"footnotes":"","jetpack_publicize_message":"","jetpack_publicize_feature_enabled":true,"jetpack_social_post_already_shared":true,"jetpack_social_options":{"image_generator_settings":{"template":"highway","default_image_id":0,"font":"","enabled":false},"version":2}},"categories":[1],"tags":[],"class_list":["post-45135","post","type-post","status-publish","format-standard","has-post-thumbnail","hentry","category-aiheeton","latest_post"],"jetpack_publicize_connections":[],"jetpack_featured_media_url":"https:\/\/www.satokangas.fi\/blogi\/wp-content\/uploads\/2023\/03\/ruukunvartija-4.jpg","jetpack_shortlink":"https:\/\/wp.me\/pr4p4-bJZ","jetpack_sharing_enabled":true,"jetpack_likes_enabled":false,"jetpack-related-posts":[{"id":53620,"url":"https:\/\/www.satokangas.fi\/blogi\/2025\/12\/toistoa-lucian-paivana\/","url_meta":{"origin":45135,"position":0},"title":"Toistoa Lucian p\u00e4iv\u00e4n\u00e4","author":"Reija","date":"13.12.2025","format":false,"excerpt":"Lucian p\u00e4iv\u00e4n\u00e4 valoa - edes v\u00e4h\u00e4n. Min\u00e4 yritin! Min\u00e4 todella yritin, ett\u00e4 olisin innostunut kiertelem\u00e4\u00e4n kaupungilla kuvailemassa valoja, joulua, jotain Luciaan viittaavaa... Nope! Pakkasta ei aamup\u00e4iv\u00e4ll\u00e4 ollut kuin jotain - 14 C, ja minulla kyll\u00e4 oli Michelin-ukkelin verran toppauksia, mutta taas l\u00e4sn\u00e4 se \u00b4oululainen pieni vinkka\u00b4. Aika pian totesin: \"mun\u2026","rel":"","context":"Kategoriassa &quot;Historiaa&quot;","block_context":{"text":"Historiaa","link":"https:\/\/www.satokangas.fi\/blogi\/category\/historiaa\/"},"img":{"alt_text":"","src":"https:\/\/i0.wp.com\/www.satokangas.fi\/blogi\/wp-content\/uploads\/2025\/12\/Jouluinen-aittatori.jpg?resize=350%2C200&ssl=1","width":350,"height":200,"srcset":"https:\/\/i0.wp.com\/www.satokangas.fi\/blogi\/wp-content\/uploads\/2025\/12\/Jouluinen-aittatori.jpg?resize=350%2C200&ssl=1 1x, https:\/\/i0.wp.com\/www.satokangas.fi\/blogi\/wp-content\/uploads\/2025\/12\/Jouluinen-aittatori.jpg?resize=525%2C300&ssl=1 1.5x, https:\/\/i0.wp.com\/www.satokangas.fi\/blogi\/wp-content\/uploads\/2025\/12\/Jouluinen-aittatori.jpg?resize=700%2C400&ssl=1 2x, https:\/\/i0.wp.com\/www.satokangas.fi\/blogi\/wp-content\/uploads\/2025\/12\/Jouluinen-aittatori.jpg?resize=1050%2C600&ssl=1 3x"},"classes":[]},{"id":44904,"url":"https:\/\/www.satokangas.fi\/blogi\/2023\/02\/talvi-mattina-vahan-on-paljon\/","url_meta":{"origin":45135,"position":1},"title":"Talvi-Mattina v\u00e4h\u00e4n on paljon","author":"Reija","date":"24.2.2023","format":false,"excerpt":"Se on talvi-Matti t\u00e4n\u00e4\u00e4n. Vanhassa kalenterissa my\u00f6s karkausp\u00e4iv\u00e4. Matin p\u00e4iv\u00e4 jakaa talven, siit\u00e4 siirryt\u00e4\u00e4n kev\u00e4ttalveen. T\u00e4\u00e4ll\u00e4 Talvi-Matista enemm\u00e4n. Onhan t\u00e4lle p\u00e4iv\u00e4m\u00e4\u00e4r\u00e4lle paljon synkempikin kalenterimerkint\u00e4 - on jo vuosi kulunut. Mutta t\u00e4\u00e4ll\u00e4 maailman laidalla v\u00e4ist\u00e4m\u00e4tt\u00e4 p\u00e4\u00e4llimm\u00e4inen ajatus kuitenkin on, ett\u00e4 on talvi. Paukkupakkanen on ohi, - ainakin t\u00e4ll\u00e4 er\u00e4\u00e4. T\u00e4n\u00e4\u00e4n minun\u2026","rel":"","context":"Kategoriassa &quot;Lappi&quot;","block_context":{"text":"Lappi","link":"https:\/\/www.satokangas.fi\/blogi\/category\/lappi\/"},"img":{"alt_text":"","src":"https:\/\/i0.wp.com\/www.satokangas.fi\/blogi\/wp-content\/uploads\/2023\/02\/1-19.jpg?resize=350%2C200&ssl=1","width":350,"height":200,"srcset":"https:\/\/i0.wp.com\/www.satokangas.fi\/blogi\/wp-content\/uploads\/2023\/02\/1-19.jpg?resize=350%2C200&ssl=1 1x, https:\/\/i0.wp.com\/www.satokangas.fi\/blogi\/wp-content\/uploads\/2023\/02\/1-19.jpg?resize=525%2C300&ssl=1 1.5x, https:\/\/i0.wp.com\/www.satokangas.fi\/blogi\/wp-content\/uploads\/2023\/02\/1-19.jpg?resize=700%2C400&ssl=1 2x"},"classes":[]},{"id":16566,"url":"https:\/\/www.satokangas.fi\/blogi\/2013\/02\/valoa-kohti-2\/","url_meta":{"origin":45135,"position":2},"title":"Valoa kohti","author":"Reija","date":"20.2.2013","format":false,"excerpt":"T\u00e4n\u00e4\u00e4n t\u00f6ist\u00e4 tullessa valo. Valo parkkipaikalla, valo mieless\u00e4kin, \u00a0iltap\u00e4iv\u00e4n lempe\u00e4 valo heijastui kauniisti ruokahuoneen paneelisein\u00e4\u00e4n. T\u00e4n\u00e4\u00e4n kun ei tarvitse lennosta l\u00e4hte\u00e4 kokoukseen niin kuin huomenna pit\u00e4\u00e4, eik\u00e4 \u00a0kursseille niinkuin eilen tai toissap\u00e4iv\u00e4n\u00e4 piti, ja kun \u00a0t\u00e4n\u00e4\u00e4n ei ole viikonloppuna varastoon tehtyj\u00e4 \u00a0puolivalmiita blogipostauksia (sellaista tulee joskus harjoitettua ;)), voin kertoakin\u2026","rel":"","context":"Kategoriassa &quot;Niit\u00e4 n\u00e4it\u00e4&quot;","block_context":{"text":"Niit\u00e4 n\u00e4it\u00e4","link":"https:\/\/www.satokangas.fi\/blogi\/category\/aiheeton\/"},"img":{"alt_text":"valo-3","src":"https:\/\/i0.wp.com\/www.satokangas.fi\/blogi\/wp-content\/uploads\/2013\/02\/valo-3-231x400.jpg?resize=350%2C200&ssl=1","width":350,"height":200},"classes":[]},{"id":29735,"url":"https:\/\/www.satokangas.fi\/blogi\/2016\/11\/lumo-oulussa-on-taas-valoa\/","url_meta":{"origin":45135,"position":3},"title":"Lumo &#8211; Oulussa on taas valoa","author":"Reija","date":"24.11.2016","format":false,"excerpt":"\u00b4Valoa Oulu\u00b4, joka t\u00e4n\u00e4 vuonna on saanut nimekseen Lumo, on t\u00e4\u00e4ll\u00e4 taas. Tai tapahtuma alkoi jo viime viikonloppuna, ja jatkuu viel\u00e4 sunnuntaihin asti. Mie p\u00e4\u00e4sin t\u00e4n\u00e4\u00e4n\u00a0sit\u00e4 iltasella kuvailemaan. Monta tuntia kiertelin kaupungilla, harkitsin viel\u00e4 Pikkaralaan l\u00e4ht\u00f6\u00e4, siell\u00e4 olis ollut lossi valaistuna komeasti, mutta jo niin palelin, ett\u00e4 kotiuduin... Monia kohteita\u2026","rel":"","context":"Kategoriassa &quot;Valokuvaus&quot;","block_context":{"text":"Valokuvaus","link":"https:\/\/www.satokangas.fi\/blogi\/category\/valokuvaus\/"},"img":{"alt_text":"lumo-4","src":"https:\/\/i0.wp.com\/www.satokangas.fi\/blogi\/wp-content\/uploads\/2016\/11\/Lumo-4-600x400.jpg?resize=350%2C200&ssl=1","width":350,"height":200,"srcset":"https:\/\/i0.wp.com\/www.satokangas.fi\/blogi\/wp-content\/uploads\/2016\/11\/Lumo-4-600x400.jpg?resize=350%2C200&ssl=1 1x, https:\/\/i0.wp.com\/www.satokangas.fi\/blogi\/wp-content\/uploads\/2016\/11\/Lumo-4-600x400.jpg?resize=525%2C300&ssl=1 1.5x"},"classes":[]},{"id":35678,"url":"https:\/\/www.satokangas.fi\/blogi\/2018\/12\/aatonaatto-iloa-ja-valoa\/","url_meta":{"origin":45135,"position":4},"title":"Aatonaatto &#8211; iloa ja valoa","author":"Reija","date":"23.12.2018","format":false,"excerpt":"Sunnuntai. Seh\u00e4n se t\u00e4n\u00e4\u00e4n. Aatonaatto. Pakkassunnuntai (nyt mittari n\u00e4ytt\u00e4\u00e4 - 19 C). P\u00e4iv\u00e4, jolloin en ole kunnolla ulkona k\u00e4ynyt. Mutta aika paljon olen ehtinyt... ja aika hassua, ett\u00e4 kaikki liittyy enemm\u00e4n v\u00e4hemm\u00e4n ruokaan. Joko sen tekemiseen, nauttimiseen, viemiseen, misojen tekoon... Puolelta p\u00e4ivin k\u00e4vimme tytt\u00e4ren ja Pehtoorin kanssa \u00e4idin luona \"brunssilla\":\u2026","rel":"","context":"Kategoriassa &quot;Isovanhemmuus&quot;","block_context":{"text":"Isovanhemmuus","link":"https:\/\/www.satokangas.fi\/blogi\/category\/isovanhemmuus\/"},"img":{"alt_text":"","src":"https:\/\/i0.wp.com\/www.satokangas.fi\/blogi\/wp-content\/uploads\/2018\/12\/Tontut.jpg?resize=350%2C200&ssl=1","width":350,"height":200,"srcset":"https:\/\/i0.wp.com\/www.satokangas.fi\/blogi\/wp-content\/uploads\/2018\/12\/Tontut.jpg?resize=350%2C200&ssl=1 1x, https:\/\/i0.wp.com\/www.satokangas.fi\/blogi\/wp-content\/uploads\/2018\/12\/Tontut.jpg?resize=525%2C300&ssl=1 1.5x, https:\/\/i0.wp.com\/www.satokangas.fi\/blogi\/wp-content\/uploads\/2018\/12\/Tontut.jpg?resize=700%2C400&ssl=1 2x"},"classes":[]},{"id":26887,"url":"https:\/\/www.satokangas.fi\/blogi\/2015\/11\/marraskuukin-kuluu\/","url_meta":{"origin":45135,"position":5},"title":"Marraskuukin kuluu","author":"Reija","date":"24.11.2015","format":false,"excerpt":"\u00a0 Kuukausi jouluaattoon. Marraskuu on pian ohi. Ja marraskuun piti olla minulle toiseksi vaikein jakso t\u00e4ss\u00e4 \"pois-t\u00f6ist\u00e4, ty\u00f6paikaton\" -el\u00e4m\u00e4ss\u00e4ni. Vaikeimmaksi arvelin tammi-helmikuuta, eik\u00e4 se arvelu ole viel\u00e4 mihink\u00e4\u00e4n muuttunut. Kilpa-ajo. Pehtoori suunnitteli jo alkusyksyst\u00e4, ett\u00e4 h\u00e4n \"pakenee\" marraskuussa m\u00f6kille viikoksi, koska arveli, ett\u00e4 meitsin levottomuus ilman pitki\u00e4 ty\u00f6p\u00e4ivi\u00e4, viikonloppuihinkin riitt\u00e4vi\u00e4\u2026","rel":"","context":"Kategoriassa &quot;Niit\u00e4 n\u00e4it\u00e4&quot;","block_context":{"text":"Niit\u00e4 n\u00e4it\u00e4","link":"https:\/\/www.satokangas.fi\/blogi\/category\/aiheeton\/"},"img":{"alt_text":"","src":"https:\/\/i0.wp.com\/www.satokangas.fi\/blogi\/wp-content\/uploads\/2015\/11\/Valoa-Oulu-15-600x400.jpg?resize=350%2C200&ssl=1","width":350,"height":200,"srcset":"https:\/\/i0.wp.com\/www.satokangas.fi\/blogi\/wp-content\/uploads\/2015\/11\/Valoa-Oulu-15-600x400.jpg?resize=350%2C200&ssl=1 1x, https:\/\/i0.wp.com\/www.satokangas.fi\/blogi\/wp-content\/uploads\/2015\/11\/Valoa-Oulu-15-600x400.jpg?resize=525%2C300&ssl=1 1.5x, https:\/\/i0.wp.com\/www.satokangas.fi\/blogi\/wp-content\/uploads\/2015\/11\/Valoa-Oulu-15-600x400.jpg?resize=700%2C400&ssl=1 2x"},"classes":[]}],"_links":{"self":[{"href":"https:\/\/www.satokangas.fi\/blogi\/wp-json\/wp\/v2\/posts\/45135","targetHints":{"allow":["GET"]}}],"collection":[{"href":"https:\/\/www.satokangas.fi\/blogi\/wp-json\/wp\/v2\/posts"}],"about":[{"href":"https:\/\/www.satokangas.fi\/blogi\/wp-json\/wp\/v2\/types\/post"}],"author":[{"embeddable":true,"href":"https:\/\/www.satokangas.fi\/blogi\/wp-json\/wp\/v2\/users\/1"}],"replies":[{"embeddable":true,"href":"https:\/\/www.satokangas.fi\/blogi\/wp-json\/wp\/v2\/comments?post=45135"}],"version-history":[{"count":0,"href":"https:\/\/www.satokangas.fi\/blogi\/wp-json\/wp\/v2\/posts\/45135\/revisions"}],"wp:featuredmedia":[{"embeddable":true,"href":"https:\/\/www.satokangas.fi\/blogi\/wp-json\/wp\/v2\/media\/45139"}],"wp:attachment":[{"href":"https:\/\/www.satokangas.fi\/blogi\/wp-json\/wp\/v2\/media?parent=45135"}],"wp:term":[{"taxonomy":"category","embeddable":true,"href":"https:\/\/www.satokangas.fi\/blogi\/wp-json\/wp\/v2\/categories?post=45135"},{"taxonomy":"post_tag","embeddable":true,"href":"https:\/\/www.satokangas.fi\/blogi\/wp-json\/wp\/v2\/tags?post=45135"}],"curies":[{"name":"wp","href":"https:\/\/api.w.org\/{rel}","templated":true}]}}