{"id":44970,"date":"2023-03-01T19:52:43","date_gmt":"2023-03-01T17:52:43","guid":{"rendered":"https:\/\/www.satokangas.fi\/blogi\/?p=44970"},"modified":"2023-03-01T21:52:07","modified_gmt":"2023-03-01T19:52:07","slug":"mokkitiella-ja-ladulla","status":"publish","type":"post","link":"https:\/\/www.satokangas.fi\/blogi\/2023\/03\/mokkitiella-ja-ladulla\/","title":{"rendered":"M\u00f6kkitiell\u00e4 ja ladulla"},"content":{"rendered":"<p style=\"text-align: justify;\">HIljaista ja ruuhkaista.<\/p>\n<p style=\"text-align: justify;\">M\u00f6kkitien varrella oleva vesijohdon veto-operaatio on paitsi maisemallisesti ik\u00e4v\u00e4\u00e4, my\u00f6s liikenn\u00f6inti\u00e4 vaikeuttavaa. V\u00e4lill\u00e4 p\u00e4\u00e4see kulkemaan ongelmitta, v\u00e4lill\u00e4 on odotettava hyv\u00e4 tovi, ett\u00e4 kaivurin kuljettaja saa tien putsatuksi ja siirrytyksi sivuun. Aamusella p\u00e4\u00e4simme Kuukkeli-reissulla helposti ohi, mutta puolenp\u00e4iv\u00e4n j\u00e4lkeen tie oli taas tukossa ja siltarummut Hangasojan kohdalla\u00a0 myllerryksess\u00e4.<\/p>\n<p><a href=\"https:\/\/www.satokangas.fi\/blogi\/2023\/03\/mokkitiella-ja-ladulla\/rumakurun-6\/\" rel=\"attachment wp-att-44976\"><img loading=\"lazy\" decoding=\"async\" data-attachment-id=\"44976\" data-permalink=\"https:\/\/www.satokangas.fi\/blogi\/2023\/03\/mokkitiella-ja-ladulla\/rumakurun-6\/\" data-orig-file=\"https:\/\/www.satokangas.fi\/blogi\/wp-content\/uploads\/2023\/03\/Rumakurun-6.jpg\" data-orig-size=\"1000,774\" data-comments-opened=\"1\" data-image-meta=\"{&quot;aperture&quot;:&quot;1.8&quot;,&quot;credit&quot;:&quot;&quot;,&quot;camera&quot;:&quot;CLT-L29&quot;,&quot;caption&quot;:&quot;&quot;,&quot;created_timestamp&quot;:&quot;1677672344&quot;,&quot;copyright&quot;:&quot;&quot;,&quot;focal_length&quot;:&quot;5.58&quot;,&quot;iso&quot;:&quot;50&quot;,&quot;shutter_speed&quot;:&quot;0.0023255813953488&quot;,&quot;title&quot;:&quot;&quot;,&quot;orientation&quot;:&quot;0&quot;}\" data-image-title=\"Rumakurun-6\" data-image-description=\"\" data-image-caption=\"\" data-large-file=\"https:\/\/www.satokangas.fi\/blogi\/wp-content\/uploads\/2023\/03\/Rumakurun-6.jpg\" class=\"wp-image-44976 size-medium alignleft\" src=\"https:\/\/www.satokangas.fi\/blogi\/wp-content\/uploads\/2023\/03\/Rumakurun-6-517x400.jpg\" alt=\"\" width=\"517\" height=\"400\" srcset=\"https:\/\/www.satokangas.fi\/blogi\/wp-content\/uploads\/2023\/03\/Rumakurun-6-517x400.jpg 517w, https:\/\/www.satokangas.fi\/blogi\/wp-content\/uploads\/2023\/03\/Rumakurun-6-300x232.jpg 300w, https:\/\/www.satokangas.fi\/blogi\/wp-content\/uploads\/2023\/03\/Rumakurun-6-768x594.jpg 768w, https:\/\/www.satokangas.fi\/blogi\/wp-content\/uploads\/2023\/03\/Rumakurun-6-78x60.jpg 78w, https:\/\/www.satokangas.fi\/blogi\/wp-content\/uploads\/2023\/03\/Rumakurun-6.jpg 1000w\" sizes=\"auto, (max-width: 517px) 100vw, 517px\" \/><\/a><\/p>\n<p>&nbsp;<\/p>\n<p>&nbsp;<\/p>\n<p style=\"text-align: justify;\">No eip\u00e4 minulla kiirett\u00e4; p\u00e4\u00e4sin aikani odoteltuani ohi, sek\u00e4 menness\u00e4 ett\u00e4 tullessa. Tullessa toinenkin este: l\u00e4hitienoon pari vuotta vireill\u00e4 ollut iso m\u00f6kkiremppa\/laajennus oli sekin levitt\u00e4ytynyt tielle katkaissen kulun. Olipa minulla aikaa odotella. T\u00e4\u00e4ll\u00e4 kun ei kellonajoista tai aikatauluista kovastikaan v\u00e4li\u00e4.<\/p>\n<p style=\"text-align: justify;\">Pehtoorin l\u00e4mmitt\u00e4m\u00e4\u00e4n saunaan ehdin ihan hyvin.<\/p>\n<p style=\"text-align: justify;\">Saunan l\u00e4mmitykseenkin kaivuriprojekti vaikutti: t\u00e4n\u00e4\u00e4n kun oli se p\u00e4iv\u00e4 ett\u00e4 vesijohto- ja viem\u00e4rilinjaa kaivettiin puron poikki. Meh\u00e4n ollaan kaivuuv\u00e4yl\u00e4n alajuoksulla, joten ei ole m\u00f6kkipuron vesi kirkasta nyt. M\u00f6kin hanasta porakaivovett\u00e4 sis\u00e4lt\u00e4 oli tunturipuron sijaan saunalle kannettava. T\u00e4mm\u00f6isi\u00e4 ensimm\u00e4isen maailman ongelmia t\u00e4n\u00e4\u00e4n: ruuhkaa Hangasojantiell\u00e4!<\/p>\n<p style=\"text-align: justify;\">Mutta ladulla ei ollut ruuhkaa. Hiihtelin Savottakahvilan pihasta Rumakurulle. Eik\u00e4 montakaan vastaantulijaa, eik\u00e4 taukopaikallakaan kuin muutama hiihtelij\u00e4. Kaukana parin vuoden takaiset jonot p\u00e4iv\u00e4tuvilla: silloin esim. Piispanojalla hiihtolomalaiset odottelivat p\u00e4iv\u00e4tuvan pihassa vuoroaan p\u00e4\u00e4st\u00e4kseen makkaranpaistoon tuvan sis\u00e4lle tulipaikan \u00e4\u00e4relle.<\/p>\n<p>&nbsp;<\/p>\n<p><a href=\"https:\/\/www.satokangas.fi\/blogi\/2023\/03\/mokkitiella-ja-ladulla\/jhdr-2\/\" rel=\"attachment wp-att-44974\"><img loading=\"lazy\" decoding=\"async\" data-attachment-id=\"44974\" data-permalink=\"https:\/\/www.satokangas.fi\/blogi\/2023\/03\/mokkitiella-ja-ladulla\/jhdr-2\/\" data-orig-file=\"https:\/\/www.satokangas.fi\/blogi\/wp-content\/uploads\/2023\/03\/Rumakurun-4.jpg\" data-orig-size=\"750,1000\" data-comments-opened=\"1\" data-image-meta=\"{&quot;aperture&quot;:&quot;1.8&quot;,&quot;credit&quot;:&quot;&quot;,&quot;camera&quot;:&quot;CLT-L29&quot;,&quot;caption&quot;:&quot;jhdr&quot;,&quot;created_timestamp&quot;:&quot;1677677173&quot;,&quot;copyright&quot;:&quot;&quot;,&quot;focal_length&quot;:&quot;5.58&quot;,&quot;iso&quot;:&quot;64&quot;,&quot;shutter_speed&quot;:&quot;0.01&quot;,&quot;title&quot;:&quot;jhdr&quot;,&quot;orientation&quot;:&quot;0&quot;}\" data-image-title=\"jhdr\" data-image-description=\"\" data-image-caption=\"&lt;p&gt;jhdr&lt;\/p&gt;\n\" data-large-file=\"https:\/\/www.satokangas.fi\/blogi\/wp-content\/uploads\/2023\/03\/Rumakurun-4.jpg\" class=\"aligncenter wp-image-44974\" src=\"https:\/\/www.satokangas.fi\/blogi\/wp-content\/uploads\/2023\/03\/Rumakurun-4.jpg\" alt=\"\" width=\"600\" height=\"800\" srcset=\"https:\/\/www.satokangas.fi\/blogi\/wp-content\/uploads\/2023\/03\/Rumakurun-4.jpg 750w, https:\/\/www.satokangas.fi\/blogi\/wp-content\/uploads\/2023\/03\/Rumakurun-4-300x400.jpg 300w, https:\/\/www.satokangas.fi\/blogi\/wp-content\/uploads\/2023\/03\/Rumakurun-4-225x300.jpg 225w, https:\/\/www.satokangas.fi\/blogi\/wp-content\/uploads\/2023\/03\/Rumakurun-4-45x60.jpg 45w\" sizes=\"auto, (max-width: 600px) 100vw, 600px\" \/><\/a><\/p>\n<p style=\"text-align: justify;\"><span style=\"font-size: 16px;\">T\u00e4n\u00e4\u00e4n ei korona-ajan kotimaan matkailubuumista tietoakaan: hiihtolomalaiset ovat taas lenn\u00e4ht\u00e4neet Kanarialle ja Thaimaahan, eik\u00e4 p\u00e4iv\u00e4tuvilla turvav\u00e4lej\u00e4 mittailla ja puuceet ovat auki. Siit\u00e4 tietysti hyv\u00e4 mieli, ja onneksi turisteja sent\u00e4\u00e4n n\u00e4ihinkin maisemiin on riitt\u00e4nyt.\u00a0<\/span><\/p>\n<p style=\"text-align: justify;\"><a href=\"https:\/\/www.satokangas.fi\/blogi\/2023\/03\/mokkitiella-ja-ladulla\/jhdr-4\/\" rel=\"attachment wp-att-44975\"><img loading=\"lazy\" decoding=\"async\" data-attachment-id=\"44975\" data-permalink=\"https:\/\/www.satokangas.fi\/blogi\/2023\/03\/mokkitiella-ja-ladulla\/jhdr-4\/\" data-orig-file=\"https:\/\/www.satokangas.fi\/blogi\/wp-content\/uploads\/2023\/03\/Rumakurun-5.jpg\" data-orig-size=\"692,1000\" data-comments-opened=\"1\" data-image-meta=\"{&quot;aperture&quot;:&quot;1.8&quot;,&quot;credit&quot;:&quot;&quot;,&quot;camera&quot;:&quot;CLT-L29&quot;,&quot;caption&quot;:&quot;jhdr&quot;,&quot;created_timestamp&quot;:&quot;1677676211&quot;,&quot;copyright&quot;:&quot;&quot;,&quot;focal_length&quot;:&quot;5.58&quot;,&quot;iso&quot;:&quot;50&quot;,&quot;shutter_speed&quot;:&quot;0.0011111111111111&quot;,&quot;title&quot;:&quot;jhdr&quot;,&quot;orientation&quot;:&quot;0&quot;}\" data-image-title=\"jhdr\" data-image-description=\"\" data-image-caption=\"&lt;p&gt;jhdr&lt;\/p&gt;\n\" data-large-file=\"https:\/\/www.satokangas.fi\/blogi\/wp-content\/uploads\/2023\/03\/Rumakurun-5.jpg\" class=\"wp-image-44975 aligncenter\" src=\"https:\/\/www.satokangas.fi\/blogi\/wp-content\/uploads\/2023\/03\/Rumakurun-5.jpg\" alt=\"\" width=\"484\" height=\"700\" srcset=\"https:\/\/www.satokangas.fi\/blogi\/wp-content\/uploads\/2023\/03\/Rumakurun-5.jpg 692w, https:\/\/www.satokangas.fi\/blogi\/wp-content\/uploads\/2023\/03\/Rumakurun-5-277x400.jpg 277w, https:\/\/www.satokangas.fi\/blogi\/wp-content\/uploads\/2023\/03\/Rumakurun-5-208x300.jpg 208w, https:\/\/www.satokangas.fi\/blogi\/wp-content\/uploads\/2023\/03\/Rumakurun-5-42x60.jpg 42w\" sizes=\"auto, (max-width: 484px) 100vw, 484px\" \/><\/a><\/p>\n<p style=\"text-align: center;\">Jostain syyst\u00e4 t\u00e4m\u00e4 kelo on mieleiseni. Se on jonkinalainen toteemi.<br \/>\nJa ladun vierell\u00e4 oleva hiihdon kieltomerkki! \ud83d\ude00<\/p>\n<p style=\"text-align: justify;\">Rumakurulle olen hiiht\u00e4nyt ensimm\u00e4ist\u00e4 kertaa joskus 1970-luvun vaihteessa, &#8211; juuri ennen kuin &#8221;laskettelu-urani&#8221; alkoi. Noihin aikoihin Rumakurun lenkki oli \u00e4idin vakiolenkki lumisateisina ja tuulisina p\u00e4ivin\u00e4. Se on aika suojaisa kuitenkin&#8230; Sen yhden kerran sen teinin\u00e4 hiihdin, &#8211; kunnes J\u00e4rviset vaihtuivat Blizzardeihin! T\u00e4n\u00e4\u00e4n sitten taas perinteist\u00e4. \ud83d\ude09 Hyv\u00e4 oli hiihdell\u00e4, k\u00e4sikin toimi, vain pari pakkasastetta, v\u00e4lill\u00e4 v\u00e4l\u00e4hdys sinitaivaasta. Mik\u00e4p\u00e4 t\u00e4\u00e4ll\u00e4 &#8230; Viel\u00e4 on latuja j\u00e4ljell\u00e4.<\/p>\n","protected":false},"excerpt":{"rendered":"<p>HIljaista ja ruuhkaista. M\u00f6kkitien varrella oleva vesijohdon veto-operaatio on paitsi maisemallisesti ik\u00e4v\u00e4\u00e4, my\u00f6s liikenn\u00f6inti\u00e4 vaikeuttavaa. V\u00e4lill\u00e4 p\u00e4\u00e4see kulkemaan ongelmitta, v\u00e4lill\u00e4 on odotettava hyv\u00e4 tovi, ett\u00e4 kaivurin kuljettaja saa tien putsatuksi ja siirrytyksi sivuun. Aamusella p\u00e4\u00e4simme Kuukkeli-reissulla helposti ohi, mutta puolenp\u00e4iv\u00e4n j\u00e4lkeen tie oli taas tukossa ja siltarummut Hangasojan kohdalla\u00a0 myllerryksess\u00e4. &nbsp; &nbsp; No eip\u00e4 minulla kiirett\u00e4; p\u00e4\u00e4sin aikani odoteltuani ohi, &hellip; <\/p>\n","protected":false},"author":1,"featured_media":44973,"comment_status":"open","ping_status":"open","sticky":false,"template":"","format":"standard","meta":{"jetpack_post_was_ever_published":false,"_jetpack_newsletter_access":"","_jetpack_dont_email_post_to_subs":false,"_jetpack_newsletter_tier_id":0,"_jetpack_memberships_contains_paywalled_content":false,"_jetpack_memberships_contains_paid_content":false,"footnotes":"","jetpack_publicize_message":"","jetpack_publicize_feature_enabled":true,"jetpack_social_post_already_shared":true,"jetpack_social_options":{"image_generator_settings":{"template":"highway","default_image_id":0,"font":"","enabled":false},"version":2}},"categories":[15,97],"tags":[],"class_list":["post-44970","post","type-post","status-publish","format-standard","has-post-thumbnail","hentry","category-lappi","category-mokkielamaa","latest_post"],"jetpack_publicize_connections":[],"jetpack_featured_media_url":"https:\/\/www.satokangas.fi\/blogi\/wp-content\/uploads\/2023\/03\/Rumakurun-2.jpg","jetpack_shortlink":"https:\/\/wp.me\/pr4p4-bHk","jetpack_sharing_enabled":true,"jetpack_likes_enabled":false,"jetpack-related-posts":[{"id":40047,"url":"https:\/\/www.satokangas.fi\/blogi\/2021\/01\/kaamos-on-ohi-ja-aika-palata\/","url_meta":{"origin":44970,"position":0},"title":"Kaamos on ohi, &#8211; ja aika palata","author":"Reija","date":"7.1.2021","format":false,"excerpt":"Here comes the Sun! Kaamos on ohi. Saarisel\u00e4ll\u00e4 aurinko nousi t\u00e4n\u00e4\u00e4n ensimm\u00e4ist\u00e4 kertaa reiluun kuukauteen. Emme j\u00e4\u00e4neet odottelemaan ensi s\u00e4teist\u00e4 Kaunisp\u00e4\u00e4n huipulle tai muuallekaan m\u00f6kkimaisemiin, vaan l\u00e4hdimme valoa vastaan, valoa kohti. Aamuyhdeks\u00e4lt\u00e4 hyv\u00e4stelimme nuorenparin joka j\u00e4i et\u00e4t\u00f6ihin ja -opiskeluihin, hiiht\u00e4m\u00e4\u00e4n ja juoksemaan sek\u00e4 tietysti nauttimaan Hangasojan verkkaisesta el\u00e4m\u00e4nmenosta. Sinnekin kyll\u00e4\u2026","rel":"","context":"Kategoriassa &quot;Niit\u00e4 n\u00e4it\u00e4&quot;","block_context":{"text":"Niit\u00e4 n\u00e4it\u00e4","link":"https:\/\/www.satokangas.fi\/blogi\/category\/aiheeton\/"},"img":{"alt_text":"","src":"https:\/\/i0.wp.com\/www.satokangas.fi\/blogi\/wp-content\/uploads\/2021\/01\/1-7.jpg?resize=350%2C200&ssl=1","width":350,"height":200,"srcset":"https:\/\/i0.wp.com\/www.satokangas.fi\/blogi\/wp-content\/uploads\/2021\/01\/1-7.jpg?resize=350%2C200&ssl=1 1x, https:\/\/i0.wp.com\/www.satokangas.fi\/blogi\/wp-content\/uploads\/2021\/01\/1-7.jpg?resize=525%2C300&ssl=1 1.5x, https:\/\/i0.wp.com\/www.satokangas.fi\/blogi\/wp-content\/uploads\/2021\/01\/1-7.jpg?resize=700%2C400&ssl=1 2x"},"classes":[]},{"id":30457,"url":"https:\/\/www.satokangas.fi\/blogi\/2017\/03\/jo-melkein-ohi\/","url_meta":{"origin":44970,"position":1},"title":"Jo melkein ohi","author":"Reija","date":"11.3.2017","format":false,"excerpt":"... melkein kuin olisi joulu. Hyv\u00e4 p\u00e4iv\u00e4 t\u00e4n\u00e4\u00e4n. Olemme olleet yhdess\u00e4, sy\u00f6neet paljon, juoneet hyvin, puhuneet kevyesti ja v\u00e4lill\u00e4 sukeltaneet syvemm\u00e4llekin. T\u00e4llaisia p\u00e4ivi\u00e4 tarvitaan. Hyv\u00e4 mieli, ja nyt jo haikeus. \u00a0","rel":"","context":"Kategoriassa &quot;Niit\u00e4 n\u00e4it\u00e4&quot;","block_context":{"text":"Niit\u00e4 n\u00e4it\u00e4","link":"https:\/\/www.satokangas.fi\/blogi\/category\/aiheeton\/"},"img":{"alt_text":"","src":"","width":0,"height":0},"classes":[]},{"id":16814,"url":"https:\/\/www.satokangas.fi\/blogi\/2013\/03\/valo-kaukainen\/","url_meta":{"origin":44970,"position":2},"title":"Valo kaukainen","author":"Reija","date":"20.3.2013","format":false,"excerpt":"\u00a0 Kyll\u00e4 t\u00e4m\u00e4 t\u00e4st\u00e4, hiljalleen ty\u00f6vuori madaltuu. Hiljalleen p\u00e4\u00e4see tasaisemman puurtamisen pariin. Tiistai-iltaan menness\u00e4 jo pit\u00e4isi olla tasaisella... ;) \u00a0 Siivoilin p\u00f6yt\u00e4\u00e4 t\u00f6iss\u00e4 ja t\u00e4\u00e4ll\u00e4 kotona, kirjahylly\u00e4 perkasin, kun luento nyt kertakaikkisesti on palautteineen kaikkineen pois p\u00e4iv\u00e4j\u00e4rjestyksest\u00e4. Ja siell\u00e4 v\u00e4est\u00f6- ja sosiaalihistorian opusten v\u00e4liss\u00e4 oli ty\u00f6kaverilta aika p\u00e4ivi\u00e4 sitten lainaksi\u2026","rel":"","context":"Kategoriassa &quot;Luettua&quot;","block_context":{"text":"Luettua","link":"https:\/\/www.satokangas.fi\/blogi\/category\/luettua\/"},"img":{"alt_text":"Tulppaneja-3","src":"https:\/\/i0.wp.com\/www.satokangas.fi\/blogi\/wp-content\/uploads\/2013\/03\/Tulppaneja-3-600x323.jpg?resize=350%2C200&ssl=1","width":350,"height":200,"srcset":"https:\/\/i0.wp.com\/www.satokangas.fi\/blogi\/wp-content\/uploads\/2013\/03\/Tulppaneja-3-600x323.jpg?resize=350%2C200&ssl=1 1x, https:\/\/i0.wp.com\/www.satokangas.fi\/blogi\/wp-content\/uploads\/2013\/03\/Tulppaneja-3-600x323.jpg?resize=525%2C300&ssl=1 1.5x"},"classes":[]},{"id":8805,"url":"https:\/\/www.satokangas.fi\/blogi\/2010\/09\/fragmentteja\/","url_meta":{"origin":44970,"position":3},"title":"Fragmentteja","author":"Reija","date":"28.9.2010","format":false,"excerpt":"Joka p\u00e4iv\u00e4, poikani tullessa t\u00f6ist\u00e4 suoraan ruokap\u00f6yt\u00e4\u00e4n (p\u00e4\u00e4see viidelt\u00e4 ja koska min\u00e4 yleens\u00e4 l\u00e4hden duunista nelj\u00e4n huudeilla (uusi sana jota k\u00e4ytet\u00e4\u00e4n tosi runsaasti) ehdin juuri sopivasti laittaa sapuskan) h\u00e4n puhuu loputtomasti. Koko ajan. Kertoo ty\u00f6p\u00e4iv\u00e4st\u00e4\u00e4n, asiakkaistaan, tekemisist\u00e4\u00e4n. Puhua p\u00e4lp\u00e4tt\u00e4\u00e4 koko ajan. Sit\u00e4 on oikeastaan aika hauska kuunnella. Johtava rengasmyyj\u00e4 TS\u2026","rel":"","context":"Kategoriassa &quot;Valokuvaus&quot;","block_context":{"text":"Valokuvaus","link":"https:\/\/www.satokangas.fi\/blogi\/category\/valokuvaus\/"},"img":{"alt_text":"","src":"","width":0,"height":0},"classes":[]},{"id":493,"url":"https:\/\/www.satokangas.fi\/blogi\/2008\/07\/joko-lauantai-on-ohi\/","url_meta":{"origin":44970,"position":4},"title":"Joko lauantai on ohi?","author":"Reija","date":"26.7.2008","format":false,"excerpt":"Lomap\u00e4iv\u00e4t kuluvat niin nopeasti! Aurinkoiset p\u00e4iv\u00e4t varsinkin. Murmeli ja uuvahtaneet teinit seurana pihalla. Taimenta ja mansikoita. Aurinkoa ja kuohuviini\u00e4. Tummia s\u00e4vyj\u00e4 v\u00e4lill\u00e4. Sattuu, minuunkin. Sitten kaupungille, terassille: yst\u00e4v\u00e4t etel\u00e4st\u00e4 k\u00e4ym\u00e4ss\u00e4. Ja tytt\u00e4rens\u00e4kin. Jota aina ilo n\u00e4hd\u00e4. Ja kuulla.\u00a0","rel":"","context":"Kategoriassa &quot;Niit\u00e4 n\u00e4it\u00e4&quot;","block_context":{"text":"Niit\u00e4 n\u00e4it\u00e4","link":"https:\/\/www.satokangas.fi\/blogi\/category\/aiheeton\/"},"img":{"alt_text":"","src":"","width":0,"height":0},"classes":[]},{"id":22627,"url":"https:\/\/www.satokangas.fi\/blogi\/2014\/10\/liikenteessa-2\/","url_meta":{"origin":44970,"position":5},"title":"Liikenteess\u00e4","author":"Reija","date":"8.10.2014","format":false,"excerpt":"Harmistus. Joskus se iskee liikenteess\u00e4 harmistus ja v\u00e4ist\u00e4m\u00e4tt\u00e4 vy\u00f6ryy omaan vaatimattomaan olemukseen ajatus siit\u00e4, ett\u00e4 \"olen-parempi-autoilija-kuin-moni-muu\". Tunne ei ole pitk\u00e4kestoinen, mutta voimistuu ja tilap\u00e4isesti valtaa mielen kun joutuu sellaisiin tilanteisiin, joita t\u00e4n\u00e4\u00e4n osui kohdalle monta, per\u00e4j\u00e4lkeen tavallista useampi. Ensinn\u00e4kin aamulla t\u00f6ihin menness\u00e4\u00a0joku \"Tatsunin kuski\" (taisi kyll\u00e4 olla Mitsubishi) ajaa liikennevaloissa\u2026","rel":"","context":"Kategoriassa &quot;Niit\u00e4 n\u00e4it\u00e4&quot;","block_context":{"text":"Niit\u00e4 n\u00e4it\u00e4","link":"https:\/\/www.satokangas.fi\/blogi\/category\/aiheeton\/"},"img":{"alt_text":"Liikenteess\u00e4","src":"https:\/\/i0.wp.com\/www.satokangas.fi\/blogi\/wp-content\/uploads\/2014\/10\/Liikenteess%C3%A4-266x400.jpg?resize=350%2C200&ssl=1","width":350,"height":200},"classes":[]}],"_links":{"self":[{"href":"https:\/\/www.satokangas.fi\/blogi\/wp-json\/wp\/v2\/posts\/44970","targetHints":{"allow":["GET"]}}],"collection":[{"href":"https:\/\/www.satokangas.fi\/blogi\/wp-json\/wp\/v2\/posts"}],"about":[{"href":"https:\/\/www.satokangas.fi\/blogi\/wp-json\/wp\/v2\/types\/post"}],"author":[{"embeddable":true,"href":"https:\/\/www.satokangas.fi\/blogi\/wp-json\/wp\/v2\/users\/1"}],"replies":[{"embeddable":true,"href":"https:\/\/www.satokangas.fi\/blogi\/wp-json\/wp\/v2\/comments?post=44970"}],"version-history":[{"count":0,"href":"https:\/\/www.satokangas.fi\/blogi\/wp-json\/wp\/v2\/posts\/44970\/revisions"}],"wp:featuredmedia":[{"embeddable":true,"href":"https:\/\/www.satokangas.fi\/blogi\/wp-json\/wp\/v2\/media\/44973"}],"wp:attachment":[{"href":"https:\/\/www.satokangas.fi\/blogi\/wp-json\/wp\/v2\/media?parent=44970"}],"wp:term":[{"taxonomy":"category","embeddable":true,"href":"https:\/\/www.satokangas.fi\/blogi\/wp-json\/wp\/v2\/categories?post=44970"},{"taxonomy":"post_tag","embeddable":true,"href":"https:\/\/www.satokangas.fi\/blogi\/wp-json\/wp\/v2\/tags?post=44970"}],"curies":[{"name":"wp","href":"https:\/\/api.w.org\/{rel}","templated":true}]}}