{"id":44948,"date":"2023-02-28T19:43:11","date_gmt":"2023-02-28T17:43:11","guid":{"rendered":"https:\/\/www.satokangas.fi\/blogi\/?p=44948"},"modified":"2023-02-28T19:44:42","modified_gmt":"2023-02-28T17:44:42","slug":"automaattinen-luonnos","status":"publish","type":"post","link":"https:\/\/www.satokangas.fi\/blogi\/2023\/02\/automaattinen-luonnos\/","title":{"rendered":"My\u00f6t\u00e4tuulessa tuulta paossa"},"content":{"rendered":"\r\n<figure class=\"wp-block-jetpack-image-compare\">\r\n<div class=\"juxtapose\" data-mode=\"horizontal\"><img loading=\"lazy\" decoding=\"async\" id=\"44967\" class=\"image-compare__image-before\" src=\"https:\/\/www.satokangas.fi\/blogi\/wp-content\/uploads\/2023\/02\/huomenta-2-1.jpg\" alt=\"\" width=\"1000\" height=\"667\" \/><img loading=\"lazy\" decoding=\"async\" id=\"44968\" class=\"image-compare__image-after\" src=\"https:\/\/www.satokangas.fi\/blogi\/wp-content\/uploads\/2023\/02\/huomenta-4.jpg\" alt=\"\" width=\"1000\" height=\"667\" \/><\/div>\r\n<\/figure>\r\n\r\n\r\n\r\n<h4 class=\"is-layout-flex wp-block-social-links-is-layout-flex\">\u00a0<\/h4>\r\n<h4 style=\"text-align: justify;\"><span style=\"color: #339966;\">Huomenta!\u00a0<\/span><\/h4>\r\n<p style=\"text-align: justify;\">Se on t\u00e4m\u00e4n kuvan nimi! Aamu valkenee, kun ved\u00e4t kuvassa olevaa viivaa vasemmalle<\/p>\r\n<p style=\"text-align: justify;\">T\u00e4ss\u00e4p\u00e4 keskeisin aikaansaannos t\u00e4lle p\u00e4iv\u00e4lle: oppia tekem\u00e4\u00e4n t\u00e4llainen ennen-j\u00e4lkeen kuva ja viel\u00e4 onnistua liitt\u00e4m\u00e4\u00e4n se blogiin!\u00a0<\/p>\r\n\r\n\r\n\r\n<p class=\"has-text-align-center\" style=\"text-align: center;\">Olen my\u00f6s oppinut muokkaamaan emojin, tai kaksikin. \ud83d\ude00\u00a0 T\u00e4ss\u00e4 ensimm\u00e4inen &#8221;oma tekem\u00e4&#8221;.\u00a0<\/p>\r\n\r\n\r\n<div class=\"wp-block-image\">\r\n<figure class=\"aligncenter\"><img loading=\"lazy\" decoding=\"async\" width=\"104\" height=\"146\" data-attachment-id=\"44953\" data-permalink=\"https:\/\/www.satokangas.fi\/blogi\/2023\/02\/automaattinen-luonnos\/image-9\/\" data-orig-file=\"https:\/\/www.satokangas.fi\/blogi\/wp-content\/uploads\/2023\/02\/image.png\" data-orig-size=\"104,146\" data-comments-opened=\"1\" data-image-meta=\"{&quot;aperture&quot;:&quot;0&quot;,&quot;credit&quot;:&quot;&quot;,&quot;camera&quot;:&quot;&quot;,&quot;caption&quot;:&quot;&quot;,&quot;created_timestamp&quot;:&quot;0&quot;,&quot;copyright&quot;:&quot;&quot;,&quot;focal_length&quot;:&quot;0&quot;,&quot;iso&quot;:&quot;0&quot;,&quot;shutter_speed&quot;:&quot;0&quot;,&quot;title&quot;:&quot;&quot;,&quot;orientation&quot;:&quot;0&quot;}\" data-image-title=\"image\" data-image-description=\"\" data-image-caption=\"\" data-large-file=\"https:\/\/www.satokangas.fi\/blogi\/wp-content\/uploads\/2023\/02\/image.png\" class=\"wp-image-44953 aligncenter\" src=\"https:\/\/www.satokangas.fi\/blogi\/wp-content\/uploads\/2023\/02\/image.png\" alt=\"\" srcset=\"https:\/\/www.satokangas.fi\/blogi\/wp-content\/uploads\/2023\/02\/image.png 104w, https:\/\/www.satokangas.fi\/blogi\/wp-content\/uploads\/2023\/02\/image-43x60.png 43w\" sizes=\"auto, (max-width: 104px) 100vw, 104px\" \/><\/figure>\r\n<\/div>\r\n\r\n\r\n<p class=\"has-text-align-center\" style=\"text-align: center;\">\u00a0<\/p>\r\n\r\n\r\n\r\n<p class=\"has-text-align-center\" style=\"text-align: center;\">Siis ei &#8217;sukset ristiss\u00e4&#8217;, vaan sauvat.<\/p>\r\n\r\n\r\n\r\n<p>Olen pit\u00e4nyt t\u00e4n\u00e4\u00e4n palautumisp\u00e4iv\u00e4n. Totta puhuen en vaan halunnut l\u00e4hte\u00e4 tuulisiin tuntureihin, lumipyryisiin metsiin. Niinp\u00e4 olen leikkinyt tietokoneohjelmilla ja opetellut yht\u00e4 sun toista. Koetin saada t\u00e4m\u00e4n blogin ev\u00e4stek\u00e4yt\u00e4nt\u00f6ilmoituksenkin EU:n asetusten mukaiseksi, mutta eip\u00e4 viel\u00e4 kunnolla pelit\u00e4. PIt\u00e4nee jatkaa harjoituksia. Toisaalta onnistuin liitt\u00e4m\u00e4\u00e4n Photoshoppiin uusia fontteja, kirjasimia.<\/p>\r\n\r\n\r\n\r\n<p>Ja tein &#8221;aforismijulisteen&#8221; harjoituksena. Feltro-fontilla Maija Paavilaisen aforismia mukaillen latumaisema Kaunisp\u00e4\u00e4lt\u00e4. Kuva avautuu isommaksi, klikkaamalla. Tuli muuten aika hieno l\u00e4pp\u00e4rin\u00e4yt\u00f6n taustakuva. Kokeilehan. \ud83d\ude42\u00a0<\/p>\r\n\r\n\r\n<div class=\"wp-block-image\">\r\n<figure class=\"aligncenter\"><a href=\"https:\/\/www.satokangas.fi\/blogi\/2023\/02\/automaattinen-luonnos\/myotatuulessa_-2\/\" rel=\"attachment wp-att-44962\"><img decoding=\"async\" class=\"wp-image-44962\" src=\"https:\/\/www.satokangas.fi\/blogi\/wp-content\/uploads\/2023\/02\/myotatuulessa_-2.jpg\" alt=\"\" \/><\/a><\/figure>\r\n<\/div>\r\n\r\n\r\n<p>&nbsp;<\/p>\r\n<p>Ennenkin olen kirjoittanut Maija Paavilaisen <a href=\"https:\/\/kirjapino.fi\/page\/1\/?s=Maija+Paavilainen+&amp;post_type=product\" target=\"_blank\" rel=\"noopener\">pienist\u00e4 aforismikirjoista<\/a>. Minulla on niit\u00e4 monta, My\u00f6t\u00e4tuulta-kirjaa kaksin kappalein, toinen t\u00e4\u00e4ll\u00e4 m\u00f6kiss\u00e4, My\u00f6t\u00e4tuulessa. Sen teemana meri ja purjehtiminen, my\u00f6t\u00e4tuuli, &#8211; v\u00e4h\u00e4n sovelsin t\u00e4m\u00e4n osalta: puhjehtiminen vaihtui hiiht\u00e4miseksi.\u00a0<\/p>\r\n\r\n\r\n\r\n<p>ATK-asioiden (kuten Pehtoori kaikkea tietoliikenteeseen ja tietokoneisiin liittyv\u00e4\u00e4 nimitt\u00e4\u00e4) lis\u00e4ksi sent\u00e4\u00e4n muutakin huushollaamista.\u00a0<\/p>\r\n\r\n\r\n\r\n<p>&nbsp;<\/p>\r\n","protected":false},"excerpt":{"rendered":"<p>Olen my\u00f6s oppinut muokkaamaan emojin, tai kaksikin. \ud83d\ude00\u00a0 T\u00e4ss\u00e4 ensimm\u00e4inen &#8221;oma tekem\u00e4&#8221;.\u00a0 \u00a0 Siis ei &#8217;sukset ristiss\u00e4&#8217;, vaan sauvat. Olen pit\u00e4nyt t\u00e4n\u00e4\u00e4n palautumisp\u00e4iv\u00e4n. Totta puhuen en vaan halunnut l\u00e4hte\u00e4 tuulisiin tuntureihin, lumipyryisiin metsiin. Niinp\u00e4 olen leikkinyt tietokoneohjelmilla ja opetellut yht\u00e4 sun toista. Koetin saada t\u00e4m\u00e4n blogin ev\u00e4stek\u00e4yt\u00e4nt\u00f6ilmoituksenkin EU:n asetusten mukaiseksi, mutta eip\u00e4 viel\u00e4 kunnolla pelit\u00e4. PIt\u00e4nee jatkaa harjoituksia. Toisaalta onnistuin &hellip; <\/p>\n","protected":false},"author":1,"featured_media":44966,"comment_status":"open","ping_status":"open","sticky":false,"template":"","format":"standard","meta":{"jetpack_post_was_ever_published":false,"_jetpack_newsletter_access":"","_jetpack_dont_email_post_to_subs":false,"_jetpack_newsletter_tier_id":0,"_jetpack_memberships_contains_paywalled_content":false,"_jetpack_memberships_contains_paid_content":false,"footnotes":"","jetpack_publicize_message":"","jetpack_publicize_feature_enabled":true,"jetpack_social_post_already_shared":true,"jetpack_social_options":{"image_generator_settings":{"template":"highway","default_image_id":0,"font":"","enabled":false},"version":2}},"categories":[12,97],"tags":[],"class_list":["post-44948","post","type-post","status-publish","format-standard","has-post-thumbnail","hentry","category-bloggailu","category-mokkielamaa","latest_post"],"jetpack_publicize_connections":[],"jetpack_featured_media_url":"https:\/\/www.satokangas.fi\/blogi\/wp-content\/uploads\/2023\/02\/myotatuulessa_-5.jpg","jetpack_shortlink":"https:\/\/wp.me\/pr4p4-bGY","jetpack_sharing_enabled":true,"jetpack_likes_enabled":false,"jetpack-related-posts":[{"id":45543,"url":"https:\/\/www.satokangas.fi\/blogi\/2023\/05\/kuva-julkiseen-tilaan\/","url_meta":{"origin":44948,"position":0},"title":"Kuva julkiseen tilaan &#8211; tai vaikka kotiin","author":"Reija","date":"15.5.2023","format":false,"excerpt":"P\u00e4\u00e4sin t\u00e4n\u00e4\u00e4n tutustumaan Oulun uuden Oikeustalon tiloihin ja suunnittelemaan loppukuun kuvauksia. Kerroinhan t\u00e4\u00e4ll\u00e4 blogissa jo pari vuotta sitten, ett\u00e4 olen muutaman muun kuvaajan kanssa ehk\u00e4 p\u00e4\u00e4sem\u00e4ss\u00e4 mukaan isoon projektiin. Ja nuo kaksi muuta ovat kuuluisia, tunnettuja, palkittuja pohjoissuomalaisia valokuvauksen suuria nimi\u00e4, - ja sitten min\u00e4kin sain l\u00e4hett\u00e4\u00e4 ehdolle kuviani tehosteseinien\u2026","rel":"","context":"Kategoriassa &quot;Muistikuvia&quot;","block_context":{"text":"Muistikuvia","link":"https:\/\/www.satokangas.fi\/blogi\/category\/muistikuvia\/"},"img":{"alt_text":"","src":"https:\/\/i0.wp.com\/www.satokangas.fi\/blogi\/wp-content\/uploads\/2023\/05\/Oikeustalo-10.jpg?resize=350%2C200&ssl=1","width":350,"height":200,"srcset":"https:\/\/i0.wp.com\/www.satokangas.fi\/blogi\/wp-content\/uploads\/2023\/05\/Oikeustalo-10.jpg?resize=350%2C200&ssl=1 1x, https:\/\/i0.wp.com\/www.satokangas.fi\/blogi\/wp-content\/uploads\/2023\/05\/Oikeustalo-10.jpg?resize=525%2C300&ssl=1 1.5x, https:\/\/i0.wp.com\/www.satokangas.fi\/blogi\/wp-content\/uploads\/2023\/05\/Oikeustalo-10.jpg?resize=700%2C400&ssl=1 2x"},"classes":[]},{"id":10892,"url":"https:\/\/www.satokangas.fi\/blogi\/2011\/03\/valokuvatorstai-inspiraationa-kuva\/","url_meta":{"origin":44948,"position":1},"title":"Valokuvatorstai: inspiraationa kuva","author":"Reija","date":"3.3.2011","format":false,"excerpt":"T\u00e4ll\u00e4 viikolla valokuvatorstain inspiraationa on kuva \"Nebular transition from spiral to annular\" (vapaasti suomennettuna: t\u00e4htisumun muuttuminen spiraalista rengasmaiseksi). Kuva on amerikkalaisesta Popular Sience -lehdest\u00e4. Kyseiseen lehden sivuun voi k\u00e4yd\u00e4 tutustumassa tarkemmini t\u00e4\u00e4ll\u00e4.\u00a0Kuvan l\u00e4hde: Wikimedia Commons. \u00a0 Minun vastaukseni ei ole taivaalla, vaan meren pohjassa. \u00a0 \u00a0","rel":"","context":"Kategoriassa &quot;Valokuvatorstai&quot;","block_context":{"text":"Valokuvatorstai","link":"https:\/\/www.satokangas.fi\/blogi\/category\/valokuvaus\/valokuvatorstai\/"},"img":{"alt_text":"","src":"https:\/\/i0.wp.com\/www.satokangas.fi\/blogi\/wp-content\/uploads\/Spiraali-500x383.jpg?resize=350%2C200&ssl=1","width":350,"height":200},"classes":[]},{"id":46260,"url":"https:\/\/www.satokangas.fi\/blogi\/2023\/07\/oviverho-valittu-ja-valmis\/","url_meta":{"origin":44948,"position":2},"title":"Oviverho valittu ja valmis","author":"Reija","date":"5.7.2023","format":false,"excerpt":"Kuva Festamme rullaverhoon on nyt valittu ja valmis: kahdelle painopalvelulle on l\u00e4hetetty tarjouspyynt\u00f6 ja nyt vain odotellaan. Toissailtana kuvan valitsemista ja ratkaisun tekemist\u00e4 varten kaipasin mielipiteit\u00e4 ja n\u00e4kemyksi\u00e4 ja latasin jo muokattuja kuvia arvioitavaksi ja kommentoitavaksi. Ja kiitos! Niit\u00e4h\u00e4n tuli, - sek\u00e4 \u00e4\u00e4ni\u00e4 parhaan valitsemiseksi ett\u00e4 kommentteja ja perusteluja. \u00a0\u2026","rel":"","context":"Kategoriassa &quot;Niit\u00e4 n\u00e4it\u00e4&quot;","block_context":{"text":"Niit\u00e4 n\u00e4it\u00e4","link":"https:\/\/www.satokangas.fi\/blogi\/category\/aiheeton\/"},"img":{"alt_text":"","src":"https:\/\/i0.wp.com\/www.satokangas.fi\/blogi\/wp-content\/uploads\/2023\/07\/Thorig_bougailville.jpg?resize=350%2C200&ssl=1","width":350,"height":200,"srcset":"https:\/\/i0.wp.com\/www.satokangas.fi\/blogi\/wp-content\/uploads\/2023\/07\/Thorig_bougailville.jpg?resize=350%2C200&ssl=1 1x, https:\/\/i0.wp.com\/www.satokangas.fi\/blogi\/wp-content\/uploads\/2023\/07\/Thorig_bougailville.jpg?resize=525%2C300&ssl=1 1.5x, https:\/\/i0.wp.com\/www.satokangas.fi\/blogi\/wp-content\/uploads\/2023\/07\/Thorig_bougailville.jpg?resize=700%2C400&ssl=1 2x, https:\/\/i0.wp.com\/www.satokangas.fi\/blogi\/wp-content\/uploads\/2023\/07\/Thorig_bougailville.jpg?resize=1050%2C600&ssl=1 3x"},"classes":[]},{"id":12482,"url":"https:\/\/www.satokangas.fi\/blogi\/2011\/09\/12482\/","url_meta":{"origin":44948,"position":3},"title":"Valokuvatorstain lauantaiaamu","author":"Reija","date":"24.9.2011","format":false,"excerpt":"Valokuvatorstain haaste on t\u00e4ll\u00e4 kertaa poikkeuksellinen: Haasteen tarkoituksena on ker\u00e4t\u00e4 mahdollisimman kattava kuvapeitto teid\u00e4n kaikkien lauantaiaamustanne. Haasteeseen on tarkoitus osallistua siis vain tuoreilla kuvilla. Kellonajalla ei ole v\u00e4li\u00e4, ottakaa kuva ensi lauantaina silloin, kun teill\u00e4 itsell\u00e4nne on aamu. Kuvan kohde ja toteutustapa j\u00e4\u00e4 teille itsellenne pohdittavaksi. P\u00e4\u00e4tin vastata sellaisella kuvalla,\u2026","rel":"","context":"Kategoriassa &quot;Valokuvatorstai&quot;","block_context":{"text":"Valokuvatorstai","link":"https:\/\/www.satokangas.fi\/blogi\/category\/valokuvaus\/valokuvatorstai\/"},"img":{"alt_text":"","src":"https:\/\/i0.wp.com\/www.satokangas.fi\/blogi\/wp-content\/uploads\/Merikosken-yl%C3%A4kanava_syyskuu3-600x345.jpg?resize=350%2C200&ssl=1","width":350,"height":200,"srcset":"https:\/\/i0.wp.com\/www.satokangas.fi\/blogi\/wp-content\/uploads\/Merikosken-yl%C3%A4kanava_syyskuu3-600x345.jpg?resize=350%2C200&ssl=1 1x, https:\/\/i0.wp.com\/www.satokangas.fi\/blogi\/wp-content\/uploads\/Merikosken-yl%C3%A4kanava_syyskuu3-600x345.jpg?resize=525%2C300&ssl=1 1.5x"},"classes":[]},{"id":4137,"url":"https:\/\/www.satokangas.fi\/blogi\/2009\/08\/valokuvatorstai-jatka-kuvasta\/","url_meta":{"origin":44948,"position":4},"title":"Valokuvatorstai: Jatka kuvasta","author":"Reija","date":"27.8.2009","format":false,"excerpt":"Valokuvatorstaissa lukee t\u00e4n\u00e4 aamuna n\u00e4in: \"Haasteemme on allaoleva kuva. Katso kuvaa, jatka tarinaa. Mit\u00e4 tulee mieleen?\" Ja heti, v\u00e4ist\u00e4m\u00e4tt\u00e4 minulle tulee mieleen: tutti ja l\u00e4ht\u00f6. lakkiaiset ja l\u00e4ht\u00f6 ... Lapset l\u00e4htev\u00e4t erilaisista p\u00f6ydist\u00e4 erilailla eri i\u00e4ss\u00e4. Ja tarina jatkuu... lapset palaavat. M\u00f6kin nuotiopaikan p\u00f6yd\u00e4n \u00e4\u00e4reen nuoret tulevat takaisin... (kuvat suurenevat\u2026","rel":"","context":"Kategoriassa &quot;Valokuvatorstai&quot;","block_context":{"text":"Valokuvatorstai","link":"https:\/\/www.satokangas.fi\/blogi\/category\/valokuvaus\/valokuvatorstai\/"},"img":{"alt_text":"","src":"https:\/\/i0.wp.com\/www.satokangas.fi\/blogi\/wp-content\/uploads\/2009\/08\/tuttipoyta.jpg?resize=350%2C200&ssl=1","width":350,"height":200},"classes":[]},{"id":12872,"url":"https:\/\/www.satokangas.fi\/blogi\/2011\/11\/kenkku-ilima-ja-kiinan-kuvat\/","url_meta":{"origin":44948,"position":5},"title":"Kenkku ilima &#8211; ja Kiinan kuvat","author":"Reija","date":"22.11.2011","format":false,"excerpt":"Pehtoori tuli aamup\u00e4iv\u00e4ll\u00e4 lenkilt\u00e4 ja sanoi, ett\u00e4 \"siellon v\u00e4h\u00e4 kenkku ilima, pist\u00e4 kunnolla p\u00e4\u00e4lle jos l\u00e4het ulos.\" Ei oikeastaan ollut tarkoitus menn\u00e4k\u00e4\u00e4n, mutta \"kenkku ilima\" pisti miettim\u00e4\u00e4n, ett\u00e4 NYT JUURI voisi olla oivallinen tilanne ottaa kuva lehdess\u00e4 olleeseen \"kuvaa ankeinta mahdollista\" -kilpailuun. Tai muuten vain koettaa kuvata ankeaa marraskuuta. Siisp\u00e4\u2026","rel":"","context":"Kategoriassa &quot;Niit\u00e4 n\u00e4it\u00e4&quot;","block_context":{"text":"Niit\u00e4 n\u00e4it\u00e4","link":"https:\/\/www.satokangas.fi\/blogi\/category\/aiheeton\/"},"img":{"alt_text":"","src":"https:\/\/i0.wp.com\/www.satokangas.fi\/blogi\/wp-content\/uploads\/MG_4269-Large-600x400.jpg?resize=350%2C200&ssl=1","width":350,"height":200,"srcset":"https:\/\/i0.wp.com\/www.satokangas.fi\/blogi\/wp-content\/uploads\/MG_4269-Large-600x400.jpg?resize=350%2C200&ssl=1 1x, https:\/\/i0.wp.com\/www.satokangas.fi\/blogi\/wp-content\/uploads\/MG_4269-Large-600x400.jpg?resize=525%2C300&ssl=1 1.5x"},"classes":[]}],"_links":{"self":[{"href":"https:\/\/www.satokangas.fi\/blogi\/wp-json\/wp\/v2\/posts\/44948","targetHints":{"allow":["GET"]}}],"collection":[{"href":"https:\/\/www.satokangas.fi\/blogi\/wp-json\/wp\/v2\/posts"}],"about":[{"href":"https:\/\/www.satokangas.fi\/blogi\/wp-json\/wp\/v2\/types\/post"}],"author":[{"embeddable":true,"href":"https:\/\/www.satokangas.fi\/blogi\/wp-json\/wp\/v2\/users\/1"}],"replies":[{"embeddable":true,"href":"https:\/\/www.satokangas.fi\/blogi\/wp-json\/wp\/v2\/comments?post=44948"}],"version-history":[{"count":0,"href":"https:\/\/www.satokangas.fi\/blogi\/wp-json\/wp\/v2\/posts\/44948\/revisions"}],"wp:featuredmedia":[{"embeddable":true,"href":"https:\/\/www.satokangas.fi\/blogi\/wp-json\/wp\/v2\/media\/44966"}],"wp:attachment":[{"href":"https:\/\/www.satokangas.fi\/blogi\/wp-json\/wp\/v2\/media?parent=44948"}],"wp:term":[{"taxonomy":"category","embeddable":true,"href":"https:\/\/www.satokangas.fi\/blogi\/wp-json\/wp\/v2\/categories?post=44948"},{"taxonomy":"post_tag","embeddable":true,"href":"https:\/\/www.satokangas.fi\/blogi\/wp-json\/wp\/v2\/tags?post=44948"}],"curies":[{"name":"wp","href":"https:\/\/api.w.org\/{rel}","templated":true}]}}