{"id":44939,"date":"2023-02-27T19:15:58","date_gmt":"2023-02-27T17:15:58","guid":{"rendered":"https:\/\/www.satokangas.fi\/blogi\/?p=44939"},"modified":"2025-11-06T10:08:27","modified_gmt":"2025-11-06T08:08:27","slug":"vellinsarpimalla-fienossa-ja-cunkin-kanssa-maailmalla","status":"publish","type":"post","link":"https:\/\/www.satokangas.fi\/blogi\/2023\/02\/vellinsarpimalla-fienossa-ja-cunkin-kanssa-maailmalla\/","title":{"rendered":"Vellins\u00e4rpim\u00e4ll\u00e4, Fienossa ja Cunkin kanssa maailmalla"},"content":{"rendered":"<p style=\"text-align: justify;\">M\u00f6kkipihassa myrsky\u00e4\u00e4. Tuntureilla myrsky\u00e4\u00e4. On kova myrsky. Ilmatieteen laitoksen mukaan 13 m\/s, puuskissa 22 m\/s. Puut ovat vaarallisen n\u00e4k\u00f6isesti kallellaan, hieman huolissani tarkastelin m\u00f6kkipihan puita: eih\u00e4n ole kaatumisuhan alaisia? Hanget ovat kyll\u00e4 jo nyt t\u00e4ynn\u00e4 roskaa, oksien kappaleita\u2026 Onneksi ei tarvetta l\u00e4hte\u00e4 minnek\u00e4\u00e4n.<\/p>\n<p style=\"text-align: justify;\">Aamup\u00e4iv\u00e4ll\u00e4 f\u00f6n-tuuli oli leppe\u00e4 ja lempe\u00e4, menomatkalla my\u00f6t\u00e4inenkin. Ja viikon paras keli. Luistoa oli. Hyvin kulki.<\/p>\n<p style=\"text-align: justify;\">T\u00e4n\u00e4\u00e4n hiihtelin liki tasaisella, Luttojoen rantaa my\u00f6t\u00e4illen Saarisel\u00e4n hiihtoportilta Vellins\u00e4rpim\u00e4lle. Ei ollut velli\u00e4, pieni purkki tuoremehua oli riitt\u00e4v\u00e4 ev\u00e4s. P\u00e4iv\u00e4tuvassa joku oli sytytt\u00e4nyt piisinkin, tuoksu jo mieluinen ja mukava tuntureiden katveessa talvisessa aamup\u00e4iv\u00e4ss\u00e4.<\/p>\n<p style=\"text-align: justify;\"><a href=\"https:\/\/www.satokangas.fi\/blogi\/2023\/02\/vellinsarpimalla-fienossa-ja-cunkin-kanssa-maailmalla\/vellinsarpima-2-4\/\" rel=\"attachment wp-att-44941\"><img loading=\"lazy\" decoding=\"async\" data-attachment-id=\"44941\" data-permalink=\"https:\/\/www.satokangas.fi\/blogi\/2023\/02\/vellinsarpimalla-fienossa-ja-cunkin-kanssa-maailmalla\/vellinsarpima-2-4\/\" data-orig-file=\"https:\/\/www.satokangas.fi\/blogi\/wp-content\/uploads\/2023\/02\/Vellinsarpima-2-3.jpg\" data-orig-size=\"600,800\" data-comments-opened=\"1\" data-image-meta=\"{&quot;aperture&quot;:&quot;0&quot;,&quot;credit&quot;:&quot;&quot;,&quot;camera&quot;:&quot;&quot;,&quot;caption&quot;:&quot;&quot;,&quot;created_timestamp&quot;:&quot;1677497029&quot;,&quot;copyright&quot;:&quot;&quot;,&quot;focal_length&quot;:&quot;0&quot;,&quot;iso&quot;:&quot;0&quot;,&quot;shutter_speed&quot;:&quot;0&quot;,&quot;title&quot;:&quot;&quot;,&quot;orientation&quot;:&quot;0&quot;}\" data-image-title=\"Vellinsarpima (2)\" data-image-description=\"\" data-image-caption=\"\" data-large-file=\"https:\/\/www.satokangas.fi\/blogi\/wp-content\/uploads\/2023\/02\/Vellinsarpima-2-3.jpg\" class=\"aligncenter size-full wp-image-44941\" src=\"https:\/\/www.satokangas.fi\/blogi\/wp-content\/uploads\/2023\/02\/Vellinsarpima-2-3.jpg\" alt=\"\" width=\"600\" height=\"800\" srcset=\"https:\/\/www.satokangas.fi\/blogi\/wp-content\/uploads\/2023\/02\/Vellinsarpima-2-3.jpg 600w, https:\/\/www.satokangas.fi\/blogi\/wp-content\/uploads\/2023\/02\/Vellinsarpima-2-3-300x400.jpg 300w, https:\/\/www.satokangas.fi\/blogi\/wp-content\/uploads\/2023\/02\/Vellinsarpima-2-3-225x300.jpg 225w, https:\/\/www.satokangas.fi\/blogi\/wp-content\/uploads\/2023\/02\/Vellinsarpima-2-3-45x60.jpg 45w\" sizes=\"auto, (max-width: 600px) 100vw, 600px\" \/><\/a><\/p>\n<p style=\"text-align: justify;\">Ja sitten taas huomioita \u201dlatumuodista\u201d: italialaisnaisten toppaminihameiden lis\u00e4ksi on todettava, ett\u00e4 islantilaisneuleita on muutamia tunturissa n\u00e4kynyt, enk\u00e4 t\u00e4n\u00e4\u00e4n ollut suinkaan ollut ainoana riddari yll\u00e4ni!\u00a0 Niinp\u00e4 vain nuorehkon pariskunnan kanssa ladulle l\u00e4htenyt bichon frisee (tms.) oli puettu kauniiseen punavalkoiseen <a href=\"https:\/\/www.google.com\/search?q=riddari+koiralle&amp;sxsrf=AJOqlzXtgiOzqO1__X_684R3xI9Tdi9kMQ:1677516507729&amp;source=lnms&amp;tbm=isch&amp;sa=X&amp;ved=2ahUKEwi17rD8k7b9AhXjiIsKHTE3C-EQ_AUoAXoECAEQAw&amp;biw=1380&amp;bih=622&amp;dpr=1.38\">koirariddariin<\/a>! Min\u00e4 ja koirat! Noh, koiraladun nimell\u00e4h\u00e4n tuo Luttojoenvarren latu kulkeekin. Mutta hyv\u00e4 oli hiihdell\u00e4.<\/p>\n<p style=\"text-align: justify;\">T\u00e4n\u00e4 vuonna hiihto ei ole ollut niin hyv\u00e4 olkap\u00e4\u00e4vaivan kuntouttaja kuin viime vuonna, ja aika lailla jumissa on koko yl\u00e4selk\u00e4. MUTTA! Minun (ja oikeastaan koko perheen) \u201doma\u201d hyv\u00e4, vuosikymmenen ajan luottohierojana ollut L. on lopettanut vastaanottonsa Saarisel\u00e4ll\u00e4. Oli siis hakeuduttava Kylpyl\u00e4 Aurora Spa -hoitolaan. Noh, ei huono, mutta monopoliasema n\u00e4kyy my\u00f6s hinnoissa!! Huoh!<\/p>\n<p style=\"text-align: justify;\">T\u00e4lle p\u00e4iv\u00e4lle oli suunniteltu ja sovittu my\u00f6s ulkona sy\u00f6minen. Ei ollut yht\u00e4k\u00e4\u00e4n syyt\u00e4, miksei oltaisi menty <a href=\"https:\/\/fieno.fi\/\" target=\"_blank\" rel=\"noopener\"><strong>Fienoon<\/strong><\/a>. Oikeasti ehk\u00e4 paras pizza ikin\u00e4! Oli minulla kyll\u00e4 n\u00e4lk\u00e4kin! Mutta joka tapauksessa perfetto! Sit\u00e4 paitsi siell\u00e4 on mukava tunnelma.<\/p>\n<p style=\"text-align: justify;\"><a href=\"https:\/\/www.satokangas.fi\/blogi\/2023\/02\/vellinsarpimalla-fienossa-ja-cunkin-kanssa-maailmalla\/pizzalla-4\/\" rel=\"attachment wp-att-44943\"><img loading=\"lazy\" decoding=\"async\" data-attachment-id=\"44943\" data-permalink=\"https:\/\/www.satokangas.fi\/blogi\/2023\/02\/vellinsarpimalla-fienossa-ja-cunkin-kanssa-maailmalla\/pizzalla-4\/\" data-orig-file=\"https:\/\/www.satokangas.fi\/blogi\/wp-content\/uploads\/2023\/02\/pizzalla-4.jpg\" data-orig-size=\"788,800\" data-comments-opened=\"1\" data-image-meta=\"{&quot;aperture&quot;:&quot;0&quot;,&quot;credit&quot;:&quot;&quot;,&quot;camera&quot;:&quot;&quot;,&quot;caption&quot;:&quot;&quot;,&quot;created_timestamp&quot;:&quot;1677515644&quot;,&quot;copyright&quot;:&quot;&quot;,&quot;focal_length&quot;:&quot;0&quot;,&quot;iso&quot;:&quot;0&quot;,&quot;shutter_speed&quot;:&quot;0&quot;,&quot;title&quot;:&quot;&quot;,&quot;orientation&quot;:&quot;0&quot;}\" data-image-title=\"pizzalla-4\" data-image-description=\"\" data-image-caption=\"\" data-large-file=\"https:\/\/www.satokangas.fi\/blogi\/wp-content\/uploads\/2023\/02\/pizzalla-4.jpg\" class=\"aligncenter size-full wp-image-44943\" src=\"https:\/\/www.satokangas.fi\/blogi\/wp-content\/uploads\/2023\/02\/pizzalla-4.jpg\" alt=\"\" width=\"788\" height=\"800\" srcset=\"https:\/\/www.satokangas.fi\/blogi\/wp-content\/uploads\/2023\/02\/pizzalla-4.jpg 788w, https:\/\/www.satokangas.fi\/blogi\/wp-content\/uploads\/2023\/02\/pizzalla-4-394x400.jpg 394w, https:\/\/www.satokangas.fi\/blogi\/wp-content\/uploads\/2023\/02\/pizzalla-4-296x300.jpg 296w, https:\/\/www.satokangas.fi\/blogi\/wp-content\/uploads\/2023\/02\/pizzalla-4-768x780.jpg 768w, https:\/\/www.satokangas.fi\/blogi\/wp-content\/uploads\/2023\/02\/pizzalla-4-59x60.jpg 59w\" sizes=\"auto, (max-width: 788px) 100vw, 788px\" \/><\/a><\/p>\n<p>Ei viimeisten nelj\u00e4n m\u00f6kkireissun aikana olla sy\u00f6ty ulkona miss\u00e4\u00e4n muualla kuin Fienossa. Miksi olisikaan!<\/p>\n<p style=\"text-align: justify;\">Ja nyt vuorossa illan leffa tai yksi jakso brittisarjaa nimelt\u00e4: <a href=\"https:\/\/www.netflix.com\/title\/81516751\" target=\"_blank\" rel=\"noopener\">Cunk on Earth<\/a>. (Kiitos ES vinkist\u00e4!)<\/p>\n<p style=\"text-align: justify;\">Lainaus Hesarin sivulta:<\/p>\n<blockquote><p>Cunk on Earth\u00a0(2022), jota voi nyt seurata Netflixill\u00e4. Sen edess\u00e4 tuntee v\u00e4lill\u00e4 halua itke\u00e4, mutta useammin kuitenkin naurattaa kovasti; niin yll\u00e4tt\u00e4v\u00e4, absurdi ja ter\u00e4v\u00e4 se on.<\/p>\n<p>Cunk on Earthin genre on mockumentary eli muka-dokumentti, ja se parodioi perinteisi\u00e4 valistusohjelmia, joissa vakava Sir David Attenborough tai Simon Schama kulkee ulkona, heiluttaa ilmeikk\u00e4\u00e4sti k\u00e4si\u00e4\u00e4n ja puhuu sivilisaatiosta. V\u00e4lill\u00e4 keskustellaan asiantuntijoiden kanssa museoissa tai tutkijankammioissa.<\/p><\/blockquote>\n","protected":false},"excerpt":{"rendered":"<p>M\u00f6kkipihassa myrsky\u00e4\u00e4. Tuntureilla myrsky\u00e4\u00e4. On kova myrsky. Ilmatieteen laitoksen mukaan 13 m\/s, puuskissa 22 m\/s. Puut ovat vaarallisen n\u00e4k\u00f6isesti kallellaan, hieman huolissani tarkastelin m\u00f6kkipihan puita: eih\u00e4n ole kaatumisuhan alaisia? Hanget ovat kyll\u00e4 jo nyt t\u00e4ynn\u00e4 roskaa, oksien kappaleita\u2026 Onneksi ei tarvetta l\u00e4hte\u00e4 minnek\u00e4\u00e4n. Aamup\u00e4iv\u00e4ll\u00e4 f\u00f6n-tuuli oli leppe\u00e4 ja lempe\u00e4, menomatkalla my\u00f6t\u00e4inenkin. Ja viikon paras keli. Luistoa oli. Hyvin kulki. T\u00e4n\u00e4\u00e4n &hellip; <\/p>\n","protected":false},"author":1,"featured_media":44944,"comment_status":"open","ping_status":"open","sticky":false,"template":"","format":"standard","meta":{"jetpack_post_was_ever_published":false,"_jetpack_newsletter_access":"","_jetpack_dont_email_post_to_subs":false,"_jetpack_newsletter_tier_id":0,"_jetpack_memberships_contains_paywalled_content":false,"_jetpack_memberships_contains_paid_content":false,"footnotes":"","jetpack_publicize_message":"","jetpack_publicize_feature_enabled":true,"jetpack_social_post_already_shared":true,"jetpack_social_options":{"image_generator_settings":{"template":"highway","default_image_id":0,"font":"","enabled":false},"version":2}},"categories":[15,97,94,17],"tags":[],"class_list":["post-44939","post","type-post","status-publish","format-standard","has-post-thumbnail","hentry","category-lappi","category-mokkielamaa","category-ravintolat-ruoka_ja_viini","category-ruoka_ja_viini","latest_post"],"jetpack_publicize_connections":[],"jetpack_featured_media_url":"https:\/\/www.satokangas.fi\/blogi\/wp-content\/uploads\/2023\/02\/vellinsarpima-4.jpg","jetpack_shortlink":"https:\/\/wp.me\/pr4p4-bGP","jetpack_sharing_enabled":true,"jetpack_likes_enabled":false,"jetpack-related-posts":[{"id":50262,"url":"https:\/\/www.satokangas.fi\/blogi\/2024\/08\/lopultakin-iisakkipaalle-ja-uusiakin-polkuja\/","url_meta":{"origin":44939,"position":0},"title":"Lopultakin &#8211; Iisakkip\u00e4\u00e4lle ja uusiakin polkuja","author":"Reija","date":"7.8.2024","format":false,"excerpt":"Aamupalalla. P(ehtoori):\u00a0T\u00e4n\u00e4\u00e4n siis tunturiin. Oliko ajatuksia minne? M(in\u00e4): Haluaisin korkealle ja vett\u00e4. Tyvent\u00e4 vedenpintaa, tai noh, liplattava tunturipurokin kelpaa... P: Helppohan tuo! Korkealle ja tyven j\u00e4rvenpinta samalla patikalla. T\u00e4\u00e4ll\u00e4h\u00e4n on paljonkin sellaisia kohteita. \ud83d\ude02 M: No, kunhan tunturiin. P: Iisakkip\u00e4\u00e4lle, ja sielt\u00e4 sinne taakse kuruun, ja sitten paluumatkalle etsit\u00e4\u00e4n polku,\u2026","rel":"","context":"Kategoriassa &quot;Lappi&quot;","block_context":{"text":"Lappi","link":"https:\/\/www.satokangas.fi\/blogi\/category\/lappi\/"},"img":{"alt_text":"","src":"https:\/\/i0.wp.com\/www.satokangas.fi\/blogi\/wp-content\/uploads\/2024\/08\/Iiskonlompolo.jpg?resize=350%2C200&ssl=1","width":350,"height":200,"srcset":"https:\/\/i0.wp.com\/www.satokangas.fi\/blogi\/wp-content\/uploads\/2024\/08\/Iiskonlompolo.jpg?resize=350%2C200&ssl=1 1x, https:\/\/i0.wp.com\/www.satokangas.fi\/blogi\/wp-content\/uploads\/2024\/08\/Iiskonlompolo.jpg?resize=525%2C300&ssl=1 1.5x, https:\/\/i0.wp.com\/www.satokangas.fi\/blogi\/wp-content\/uploads\/2024\/08\/Iiskonlompolo.jpg?resize=700%2C400&ssl=1 2x"},"classes":[]},{"id":13017,"url":"https:\/\/www.satokangas.fi\/blogi\/2011\/12\/perjantaihan-se\/","url_meta":{"origin":44939,"position":1},"title":"Perjantaihan se!","author":"Reija","date":"9.12.2011","format":false,"excerpt":"Yht\u00e4 haastattelua, asiantuntijalausuntoa, heh! - varten piti etsi\u00e4 tietoa vanhoista jouluperinteist\u00e4 ja erityisesti ruokatavoista jouluna. Ja kuinkas k\u00e4vik\u00e4\u00e4n? Siin\u00e4 se kului aamup\u00e4iv\u00e4, muutaman lauseen muodostamiseen. Ihan omaksi ilokseni unohduin etsim\u00e4\u00e4n tietoa, ja ensi viikon kolumnikin alkoi valmistua. Miss\u00e4 on aikeeni l\u00e4hte\u00e4 salille? Kaikessa sijaistoiminnassa! H\u00e4ll\u00e4 v\u00e4li\u00e4! Sit\u00e4 paitsi se uuniperunoille\u2026","rel":"","context":"Kategoriassa &quot;Niit\u00e4 n\u00e4it\u00e4&quot;","block_context":{"text":"Niit\u00e4 n\u00e4it\u00e4","link":"https:\/\/www.satokangas.fi\/blogi\/category\/aiheeton\/"},"img":{"alt_text":"","src":"https:\/\/i0.wp.com\/www.satokangas.fi\/blogi\/wp-content\/uploads\/91.jpg?resize=350%2C200&ssl=1","width":350,"height":200},"classes":[]},{"id":50794,"url":"https:\/\/www.satokangas.fi\/blogi\/2024\/10\/kaupungintalolla\/","url_meta":{"origin":44939,"position":2},"title":"Kaupungintalolla","author":"Reija","date":"9.10.2024","format":false,"excerpt":"Arktiselta tuntui s\u00e4\u00e4 t\u00e4n\u00e4\u00e4n aamup\u00e4iv\u00e4ll\u00e4. Nyt myrsky\u00e4\u00e4. Ei mit\u00e4\u00e4n hinkua l\u00e4hte\u00e4 ulkoilemaan, ei ainakaan py\u00f6r\u00e4ll\u00e4. Niinp\u00e4 paluu Muistikuvien \u00e4\u00e4relle. Viimeinen joulumyynti valmistelun alle.\u00a0 Kuvaediitti\u00e4, nettisivup\u00e4ivityst\u00e4 ja sen sellaista. Iltap\u00e4iv\u00e4ll\u00e4 tauottelin l\u00e4htem\u00e4ll\u00e4 kaupungille. Tarkemmin ottaen kaupungintalolle. Oulun kaupungintalon kolme vuotta kest\u00e4nyt peruskorjausremontti on p\u00e4\u00e4t\u00f6ksess\u00e4, t\u00e4ll\u00e4 viikolla on avajaiset ja taloon p\u00e4\u00e4see\u2026","rel":"","context":"Kategoriassa &quot;Niit\u00e4 n\u00e4it\u00e4&quot;","block_context":{"text":"Niit\u00e4 n\u00e4it\u00e4","link":"https:\/\/www.satokangas.fi\/blogi\/category\/aiheeton\/"},"img":{"alt_text":"","src":"https:\/\/i0.wp.com\/www.satokangas.fi\/blogi\/wp-content\/uploads\/2024\/10\/1-26.jpg?resize=350%2C200&ssl=1","width":350,"height":200,"srcset":"https:\/\/i0.wp.com\/www.satokangas.fi\/blogi\/wp-content\/uploads\/2024\/10\/1-26.jpg?resize=350%2C200&ssl=1 1x, https:\/\/i0.wp.com\/www.satokangas.fi\/blogi\/wp-content\/uploads\/2024\/10\/1-26.jpg?resize=525%2C300&ssl=1 1.5x, https:\/\/i0.wp.com\/www.satokangas.fi\/blogi\/wp-content\/uploads\/2024\/10\/1-26.jpg?resize=700%2C400&ssl=1 2x"},"classes":[]},{"id":51753,"url":"https:\/\/www.satokangas.fi\/blogi\/2025\/01\/saat-saatelevat-liikkumista\/","url_meta":{"origin":44939,"position":3},"title":"S\u00e4\u00e4t s\u00e4\u00e4telev\u00e4t liikkumista","author":"Reija","date":"13.1.2025","format":false,"excerpt":"Ilmastonvaihdos. Tai noh, ainakin s\u00e4\u00e4tilassa melkoinen muutos viime viikkoon. Nyt myrsky\u00e4\u00e4, sataa j\u00e4\u00e4t\u00e4v\u00e4\u00e4 tihkua, on yksi aste pakkasta ja lunta on h\u00e4th\u00e4t\u00e4\u00e4 15 sentti\u00e4.\u00a0 Ja viikon p\u00e4\u00e4st\u00e4 taas varmastikin erilaista. V\u00e4h\u00e4n \"v\u00e4litilaolo ja -viikko\" t\u00e4ss\u00e4 on menossa. Aamulla oli viel\u00e4 kiva pikkupakkanen, ja vaikka Oulun latukarttapalvelun mukaan kaikki ladut on\u2026","rel":"","context":"Kategoriassa &quot;Niit\u00e4 n\u00e4it\u00e4&quot;","block_context":{"text":"Niit\u00e4 n\u00e4it\u00e4","link":"https:\/\/www.satokangas.fi\/blogi\/category\/aiheeton\/"},"img":{"alt_text":"","src":"https:\/\/i0.wp.com\/www.satokangas.fi\/blogi\/wp-content\/uploads\/2025\/01\/Heikinharjussa.jpg?resize=350%2C200&ssl=1","width":350,"height":200,"srcset":"https:\/\/i0.wp.com\/www.satokangas.fi\/blogi\/wp-content\/uploads\/2025\/01\/Heikinharjussa.jpg?resize=350%2C200&ssl=1 1x, https:\/\/i0.wp.com\/www.satokangas.fi\/blogi\/wp-content\/uploads\/2025\/01\/Heikinharjussa.jpg?resize=525%2C300&ssl=1 1.5x, https:\/\/i0.wp.com\/www.satokangas.fi\/blogi\/wp-content\/uploads\/2025\/01\/Heikinharjussa.jpg?resize=700%2C400&ssl=1 2x"},"classes":[]},{"id":48948,"url":"https:\/\/www.satokangas.fi\/blogi\/2024\/04\/mokkiperjantai-lapin-luonto-ja-hyvaa-ruokaa\/","url_meta":{"origin":44939,"position":4},"title":"M\u00f6kkiperjantai &#8211; Lapin luonto ja hyv\u00e4\u00e4 ruokaa","author":"Reija","date":"5.4.2024","format":false,"excerpt":"Eilen illaksi oli luvattu revontulia (4\/5) ja oli kirkas pakkasilta\/y\u00f6. Jaksoin - juuri ja juuri - odotella ja piipahdella m\u00f6kkipihassa yhteentoista asti, sitten annoin periksi ja vet\u00e4ydyin unille. Ja aamulla n\u00e4en somessa toinen toistaan hienompia reposkuvia sek\u00e4 Saarisel\u00e4lt\u00e4 ett\u00e4 pitkin Suomea. Mutta sitten: haitanneeko tuo? Olenhan min\u00e4 niit\u00e4 n\u00e4hnyt ja\u2026","rel":"","context":"Kategoriassa &quot;M\u00f6kkiel\u00e4m\u00e4\u00e4&quot;","block_context":{"text":"M\u00f6kkiel\u00e4m\u00e4\u00e4","link":"https:\/\/www.satokangas.fi\/blogi\/category\/mokkielamaa\/"},"img":{"alt_text":"","src":"https:\/\/i0.wp.com\/www.satokangas.fi\/blogi\/wp-content\/uploads\/2024\/04\/perjantai-13.jpg?resize=350%2C200&ssl=1","width":350,"height":200},"classes":[]},{"id":45225,"url":"https:\/\/www.satokangas.fi\/blogi\/2023\/04\/kiirastorstain-touhuja\/","url_meta":{"origin":44939,"position":5},"title":"Kiirastorstain touhuja","author":"Reija","date":"6.4.2023","format":false,"excerpt":"Jos eilen olikin pirttip\u00e4iv\u00e4, niin t\u00e4n\u00e4\u00e4n kiirastorstaina sitten pois pirtist\u00e4 koko p\u00e4iv\u00e4n. Kiirastorstai? Siis kiire? Vai onko se Jeesuksen k\u00e4rsimyshistoriassa \"kiirastuli-p\u00e4iv\u00e4\" vai mist\u00e4 nimi t\u00e4lle p\u00e4iv\u00e4lle? Kiirastorstaina pihamaalta karkotettiin pahansuopia voimia edustanut \u00bbkiira\u00bb. Pihamaan puhdistuksessa k\u00e4ytettiin tulta, katajaa, tervaa ja kilisevi\u00e4 lehm\u00e4nkelloja, jotka saivat \u00bbpahat henget pakenemaan seudulta\u00bb. Kiirastorstain tapojen\u2026","rel":"","context":"Kategoriassa &quot;Lappi&quot;","block_context":{"text":"Lappi","link":"https:\/\/www.satokangas.fi\/blogi\/category\/lappi\/"},"img":{"alt_text":"","src":"https:\/\/i0.wp.com\/www.satokangas.fi\/blogi\/wp-content\/uploads\/2023\/04\/Kiirastorstai-1.jpg?resize=350%2C200&ssl=1","width":350,"height":200,"srcset":"https:\/\/i0.wp.com\/www.satokangas.fi\/blogi\/wp-content\/uploads\/2023\/04\/Kiirastorstai-1.jpg?resize=350%2C200&ssl=1 1x, https:\/\/i0.wp.com\/www.satokangas.fi\/blogi\/wp-content\/uploads\/2023\/04\/Kiirastorstai-1.jpg?resize=525%2C300&ssl=1 1.5x, https:\/\/i0.wp.com\/www.satokangas.fi\/blogi\/wp-content\/uploads\/2023\/04\/Kiirastorstai-1.jpg?resize=700%2C400&ssl=1 2x"},"classes":[]}],"_links":{"self":[{"href":"https:\/\/www.satokangas.fi\/blogi\/wp-json\/wp\/v2\/posts\/44939","targetHints":{"allow":["GET"]}}],"collection":[{"href":"https:\/\/www.satokangas.fi\/blogi\/wp-json\/wp\/v2\/posts"}],"about":[{"href":"https:\/\/www.satokangas.fi\/blogi\/wp-json\/wp\/v2\/types\/post"}],"author":[{"embeddable":true,"href":"https:\/\/www.satokangas.fi\/blogi\/wp-json\/wp\/v2\/users\/1"}],"replies":[{"embeddable":true,"href":"https:\/\/www.satokangas.fi\/blogi\/wp-json\/wp\/v2\/comments?post=44939"}],"version-history":[{"count":0,"href":"https:\/\/www.satokangas.fi\/blogi\/wp-json\/wp\/v2\/posts\/44939\/revisions"}],"wp:featuredmedia":[{"embeddable":true,"href":"https:\/\/www.satokangas.fi\/blogi\/wp-json\/wp\/v2\/media\/44944"}],"wp:attachment":[{"href":"https:\/\/www.satokangas.fi\/blogi\/wp-json\/wp\/v2\/media?parent=44939"}],"wp:term":[{"taxonomy":"category","embeddable":true,"href":"https:\/\/www.satokangas.fi\/blogi\/wp-json\/wp\/v2\/categories?post=44939"},{"taxonomy":"post_tag","embeddable":true,"href":"https:\/\/www.satokangas.fi\/blogi\/wp-json\/wp\/v2\/tags?post=44939"}],"curies":[{"name":"wp","href":"https:\/\/api.w.org\/{rel}","templated":true}]}}