{"id":44748,"date":"2023-02-07T11:13:04","date_gmt":"2023-02-07T09:13:04","guid":{"rendered":"https:\/\/www.satokangas.fi\/blogi\/?p=44748"},"modified":"2023-02-07T21:25:12","modified_gmt":"2023-02-07T19:25:12","slug":"44748","status":"publish","type":"post","link":"https:\/\/www.satokangas.fi\/blogi\/2023\/02\/44748\/","title":{"rendered":"Historiaa tilauksesta"},"content":{"rendered":"<p style=\"text-align: justify;\">Projektin loppusuoralla &#8211; historioitsija on ty\u00f6ns\u00e4 tehnyt, historioitsija saa menn\u00e4.<\/p>\n<p style=\"text-align: justify;\">Olenhan t\u00e4\u00e4ll\u00e4 aika ajoin, puolentoista vuoden ajan kertoillut, ett\u00e4 olen ollut mukana historiaprojektissa, k\u00e4ynnist\u00e4m\u00e4ss\u00e4 sit\u00e4, asiantuntijana, historiatoimikunnan j\u00e4senen\u00e4, k\u00e4sikirjoituksen eri vaihessa kommentoijana, kuvatoimitushommissa, kuvaajana, reproajana, kokouksissa kulkijana. T\u00e4n\u00e4\u00e4n oli viimeinen historiatoimikunnan kokous ja viimeinen kuvaustoimksianto t\u00e4ss\u00e4 hommassa. Kirja on nyt en\u00e4\u00e4 taittamista ja painamista vaille\u00a0 valmis.<\/p>\n<p style=\"text-align: justify;\">Ja projekti on nyt <a href=\"https:\/\/www.lahitapiola.fi\/henkilo\/asiakaspalvelu\/yhteystiedot\/pohjoinen\/ajankohtaista\/pohjoinen-160\" target=\"_blank\" rel=\"noopener\">jo julkinen:<\/a> L\u00e4hiTapiola Pohjoinen, jonka juuret ulottuvat 160 vuoden taakse paloapuyhdistyksiin, p\u00e4\u00e4see julkistamaan uuden historiateoksen toukokuun lopussa. On ollut tekemist\u00e4, ihan mukavasti paluuta historioitsijahommiin, sopivasti &#8211; enh\u00e4n miss\u00e4\u00e4n tapauksessa halunnut itse ryhty\u00e4 kirjaa kirjoittamaan, vaikka sit\u00e4kin mahdollisuutta tarjottiin. Mielell\u00e4ni ja vakaasti luottaen suosittelin opiskelijaani, sittemmin kollegaani tekem\u00e4\u00e4n varsinaisen tutkimus- ja kirjoitusty\u00f6n. Luottamus kannatti. \ud83d\ude42<\/p>\n<p style=\"text-align: justify;\">Nyt kun t\u00e4m\u00e4kin historiaprojekti omalta osaltani on ohitse, samoin rinnalla kulkenut \u00e4idin evakkomatka-kirja, n\u00e4ytt\u00e4\u00e4 silt\u00e4, ett\u00e4 minulla on tyhj\u00e4 aukko &#8221;historiallisella&#8221; ty\u00f6sarallani. T\u00e4ll\u00e4 hetkell\u00e4 tuntuu tietysti hyv\u00e4lle. Vaikka mielek\u00e4st\u00e4 ja mukavaa tekemist\u00e4 on t\u00e4m\u00e4kin ollut.<\/p>\n<p><a href=\"https:\/\/www.satokangas.fi\/blogi\/2023\/02\/44748\/4-hr_2\/\" rel=\"attachment wp-att-44750\"><img loading=\"lazy\" decoding=\"async\" data-attachment-id=\"44750\" data-permalink=\"https:\/\/www.satokangas.fi\/blogi\/2023\/02\/44748\/4-hr_2\/\" data-orig-file=\"https:\/\/www.satokangas.fi\/blogi\/wp-content\/uploads\/2023\/02\/4-HR_2.jpg\" data-orig-size=\"1000,836\" data-comments-opened=\"1\" data-image-meta=\"{&quot;aperture&quot;:&quot;20&quot;,&quot;credit&quot;:&quot;Reija Satokangas&quot;,&quot;camera&quot;:&quot;Canon EOS 5D Mark IV&quot;,&quot;caption&quot;:&quot;&quot;,&quot;created_timestamp&quot;:&quot;1543485558&quot;,&quot;copyright&quot;:&quot;Reija Satokangas&quot;,&quot;focal_length&quot;:&quot;16&quot;,&quot;iso&quot;:&quot;400&quot;,&quot;shutter_speed&quot;:&quot;3.2&quot;,&quot;title&quot;:&quot;&quot;,&quot;orientation&quot;:&quot;1&quot;}\" data-image-title=\"4 HR_2\" data-image-description=\"\" data-image-caption=\"\" data-large-file=\"https:\/\/www.satokangas.fi\/blogi\/wp-content\/uploads\/2023\/02\/4-HR_2.jpg\" class=\"aligncenter size-full wp-image-44750\" src=\"https:\/\/www.satokangas.fi\/blogi\/wp-content\/uploads\/2023\/02\/4-HR_2.jpg\" alt=\"\" width=\"1000\" height=\"836\" srcset=\"https:\/\/www.satokangas.fi\/blogi\/wp-content\/uploads\/2023\/02\/4-HR_2.jpg 1000w, https:\/\/www.satokangas.fi\/blogi\/wp-content\/uploads\/2023\/02\/4-HR_2-478x400.jpg 478w, https:\/\/www.satokangas.fi\/blogi\/wp-content\/uploads\/2023\/02\/4-HR_2-300x251.jpg 300w, https:\/\/www.satokangas.fi\/blogi\/wp-content\/uploads\/2023\/02\/4-HR_2-768x642.jpg 768w, https:\/\/www.satokangas.fi\/blogi\/wp-content\/uploads\/2023\/02\/4-HR_2-72x60.jpg 72w\" sizes=\"auto, (max-width: 1000px) 100vw, 1000px\" \/><\/a><\/p>\n<p>&nbsp;<\/p>\n","protected":false},"excerpt":{"rendered":"<p>Projektin loppusuoralla &#8211; historioitsija on ty\u00f6ns\u00e4 tehnyt, historioitsija saa menn\u00e4. Olenhan t\u00e4\u00e4ll\u00e4 aika ajoin, puolentoista vuoden ajan kertoillut, ett\u00e4 olen ollut mukana historiaprojektissa, k\u00e4ynnist\u00e4m\u00e4ss\u00e4 sit\u00e4, asiantuntijana, historiatoimikunnan j\u00e4senen\u00e4, k\u00e4sikirjoituksen eri vaihessa kommentoijana, kuvatoimitushommissa, kuvaajana, reproajana, kokouksissa kulkijana. T\u00e4n\u00e4\u00e4n oli viimeinen historiatoimikunnan kokous ja viimeinen kuvaustoimksianto t\u00e4ss\u00e4 hommassa. Kirja on nyt en\u00e4\u00e4 taittamista ja painamista vaille\u00a0 valmis. Ja projekti on nyt &hellip; <\/p>\n","protected":false},"author":1,"featured_media":44751,"comment_status":"open","ping_status":"open","sticky":false,"template":"","format":"standard","meta":{"jetpack_post_was_ever_published":false,"_jetpack_newsletter_access":"","_jetpack_dont_email_post_to_subs":false,"_jetpack_newsletter_tier_id":0,"_jetpack_memberships_contains_paywalled_content":false,"_jetpack_memberships_contains_paid_content":false,"footnotes":"","jetpack_publicize_message":"","jetpack_publicize_feature_enabled":true,"jetpack_social_post_already_shared":true,"jetpack_social_options":{"image_generator_settings":{"template":"highway","default_image_id":0,"font":"","enabled":false},"version":2}},"categories":[13,88,1],"tags":[],"class_list":["post-44748","post","type-post","status-publish","format-standard","has-post-thumbnail","hentry","category-historiaa","category-muistikuvia","category-aiheeton","latest_post"],"jetpack_publicize_connections":[],"jetpack_featured_media_url":"https:\/\/www.satokangas.fi\/blogi\/wp-content\/uploads\/2023\/02\/ovi.jpg","jetpack_shortlink":"https:\/\/wp.me\/sr4p4-44748","jetpack_sharing_enabled":true,"jetpack_likes_enabled":false,"jetpack-related-posts":[{"id":5769,"url":"https:\/\/www.satokangas.fi\/blogi\/2010\/01\/paikallishistoria-ja-vayrynen\/","url_meta":{"origin":44748,"position":0},"title":"Paikallishistoria ja V\u00e4yrynen","author":"Reija","date":"19.1.2010","format":false,"excerpt":"T\u00e4m\u00e4n - valitettavan paljon - henk.koht. el\u00e4m\u00e4ni ymp\u00e4rill\u00e4 pysyttelev\u00e4n\u00a0 blogini teemoihinhan ei kuulu ottaa kantaa p\u00e4iv\u00e4n poliittisiin kysymyksiin, mutta nyt on kyll\u00e4 edes sivuttava p\u00e4iv\u00e4n uutista \"V\u00e4yrynen pyrkii p\u00e4\u00e4ministeriksi\". \u00a0Ajattelen n\u00e4et, ett\u00e4 jos Paavo nyt p\u00e4\u00e4see vallankahvaan, olisi taas kysynt\u00e4\u00e4 Keminmaan paikallishistoriallekin. Reilu kymmenen vuotta sitten pitk\u00e4 projektini Keminmaan historian\u2026","rel":"","context":"Kategoriassa &quot;Historiaa&quot;","block_context":{"text":"Historiaa","link":"https:\/\/www.satokangas.fi\/blogi\/category\/historiaa\/"},"img":{"alt_text":"","src":"https:\/\/i0.wp.com\/www.satokangas.fi\/blogi\/wp-content\/uploads\/2010\/01\/Keminmaan-historia-1-293x400.jpg?resize=350%2C200&ssl=1","width":350,"height":200},"classes":[]},{"id":18863,"url":"https:\/\/www.satokangas.fi\/blogi\/2013\/09\/vanha-lahtee-mopo-jaa\/","url_meta":{"origin":44748,"position":1},"title":"Vanha l\u00e4htee, mopo j\u00e4\u00e4","author":"Reija","date":"25.9.2013","format":false,"excerpt":"Kes\u00e4ll\u00e4 1979 k\u00e4vimme pehtoorin kanssa kuukauden telttareissulla Euroopassa. Englannissa Brightonissa oli kaikissa liikkeiss\u00e4 paljon ihania kirjoneuleita: slipoverej\u00e4 ja villatakkeja, neuleliivej\u00e4 ja pooloja. Ostimme molemmille sellaiset kirjoneuleliivit. Minulle harmaa-viininpuna-valkoinen, pehtoorille harmaa-sininen-valkoinen. Minulla oli omani ensimm\u00e4ist\u00e4 kertaa p\u00e4\u00e4ll\u00e4ni juuri t\u00e4llaisena kirkkaana, kylm\u00e4n\u00e4, tuulisena syysp\u00e4iv\u00e4n\u00e4 kun menin Ruotsin suurvalta-ajan historia -luentosarjan ensimm\u00e4iselle luennolle.\u2026","rel":"","context":"Kategoriassa &quot;Yliopistoel\u00e4m\u00e4\u00e4&quot;","block_context":{"text":"Yliopistoel\u00e4m\u00e4\u00e4","link":"https:\/\/www.satokangas.fi\/blogi\/category\/yliopistoelamaa\/"},"img":{"alt_text":"Keminmaan historiatoimikunta","src":"https:\/\/i0.wp.com\/www.satokangas.fi\/blogi\/wp-content\/uploads\/2013\/09\/Keminmaan-historiatoimikunta-600x396.jpg?resize=350%2C200&ssl=1","width":350,"height":200,"srcset":"https:\/\/i0.wp.com\/www.satokangas.fi\/blogi\/wp-content\/uploads\/2013\/09\/Keminmaan-historiatoimikunta-600x396.jpg?resize=350%2C200&ssl=1 1x, https:\/\/i0.wp.com\/www.satokangas.fi\/blogi\/wp-content\/uploads\/2013\/09\/Keminmaan-historiatoimikunta-600x396.jpg?resize=525%2C300&ssl=1 1.5x"},"classes":[]},{"id":530,"url":"https:\/\/www.satokangas.fi\/blogi\/2008\/09\/katson-maalaismaisemaa\/","url_meta":{"origin":44748,"position":2},"title":"Katson maalaismaisemaa","author":"Reija","date":"2.9.2008","format":false,"excerpt":"Yliopiston teht\u00e4v\u00e4ksi on laissa m\u00e4\u00e4ritelty opetus, tutkimus ja yhteiskunnallinen (vai yhteiskuMMAllinen?) palveluteht\u00e4v\u00e4. T\u00e4n\u00e4\u00e4n olen osaltani tehnyt tuota kolmatta. Matkasin Pyh\u00e4nn\u00e4lle historiatoimikunnan kokoukseen asiantuntijaksi. Ett\u00e4 oli aamulla auringossa\u00a0 riemullista ajella yksikseen, lujaakin, hyv\u00e4ll\u00e4, hiljaisella tiell\u00e4, kuunnella isolla Rasmusta, Y\u00f6t\u00e4 ja TikTakia (taattua suomalaista musiikkia). Talotehtaaseen ja sen ruokalaankin p\u00e4\u00e4sin tutustumaan. Lounaalla\u2026","rel":"","context":"Kategoriassa &quot;Yliopistoel\u00e4m\u00e4\u00e4&quot;","block_context":{"text":"Yliopistoel\u00e4m\u00e4\u00e4","link":"https:\/\/www.satokangas.fi\/blogi\/category\/yliopistoelamaa\/"},"img":{"alt_text":"","src":"","width":0,"height":0},"classes":[]},{"id":27400,"url":"https:\/\/www.satokangas.fi\/blogi\/2016\/01\/vuosikymmenen-projekti\/","url_meta":{"origin":44748,"position":3},"title":"Vuosikymmenen projekti!","author":"Reija","date":"18.1.2016","format":false,"excerpt":"Laanilan historia n\u00e4ytt\u00e4\u00e4 nyt suunnilleen silt\u00e4 kuin lasten kiipelytelineet puistoissa. Tai minusta tuntuu silt\u00e4. Kiipeilyh\u00e4kkyr\u00e4n k\u00f6ydet ovat kuten Laanilan historian k\u00e4sikirjoitus nyt. Siin\u00e4 on jo alku ja loppu. Siin\u00e4 on nelj\u00e4 selke\u00e4\u00e4 p\u00e4\u00e4lukua, paljon sivujuonteita, syker\u00f6\u00e4, josta ei hahmotu mit\u00e4\u00e4n j\u00e4rjellist\u00e4 ja siin\u00e4 on paljon isoja ja pieni\u00e4 aukkoja! Ja\u2026","rel":"","context":"Kategoriassa &quot;Historiaa&quot;","block_context":{"text":"Historiaa","link":"https:\/\/www.satokangas.fi\/blogi\/category\/historiaa\/"},"img":{"alt_text":"","src":"https:\/\/i0.wp.com\/www.satokangas.fi\/blogi\/wp-content\/uploads\/2016\/01\/kasikirjoitus_222.jpg?resize=350%2C200&ssl=1","width":350,"height":200,"srcset":"https:\/\/i0.wp.com\/www.satokangas.fi\/blogi\/wp-content\/uploads\/2016\/01\/kasikirjoitus_222.jpg?resize=350%2C200&ssl=1 1x, https:\/\/i0.wp.com\/www.satokangas.fi\/blogi\/wp-content\/uploads\/2016\/01\/kasikirjoitus_222.jpg?resize=525%2C300&ssl=1 1.5x, https:\/\/i0.wp.com\/www.satokangas.fi\/blogi\/wp-content\/uploads\/2016\/01\/kasikirjoitus_222.jpg?resize=700%2C400&ssl=1 2x"},"classes":[]},{"id":39485,"url":"https:\/\/www.satokangas.fi\/blogi\/2020\/10\/niksipostaus-2020\/","url_meta":{"origin":44748,"position":4},"title":"Niksipostaus 2020","author":"Reija","date":"12.10.2020","format":false,"excerpt":"Pitk\u00e4\u00e4n aikaan ei t\u00e4\u00e4ll\u00e4 blogissani ole ollut mink\u00e4\u00e4nmoista \"niksinurkka\"-postausta. Sellaisia on n\u00e4k\u00f6j\u00e4\u00e4n kerran vuodessa tullut laadituksi.\u00a0 KLIKS Nyt sitten t\u00e4m\u00e4nvuotisen niksipostauksen aika. T\u00e4ll\u00e4 kertaa vain muutamia vinkkej\u00e4 teille kerrottavana. Aloitetaan aamukahvista. Meill\u00e4h\u00e4n kahvi keitet\u00e4\u00e4n pannulla, tosin m\u00f6kill\u00e4 keittimell\u00e4. Tytt\u00e4relt\u00e4 opittu niksi oli aluksi k\u00e4yt\u00f6ss\u00e4 vain juhlapyhin\u00e4, pian my\u00f6s sunnuntaisin. Nykyisin\u2026","rel":"","context":"Kategoriassa &quot;Bloggailu&quot;","block_context":{"text":"Bloggailu","link":"https:\/\/www.satokangas.fi\/blogi\/category\/bloggailu\/"},"img":{"alt_text":"","src":"https:\/\/i0.wp.com\/www.satokangas.fi\/blogi\/wp-content\/uploads\/2020\/10\/Nayttokuva-2020-10-12-193016.jpg?resize=350%2C200&ssl=1","width":350,"height":200},"classes":[]},{"id":29037,"url":"https:\/\/www.satokangas.fi\/blogi\/2016\/08\/nyt-on-sitteku-2\/","url_meta":{"origin":44748,"position":5},"title":"Nyt on sitteku\u00a0","author":"Reija","date":"22.8.2016","format":false,"excerpt":"\"Nyt on sitteku\" - niin olen kirjoittanut kerran ennenkin. On kysymys siit\u00e4, ett\u00e4 nyt on isot projektit hoideltu, nyt minulla ei ole en\u00e4\u00e4 \"mit\u00e4\u00e4n tekemist\u00e4\". Kyse on siit\u00e4, ett\u00e4 kun vuosi sitten j\u00e4in pois duunista, tulevaksi vuodeksi oli \u00a0juttuja, joiden tiesin viev\u00e4n aikaa, joiden tekeminen kuului minulle, joihin olin sitoutunut\u2026","rel":"","context":"Kategoriassa &quot;Niit\u00e4 n\u00e4it\u00e4&quot;","block_context":{"text":"Niit\u00e4 n\u00e4it\u00e4","link":"https:\/\/www.satokangas.fi\/blogi\/category\/aiheeton\/"},"img":{"alt_text":"Nallikari 19.8.2016","src":"https:\/\/i0.wp.com\/www.satokangas.fi\/blogi\/wp-content\/uploads\/2016\/08\/Nallikari-19.8.2016-591x400.jpg?resize=350%2C200&ssl=1","width":350,"height":200,"srcset":"https:\/\/i0.wp.com\/www.satokangas.fi\/blogi\/wp-content\/uploads\/2016\/08\/Nallikari-19.8.2016-591x400.jpg?resize=350%2C200&ssl=1 1x, https:\/\/i0.wp.com\/www.satokangas.fi\/blogi\/wp-content\/uploads\/2016\/08\/Nallikari-19.8.2016-591x400.jpg?resize=525%2C300&ssl=1 1.5x"},"classes":[]}],"_links":{"self":[{"href":"https:\/\/www.satokangas.fi\/blogi\/wp-json\/wp\/v2\/posts\/44748","targetHints":{"allow":["GET"]}}],"collection":[{"href":"https:\/\/www.satokangas.fi\/blogi\/wp-json\/wp\/v2\/posts"}],"about":[{"href":"https:\/\/www.satokangas.fi\/blogi\/wp-json\/wp\/v2\/types\/post"}],"author":[{"embeddable":true,"href":"https:\/\/www.satokangas.fi\/blogi\/wp-json\/wp\/v2\/users\/1"}],"replies":[{"embeddable":true,"href":"https:\/\/www.satokangas.fi\/blogi\/wp-json\/wp\/v2\/comments?post=44748"}],"version-history":[{"count":0,"href":"https:\/\/www.satokangas.fi\/blogi\/wp-json\/wp\/v2\/posts\/44748\/revisions"}],"wp:featuredmedia":[{"embeddable":true,"href":"https:\/\/www.satokangas.fi\/blogi\/wp-json\/wp\/v2\/media\/44751"}],"wp:attachment":[{"href":"https:\/\/www.satokangas.fi\/blogi\/wp-json\/wp\/v2\/media?parent=44748"}],"wp:term":[{"taxonomy":"category","embeddable":true,"href":"https:\/\/www.satokangas.fi\/blogi\/wp-json\/wp\/v2\/categories?post=44748"},{"taxonomy":"post_tag","embeddable":true,"href":"https:\/\/www.satokangas.fi\/blogi\/wp-json\/wp\/v2\/tags?post=44748"}],"curies":[{"name":"wp","href":"https:\/\/api.w.org\/{rel}","templated":true}]}}