{"id":44744,"date":"2023-02-06T20:06:27","date_gmt":"2023-02-06T18:06:27","guid":{"rendered":"https:\/\/www.satokangas.fi\/blogi\/?p=44744"},"modified":"2023-02-09T17:34:09","modified_gmt":"2023-02-09T15:34:09","slug":"hyva-paiva-tanaankin","status":"publish","type":"post","link":"https:\/\/www.satokangas.fi\/blogi\/2023\/02\/hyva-paiva-tanaankin\/","title":{"rendered":"Hyv\u00e4 p\u00e4iv\u00e4 t\u00e4n\u00e4\u00e4nkin"},"content":{"rendered":"<blockquote>\n<p style=\"text-align: center;\"><span style=\"color: #0000ff;\">Buori s\u00e1mi \u00e1lbmotbeaivvi buohkaide! (Davvis\u00e1mi\/pohjoissaameksi).<\/span><br \/>\n<span style=\"color: #008000;\">Pyeri s\u00e4\u00e4mi aalmugpeeivi puohh\u00e1id! (Anar\u00e2\u0161kiel\u00e2n\/inarinsaameksi).<\/span><br \/>\n<span style=\"color: #ff0000;\">\u0160i\u00f5\u01e5\u01e5 saa\u00b4mi meersa\u017epeei\u00b4v pukid! (Nu\u00f5rtts\u00e4\u00e4\u00b4m\/koltansaameksi).<\/span><\/p>\n<\/blockquote>\n<p style=\"text-align: center;\"><span style=\"color: #808080;\">Hyv\u00e4\u00e4 saamelaisten kansallisp\u00e4iv\u00e4\u00e4 kaikille!<\/span><\/p>\n<p style=\"text-align: center;\">\n<p style=\"text-align: center;\">Kuva (tai siin\u00e4 on kaksikin kuvaa) on nelj\u00e4n vuoden takaa <a href=\"https:\/\/www.satokangas.fi\/blogi\/2019\/02\/ivalossa-retkella\/\">retkelt\u00e4ni Ivaloon<\/a>.<\/p>\n<p style=\"text-align: center;\">Saamen lipussa olevan ympyr\u00e4n punainen osa symboloi aurinkoa ja sininen kuuta.<br \/>\nPunainen, sininen, vihre\u00e4 ja keltainen v\u00e4ri ovat per\u00e4isin saamelaisten kansallispuvusta.<br \/>\nVihre\u00e4 v\u00e4ri symboloi luontoa, sininen vett\u00e4, punainen tulta ja keltainen aurinkoa.<\/p>\n<p style=\"text-align: justify;\">Niin ett\u00e4 onko jo &#8211; taas &#8211; ik\u00e4v\u00e4 Lapinmaahan, Saamenmaahan. Onhan se. Yleens\u00e4 aina kun noin kuukausi on kulunut m\u00f6kilt\u00e4 paluusta, alan hieman levottomasti selailla kalenteria ja etsiskell\u00e4 sopivaa v\u00e4l\u00e4m\u00e4\u00e4 sinne taas siirty\u00e4ksemme. Ja nyt n\u00e4ytt\u00e4isi silt\u00e4, ett\u00e4 kahden viikon p\u00e4\u00e4st\u00e4 jo ollaan siell\u00e4 tai ainakin jo hyvinkin auto pakattuna. Mutta eip\u00e4 siit\u00e4 sen enemp\u00e4\u00e4, minulla on edelleen opettelemista siin\u00e4, ett\u00e4 en odottaisi kaikkea tulevaa liikaa. Viel\u00e4 on paljon oppimista <strong>vain<\/strong> t\u00e4ss\u00e4 hetkess\u00e4 -olemiseen ja el\u00e4miseen. Sit\u00e4 paitsi t\u00e4n\u00e4\u00e4n oli t\u00e4\u00e4ll\u00e4kin niin kaunis helmikuinen p\u00e4iv\u00e4.<\/p>\n<p style=\"text-align: justify;\">Nyt t\u00e4ss\u00e4 hetkess\u00e4 on parasta, ett\u00e4 loppuillan voin k\u00e4ytt\u00e4\u00e4 uuden neuleen kauluksen neulomiseen ja Kirsi Kunnaksen el\u00e4m\u00e4kerran kuunteluun. Molemmat ovat hyvi\u00e4 asioita. \ud83d\ude42<\/p>\n<p>&nbsp;<\/p>\n<p style=\"text-align: center;\">\n","protected":false},"excerpt":{"rendered":"<p>Buori s\u00e1mi \u00e1lbmotbeaivvi buohkaide! (Davvis\u00e1mi\/pohjoissaameksi). Pyeri s\u00e4\u00e4mi aalmugpeeivi puohh\u00e1id! (Anar\u00e2\u0161kiel\u00e2n\/inarinsaameksi). \u0160i\u00f5\u01e5\u01e5 saa\u00b4mi meersa\u017epeei\u00b4v pukid! (Nu\u00f5rtts\u00e4\u00e4\u00b4m\/koltansaameksi). Hyv\u00e4\u00e4 saamelaisten kansallisp\u00e4iv\u00e4\u00e4 kaikille! Kuva (tai siin\u00e4 on kaksikin kuvaa) on nelj\u00e4n vuoden takaa retkelt\u00e4ni Ivaloon. Saamen lipussa olevan ympyr\u00e4n punainen osa symboloi aurinkoa ja sininen kuuta. Punainen, sininen, vihre\u00e4 ja keltainen v\u00e4ri ovat per\u00e4isin saamelaisten kansallispuvusta. Vihre\u00e4 v\u00e4ri symboloi luontoa, sininen vett\u00e4, punainen tulta &hellip; <\/p>\n","protected":false},"author":1,"featured_media":44746,"comment_status":"open","ping_status":"open","sticky":false,"template":"","format":"standard","meta":{"jetpack_post_was_ever_published":false,"_jetpack_newsletter_access":"","_jetpack_dont_email_post_to_subs":false,"_jetpack_newsletter_tier_id":0,"_jetpack_memberships_contains_paywalled_content":false,"_jetpack_memberships_contains_paid_content":false,"footnotes":"","jetpack_publicize_message":"","jetpack_publicize_feature_enabled":true,"jetpack_social_post_already_shared":true,"jetpack_social_options":{"image_generator_settings":{"template":"highway","default_image_id":0,"font":"","enabled":false},"version":2}},"categories":[1],"tags":[],"class_list":["post-44744","post","type-post","status-publish","format-standard","has-post-thumbnail","hentry","category-aiheeton","latest_post"],"jetpack_publicize_connections":[],"jetpack_featured_media_url":"https:\/\/www.satokangas.fi\/blogi\/wp-content\/uploads\/2023\/02\/ivalojoen-1.jpg","jetpack_shortlink":"https:\/\/wp.me\/pr4p4-bDG","jetpack_sharing_enabled":true,"jetpack_likes_enabled":false,"jetpack-related-posts":[{"id":33413,"url":"https:\/\/www.satokangas.fi\/blogi\/2018\/02\/sini-valkoinen-suomen-luonto-ja-lippu\/","url_meta":{"origin":44744,"position":0},"title":"Sinivalkoinen Suomen luonto &#8211; ja lippu","author":"Reija","date":"22.2.2018","format":false,"excerpt":"Eilisen postauksen sinivalkoiset kuvat saivat mm. kommentin \"Eip\u00e4 tarvitse ihmetell\u00e4 mist\u00e4 Suomen lipun v\u00e4rit ovat tulleet\". Kyll\u00e4h\u00e4n aivan yleisen\u00e4 k\u00e4sityksen\u00e4 on, ett\u00e4 juuri Suomen talvinen luonto on lipun ja sen v\u00e4rien taustalla, mutta eih\u00e4n se ihan yksioikoisesti niin mennyt. Suomelle alettiin puuhata omaa kansallista (ei viel\u00e4 valtiollista) lippua fennomanian noustessa\u2026","rel":"","context":"Kategoriassa &quot;Historiaa&quot;","block_context":{"text":"Historiaa","link":"https:\/\/www.satokangas.fi\/blogi\/category\/historiaa\/"},"img":{"alt_text":"","src":"https:\/\/i0.wp.com\/www.satokangas.fi\/blogi\/wp-content\/uploads\/2018\/02\/Sini-valkoinen-2.jpg?resize=350%2C200&ssl=1","width":350,"height":200,"srcset":"https:\/\/i0.wp.com\/www.satokangas.fi\/blogi\/wp-content\/uploads\/2018\/02\/Sini-valkoinen-2.jpg?resize=350%2C200&ssl=1 1x, https:\/\/i0.wp.com\/www.satokangas.fi\/blogi\/wp-content\/uploads\/2018\/02\/Sini-valkoinen-2.jpg?resize=525%2C300&ssl=1 1.5x, https:\/\/i0.wp.com\/www.satokangas.fi\/blogi\/wp-content\/uploads\/2018\/02\/Sini-valkoinen-2.jpg?resize=700%2C400&ssl=1 2x"},"classes":[]},{"id":35904,"url":"https:\/\/www.satokangas.fi\/blogi\/2019\/02\/ivalossa-retkella\/","url_meta":{"origin":44744,"position":1},"title":"Ivalossa retkell\u00e4","author":"Reija","date":"6.2.2019","format":false,"excerpt":"Siell\u00e4 min\u00e4 t\u00e4n\u00e4\u00e4n seisoin yksikseni (vain Canon seuranani) Ivalojoen j\u00e4\u00e4ll\u00e4 iltap\u00e4iv\u00e4n auringossa - 26 Celsiuksen pakkasessa saamelaisten kansallisp\u00e4iv\u00e4n\u00e4. Nuo et\u00e4isyydet mietiyttiv\u00e4t. Ja varsinkin kun ajattelin niit\u00e4 sata, tai kaksisataa vuotta sitten, - silloin kun ei ollut moottorikelkkoja. Mietinp\u00e4 siis historiaa. Omaanikin. Mietin, ett\u00e4 joskus ennen minulla oli ihan tapanani -\u2026","rel":"","context":"Kategoriassa &quot;Lappi&quot;","block_context":{"text":"Lappi","link":"https:\/\/www.satokangas.fi\/blogi\/category\/lappi\/"},"img":{"alt_text":"","src":"https:\/\/i0.wp.com\/www.satokangas.fi\/blogi\/wp-content\/uploads\/2019\/02\/Ivalo-5.jpg?resize=350%2C200&ssl=1","width":350,"height":200,"srcset":"https:\/\/i0.wp.com\/www.satokangas.fi\/blogi\/wp-content\/uploads\/2019\/02\/Ivalo-5.jpg?resize=350%2C200&ssl=1 1x, https:\/\/i0.wp.com\/www.satokangas.fi\/blogi\/wp-content\/uploads\/2019\/02\/Ivalo-5.jpg?resize=525%2C300&ssl=1 1.5x, https:\/\/i0.wp.com\/www.satokangas.fi\/blogi\/wp-content\/uploads\/2019\/02\/Ivalo-5.jpg?resize=700%2C400&ssl=1 2x"},"classes":[]},{"id":3109,"url":"https:\/\/www.satokangas.fi\/blogi\/2009\/04\/huhtikuun-ruokahaaste-punainen-keltainen-vihrea\/","url_meta":{"origin":44744,"position":2},"title":"Huhtikuun ruokahaaste: punainen, keltainen, vihre\u00e4","author":"Reija","date":"19.4.2009","format":false,"excerpt":"Huhtikuun ruokahaasteen j\u00e4rjesti Vellipoika, joka asetti teht\u00e4v\u00e4n n\u00e4in: \"Haasteruoka tulee valmistaa kolmesta kesken\u00e4\u00e4n eri v\u00e4risest\u00e4 p\u00e4\u00e4raaka-aineesta. N\u00e4iden keskeisten raaka-aineiden tulee olla v\u00e4reilt\u00e4\u00e4n keltainen, vihre\u00e4 ja punainen. Ruoan muoto on vapaavalintainen. Ruoka voi olla brunssi tai lunssi, aamupala, v\u00e4lipala, alkupala, p\u00e4\u00e4ruoka, j\u00e4lkiruoka, iltapala, y\u00f6pala tai huikopala.\" Osallistun t\u00e4ll\u00e4: Marinoidut paprikat Kes\u00e4illassa,\u2026","rel":"","context":"Kategoriassa &quot;Ruoka ja viini&quot;","block_context":{"text":"Ruoka ja viini","link":"https:\/\/www.satokangas.fi\/blogi\/category\/ruoka_ja_viini\/"},"img":{"alt_text":"Aluksi","src":"https:\/\/i0.wp.com\/www.satokangas.fi\/blogi\/wp-content\/uploads\/2009\/04\/paprikat1-500x350.jpg?resize=350%2C200&ssl=1","width":350,"height":200},"classes":[]},{"id":7606,"url":"https:\/\/www.satokangas.fi\/blogi\/2010\/06\/saamenmaan-suvessa\/","url_meta":{"origin":44744,"position":3},"title":"Saamenmaan suvessa","author":"Reija","date":"24.6.2010","format":false,"excerpt":"Aamulla ensimm\u00e4isen kerran her\u00e4tess\u00e4 n\u00e4in auringons\u00e4teiden heijastuvan\u00a0tuvan punaiseen ryijyyn: ollaan m\u00f6kill\u00e4, on loma! Nukumme kahdeksaan. Juhannussaunan pesu ensimm\u00e4inen projekti, jonka j\u00e4lkeen\u00a0niit\u00e4 on riitt\u00e4nyt. Ulkona on ollut ilo olla. L\u00e4mmin, melko tyven, tosin pilvess\u00e4 ison osan p\u00e4iv\u00e4st\u00e4, mutta s\u00e4\u00e4ski\u00e4 paljon v\u00e4hemm\u00e4n kuin Oulussa. Siit\u00e4k\u00f6s olemme olleet iloisia! \u00a0 Toissap\u00e4iv\u00e4n postauksessani oli\u2026","rel":"","context":"Kategoriassa &quot;Historiaa&quot;","block_context":{"text":"Historiaa","link":"https:\/\/www.satokangas.fi\/blogi\/category\/historiaa\/"},"img":{"alt_text":"","src":"","width":0,"height":0},"classes":[]},{"id":44894,"url":"https:\/\/www.satokangas.fi\/blogi\/2023\/02\/sukset-vai-juuriharja\/","url_meta":{"origin":44744,"position":4},"title":"Sukset vai juuriharja?","author":"Reija","date":"23.2.2023","format":false,"excerpt":"Lumimyr\u00e4kk\u00e4! Se oli jo hyv\u00e4ll\u00e4 alulla, kun her\u00e4simme. Mutta latukoneet olivat olleet aamuvarhaisesta liikkeell\u00e4 ja vihreit\u00e4, vasta-ajettuja latuja olisi ollut vaikka kuinka. Ei siis auttanut selitell\u00e4 ladulle l\u00e4htem\u00e4tt\u00f6myytt\u00e4 sill\u00e4, ett\u00e4 olisi hiihdelt\u00e4v\u00e4 umpihangessa. Latujen kunnossapitotilanteen ajantasainen tilanne aamukahdeksalta oli t\u00e4llainen. Kunnostuksesta aikaa: Vihre\u00e4\u00a0= alle 12h Oranssi\u00a0= alle 24h Pinkki\u00a0= alle\u2026","rel":"","context":"Kategoriassa &quot;M\u00f6kkiel\u00e4m\u00e4\u00e4&quot;","block_context":{"text":"M\u00f6kkiel\u00e4m\u00e4\u00e4","link":"https:\/\/www.satokangas.fi\/blogi\/category\/mokkielamaa\/"},"img":{"alt_text":"","src":"https:\/\/i0.wp.com\/www.satokangas.fi\/blogi\/wp-content\/uploads\/2023\/02\/1-14.jpg?resize=350%2C200&ssl=1","width":350,"height":200,"srcset":"https:\/\/i0.wp.com\/www.satokangas.fi\/blogi\/wp-content\/uploads\/2023\/02\/1-14.jpg?resize=350%2C200&ssl=1 1x, https:\/\/i0.wp.com\/www.satokangas.fi\/blogi\/wp-content\/uploads\/2023\/02\/1-14.jpg?resize=525%2C300&ssl=1 1.5x, https:\/\/i0.wp.com\/www.satokangas.fi\/blogi\/wp-content\/uploads\/2023\/02\/1-14.jpg?resize=700%2C400&ssl=1 2x"},"classes":[]},{"id":42067,"url":"https:\/\/www.satokangas.fi\/blogi\/2021\/12\/vahan-jo-joulun-tunnelmaa\/","url_meta":{"origin":44744,"position":5},"title":"V\u00e4h\u00e4n jo joulun tunnelmaa","author":"Reija","date":"2.12.2021","format":false,"excerpt":"Oli p\u00e4\u00e4st\u00e4v\u00e4 liikkeelle t\u00e4n\u00e4\u00e4n, ja maltettava odottaa, ett\u00e4 on sinisen hetken aika. V\u00e4h\u00e4n ennen nelj\u00e4\u00e4 oli. Tuomiokirkko ja sen keltainen v\u00e4ri ovat niin kauniita talvi-illan samettisen sinist\u00e4 taivasta vasten. Viime vuonna t\u00e4h\u00e4n aikaan oli vain mustaa, kiilt\u00e4v\u00e4\u00e4 asfalttia, mutta nyt on tunnelmallista.\u00a0 Liikennevalojen palaessa punaisena tuli lis\u00e4\u00e4 punaista kuvaan (sellainenkin\u2026","rel":"","context":"Kategoriassa &quot;Joulu&quot;","block_context":{"text":"Joulu","link":"https:\/\/www.satokangas.fi\/blogi\/category\/joulu\/"},"img":{"alt_text":"","src":"https:\/\/i0.wp.com\/www.satokangas.fi\/blogi\/wp-content\/uploads\/2021\/12\/Joulukalenteri_2.jpg?resize=350%2C200&ssl=1","width":350,"height":200,"srcset":"https:\/\/i0.wp.com\/www.satokangas.fi\/blogi\/wp-content\/uploads\/2021\/12\/Joulukalenteri_2.jpg?resize=350%2C200&ssl=1 1x, https:\/\/i0.wp.com\/www.satokangas.fi\/blogi\/wp-content\/uploads\/2021\/12\/Joulukalenteri_2.jpg?resize=525%2C300&ssl=1 1.5x, https:\/\/i0.wp.com\/www.satokangas.fi\/blogi\/wp-content\/uploads\/2021\/12\/Joulukalenteri_2.jpg?resize=700%2C400&ssl=1 2x"},"classes":[]}],"_links":{"self":[{"href":"https:\/\/www.satokangas.fi\/blogi\/wp-json\/wp\/v2\/posts\/44744","targetHints":{"allow":["GET"]}}],"collection":[{"href":"https:\/\/www.satokangas.fi\/blogi\/wp-json\/wp\/v2\/posts"}],"about":[{"href":"https:\/\/www.satokangas.fi\/blogi\/wp-json\/wp\/v2\/types\/post"}],"author":[{"embeddable":true,"href":"https:\/\/www.satokangas.fi\/blogi\/wp-json\/wp\/v2\/users\/1"}],"replies":[{"embeddable":true,"href":"https:\/\/www.satokangas.fi\/blogi\/wp-json\/wp\/v2\/comments?post=44744"}],"version-history":[{"count":0,"href":"https:\/\/www.satokangas.fi\/blogi\/wp-json\/wp\/v2\/posts\/44744\/revisions"}],"wp:featuredmedia":[{"embeddable":true,"href":"https:\/\/www.satokangas.fi\/blogi\/wp-json\/wp\/v2\/media\/44746"}],"wp:attachment":[{"href":"https:\/\/www.satokangas.fi\/blogi\/wp-json\/wp\/v2\/media?parent=44744"}],"wp:term":[{"taxonomy":"category","embeddable":true,"href":"https:\/\/www.satokangas.fi\/blogi\/wp-json\/wp\/v2\/categories?post=44744"},{"taxonomy":"post_tag","embeddable":true,"href":"https:\/\/www.satokangas.fi\/blogi\/wp-json\/wp\/v2\/tags?post=44744"}],"curies":[{"name":"wp","href":"https:\/\/api.w.org\/{rel}","templated":true}]}}