{"id":44739,"date":"2023-02-05T20:29:59","date_gmt":"2023-02-05T18:29:59","guid":{"rendered":"https:\/\/www.satokangas.fi\/blogi\/?p=44739"},"modified":"2023-02-09T08:59:06","modified_gmt":"2023-02-09T06:59:06","slug":"pienia-iloja-2","status":"publish","type":"post","link":"https:\/\/www.satokangas.fi\/blogi\/2023\/02\/pienia-iloja-2\/","title":{"rendered":"Pieni\u00e4 iloja"},"content":{"rendered":"<p style=\"text-align: justify; padding-left: 40px;\"><em>Kun ei ole paljon tekemist\u00e4, ei tule tehty\u00e4 paljon mit\u00e4\u00e4n.\u00a0\u00a0<\/em><\/p>\n<p style=\"text-align: justify; padding-left: 40px;\"><em>T\u00e4h\u00e4n kiteytyy koko p\u00e4iv\u00e4ni syv\u00e4mietteinen yhteenveto.\u00a0<\/em><\/p>\n<p style=\"text-align: justify;\">Noh, joka tapauksessa, kun V\u00e4vy y\u00f6vytty\u00e4\u00e4n kotikotonaan tuli aamukahdeksan aikaan hakemaan Ty\u00e4rt\u00e4 ja l\u00e4htiv\u00e4t sitten ajelemaan melkein kahden kuukauden Oulu &#8211; Hangasoja &#8211; Oulu -oleskelunsa j\u00e4lkeen kohti kotiaan, kohti J\u00e4rvenp\u00e4\u00e4t\u00e4, mie l\u00e4hdin hiihtelem\u00e4\u00e4n. Oulun latupalvelun <a href=\"https:\/\/oulu.fluentprogress.fi\/outdoors\/\" target=\"_blank\" rel=\"noopener\">nettisivuilta<\/a> olin l\u00f6yt\u00e4nyt tiedon, ett\u00e4 Pyykk\u00e4rin (Pyyk\u00f6sj\u00e4rven) latukin oli nyt avattu, enk\u00e4 ole siell\u00e4 koskaan ennen k\u00e4ynyt, p\u00e4\u00e4tin ajella autolla l\u00e4ht\u00f6pisteeseen. Mukavahan se taas oli&#8230;<\/p>\n<p style=\"text-align: justify;\">Aamup\u00e4iv\u00e4ll\u00e4 kun Apsu ja is\u00e4ns\u00e4 l\u00e4htiv\u00e4t s\u00e4hlytreeneihin, Eevis tuli &#8211; koska eilen oli ilmoittanut niin tekev\u00e4ns\u00e4 &#8211; kanssani askartelemaan ja pelaamaan. Luettiinhan me my\u00f6s. Ja yht\u00e4kki\u00e4 kesken kaiken h\u00e4n toteaa p\u00f6ll\u00f6n kuvia katsellessamme: &#8221;unohin eilen sanoa, ett\u00e4 ossaan jo sanoa &#8221;pallo&#8221; ja &#8221;suklaa&#8221;!<\/p>\n<p style=\"text-align: justify;\">Tyt\u00f6ll\u00e4 on L-kirjan ollut hukassa, korvattuna \u00e4ss\u00e4ll\u00e4. Yleens\u00e4 muksuille vaikeampi \u00e4ss\u00e4 vaatii kypsyttely\u00e4 kauemmin kuin \u00e4ll\u00e4, mutta Eeviksell\u00e4 se on ollut toisin p\u00e4in:\u00a0 nyt tuli p\u00f6<strong>LL<\/strong>\u00f6kin ihan oikein, eik\u00e4 ollut kuvakirjassa en\u00e4\u00e4 p\u00f6<strong>ss<\/strong>\u00f6j\u00e4.<\/p>\n<p style=\"text-align: justify;\">Eilen j\u00e4i postaamatta &#8211; vaikka tarjolla olikin &#8211; uudesta pikkuherkusta, &#8211; karkin korvikkeesta. En ole kovinkaan paljon karkkien yst\u00e4v\u00e4, enk\u00e4 todellakaan sellainen suklaansy\u00f6j\u00e4 kuin Pehtoori \ud83d\ude42 , vaikka toki joskus ostankin irtiksi\u00e4: persikoita, vanhoja autoja (salmiakki), lehm\u00e4toffeita, englannin lakritsia tms.\u00a0 ja melkein jokaisella kaupppareissulla yhden turkinpippurilakun. Yksi riitt\u00e4\u00e4. Tuoreus on olennaista.<\/p>\n<p style=\"text-align: justify;\">Eilinen &#8221;Lauantaikarkki&#8221;, josta muut eiv\u00e4t paljon perustaneet, olivat kuivatut karpalot, joita olin py\u00f6ritellyt raakalakritsijauheessa (vrt. lapsuuden apteekin salmiakkipulveri). En muista, mist\u00e4 moinen vinkki on tullut tietooni, mutta kun kaapissa on taas ollut johonkin j\u00e4lkk\u00e4riin tarvittua <a href=\"https:\/\/www.urtekram.fi\/Ruoka\/mausteet\/raakalakritsijauhe\/\" target=\"_blank\" rel=\"noopener\">raakalakritsijauhetta<\/a> (jo yliaikaista \ud83d\ude41\u00a0 ) ja aina my\u00f6s kuivattuja karpaloita (kreikkalaisen jukurtin sekaan niit\u00e4 ja p\u00e4hkin\u00f6it\u00e4), niin p\u00e4\u00e4tin kokeilla t\u00e4t\u00e4. N\u00e4ill\u00e4 voisi koristella vaikka t\u00e4ytekakkua tai jotain rahkaj\u00e4lkk\u00e4ri\u00e4. Ja kyll\u00e4 min\u00e4 saan n\u00e4m\u00e4 napsittua ihan t\u00e4llaisenaan, ihan itseksenikin.<\/p>\n<p style=\"text-align: justify;\"><a href=\"https:\/\/www.satokangas.fi\/blogi\/2023\/02\/pienia-iloja-2\/lauantaikarkit\/\" rel=\"attachment wp-att-44740\"><img loading=\"lazy\" decoding=\"async\" data-attachment-id=\"44740\" data-permalink=\"https:\/\/www.satokangas.fi\/blogi\/2023\/02\/pienia-iloja-2\/lauantaikarkit\/\" data-orig-file=\"https:\/\/www.satokangas.fi\/blogi\/wp-content\/uploads\/2023\/02\/lauantaikarkit.jpg\" data-orig-size=\"700,524\" data-comments-opened=\"1\" data-image-meta=\"{&quot;aperture&quot;:&quot;7.1&quot;,&quot;credit&quot;:&quot;REIJA SATOKANGAS&quot;,&quot;camera&quot;:&quot;Canon EOS 5D Mark IV&quot;,&quot;caption&quot;:&quot;&quot;,&quot;created_timestamp&quot;:&quot;1675515309&quot;,&quot;copyright&quot;:&quot;&quot;,&quot;focal_length&quot;:&quot;50&quot;,&quot;iso&quot;:&quot;160&quot;,&quot;shutter_speed&quot;:&quot;0.8&quot;,&quot;title&quot;:&quot;&quot;,&quot;orientation&quot;:&quot;0&quot;}\" data-image-title=\"lauantaikarkit\" data-image-description=\"\" data-image-caption=\"\" data-large-file=\"https:\/\/www.satokangas.fi\/blogi\/wp-content\/uploads\/2023\/02\/lauantaikarkit.jpg\" class=\"aligncenter size-full wp-image-44740\" src=\"https:\/\/www.satokangas.fi\/blogi\/wp-content\/uploads\/2023\/02\/lauantaikarkit.jpg\" alt=\"\" width=\"700\" height=\"524\" srcset=\"https:\/\/www.satokangas.fi\/blogi\/wp-content\/uploads\/2023\/02\/lauantaikarkit.jpg 700w, https:\/\/www.satokangas.fi\/blogi\/wp-content\/uploads\/2023\/02\/lauantaikarkit-534x400.jpg 534w, https:\/\/www.satokangas.fi\/blogi\/wp-content\/uploads\/2023\/02\/lauantaikarkit-300x225.jpg 300w, https:\/\/www.satokangas.fi\/blogi\/wp-content\/uploads\/2023\/02\/lauantaikarkit-80x60.jpg 80w\" sizes=\"auto, (max-width: 700px) 100vw, 700px\" \/><\/a><\/p>\n<p style=\"text-align: justify;\">\n","protected":false},"excerpt":{"rendered":"<p>Kun ei ole paljon tekemist\u00e4, ei tule tehty\u00e4 paljon mit\u00e4\u00e4n.\u00a0\u00a0 T\u00e4h\u00e4n kiteytyy koko p\u00e4iv\u00e4ni syv\u00e4mietteinen yhteenveto.\u00a0 Noh, joka tapauksessa, kun V\u00e4vy y\u00f6vytty\u00e4\u00e4n kotikotonaan tuli aamukahdeksan aikaan hakemaan Ty\u00e4rt\u00e4 ja l\u00e4htiv\u00e4t sitten ajelemaan melkein kahden kuukauden Oulu &#8211; Hangasoja &#8211; Oulu -oleskelunsa j\u00e4lkeen kohti kotiaan, kohti J\u00e4rvenp\u00e4\u00e4t\u00e4, mie l\u00e4hdin hiihtelem\u00e4\u00e4n. Oulun latupalvelun nettisivuilta olin l\u00f6yt\u00e4nyt tiedon, ett\u00e4 Pyykk\u00e4rin (Pyyk\u00f6sj\u00e4rven) latukin oli &hellip; <\/p>\n","protected":false},"author":1,"featured_media":44741,"comment_status":"open","ping_status":"open","sticky":false,"template":"","format":"standard","meta":{"jetpack_post_was_ever_published":false,"_jetpack_newsletter_access":"","_jetpack_dont_email_post_to_subs":false,"_jetpack_newsletter_tier_id":0,"_jetpack_memberships_contains_paywalled_content":false,"_jetpack_memberships_contains_paid_content":false,"footnotes":"","jetpack_publicize_message":"","jetpack_publicize_feature_enabled":true,"jetpack_social_post_already_shared":true,"jetpack_social_options":{"image_generator_settings":{"template":"highway","default_image_id":0,"font":"","enabled":false},"version":2}},"categories":[75,33],"tags":[],"class_list":["post-44739","post","type-post","status-publish","format-standard","has-post-thumbnail","hentry","category-isovanhemmuus","category-liikkuminen","latest_post"],"jetpack_publicize_connections":[],"jetpack_featured_media_url":"https:\/\/www.satokangas.fi\/blogi\/wp-content\/uploads\/2023\/02\/Pyykkari.jpg","jetpack_shortlink":"https:\/\/wp.me\/pr4p4-bDB","jetpack_sharing_enabled":true,"jetpack_likes_enabled":false,"jetpack-related-posts":[{"id":50586,"url":"https:\/\/www.satokangas.fi\/blogi\/2024\/09\/paluulle-monia-syita\/","url_meta":{"origin":44739,"position":0},"title":"Paluulle monia syit\u00e4","author":"Reija","date":"13.9.2024","format":false,"excerpt":"Melkein kaksiviikkoinen m\u00f6kkielo p\u00e4\u00e4ttyi t\u00e4n\u00e4\u00e4n, kun ensin l\u00e4htiv\u00e4t yst\u00e4v\u00e4t ja sitten me kohti Oulua. Etten sanoisi, ett\u00e4 suurenmoinen lomareissu oli t\u00e4m\u00e4. Eik\u00e4 v\u00e4h\u00e4isin syy kaikin puolin onnistuneeseen reissuun ollut s\u00e4\u00e4. Oli l\u00e4mmint\u00e4 (+15C - 22C joka p\u00e4iv\u00e4) l\u00e4hes sateetonta, tuulta vain tunturissa. Lepoa, luppoilua ja liikkumista, pitki\u00e4 y\u00f6unia, aika hyv\u00e4\u00e4\u2026","rel":"","context":"Kategoriassa &quot;Niit\u00e4 n\u00e4it\u00e4&quot;","block_context":{"text":"Niit\u00e4 n\u00e4it\u00e4","link":"https:\/\/www.satokangas.fi\/blogi\/category\/aiheeton\/"},"img":{"alt_text":"","src":"https:\/\/i0.wp.com\/www.satokangas.fi\/blogi\/wp-content\/uploads\/2024\/09\/Kakslauttanen-2.jpg?resize=350%2C200&ssl=1","width":350,"height":200,"srcset":"https:\/\/i0.wp.com\/www.satokangas.fi\/blogi\/wp-content\/uploads\/2024\/09\/Kakslauttanen-2.jpg?resize=350%2C200&ssl=1 1x, https:\/\/i0.wp.com\/www.satokangas.fi\/blogi\/wp-content\/uploads\/2024\/09\/Kakslauttanen-2.jpg?resize=525%2C300&ssl=1 1.5x, https:\/\/i0.wp.com\/www.satokangas.fi\/blogi\/wp-content\/uploads\/2024\/09\/Kakslauttanen-2.jpg?resize=700%2C400&ssl=1 2x"},"classes":[]},{"id":31350,"url":"https:\/\/www.satokangas.fi\/blogi\/2017\/07\/ruokaa-rakkaudella\/","url_meta":{"origin":44739,"position":1},"title":"Ruokaa rakkaudella","author":"Reija","date":"19.7.2017","format":false,"excerpt":"T\u00e4llaista t\u00e4n\u00e4\u00e4n ... Entinen ty\u00f6kaverini l\u00f6ysi uuden el\u00e4m\u00e4nkumppanin kymmenkunta vuotta sitten. Kun yst\u00e4v\u00e4ni rakastuneena kertoi minulle uudesta, nyt jo edesmenneest\u00e4 miehest\u00e4\u00e4n, h\u00e4n sanoi, ett\u00e4 \u201dS. on sellainen ruoalla rakastaja, samanlainen kuin sin\u00e4kin\u201d \u2013 enp\u00e4 ollut koskaan kuullut moista epiteetti\u00e4 kenest\u00e4k\u00e4\u00e4n saatikka itsest\u00e4ni. My\u00f6hemmin ymm\u00e4rsin hyvin, mit\u00e4 h\u00e4n tarkoitti. Ja taisipa\u2026","rel":"","context":"Kategoriassa &quot;Lappi&quot;","block_context":{"text":"Lappi","link":"https:\/\/www.satokangas.fi\/blogi\/category\/lappi\/"},"img":{"alt_text":"","src":"https:\/\/i0.wp.com\/www.satokangas.fi\/blogi\/wp-content\/uploads\/2017\/07\/Saariselka-4.jpg?resize=350%2C200&ssl=1","width":350,"height":200,"srcset":"https:\/\/i0.wp.com\/www.satokangas.fi\/blogi\/wp-content\/uploads\/2017\/07\/Saariselka-4.jpg?resize=350%2C200&ssl=1 1x, https:\/\/i0.wp.com\/www.satokangas.fi\/blogi\/wp-content\/uploads\/2017\/07\/Saariselka-4.jpg?resize=525%2C300&ssl=1 1.5x, https:\/\/i0.wp.com\/www.satokangas.fi\/blogi\/wp-content\/uploads\/2017\/07\/Saariselka-4.jpg?resize=700%2C400&ssl=1 2x"},"classes":[]},{"id":37740,"url":"https:\/\/www.satokangas.fi\/blogi\/2019\/12\/lisapaiva-joulutunnelmassa\/","url_meta":{"origin":44739,"position":2},"title":"Lis\u00e4p\u00e4iv\u00e4 joulutunnelmassa","author":"Reija","date":"8.12.2019","format":false,"excerpt":"Aie oli, ett\u00e4 l\u00e4hdemme t\u00e4n\u00e4\u00e4n m\u00f6kilt\u00e4 kotiin. J\u00e4i aikeeksi. Yst\u00e4v\u00e4t l\u00e4htiv\u00e4t aamupalan j\u00e4lkeen kohti Oulua. Me l\u00e4hdimme laduille. Emme raskineet viel\u00e4 kaupunkiin palata. Kyll\u00e4 t\u00e4\u00e4ll\u00e4 pehme\u00e4ss\u00e4 pimeydess\u00e4, ihan omassa kuplassa viel\u00e4 viihtyy... V\u00e4h\u00e4n ep\u00e4todellista tietysti, - kaukana kavala maailma. Luminen mets\u00e4, m\u00f6kin l\u00e4mp\u00f6 ja hiljaisuus, tekem\u00e4tt\u00f6myys tai ainakin vain sellainen\u2026","rel":"","context":"Kategoriassa &quot;Joulu&quot;","block_context":{"text":"Joulu","link":"https:\/\/www.satokangas.fi\/blogi\/category\/joulu\/"},"img":{"alt_text":"","src":"https:\/\/i0.wp.com\/www.satokangas.fi\/blogi\/wp-content\/uploads\/2019\/12\/1-1.jpg?resize=350%2C200&ssl=1","width":350,"height":200,"srcset":"https:\/\/i0.wp.com\/www.satokangas.fi\/blogi\/wp-content\/uploads\/2019\/12\/1-1.jpg?resize=350%2C200&ssl=1 1x, https:\/\/i0.wp.com\/www.satokangas.fi\/blogi\/wp-content\/uploads\/2019\/12\/1-1.jpg?resize=525%2C300&ssl=1 1.5x, https:\/\/i0.wp.com\/www.satokangas.fi\/blogi\/wp-content\/uploads\/2019\/12\/1-1.jpg?resize=700%2C400&ssl=1 2x"},"classes":[]},{"id":28644,"url":"https:\/\/www.satokangas.fi\/blogi\/2016\/07\/luokkakokouksen-jalkeen\/","url_meta":{"origin":44739,"position":3},"title":"Luokkakokouksen j\u00e4lkeen","author":"Reija","date":"10.7.2016","format":false,"excerpt":"Viel\u00e4 eilisess\u00e4, viel\u00e4 lukiovuosissa... On oikeasti vaikea palata t\u00e4h\u00e4n p\u00e4iv\u00e4\u00e4n, todellisuuteen. Eilinen iltap\u00e4iv\u00e4 ja ilta olivat aika huikea sukellus omaan menneeseen... Eilen oli vihdoin - talven ja kev\u00e4\u00e4n odotuksen ja j\u00e4rjestelyn j\u00e4lkeen - luokkakokous. Olin aamup\u00e4iv\u00e4n viel\u00e4 Torniossa, koulussa. Kuuntelin viikonlopun teht\u00e4vienannot ja ensimm\u00e4isen kuvausssession ehdin tehd\u00e4, mutta sitten l\u00e4hdin,\u2026","rel":"","context":"Kategoriassa &quot;Niit\u00e4 n\u00e4it\u00e4&quot;","block_context":{"text":"Niit\u00e4 n\u00e4it\u00e4","link":"https:\/\/www.satokangas.fi\/blogi\/category\/aiheeton\/"},"img":{"alt_text":"B","src":"https:\/\/i0.wp.com\/www.satokangas.fi\/blogi\/wp-content\/uploads\/2016\/07\/B-600x297.jpg?resize=350%2C200&ssl=1","width":350,"height":200,"srcset":"https:\/\/i0.wp.com\/www.satokangas.fi\/blogi\/wp-content\/uploads\/2016\/07\/B-600x297.jpg?resize=350%2C200&ssl=1 1x, https:\/\/i0.wp.com\/www.satokangas.fi\/blogi\/wp-content\/uploads\/2016\/07\/B-600x297.jpg?resize=525%2C300&ssl=1 1.5x"},"classes":[]},{"id":40969,"url":"https:\/\/www.satokangas.fi\/blogi\/2021\/06\/purot-ja-porot-jaivat-taas\/","url_meta":{"origin":44739,"position":4},"title":"Purot ja porot j\u00e4iv\u00e4t taas","author":"Reija","date":"9.6.2021","format":false,"excerpt":"M\u00f6kkipihassa heippasimme yhdeks\u00e4n aikoihin. Ensin l\u00e4htiv\u00e4t yst\u00e4v\u00e4t ajelemaan Sodankyl\u00e4n ja Kemij\u00e4rven kautta omalle m\u00f6killeen Livolle, ja tunteroisen p\u00e4\u00e4st\u00e4 me starttasimme kohti kotia. Kymmenen p\u00e4iv\u00e4n pitk\u00e4 m\u00f6kkireissu, aika kev\u00e4ttalvesta kev\u00e4\u00e4n kautta kes\u00e4\u00e4n kymmeness\u00e4 p\u00e4iv\u00e4ss\u00e4, tuntui aika pitk\u00e4lt\u00e4 tai paremmimkin t\u00e4ytel\u00e4iselt\u00e4, monia erilaisia p\u00e4ivi\u00e4, paljon tekemisi\u00e4, n\u00e4kemisi\u00e4. Toisaalta - taas kerran -\u2026","rel":"","context":"Kategoriassa &quot;Niit\u00e4 n\u00e4it\u00e4&quot;","block_context":{"text":"Niit\u00e4 n\u00e4it\u00e4","link":"https:\/\/www.satokangas.fi\/blogi\/category\/aiheeton\/"},"img":{"alt_text":"","src":"https:\/\/i0.wp.com\/www.satokangas.fi\/blogi\/wp-content\/uploads\/2021\/06\/IMG_20210609_182009.jpg?resize=350%2C200&ssl=1","width":350,"height":200,"srcset":"https:\/\/i0.wp.com\/www.satokangas.fi\/blogi\/wp-content\/uploads\/2021\/06\/IMG_20210609_182009.jpg?resize=350%2C200&ssl=1 1x, https:\/\/i0.wp.com\/www.satokangas.fi\/blogi\/wp-content\/uploads\/2021\/06\/IMG_20210609_182009.jpg?resize=525%2C300&ssl=1 1.5x"},"classes":[]},{"id":15221,"url":"https:\/\/www.satokangas.fi\/blogi\/2012\/09\/citypaiva\/","url_meta":{"origin":44739,"position":5},"title":"Cityp\u00e4iv\u00e4","author":"Reija","date":"8.9.2012","format":false,"excerpt":"Aamuyhdeks\u00e4lt\u00e4 l\u00e4hdin kierrokselle ja p\u00e4iv\u00e4 ehti kulua pitk\u00e4lle iltap\u00e4iv\u00e4\u00e4n ennen kuin kotiuduin. Pojat \u00a0(pehtoori ja Junior) l\u00e4htiv\u00e4t tuninki-tapahtumaan (autojen tuunaus\/hifilaite-happening) ja min\u00e4 p\u00e4\u00e4tin menn\u00e4 asiointikierroksen ja murmelin luona k\u00e4ynnin j\u00e4lkeen katsomaan valokuvaaja Caj Bremerin n\u00e4yttelyn Valvella. Ehdottomasti suosittelen. Olin aika imponoitunut. Sek\u00e4 kuvista ett\u00e4 historiasta. Kuvat ovat paitsi teknisesti erinomaisia,\u2026","rel":"","context":"Kategoriassa &quot;Niit\u00e4 n\u00e4it\u00e4&quot;","block_context":{"text":"Niit\u00e4 n\u00e4it\u00e4","link":"https:\/\/www.satokangas.fi\/blogi\/category\/aiheeton\/"},"img":{"alt_text":"","src":"https:\/\/i0.wp.com\/www.satokangas.fi\/blogi\/wp-content\/uploads\/Toivoniementie-5_p-263x400.jpg?resize=350%2C200&ssl=1","width":350,"height":200},"classes":[]}],"_links":{"self":[{"href":"https:\/\/www.satokangas.fi\/blogi\/wp-json\/wp\/v2\/posts\/44739","targetHints":{"allow":["GET"]}}],"collection":[{"href":"https:\/\/www.satokangas.fi\/blogi\/wp-json\/wp\/v2\/posts"}],"about":[{"href":"https:\/\/www.satokangas.fi\/blogi\/wp-json\/wp\/v2\/types\/post"}],"author":[{"embeddable":true,"href":"https:\/\/www.satokangas.fi\/blogi\/wp-json\/wp\/v2\/users\/1"}],"replies":[{"embeddable":true,"href":"https:\/\/www.satokangas.fi\/blogi\/wp-json\/wp\/v2\/comments?post=44739"}],"version-history":[{"count":0,"href":"https:\/\/www.satokangas.fi\/blogi\/wp-json\/wp\/v2\/posts\/44739\/revisions"}],"wp:featuredmedia":[{"embeddable":true,"href":"https:\/\/www.satokangas.fi\/blogi\/wp-json\/wp\/v2\/media\/44741"}],"wp:attachment":[{"href":"https:\/\/www.satokangas.fi\/blogi\/wp-json\/wp\/v2\/media?parent=44739"}],"wp:term":[{"taxonomy":"category","embeddable":true,"href":"https:\/\/www.satokangas.fi\/blogi\/wp-json\/wp\/v2\/categories?post=44739"},{"taxonomy":"post_tag","embeddable":true,"href":"https:\/\/www.satokangas.fi\/blogi\/wp-json\/wp\/v2\/tags?post=44739"}],"curies":[{"name":"wp","href":"https:\/\/api.w.org\/{rel}","templated":true}]}}