{"id":43909,"date":"2022-10-29T19:27:27","date_gmt":"2022-10-29T16:27:27","guid":{"rendered":"https:\/\/www.satokangas.fi\/blogi\/?p=43909"},"modified":"2022-10-29T19:27:27","modified_gmt":"2022-10-29T16:27:27","slug":"syksyista-4","status":"publish","type":"post","link":"https:\/\/www.satokangas.fi\/blogi\/2022\/10\/syksyista-4\/","title":{"rendered":"Syksyist\u00e4"},"content":{"rendered":"<p><b>Hiljainen aamu<\/b><\/p>\n<p style=\"text-align: justify;\">Aamuh\u00e4m\u00e4r\u00e4ss\u00e4 &#8211; h\u00e4m\u00e4r\u00e4n hyssyss\u00e4, kuten \u00e4iti sit\u00e4 nimitti ja josta h\u00e4n kovasti piti &#8211; ehdin ennen sateen alkua k\u00e4yd\u00e4 hautausmaalla. K\u00e4vin kertomassa \u00e4idille, ett\u00e4 pikkusisarensa on jo matkalla luokseen. Ehdin pyyt\u00e4\u00e4 t\u00e4dilt\u00e4ni, ett\u00e4 veisi \u00e4idille terveiset. Nyt on koko Tuulen sisaruskatras tuonilmaisissa, my\u00f6s is\u00e4ni veli ja sisaret ovat jo edesmenneit\u00e4.<\/p>\n<p style=\"text-align: justify;\">Kovin l\u00e4heisiksi eiv\u00e4t etel\u00e4n t\u00e4dit, eno ja set\u00e4 koskaan tulleet, lapsuudessa heit\u00e4 tavattiin, kun he joskus k\u00e4viv\u00e4t Oulussa (rippijuhlissa, h\u00e4iss\u00e4, yo-juhlissa tai ihan muuten vaan) tai meid\u00e4n perhe k\u00e4vi jokakes\u00e4isell\u00e4 Tavastilan, Helsingin ja Perni\u00f6n sukulaiskierroksella. Aikuistuttuani, poismuutettuani kotikotoa ja vanhempieni erottua sukulaisia tuli n\u00e4hty\u00e4 tosi harvoin. T\u00e4tikatraan nuorimmaisen, nyt poisnukkuneen, kanssa olen ollut eniten tekemisiss\u00e4, viimeisen vuoden aikana paljonkin, ja h\u00e4nen ja miehens\u00e4 luona k\u00e4vimme Pehtoorin kanssa silloin kun olimme kes\u00e4lomareissulla\/<a href=\"https:\/\/www.satokangas.fi\/blogi\/2009\/07\/kotkan-meripaivat-ja-me\/\" target=\"_blank\" rel=\"noopener\">kartanokierroksella<\/a> Kymiss\u00e4 (Karhulanhovi etc.) kymmenkunta vuotta sitten.<\/p>\n<p><strong>Kaksi kukkoa<\/strong><\/p>\n<p style=\"text-align: justify;\">Lauantain kahden hengen p\u00e4iv\u00e4llisen teemana oli kukko. Kukkoa kahdella tapaa? &#8211; Ranskalainen klassikkoruoka Coq au Vin (kukkoa viiniss\u00e4) ja toscanalainen Chianti Classico, jossa classico-laadusta ja alueesta kertoo pullon kaulassa oleva nauha, jossa on Gallo Nero eli musta kukko!<\/p>\n<p style=\"text-align: justify;\">Kukkoa viiniss\u00e4 on kyll\u00e4 hieman harhauttava nimi t\u00e4lle ruoalle: &#8221;ennen&#8221; se tehtiin (pakaste)kanasta ja nyttemin broilerista ja t\u00e4n\u00e4\u00e4n meill\u00e4 koivista ja fileest\u00e4, koska kolmesta kaupasta etsimisen j\u00e4lkeen ei l\u00f6ytynyt kokonaista broileria saatikka kanaa. Varmaan 25 erilaista broiskutuotetta , suikaleina, filein\u00e4, nuijina, koipina, leikkein\u00e4 mit\u00e4 erilaisimmilla marinadeilla, mutta ei edes pakkasessa kokonaista marinoimatonta broileria. T\u00e4st\u00e4 huolimatta tulihan hyv\u00e4\u00e4. T\u00e4m\u00e4n ruoan valmistamiseen on minun ruoanlaittointoiluni <a href=\"https:\/\/www.satokangas.fi\/blogi\/2015\/01\/ruokahistoriaa-coq-au-vin\/\" target=\"_blank\" rel=\"noopener\">alkutaipaleelta muisto<\/a>, joka ei haalistu.<\/p>\n<p style=\"text-align: justify;\">T\u00e4n\u00e4\u00e4n en tehnyt tuolla vanhalla reseptill\u00e4, vaan t\u00e4ll\u00e4. Syksyyn kuuluvat pataruoat, ja leivinuunin liki p\u00e4ivitt\u00e4inen l\u00e4mmitt\u00e4minen paitsi s\u00e4\u00e4st\u00e4\u00e4 s\u00e4hk\u00f6\u00e4, on mukava juttu ruoanlaitossa.<\/p>\n<p style=\"text-align: justify;\"><em><strong>\u00a0COQ AU VIN ELI KUKKOA VIINISS\u00c4<\/strong><\/em><\/p>\n<p style=\"padding-left: 40px; text-align: justify;\">10 pient\u00e4 sipulia<br \/>\n6 broilerin koipi-reisipalaa<br \/>\n1 \u00bd tl suolaa<br \/>\n\u00bd tl mustapippuria<br \/>\n2 rkl voita<br \/>\n2 rkl \u00f6ljy\u00e4<br \/>\n2 porkkanaa<br \/>\n4 valkosipulinkyntt\u00e4<br \/>\n5 dl punaviini\u00e4<br \/>\n200 g tuoreita herkkusieni\u00e4<br \/>\n140 g pekonia<br \/>\n2 dl lihalient\u00e4<br \/>\n3 laakerinlehte\u00e4<br \/>\n1 tl timjamia<br \/>\n3 rkl persiljaa<\/p>\n<p style=\"padding-left: 40px;\"><a href=\"https:\/\/www.satokangas.fi\/blogi\/2022\/10\/syksyista-4\/cog-au-vin\/#main\" rel=\"attachment wp-att-43910\"><img loading=\"lazy\" decoding=\"async\" data-attachment-id=\"43910\" data-permalink=\"https:\/\/www.satokangas.fi\/blogi\/2022\/10\/syksyista-4\/cog-au-vin\/\" data-orig-file=\"https:\/\/www.satokangas.fi\/blogi\/wp-content\/uploads\/2022\/10\/Cog-au-Vin.jpg\" data-orig-size=\"900,600\" data-comments-opened=\"1\" data-image-meta=\"{&quot;aperture&quot;:&quot;5.6&quot;,&quot;credit&quot;:&quot;REIJA SATOKANGAS&quot;,&quot;camera&quot;:&quot;Canon EOS 5D Mark IV&quot;,&quot;caption&quot;:&quot;&quot;,&quot;created_timestamp&quot;:&quot;1667048161&quot;,&quot;copyright&quot;:&quot;&quot;,&quot;focal_length&quot;:&quot;63&quot;,&quot;iso&quot;:&quot;2500&quot;,&quot;shutter_speed&quot;:&quot;0.04&quot;,&quot;title&quot;:&quot;&quot;,&quot;orientation&quot;:&quot;0&quot;}\" data-image-title=\"Cog au Vin\" data-image-description=\"\" data-image-caption=\"\" data-large-file=\"https:\/\/www.satokangas.fi\/blogi\/wp-content\/uploads\/2022\/10\/Cog-au-Vin.jpg\" class=\"size-full wp-image-43910 alignnone\" src=\"https:\/\/www.satokangas.fi\/blogi\/wp-content\/uploads\/2022\/10\/Cog-au-Vin.jpg\" alt=\"\" width=\"900\" height=\"600\" srcset=\"https:\/\/www.satokangas.fi\/blogi\/wp-content\/uploads\/2022\/10\/Cog-au-Vin.jpg 900w, https:\/\/www.satokangas.fi\/blogi\/wp-content\/uploads\/2022\/10\/Cog-au-Vin-600x400.jpg 600w, https:\/\/www.satokangas.fi\/blogi\/wp-content\/uploads\/2022\/10\/Cog-au-Vin-300x200.jpg 300w, https:\/\/www.satokangas.fi\/blogi\/wp-content\/uploads\/2022\/10\/Cog-au-Vin-768x512.jpg 768w\" sizes=\"auto, (max-width: 900px) 100vw, 900px\" \/><\/a><\/p>\n<p style=\"padding-left: 40px; text-align: justify;\">Leikkaa broileripalat kahtia nivelen kohdalta. Kuivaa lihapalat talouspaperilla ja mausta ne suolalla ja pippurilla.<br \/>\nKuumenna voi ja \u00f6ljy paistinpannulla. Ruskista broilerinpalat parissa er\u00e4ss\u00e4. Siirr\u00e4 lihat noin kolmen litran vetoiseen pataan. J\u00e4t\u00e4 rasva pannulle.<br \/>\nKuori sipulit, kuori porkkanat ja\u00a0 leikkaa ne lanteiksi. Hienonna valkosipulit.<br \/>\nKuullota kasvikset pannulle j\u00e4\u00e4neess\u00e4 rasvassa ja kumoa pataan.<br \/>\nKaada paistinpannulle viini ja anna sen kiehahtaa. N\u00e4in saat maut talteen. Kaada viini pataan lihojen p\u00e4\u00e4lle.<br \/>\nPuhdista herkkusienet, halkaise isoimmat halutessasi.<br \/>\nLeikkaa pekoni noin sentin kuutioiksi. Ruskista pekoni ja sienet paistinpannulla ja nosta pataan.<br \/>\nHuuhtele pannu lihaliemell\u00e4 ja lis\u00e4\u00e4 pataan. Lis\u00e4\u00e4 laakerinlehdet ja timjami.<br \/>\nHauduta ruokaa uunissa 150 asteessa noin tunti.<br \/>\nKoristele persiljasilpulla ja tarjoa keitetyn riisin kera.<br \/>\n(Ranskalaisten mielest\u00e4 ainoa oikea lisuke on persiljaperunat, meill\u00e4 oli t\u00e4n\u00e4\u00e4n ohra-riisi\u00e4, eik\u00e4 kyll\u00e4 ollut ollenkaan huono valinta.)<\/p>\n<p style=\"text-align: justify;\">Ja yll\u00e4tt\u00e4en, vahingossa ruoalle valikoitu viinikin on KUKKOviini. Me molemmat olemme vastik\u00e4\u00e4n kuunnelleet Marja Vesalan kirjan <a href=\"https:\/\/www.bookbeat.fi\/kirja\/vuosi-toscanan-kukkuloilla-592435\" target=\"_blank\" rel=\"noopener\">Vuosi Toscanan kukkuloilla<\/a>, ja siin\u00e4 ollaan paljon Volpaiassa Chianti Classicoa tuottavalla viinitilalla. Ja juuri sit\u00e4 viini\u00e4 on my\u00f6s Alkossa &#8211; ja Oulussakin. Siisp\u00e4 Juniorin kotiinkuljettamana meill\u00e4 on (oli) sit\u00e4 nelj\u00e4 pikkupullollista, ja t\u00e4n\u00e4\u00e4n yksi niist\u00e4 avattiin ja hyvill\u00e4 mielin nautittiin Coq au vinin kera.<\/p>\n<p><a href=\"https:\/\/www.satokangas.fi\/blogi\/2022\/10\/syksyista-4\/gallonero-2\/#main\" rel=\"attachment wp-att-43911\"><img loading=\"lazy\" decoding=\"async\" data-attachment-id=\"43911\" data-permalink=\"https:\/\/www.satokangas.fi\/blogi\/2022\/10\/syksyista-4\/gallonero-2\/\" data-orig-file=\"https:\/\/www.satokangas.fi\/blogi\/wp-content\/uploads\/2022\/10\/GalloNero-2.jpg\" data-orig-size=\"800,764\" data-comments-opened=\"1\" data-image-meta=\"{&quot;aperture&quot;:&quot;10&quot;,&quot;credit&quot;:&quot;REIJA SATOKANGAS&quot;,&quot;camera&quot;:&quot;Canon EOS 5D Mark IV&quot;,&quot;caption&quot;:&quot;&quot;,&quot;created_timestamp&quot;:&quot;1667045911&quot;,&quot;copyright&quot;:&quot;&quot;,&quot;focal_length&quot;:&quot;100&quot;,&quot;iso&quot;:&quot;640&quot;,&quot;shutter_speed&quot;:&quot;0.05&quot;,&quot;title&quot;:&quot;&quot;,&quot;orientation&quot;:&quot;0&quot;}\" data-image-title=\"GalloNero-2\" data-image-description=\"\" data-image-caption=\"\" data-large-file=\"https:\/\/www.satokangas.fi\/blogi\/wp-content\/uploads\/2022\/10\/GalloNero-2.jpg\" class=\"aligncenter size-full wp-image-43911\" src=\"https:\/\/www.satokangas.fi\/blogi\/wp-content\/uploads\/2022\/10\/GalloNero-2.jpg\" alt=\"\" width=\"800\" height=\"764\" srcset=\"https:\/\/www.satokangas.fi\/blogi\/wp-content\/uploads\/2022\/10\/GalloNero-2.jpg 800w, https:\/\/www.satokangas.fi\/blogi\/wp-content\/uploads\/2022\/10\/GalloNero-2-419x400.jpg 419w, https:\/\/www.satokangas.fi\/blogi\/wp-content\/uploads\/2022\/10\/GalloNero-2-300x287.jpg 300w, https:\/\/www.satokangas.fi\/blogi\/wp-content\/uploads\/2022\/10\/GalloNero-2-768x733.jpg 768w\" sizes=\"auto, (max-width: 800px) 100vw, 800px\" \/><\/a><\/p>\n<p style=\"text-align: justify;\">Viini ei ole ihan edullista (13 \u20ac pikkupullo), mutta oli kyll\u00e4 miellytt\u00e4v\u00e4\u00e4, n\u00e4ytti mehulta, mutta oli hyvinkin t\u00e4ytel\u00e4ist\u00e4, raikasta, sopivasti hilloinen, kirsikkaa ja jotain muita marjoja maussa. Ja koska se Chianti CLASSICO, sen kaulassa on musta kukko, Gallo Nero. <a href=\"https:\/\/www.satokangas.fi\/blogi\/2021\/02\/chiantin-musta-kukko\/\" target=\"_blank\" rel=\"noopener\">Chiantin kukon tarina<\/a>\u00a0linkin takana, ja samassa postauksessa my\u00f6s muutama, edelleen hyv\u00e4 viinisuositus, jos vaikka ensi viikonlopun pyh\u00e4inp\u00e4iv\u00e4p\u00e4iv\u00e4lliselle olisi tarvetta.<\/p>\n<p style=\"text-align: justify;\">Kukkoa viiniss\u00e4 -reseptiss\u00e4 on my\u00f6s viinin tarvetta, siihen sopi hyvin meill\u00e4 aina j\u00e4\u00e4kaapissa varuilta oleva alkoholiton punkku. T\u00e4ll\u00e4 kertaa se oli Torresin Syrah, jota on ainakin meid\u00e4n K-marketissa ihan vakiovalikoimassa.<\/p>\n<p>Nyt on kyll\u00e4inen ja levollinen olo. Rauhaisa lauantaiehtoo &#8230;<\/p>\n","protected":false},"excerpt":{"rendered":"<p>Hiljainen aamu Aamuh\u00e4m\u00e4r\u00e4ss\u00e4 &#8211; h\u00e4m\u00e4r\u00e4n hyssyss\u00e4, kuten \u00e4iti sit\u00e4 nimitti ja josta h\u00e4n kovasti piti &#8211; ehdin ennen sateen alkua k\u00e4yd\u00e4 hautausmaalla. K\u00e4vin kertomassa \u00e4idille, ett\u00e4 pikkusisarensa on jo matkalla luokseen. Ehdin pyyt\u00e4\u00e4 t\u00e4dilt\u00e4ni, ett\u00e4 veisi \u00e4idille terveiset. Nyt on koko Tuulen sisaruskatras tuonilmaisissa, my\u00f6s is\u00e4ni veli ja sisaret ovat jo edesmenneit\u00e4. Kovin l\u00e4heisiksi eiv\u00e4t etel\u00e4n t\u00e4dit, eno ja set\u00e4 &hellip; <\/p>\n","protected":false},"author":1,"featured_media":0,"comment_status":"open","ping_status":"open","sticky":false,"template":"","format":"standard","meta":{"jetpack_post_was_ever_published":false,"_jetpack_newsletter_access":"","_jetpack_dont_email_post_to_subs":false,"_jetpack_newsletter_tier_id":0,"_jetpack_memberships_contains_paywalled_content":false,"_jetpack_memberships_contains_paid_content":false,"footnotes":"","jetpack_publicize_message":"","jetpack_publicize_feature_enabled":true,"jetpack_social_post_already_shared":true,"jetpack_social_options":{"image_generator_settings":{"template":"highway","default_image_id":0,"font":"","enabled":false},"version":2}},"categories":[1],"tags":[],"class_list":["post-43909","post","type-post","status-publish","format-standard","hentry","category-aiheeton","latest_post"],"jetpack_publicize_connections":[],"jetpack_featured_media_url":"","jetpack_shortlink":"https:\/\/wp.me\/pr4p4-bqd","jetpack_sharing_enabled":true,"jetpack_likes_enabled":false,"jetpack-related-posts":[{"id":42598,"url":"https:\/\/www.satokangas.fi\/blogi\/2022\/03\/ikava-muuttaa-muotoaan\/","url_meta":{"origin":43909,"position":0},"title":"Ik\u00e4v\u00e4 muuttaa muotoaan","author":"Reija","date":"22.3.2022","format":false,"excerpt":"On tasan kaksi kuukautta \u00e4idin l\u00e4hd\u00f6st\u00e4. Moni asia on muuttunut, mutta min\u00e4 en viel\u00e4 ihan ole siihen tottunut.\u00a0 Edelleen k\u00e4y monta kertaa niin, ett\u00e4 otan kuvan\/kuvia m\u00f6kill\u00e4 tai lapsista tai kauniista auringonpaisteesta kaupungilla, nimenomaan sill\u00e4 ajatuksella, ett\u00e4 n\u00e4yt\u00e4np\u00e4 sitten \u00e4idille. M\u00f6kill\u00e4 otin pitk\u00e4n videop\u00e4tk\u00e4n m\u00f6kin pihapiirist\u00e4, kuten olen melkein aina\u2026","rel":"","context":"Kategoriassa &quot;Niit\u00e4 n\u00e4it\u00e4&quot;","block_context":{"text":"Niit\u00e4 n\u00e4it\u00e4","link":"https:\/\/www.satokangas.fi\/blogi\/category\/aiheeton\/"},"img":{"alt_text":"","src":"https:\/\/i0.wp.com\/www.satokangas.fi\/blogi\/wp-content\/uploads\/2022\/03\/hiihdellen.jpg?resize=350%2C200&ssl=1","width":350,"height":200},"classes":[]},{"id":38351,"url":"https:\/\/www.satokangas.fi\/blogi\/2020\/03\/mietityttaa\/","url_meta":{"origin":43909,"position":1},"title":"Mietitytt\u00e4\u00e4","author":"Reija","date":"17.3.2020","format":false,"excerpt":"Lumisadep\u00e4iv\u00e4. Mietint\u00e4p\u00e4iv\u00e4. Photoshop-p\u00e4iv\u00e4. Netflix-p\u00e4iv\u00e4. Leipomisp\u00e4iv\u00e4. Netiss\u00e4 roikkumisp\u00e4iv\u00e4. Suunnittelup\u00e4iv\u00e4. Silitysp\u00e4iv\u00e4. Bookbeatp\u00e4iv\u00e4. Kaikkea pient\u00e4 pitkin p\u00e4iv\u00e4\u00e4. Minun on vaikea kuvitella, ett\u00e4 minulle tulisi tekemisen puutetta ihan heti alkuunsa. Nyt kun on aikaa, muka enemm\u00e4n kuin aiemmin, niin min\u00e4h\u00e4n olen jo iloinnut siit\u00e4, mit\u00e4 kaikkea ehdink\u00e4\u00e4n t\u00e4ss\u00e4 tehd\u00e4. Ett\u00e4 nyt kun on muka\u2026","rel":"","context":"Kategoriassa &quot;Niit\u00e4 n\u00e4it\u00e4&quot;","block_context":{"text":"Niit\u00e4 n\u00e4it\u00e4","link":"https:\/\/www.satokangas.fi\/blogi\/category\/aiheeton\/"},"img":{"alt_text":"","src":"https:\/\/i0.wp.com\/www.satokangas.fi\/blogi\/wp-content\/uploads\/2020\/03\/COD_1919-2.jpg?resize=350%2C200&ssl=1","width":350,"height":200,"srcset":"https:\/\/i0.wp.com\/www.satokangas.fi\/blogi\/wp-content\/uploads\/2020\/03\/COD_1919-2.jpg?resize=350%2C200&ssl=1 1x, https:\/\/i0.wp.com\/www.satokangas.fi\/blogi\/wp-content\/uploads\/2020\/03\/COD_1919-2.jpg?resize=525%2C300&ssl=1 1.5x, https:\/\/i0.wp.com\/www.satokangas.fi\/blogi\/wp-content\/uploads\/2020\/03\/COD_1919-2.jpg?resize=700%2C400&ssl=1 2x, https:\/\/i0.wp.com\/www.satokangas.fi\/blogi\/wp-content\/uploads\/2020\/03\/COD_1919-2.jpg?resize=1050%2C600&ssl=1 3x, https:\/\/i0.wp.com\/www.satokangas.fi\/blogi\/wp-content\/uploads\/2020\/03\/COD_1919-2.jpg?resize=1400%2C800&ssl=1 4x"},"classes":[]},{"id":36718,"url":"https:\/\/www.satokangas.fi\/blogi\/2019\/06\/mokkireissulle-lahdossa\/","url_meta":{"origin":43909,"position":2},"title":"M\u00f6kkireissulle l\u00e4hd\u00f6ss\u00e4","author":"Reija","date":"27.6.2019","format":false,"excerpt":"Lopulta hyvinkin kes\u00e4inen p\u00e4iv\u00e4, vaikka aamulla toisenlaiseksi luulin. Koskapa huomenissa l\u00e4hdemme (taas) m\u00f6kille, on t\u00e4n\u00e4\u00e4n ollut valmistelup\u00e4iv\u00e4. Aamup\u00e4iv\u00e4 ensin \u00e4idin asioilla ja luona: varmuusvarastot t\u00e4ydennetty ja muut tarpeelliset toimet ja seuranpito hoidettu. Sitten m\u00f6kille kauppa-asiat ja pakkaaminen valmiiksi, kukkien kastelu ja muu kodin \"alasajo\". Tarkoitus on l\u00e4hte\u00e4 heti aamusta, ett\u00e4\u2026","rel":"","context":"Kategoriassa &quot;Niit\u00e4 n\u00e4it\u00e4&quot;","block_context":{"text":"Niit\u00e4 n\u00e4it\u00e4","link":"https:\/\/www.satokangas.fi\/blogi\/category\/aiheeton\/"},"img":{"alt_text":"","src":"https:\/\/i0.wp.com\/www.satokangas.fi\/blogi\/wp-content\/uploads\/2019\/06\/Huvila.jpg?resize=350%2C200&ssl=1","width":350,"height":200,"srcset":"https:\/\/i0.wp.com\/www.satokangas.fi\/blogi\/wp-content\/uploads\/2019\/06\/Huvila.jpg?resize=350%2C200&ssl=1 1x, https:\/\/i0.wp.com\/www.satokangas.fi\/blogi\/wp-content\/uploads\/2019\/06\/Huvila.jpg?resize=525%2C300&ssl=1 1.5x, https:\/\/i0.wp.com\/www.satokangas.fi\/blogi\/wp-content\/uploads\/2019\/06\/Huvila.jpg?resize=700%2C400&ssl=1 2x"},"classes":[]},{"id":26803,"url":"https:\/\/www.satokangas.fi\/blogi\/2015\/11\/kaupungin-valoja-kuvailemassa\/","url_meta":{"origin":43909,"position":3},"title":"Kaupungin valoja kuvailemassa","author":"Reija","date":"12.11.2015","format":false,"excerpt":"\"Kaupungin valot\" ajoivat aamuvarhaisella yl\u00f6s ja aika pian sitten uloskin. Olin ennen kahdeksaa Kiikelin rannassa, ja saman tien katulamput sammutettiin. Ja saman tien alkoi sataa r\u00e4nn\u00e4nsekaista tihkua, asfaltti kiilsi, oli kylm\u00e4 tuuli, ja ihan mielett\u00f6m\u00e4n harmaata. Eip\u00e4 ole ennen, aiemmin, tullut mielen viereenk\u00e4\u00e4n ajatus l\u00e4hte\u00e4\u00a0marraskuun\u00a0ankeana\u00a0(arki)aamuna ehdoin tahdoin ulkoilemaan. Saatikka kuvailemaan.\u2026","rel":"","context":"Kategoriassa &quot;Niit\u00e4 n\u00e4it\u00e4&quot;","block_context":{"text":"Niit\u00e4 n\u00e4it\u00e4","link":"https:\/\/www.satokangas.fi\/blogi\/category\/aiheeton\/"},"img":{"alt_text":"Kauppahalli MV_p","src":"https:\/\/i0.wp.com\/www.satokangas.fi\/blogi\/wp-content\/uploads\/2015\/11\/Kauppahalli-MV_p-600x400.jpg?resize=350%2C200&ssl=1","width":350,"height":200,"srcset":"https:\/\/i0.wp.com\/www.satokangas.fi\/blogi\/wp-content\/uploads\/2015\/11\/Kauppahalli-MV_p-600x400.jpg?resize=350%2C200&ssl=1 1x, https:\/\/i0.wp.com\/www.satokangas.fi\/blogi\/wp-content\/uploads\/2015\/11\/Kauppahalli-MV_p-600x400.jpg?resize=525%2C300&ssl=1 1.5x"},"classes":[]},{"id":41187,"url":"https:\/\/www.satokangas.fi\/blogi\/2021\/07\/aina-ei-voi-onnitua-mutta-sitten-kuitenkin\/","url_meta":{"origin":43909,"position":4},"title":"Aina ei voi onnistua, mutta sitten kuitenkin &#8230;","author":"Reija","date":"9.7.2021","format":false,"excerpt":"Eilen ennen nukkumaanmenoa pakkasin kamerarepun valmiiksi, etsin kaikki tarpeelliset py\u00f6r\u00e4ilyvermeet ja -vaatteet kylpp\u00e4rin penkille, varmistin, ett\u00e4 on akut ladattu py\u00f6r\u00e4\u00e4n, puhelimeen, kuulokkeisiin, kelloon ja kameraan, ett\u00e4 on muistikortit, Starbucks-kahvi, vesipullo ja aurinkolasit v\u00f6l\u00f6kiss\u00e4. Ajatuksena ett\u00e4 hiljaa hipsin yl\u00f6s ja ulos her\u00e4tt\u00e4m\u00e4tt\u00e4 Pehtooria. Iloitsin jo valmiiksi kes\u00e4aamun tuoksuista, linnunlaulusta, yksikseen olosta,\u2026","rel":"","context":"Kategoriassa &quot;Niit\u00e4 n\u00e4it\u00e4&quot;","block_context":{"text":"Niit\u00e4 n\u00e4it\u00e4","link":"https:\/\/www.satokangas.fi\/blogi\/category\/aiheeton\/"},"img":{"alt_text":"","src":"https:\/\/i0.wp.com\/www.satokangas.fi\/blogi\/wp-content\/uploads\/2021\/07\/kotipiazza-2.jpg?resize=350%2C200&ssl=1","width":350,"height":200,"srcset":"https:\/\/i0.wp.com\/www.satokangas.fi\/blogi\/wp-content\/uploads\/2021\/07\/kotipiazza-2.jpg?resize=350%2C200&ssl=1 1x, https:\/\/i0.wp.com\/www.satokangas.fi\/blogi\/wp-content\/uploads\/2021\/07\/kotipiazza-2.jpg?resize=525%2C300&ssl=1 1.5x, https:\/\/i0.wp.com\/www.satokangas.fi\/blogi\/wp-content\/uploads\/2021\/07\/kotipiazza-2.jpg?resize=700%2C400&ssl=1 2x"},"classes":[]},{"id":35931,"url":"https:\/\/www.satokangas.fi\/blogi\/2019\/02\/paluu-pohjoisesta-3\/","url_meta":{"origin":43909,"position":5},"title":"Paluu pohjoisesta","author":"Reija","date":"10.2.2019","format":false,"excerpt":"L\u00e4pi tuulen ja tuiskun, ... olipa kurja keli kun kotiin ajeltiin. Rovaniemelle asti lumip\u00f6lly\u00e4 ja auraamattomia teit\u00e4, ja paljon vastaantulevaa (rekka!)liikennett\u00e4. Sunnuntaina! Napapiirill\u00e4 k\u00e4vimme lohileip\u00e4sill\u00e4 ja kahvilla ja ihmettelimme j\u00e4lleen aasialaisten ja muiden turistien suurtaa m\u00e4\u00e4r\u00e4\u00e4. Varmaan toistakymment\u00e4 bussiakin oli alueen parkkipaikalla jo varhaisena iltap\u00e4iv\u00e4n\u00e4. Noh, toisaalta eip\u00e4 ihme. Onhan\u2026","rel":"","context":"Kategoriassa &quot;Niit\u00e4 n\u00e4it\u00e4&quot;","block_context":{"text":"Niit\u00e4 n\u00e4it\u00e4","link":"https:\/\/www.satokangas.fi\/blogi\/category\/aiheeton\/"},"img":{"alt_text":"","src":"https:\/\/i0.wp.com\/www.satokangas.fi\/blogi\/wp-content\/uploads\/2019\/02\/tama_taivas.jpg?resize=350%2C200&ssl=1","width":350,"height":200,"srcset":"https:\/\/i0.wp.com\/www.satokangas.fi\/blogi\/wp-content\/uploads\/2019\/02\/tama_taivas.jpg?resize=350%2C200&ssl=1 1x, https:\/\/i0.wp.com\/www.satokangas.fi\/blogi\/wp-content\/uploads\/2019\/02\/tama_taivas.jpg?resize=525%2C300&ssl=1 1.5x, https:\/\/i0.wp.com\/www.satokangas.fi\/blogi\/wp-content\/uploads\/2019\/02\/tama_taivas.jpg?resize=700%2C400&ssl=1 2x"},"classes":[]}],"_links":{"self":[{"href":"https:\/\/www.satokangas.fi\/blogi\/wp-json\/wp\/v2\/posts\/43909","targetHints":{"allow":["GET"]}}],"collection":[{"href":"https:\/\/www.satokangas.fi\/blogi\/wp-json\/wp\/v2\/posts"}],"about":[{"href":"https:\/\/www.satokangas.fi\/blogi\/wp-json\/wp\/v2\/types\/post"}],"author":[{"embeddable":true,"href":"https:\/\/www.satokangas.fi\/blogi\/wp-json\/wp\/v2\/users\/1"}],"replies":[{"embeddable":true,"href":"https:\/\/www.satokangas.fi\/blogi\/wp-json\/wp\/v2\/comments?post=43909"}],"version-history":[{"count":0,"href":"https:\/\/www.satokangas.fi\/blogi\/wp-json\/wp\/v2\/posts\/43909\/revisions"}],"wp:attachment":[{"href":"https:\/\/www.satokangas.fi\/blogi\/wp-json\/wp\/v2\/media?parent=43909"}],"wp:term":[{"taxonomy":"category","embeddable":true,"href":"https:\/\/www.satokangas.fi\/blogi\/wp-json\/wp\/v2\/categories?post=43909"},{"taxonomy":"post_tag","embeddable":true,"href":"https:\/\/www.satokangas.fi\/blogi\/wp-json\/wp\/v2\/tags?post=43909"}],"curies":[{"name":"wp","href":"https:\/\/api.w.org\/{rel}","templated":true}]}}