{"id":43906,"date":"2022-10-28T20:17:48","date_gmt":"2022-10-28T17:17:48","guid":{"rendered":"https:\/\/www.satokangas.fi\/blogi\/?p=43906"},"modified":"2022-10-29T09:51:00","modified_gmt":"2022-10-29T06:51:00","slug":"monta-check","status":"publish","type":"post","link":"https:\/\/www.satokangas.fi\/blogi\/2022\/10\/monta-check\/","title":{"rendered":"Monta * &#8221;check&#8221;"},"content":{"rendered":"<p>Ajoissa kampaajalle her\u00e4tty! Check! [Kampaaja kahdeksalta, olin ihan tikkana pystyss\u00e4 aamunelj\u00e4lt\u00e4. Ei ihme, ett\u00e4 nyt v\u00e4sytt\u00e4\u00e4.]<\/p>\n<p>Uuninl\u00e4mm\u00f6ss\u00e4 y\u00f6n yli paistunut (todellakin paistunut) ohraryynipuuro CHECK. [Ensi kerralla olen huolellisempi, 8 tuntia riitt\u00e4\u00e4, ei tarvita 12 tuntia!]<\/p>\n<p>Uusi luomiv\u00e4ri hankittu. &#8211; Check!<\/p>\n<p>M\u00f6kkil\u00e4pp\u00e4ri viety huoltoon: voidaanhan se elvytt\u00e4\u00e4 edullisin hinnoin! Paljon kyselty, paljon suostuttu maksamaan. Chekc!<\/p>\n<p>Pankkiasioita ja tulevaisuutta hoidettu. &#8211; Check!<\/p>\n<p>Takkatulen \u00e4\u00e4ress\u00e4 istuttu ja t\u00e4m\u00e4n <a href=\"https:\/\/52frames.com\/albums\/2022\/week-43-details\/challenge\" target=\"_blank\" rel=\"noopener\">viikon kuvahaaste<\/a> &#8221;Detalji&#8221; edes yritetty tallentaa muistikortille. Check! [ehk\u00e4 huomenna, kun on viimeinen mahdollisuus, viel\u00e4 yrit\u00e4n jotain parempaa.]<\/p>\n<p><a href=\"https:\/\/www.satokangas.fi\/blogi\/2022\/10\/monta-check\/52-frames-2\/#main\" rel=\"attachment wp-att-43907\"><img loading=\"lazy\" decoding=\"async\" data-attachment-id=\"43907\" data-permalink=\"https:\/\/www.satokangas.fi\/blogi\/2022\/10\/monta-check\/52-frames-2\/\" data-orig-file=\"https:\/\/www.satokangas.fi\/blogi\/wp-content\/uploads\/2022\/10\/52-Frames-2.jpg\" data-orig-size=\"483,700\" data-comments-opened=\"1\" data-image-meta=\"{&quot;aperture&quot;:&quot;2.8&quot;,&quot;credit&quot;:&quot;REIJA SATOKANGAS&quot;,&quot;camera&quot;:&quot;Canon EOS 5D Mark IV&quot;,&quot;caption&quot;:&quot;&quot;,&quot;created_timestamp&quot;:&quot;1666975552&quot;,&quot;copyright&quot;:&quot;&quot;,&quot;focal_length&quot;:&quot;100&quot;,&quot;iso&quot;:&quot;500&quot;,&quot;shutter_speed&quot;:&quot;0.005&quot;,&quot;title&quot;:&quot;&quot;,&quot;orientation&quot;:&quot;0&quot;}\" data-image-title=\"52 Frames-2\" data-image-description=\"\" data-image-caption=\"\" data-large-file=\"https:\/\/www.satokangas.fi\/blogi\/wp-content\/uploads\/2022\/10\/52-Frames-2.jpg\" class=\"aligncenter size-full wp-image-43907\" src=\"https:\/\/www.satokangas.fi\/blogi\/wp-content\/uploads\/2022\/10\/52-Frames-2.jpg\" alt=\"\" width=\"483\" height=\"700\" srcset=\"https:\/\/www.satokangas.fi\/blogi\/wp-content\/uploads\/2022\/10\/52-Frames-2.jpg 483w, https:\/\/www.satokangas.fi\/blogi\/wp-content\/uploads\/2022\/10\/52-Frames-2-276x400.jpg 276w, https:\/\/www.satokangas.fi\/blogi\/wp-content\/uploads\/2022\/10\/52-Frames-2-207x300.jpg 207w\" sizes=\"auto, (max-width: 483px) 100vw, 483px\" \/><\/a><\/p>\n<p>Perhe-whatsapp laulanut niin, ett\u00e4 n\u00e4ytt\u00f6ruudut v\u00e4r\u00e4j\u00e4\u00e4. Ei yll\u00e4tt\u00e4v\u00e4\u00e4 ett\u00e4 suunsoitto puolin ja toisin reipasta. CHECK! &lt;3<\/p>\n<p>Biogragrafian [eiko se voisi olla vain el\u00e4m\u00e4kerta, tarina, evakkotaival, ensimm\u00e4iset vuosikymmenet?] alun teksti kasassa. Check! [paljon viel\u00e4 tekemist\u00e4, hiomista, kuvatekstit, tarkistukset, l\u00e4hdeveviitteet, nimi????, alkusanat&#8230; ja sitten taitto! mutta t\u00e4h\u00e4n asti Check!<\/p>\n<p>\u00c4itini maailmassa\/sanavarastossa ei ollut ilmaisua &#8221;check!&#8221;. H\u00e4nelle se oli &#8221;pukki ja oikeinmerkki&#8221; = aiottu\/aloitettu ja valmis\/tehty\/suoritettu (<a href=\"https:\/\/www.satokangas.fi\/blogi\/2015\/07\/to-do-loppuelamaksi\/\">ks. postaus t\u00e4st\u00e4<\/a>). Ja t\u00e4m\u00e4 minulla on selk\u00e4ytimess\u00e4. Hitto, kuinka se siell\u00e4 onkaan. Antamassa ryhti\u00e4, viem\u00e4ss\u00e4 (pakottamassa) eteenp\u00e4in, odottamassa suorittamistaan. Vaatimassa tekemist\u00e4. Antamassa merkityst\u00e4 p\u00e4iviin. Se on olemassa.<\/p>\n<p>Postaus tehty. Check!<\/p>\n","protected":false},"excerpt":{"rendered":"<p>Ajoissa kampaajalle her\u00e4tty! Check! [Kampaaja kahdeksalta, olin ihan tikkana pystyss\u00e4 aamunelj\u00e4lt\u00e4. Ei ihme, ett\u00e4 nyt v\u00e4sytt\u00e4\u00e4.] Uuninl\u00e4mm\u00f6ss\u00e4 y\u00f6n yli paistunut (todellakin paistunut) ohraryynipuuro CHECK. [Ensi kerralla olen huolellisempi, 8 tuntia riitt\u00e4\u00e4, ei tarvita 12 tuntia!] Uusi luomiv\u00e4ri hankittu. &#8211; Check! M\u00f6kkil\u00e4pp\u00e4ri viety huoltoon: voidaanhan se elvytt\u00e4\u00e4 edullisin hinnoin! Paljon kyselty, paljon suostuttu maksamaan. Chekc! Pankkiasioita ja tulevaisuutta hoidettu. &#8211; Check! &hellip; <\/p>\n","protected":false},"author":1,"featured_media":0,"comment_status":"open","ping_status":"open","sticky":false,"template":"","format":"standard","meta":{"jetpack_post_was_ever_published":false,"_jetpack_newsletter_access":"","_jetpack_dont_email_post_to_subs":false,"_jetpack_newsletter_tier_id":0,"_jetpack_memberships_contains_paywalled_content":false,"_jetpack_memberships_contains_paid_content":false,"footnotes":"","jetpack_publicize_message":"","jetpack_publicize_feature_enabled":true,"jetpack_social_post_already_shared":true,"jetpack_social_options":{"image_generator_settings":{"template":"highway","default_image_id":0,"font":"","enabled":false},"version":2}},"categories":[1],"tags":[],"class_list":["post-43906","post","type-post","status-publish","format-standard","hentry","category-aiheeton","latest_post"],"jetpack_publicize_connections":[],"jetpack_featured_media_url":"","jetpack_shortlink":"https:\/\/wp.me\/pr4p4-bqa","jetpack_sharing_enabled":true,"jetpack_likes_enabled":false,"jetpack-related-posts":[{"id":45569,"url":"https:\/\/www.satokangas.fi\/blogi\/2023\/05\/kituviikko-jo-yli-puolivalin\/","url_meta":{"origin":43906,"position":0},"title":"Kituviikko jo yli puoliv\u00e4lin&#8230;","author":"Reija","date":"17.5.2023","format":false,"excerpt":"T\u00e4ll\u00e4 viikolla Oulussa on s\u00e4\u00e4ss\u00e4 kaikki vuodenajat: maanantaina kaunis toukokuinen auringonpaiste, tiistaina l\u00e4mmin kes\u00e4inen p\u00e4iv\u00e4, t\u00e4n\u00e4\u00e4n sateinen, harmaa syksy ja huomiseksi on luvattu mittareihin liki talvisia lukemia (+ 5 C). Eilen\u00a0 puhkesivat valkovuokot, ja sitten y\u00f6llinen ja t\u00e4m\u00e4np\u00e4iv\u00e4inen sade on pessyt kadut p\u00f6lyst\u00e4, painanut koivun siitep\u00f6ly\u00e4 maahan ja raikastanut ilman.\u2026","rel":"","context":"Kategoriassa &quot;Niit\u00e4 n\u00e4it\u00e4&quot;","block_context":{"text":"Niit\u00e4 n\u00e4it\u00e4","link":"https:\/\/www.satokangas.fi\/blogi\/category\/aiheeton\/"},"img":{"alt_text":"","src":"https:\/\/i0.wp.com\/www.satokangas.fi\/blogi\/wp-content\/uploads\/2023\/05\/valkovuokkojen_aikaan.jpg?resize=350%2C200&ssl=1","width":350,"height":200,"srcset":"https:\/\/i0.wp.com\/www.satokangas.fi\/blogi\/wp-content\/uploads\/2023\/05\/valkovuokkojen_aikaan.jpg?resize=350%2C200&ssl=1 1x, https:\/\/i0.wp.com\/www.satokangas.fi\/blogi\/wp-content\/uploads\/2023\/05\/valkovuokkojen_aikaan.jpg?resize=525%2C300&ssl=1 1.5x, https:\/\/i0.wp.com\/www.satokangas.fi\/blogi\/wp-content\/uploads\/2023\/05\/valkovuokkojen_aikaan.jpg?resize=700%2C400&ssl=1 2x, https:\/\/i0.wp.com\/www.satokangas.fi\/blogi\/wp-content\/uploads\/2023\/05\/valkovuokkojen_aikaan.jpg?resize=1050%2C600&ssl=1 3x"},"classes":[]},{"id":39286,"url":"https:\/\/www.satokangas.fi\/blogi\/2020\/09\/kaikki-paikallaan-ja-tallessakin\/","url_meta":{"origin":43906,"position":1},"title":"Kaikki paikallaan &#8211; ja tallessakin?","author":"Reija","date":"2.9.2020","format":false,"excerpt":"Vuosi vuodelta t\u00e4m\u00e4 muuttuu pahemmaksi. Minun asioiden \"talteen laittaminen\", \"sujauttelu\", \"pois tielt\u00e4\", - ja sitten liikkeelle l\u00e4hteminen. En suinkaan ole sellainen, jonka tarvitsisi palata jo kilometrien p\u00e4\u00e4st\u00e4 takaisin kotiin tarkistamaan, onko kahvinkeitin p\u00e4\u00e4ll\u00e4 (sit\u00e4 paitsi meill\u00e4h\u00e4n ei edes ole kahvinkeitint\u00e4), mutta minulla menee tolkuttoman kauan aikaa p\u00e4\u00e4st\u00e4 l\u00e4htem\u00e4\u00e4n. Ja sitten\u2026","rel":"","context":"Kategoriassa &quot;Niit\u00e4 n\u00e4it\u00e4&quot;","block_context":{"text":"Niit\u00e4 n\u00e4it\u00e4","link":"https:\/\/www.satokangas.fi\/blogi\/category\/aiheeton\/"},"img":{"alt_text":"","src":"https:\/\/i0.wp.com\/www.satokangas.fi\/blogi\/wp-content\/uploads\/2020\/09\/1-3.jpg?resize=350%2C200&ssl=1","width":350,"height":200,"srcset":"https:\/\/i0.wp.com\/www.satokangas.fi\/blogi\/wp-content\/uploads\/2020\/09\/1-3.jpg?resize=350%2C200&ssl=1 1x, https:\/\/i0.wp.com\/www.satokangas.fi\/blogi\/wp-content\/uploads\/2020\/09\/1-3.jpg?resize=525%2C300&ssl=1 1.5x, https:\/\/i0.wp.com\/www.satokangas.fi\/blogi\/wp-content\/uploads\/2020\/09\/1-3.jpg?resize=700%2C400&ssl=1 2x"},"classes":[]},{"id":36480,"url":"https:\/\/www.satokangas.fi\/blogi\/2019\/05\/paluu-puolimatkassa\/","url_meta":{"origin":43906,"position":2},"title":"Paluu &#8211; puolimatkassa","author":"Reija","date":"23.5.2019","format":false,"excerpt":"Aeroporto Fiumicino, per favor. L\u00e4hdimme hotellista ajoissa. Onneksi. Aamuruuhkat olivat melkoiset, taksikuski kiersi liki Ostian (Rooman satama) kautta. Autostradaa mentiin vasta viimeiset kymmenen kilometri\u00e4. Jostain v\u00e4list\u00e4 aina n\u00e4kyi, kuinka se oli tukossa. Kauniita puistomaisia leveit\u00e4 teit\u00e4 ajeltiin hyvinkin kolme varttia, ja muutamia liittym\u00e4p\u00e4tki\u00e4, joissa oli 50 rajoitus mentiin 130 km\u2026","rel":"","context":"Kategoriassa &quot;Niit\u00e4 n\u00e4it\u00e4&quot;","block_context":{"text":"Niit\u00e4 n\u00e4it\u00e4","link":"https:\/\/www.satokangas.fi\/blogi\/category\/aiheeton\/"},"img":{"alt_text":"","src":"","width":0,"height":0},"classes":[]},{"id":4798,"url":"https:\/\/www.satokangas.fi\/blogi\/2009\/10\/frankfurt\/","url_meta":{"origin":43906,"position":3},"title":"Frankfurt","author":"Reija","date":"16.10.2009","format":false,"excerpt":"Laskeutuessa 15 m\/s tuulta ja se tuntui. \u00a0Ei olla viel\u00e4 puoliv\u00e4liss\u00e4k\u00e4\u00e4n matkaa. Mutta \u201dEi pid\u00e4 vain varrota perille p\u00e4\u00e4sy\u00e4 on my\u00f6s nautittava matkallaolosta\u201d. Olemme yritt\u00e4neet. Rantapellosta l\u00e4hdimme puoli yhden maissa. Sit\u00e4 ennen pari tuntia t\u00f6it\u00e4, joita jatkoin viel\u00e4 kampaajallakin. Opiskelijoiden esseet lukemisena samalla kun Irmeli sai hiuksistoni matkakuntoon. Ja eiku\u2026","rel":"","context":"Kategoriassa &quot;Niit\u00e4 n\u00e4it\u00e4&quot;","block_context":{"text":"Niit\u00e4 n\u00e4it\u00e4","link":"https:\/\/www.satokangas.fi\/blogi\/category\/aiheeton\/"},"img":{"alt_text":"","src":"","width":0,"height":0},"classes":[]},{"id":6377,"url":"https:\/\/www.satokangas.fi\/blogi\/2010\/03\/kohti-kotia\/","url_meta":{"origin":43906,"position":4},"title":"Kohti kotia","author":"Reija","date":"14.3.2010","format":false,"excerpt":"Lauantai-ilta: Seafire-ravintola oli ainutlaatuisen hieno. Huonekorkeus viisi metri\u00e4 ja karu linnamainen sisustus. Ja siell\u00e4 oli kahden Michelin-t\u00e4hden ravintolan keitti\u00f6mestari vierailevana t\u00e4hten\u00e4! Erityisteemana oli erilaiset grilliruoat. Tarjolla mm. KILON T-luupihvit. Valitsimme kuitenkin jotakin muuta. Tyt\u00e4r vegelinjalla, pojat ottivat Mixed grill -annoksen ja meitsi annoksen, jossa oli sek\u00e4 merirapua kermaisessa kastikkeessa ett\u00e4\u2026","rel":"","context":"Kategoriassa &quot;Niit\u00e4 n\u00e4it\u00e4&quot;","block_context":{"text":"Niit\u00e4 n\u00e4it\u00e4","link":"https:\/\/www.satokangas.fi\/blogi\/category\/aiheeton\/"},"img":{"alt_text":"","src":"","width":0,"height":0},"classes":[]},{"id":13526,"url":"https:\/\/www.satokangas.fi\/blogi\/2012\/02\/matkan-loppusuora-ja-maalissa\/","url_meta":{"origin":43906,"position":5},"title":"Matkan loppusuora ja maalissa","author":"Reija","date":"13.2.2012","format":false,"excerpt":"\u00a0La Gomera j\u00e4i, rannikolla n\u00e4kyy kahdessa tasossa San Sebastianin pikku kaupunki. (klikkaamalla kuvat suurenevat) Matkalta on palattu, maanantai on jo illassa. Eik\u00e4 t\u00e4n\u00e4\u00e4n ole tarvinnut menn\u00e4 t\u00f6ihin. Juuri t\u00e4llaisina p\u00e4ivin\u00e4 vuorotteluvapaa on paljon, \u00a0se on enemm\u00e4n kuin hyv\u00e4 juttu. Mutta palaanpa viel\u00e4 eiliseen... Teneriffan etel\u00e4inen lentokentt\u00e4 on nyky\u00e4\u00e4n se isompi,\u2026","rel":"","context":"Kategoriassa &quot;La Comera &amp; Teneriffa&quot;","block_context":{"text":"La Comera &amp; Teneriffa","link":"https:\/\/www.satokangas.fi\/blogi\/category\/reissut\/la-comera-teneriffa-reissut\/"},"img":{"alt_text":"","src":"https:\/\/i0.wp.com\/www.satokangas.fi\/blogi\/wp-content\/uploads\/Mehikasvit.jpg?resize=350%2C200&ssl=1","width":350,"height":200,"srcset":"https:\/\/i0.wp.com\/www.satokangas.fi\/blogi\/wp-content\/uploads\/Mehikasvit.jpg?resize=350%2C200&ssl=1 1x, https:\/\/i0.wp.com\/www.satokangas.fi\/blogi\/wp-content\/uploads\/Mehikasvit.jpg?resize=525%2C300&ssl=1 1.5x, https:\/\/i0.wp.com\/www.satokangas.fi\/blogi\/wp-content\/uploads\/Mehikasvit.jpg?resize=700%2C400&ssl=1 2x, https:\/\/i0.wp.com\/www.satokangas.fi\/blogi\/wp-content\/uploads\/Mehikasvit.jpg?resize=1050%2C600&ssl=1 3x"},"classes":[]}],"_links":{"self":[{"href":"https:\/\/www.satokangas.fi\/blogi\/wp-json\/wp\/v2\/posts\/43906","targetHints":{"allow":["GET"]}}],"collection":[{"href":"https:\/\/www.satokangas.fi\/blogi\/wp-json\/wp\/v2\/posts"}],"about":[{"href":"https:\/\/www.satokangas.fi\/blogi\/wp-json\/wp\/v2\/types\/post"}],"author":[{"embeddable":true,"href":"https:\/\/www.satokangas.fi\/blogi\/wp-json\/wp\/v2\/users\/1"}],"replies":[{"embeddable":true,"href":"https:\/\/www.satokangas.fi\/blogi\/wp-json\/wp\/v2\/comments?post=43906"}],"version-history":[{"count":0,"href":"https:\/\/www.satokangas.fi\/blogi\/wp-json\/wp\/v2\/posts\/43906\/revisions"}],"wp:attachment":[{"href":"https:\/\/www.satokangas.fi\/blogi\/wp-json\/wp\/v2\/media?parent=43906"}],"wp:term":[{"taxonomy":"category","embeddable":true,"href":"https:\/\/www.satokangas.fi\/blogi\/wp-json\/wp\/v2\/categories?post=43906"},{"taxonomy":"post_tag","embeddable":true,"href":"https:\/\/www.satokangas.fi\/blogi\/wp-json\/wp\/v2\/tags?post=43906"}],"curies":[{"name":"wp","href":"https:\/\/api.w.org\/{rel}","templated":true}]}}