{"id":43901,"date":"2022-10-27T19:53:43","date_gmt":"2022-10-27T16:53:43","guid":{"rendered":"https:\/\/www.satokangas.fi\/blogi\/?p=43901"},"modified":"2022-10-28T19:44:57","modified_gmt":"2022-10-28T16:44:57","slug":"pieni-lomahumputtelu","status":"publish","type":"post","link":"https:\/\/www.satokangas.fi\/blogi\/2022\/10\/pieni-lomahumputtelu\/","title":{"rendered":"Pieni lomahumputtelu"},"content":{"rendered":"<p style=\"text-align: justify;\">N\u00e4in\u00e4 aikoina y\u00f6n pimeys jatkuu viel\u00e4 pitk\u00e4lle aamuun. T\u00e4llaisina p\u00e4ivin\u00e4 tuntuu, ett\u00e4 ei ole niin v\u00e4li\u00e4, mit\u00e4 ehtii ja ehtiik\u00f6 mit\u00e4\u00e4n. Jotenkin vain hiipuu hommasta toiseen, sis\u00e4lt\u00e4 ulos, takaisin sis\u00e4lle l\u00e4mpim\u00e4\u00e4n. Sytyttelem\u00e4\u00e4n kynttil\u00f6it\u00e4, keittelem\u00e4\u00e4n teekupposia. Lukemaan ja kirjoittamaan. Piirtelem\u00e4\u00e4n aikajanoja. Miettim\u00e4\u00e4n enemm\u00e4n menneit\u00e4 kuin tulevia.<\/p>\n<p style=\"text-align: justify;\"><a href=\"https:\/\/www.satokangas.fi\/blogi\/2022\/10\/pieni-lomahumputtelu\/img_20221025_135807\/#main\" rel=\"attachment wp-att-43902\"><img loading=\"lazy\" decoding=\"async\" data-attachment-id=\"43902\" data-permalink=\"https:\/\/www.satokangas.fi\/blogi\/2022\/10\/pieni-lomahumputtelu\/img_20221025_135807\/\" data-orig-file=\"https:\/\/www.satokangas.fi\/blogi\/wp-content\/uploads\/2022\/10\/IMG_20221025_135807.jpg\" data-orig-size=\"600,800\" data-comments-opened=\"1\" data-image-meta=\"{&quot;aperture&quot;:&quot;1.8&quot;,&quot;credit&quot;:&quot;&quot;,&quot;camera&quot;:&quot;CLT-L29&quot;,&quot;caption&quot;:&quot;&quot;,&quot;created_timestamp&quot;:&quot;1666706288&quot;,&quot;copyright&quot;:&quot;&quot;,&quot;focal_length&quot;:&quot;5.58&quot;,&quot;iso&quot;:&quot;500&quot;,&quot;shutter_speed&quot;:&quot;0.02&quot;,&quot;title&quot;:&quot;&quot;,&quot;orientation&quot;:&quot;1&quot;}\" data-image-title=\"IMG_20221025_135807\" data-image-description=\"\" data-image-caption=\"\" data-large-file=\"https:\/\/www.satokangas.fi\/blogi\/wp-content\/uploads\/2022\/10\/IMG_20221025_135807.jpg\" class=\"alignleft wp-image-43902\" src=\"https:\/\/www.satokangas.fi\/blogi\/wp-content\/uploads\/2022\/10\/IMG_20221025_135807.jpg\" alt=\"\" width=\"450\" height=\"600\" srcset=\"https:\/\/www.satokangas.fi\/blogi\/wp-content\/uploads\/2022\/10\/IMG_20221025_135807.jpg 600w, https:\/\/www.satokangas.fi\/blogi\/wp-content\/uploads\/2022\/10\/IMG_20221025_135807-300x400.jpg 300w, https:\/\/www.satokangas.fi\/blogi\/wp-content\/uploads\/2022\/10\/IMG_20221025_135807-225x300.jpg 225w\" sizes=\"auto, (max-width: 450px) 100vw, 450px\" \/><\/a>L\u00e4himennytt\u00e4nikin viel\u00e4 muistan ja kroppakin muistaa.\u00a0 Toissap\u00e4iv\u00e4inen Leo\u00b4s Leikkimaa iltap\u00e4iv\u00e4 tuntuu takareisiss\u00e4 ja jossain k\u00e4sivarren lihaksissa. Meill\u00e4 oli syyslomalaisten kanssa touhup\u00e4iv\u00e4. Apsu p\u00e4\u00e4si viett\u00e4m\u00e4\u00e4n kauan toivomaansa iltap\u00e4iv\u00e4\u00e4 isk\u00e4n kanssa SuperParkkiin, joten Eevikselle oli luvattu humputtelureissu mummin kans. Ja varmaan eka kertaa kun Eevis ei ensimm\u00e4iseksi halunnutkaan kirjastoon, vaan h\u00e4nkin halusi sis\u00e4leikkipuistoon &#8221;ku A:kin on sun kans ollut siell\u00e4 pienen\u00e4 kahestaan&#8221;. Kyll\u00e4h\u00e4n me taapero- ja leikki-ik\u00e4isen Apsun kanssa k\u00e4vimme siell\u00e4 montakin kertaa, Eeviksen kanssa en ole k\u00e4ynyt kertaakaan. Sinne ajeltiin, ja oltiin iloisia (ainakin mummi oli) kun se ei ollutkaan t\u00e4ynn\u00e4 lomalaisia vaan mukavan v\u00e4lj\u00e4sti saatiin olla.<\/p>\n<p style=\"text-align: justify;\">Taas kerran tuli hoksattua, kuinka erilaisia nuo lapsenlapset tempperamenteiltaan ovat. Kumpikaan ei ole mik\u00e4\u00e4n riehuja, mutta Apsu on harkitsevampi, pitk\u00e4j\u00e4nteisempi, &#8211; saattoi hyvinkin 10 minuuttia pomppia trampalla tai ajella pikkupy\u00f6rill\u00e4, laskea kerta toisensa j\u00e4lkeen samasta m\u00e4est\u00e4, mutta Eevis kulki puuhapisteest\u00e4 toiseen, aika j\u00e4rjestelm\u00e4llisesti kaikki l\u00e4pi, aristelematta mit\u00e4\u00e4n ja sitten vasta kierros uudelleen. Yksi m\u00e4ki, parit hypyt, yksi kierros. Tuo kuvassa oleva &#8221;uima-allas&#8221; oli oikeastaan ainoa, jonne Eevis jaksoi pomppia pitk\u00e4nkin tovin. Tosin v\u00e4lill\u00e4 k\u00e4vi selittelem\u00e4ss\u00e4 kaikenlaista ja kyselem\u00e4ss\u00e4, milloin menn\u00e4\u00e4n taas m\u00f6kille ja kylpyl\u00e4\u00e4n siell\u00e4. Yleens\u00e4kin Eevis kyll\u00e4 selittelee aika paljon. \ud83d\ude00<\/p>\n<p style=\"text-align: justify;\">Molemmille, Apsulle aiemmin, Eevikselle toissap\u00e4iv\u00e4n\u00e4, oli kyll\u00e4 t\u00e4rke\u00e4\u00e4, ett\u00e4 mummi kulki mukana. Ehk\u00e4 ne matalat &#8221;viidakkoreitit&#8221;, joissa m\u00f6nkiminen ja kapuaminen oli tarpeen, ovat ilmeisesti syyn\u00e4 noihin hienoisiin lihastuntemuksiini, melko mutkilla niiss\u00e4 v\u00e4lill\u00e4 joutuu olemaan. Mutta ilohan se taas oli.<\/p>\n<p style=\"text-align: justify;\">Humputtelujen lopuksi meill\u00e4 oli sitten koko poppoon treffit Nallikarin ravintolassa, jonne pappakin tuli. Hyv\u00e4 ruoka oli &#8211; lastenkin mielest\u00e4. Ja Eevis kertoi, ett\u00e4 sinne oli my\u00f6s Anni ja t\u00e4m\u00e4n \u00e4iti aikoneet tulla, ett\u00e4 n\u00e4kisiv\u00e4t pitk\u00e4st\u00e4 aikaa toisensa ja ett\u00e4 min\u00e4kin n\u00e4kisin Annin. No enh\u00e4n min\u00e4 sitten kuitenkaan Annia tavannut. Anni kun on ihan vaan Eeviksen oma mielikuvitusyst\u00e4v\u00e4.<\/p>\n<p>&nbsp;<\/p>\n","protected":false},"excerpt":{"rendered":"<p>N\u00e4in\u00e4 aikoina y\u00f6n pimeys jatkuu viel\u00e4 pitk\u00e4lle aamuun. T\u00e4llaisina p\u00e4ivin\u00e4 tuntuu, ett\u00e4 ei ole niin v\u00e4li\u00e4, mit\u00e4 ehtii ja ehtiik\u00f6 mit\u00e4\u00e4n. Jotenkin vain hiipuu hommasta toiseen, sis\u00e4lt\u00e4 ulos, takaisin sis\u00e4lle l\u00e4mpim\u00e4\u00e4n. Sytyttelem\u00e4\u00e4n kynttil\u00f6it\u00e4, keittelem\u00e4\u00e4n teekupposia. Lukemaan ja kirjoittamaan. Piirtelem\u00e4\u00e4n aikajanoja. Miettim\u00e4\u00e4n enemm\u00e4n menneit\u00e4 kuin tulevia. L\u00e4himennytt\u00e4nikin viel\u00e4 muistan ja kroppakin muistaa.\u00a0 Toissap\u00e4iv\u00e4inen Leo\u00b4s Leikkimaa iltap\u00e4iv\u00e4 tuntuu takareisiss\u00e4 ja jossain k\u00e4sivarren &hellip; <\/p>\n","protected":false},"author":1,"featured_media":0,"comment_status":"open","ping_status":"open","sticky":false,"template":"","format":"standard","meta":{"jetpack_post_was_ever_published":false,"_jetpack_newsletter_access":"","_jetpack_dont_email_post_to_subs":false,"_jetpack_newsletter_tier_id":0,"_jetpack_memberships_contains_paywalled_content":false,"_jetpack_memberships_contains_paid_content":false,"footnotes":"","jetpack_publicize_message":"","jetpack_publicize_feature_enabled":true,"jetpack_social_post_already_shared":true,"jetpack_social_options":{"image_generator_settings":{"template":"highway","default_image_id":0,"font":"","enabled":false},"version":2}},"categories":[75],"tags":[],"class_list":["post-43901","post","type-post","status-publish","format-standard","hentry","category-isovanhemmuus","latest_post"],"jetpack_publicize_connections":[],"jetpack_featured_media_url":"","jetpack_shortlink":"https:\/\/wp.me\/pr4p4-bq5","jetpack_sharing_enabled":true,"jetpack_likes_enabled":false,"jetpack-related-posts":[{"id":16977,"url":"https:\/\/www.satokangas.fi\/blogi\/2013\/04\/helpotus-2\/","url_meta":{"origin":43901,"position":0},"title":"Helpotus","author":"Reija","date":"2.4.2013","format":false,"excerpt":"Tied\u00e4tteh\u00e4n, milt\u00e4 tuntuu kun l\u00f6yt\u00e4\u00e4 jotain tavattoman t\u00e4rke\u00e4\u00e4, jonka jo pelk\u00e4si h\u00e4vinneen, tied\u00e4tteh\u00e4n, milt\u00e4 tuntuu, kun saa tehdyksi ison (ty\u00f6)projektin, tied\u00e4tteh\u00e4n, milt\u00e4 tuntuu, kun kes\u00e4\u00e4n on en\u00e4\u00e4 pari kuukautta, ... O -ou... sit\u00e4 vaan istuksii ja kuuntelee musiikkia ja hyr\u00e4ilee sis\u00e4ll\u00e4\u00e4n. Jos osaisi laulaa, laulaisi korkealta ja kovaa. Tanssisikin viel\u00e4.\u2026","rel":"","context":"Kategoriassa &quot;Niit\u00e4 n\u00e4it\u00e4&quot;","block_context":{"text":"Niit\u00e4 n\u00e4it\u00e4","link":"https:\/\/www.satokangas.fi\/blogi\/category\/aiheeton\/"},"img":{"alt_text":"IMG_3995","src":"https:\/\/i0.wp.com\/www.satokangas.fi\/blogi\/wp-content\/uploads\/2013\/04\/IMG_3995-400x400.jpg?resize=350%2C200&ssl=1","width":350,"height":200},"classes":[]},{"id":17441,"url":"https:\/\/www.satokangas.fi\/blogi\/2013\/05\/mika-ihana-ilta\/","url_meta":{"origin":43901,"position":1},"title":"Mik\u00e4 ihana ilta","author":"Reija","date":"18.5.2013","format":false,"excerpt":"Olen ihan satavarma, ett\u00e4 edellisess\u00e4 el\u00e4m\u00e4ss\u00e4ni olen asunut Italiassa, tai jossain senkaltaisessa ilmanalassa kuin t\u00e4n\u00e4\u00e4n on ollut Oulussa. T\u00e4m\u00e4 lempe\u00e4 l\u00e4mp\u00f6, t\u00e4m\u00e4 auringonpaiste, linnunlaulu, vilvoittava tuuli ja s\u00e4\u00e4sket\u00f6n piha! Jee...! N\u00e4in pieni on koivunlehti meid\u00e4n pihalla viel\u00e4... Joku \"miekka\" on t\u00e4m\u00e4 kasvi ... ei voi muistaa [eik\u00e4 puutarhuri paikalla] ...\u2026","rel":"","context":"Kategoriassa &quot;Yliopistoel\u00e4m\u00e4\u00e4&quot;","block_context":{"text":"Yliopistoel\u00e4m\u00e4\u00e4","link":"https:\/\/www.satokangas.fi\/blogi\/category\/yliopistoelamaa\/"},"img":{"alt_text":"aamusta iltaan_-4","src":"https:\/\/i0.wp.com\/www.satokangas.fi\/blogi\/wp-content\/uploads\/2013\/05\/aamusta-iltaan_-4-467x400.jpg?resize=350%2C200&ssl=1","width":350,"height":200},"classes":[]},{"id":3352,"url":"https:\/\/www.satokangas.fi\/blogi\/2009\/05\/mokilla\/","url_meta":{"origin":43901,"position":2},"title":"M\u00f6kill\u00e4","author":"Reija","date":"20.5.2009","format":false,"excerpt":"Sade ropisee. Ropisee m\u00f6kin kattoon. Ei haittaa vaikka sataa. Olemme m\u00f6kill\u00e4. T\u00e4t\u00e4 olen odottanut. \u00a0 Matka meni nopeasti. Oli matkalla mielenkiintoista seurata, miten kev\u00e4t etenee: Oulusta l\u00e4hes 500 km pohjoiseen ehtii n\u00e4hd\u00e4 monenkokoisia koivunlehti\u00e4 (Tervolassa (sis\u00e4maassa) yht\u00e4 isoja kuin etel\u00e4mp\u00e4n\u00e4 Oulussa, mutta Rovaniemen j\u00e4lkeen vihre\u00e4n joudut kuvittelemaan). Eih\u00e4n me paljon\u2026","rel":"","context":"Kategoriassa &quot;Lappi&quot;","block_context":{"text":"Lappi","link":"https:\/\/www.satokangas.fi\/blogi\/category\/lappi\/"},"img":{"alt_text":"","src":"https:\/\/i0.wp.com\/www.satokangas.fi\/blogi\/wp-content\/uploads\/2009\/05\/riekko.jpg?resize=350%2C200&ssl=1","width":350,"height":200,"srcset":"https:\/\/i0.wp.com\/www.satokangas.fi\/blogi\/wp-content\/uploads\/2009\/05\/riekko.jpg?resize=350%2C200&ssl=1 1x, https:\/\/i0.wp.com\/www.satokangas.fi\/blogi\/wp-content\/uploads\/2009\/05\/riekko.jpg?resize=525%2C300&ssl=1 1.5x"},"classes":[]},{"id":39444,"url":"https:\/\/www.satokangas.fi\/blogi\/2020\/10\/tarhanpuistossa\/","url_meta":{"origin":43901,"position":3},"title":"Tarhan puistossa","author":"Reija","date":"2.10.2020","format":false,"excerpt":"Vaikea muistaa t\u00e4llaista lokakuun alun l\u00e4mp\u00f6\u00e4, v\u00e4riloistoa, aiemmin koettuna. [olipa vanhahtava lause, liek\u00f6 edes oikeakielinen?] V\u00e4h\u00e4n vahinko, ett\u00e4 ulkoilu j\u00e4i aika v\u00e4hiin - tarhan puistossa reilu tunti eik\u00e4 muuta. Ja kyll\u00e4p\u00e4s olikin paljon d\u00e9j\u00e0-vu -hetki\u00e4. \"Tarhan puisto\" tarkoittaa meid\u00e4n lasten p\u00e4iv\u00e4kodin (Taskilan p\u00e4iv\u00e4koti) viereist\u00e4 leikkipuistoa, josta t\u00e4n\u00e4\u00e4n pienten kanssa piipahdimme\u2026","rel":"","context":"Kategoriassa &quot;Isovanhemmuus&quot;","block_context":{"text":"Isovanhemmuus","link":"https:\/\/www.satokangas.fi\/blogi\/category\/isovanhemmuus\/"},"img":{"alt_text":"","src":"https:\/\/i0.wp.com\/www.satokangas.fi\/blogi\/wp-content\/uploads\/2020\/10\/kotona-2.jpg?resize=350%2C200&ssl=1","width":350,"height":200,"srcset":"https:\/\/i0.wp.com\/www.satokangas.fi\/blogi\/wp-content\/uploads\/2020\/10\/kotona-2.jpg?resize=350%2C200&ssl=1 1x, https:\/\/i0.wp.com\/www.satokangas.fi\/blogi\/wp-content\/uploads\/2020\/10\/kotona-2.jpg?resize=525%2C300&ssl=1 1.5x"},"classes":[]},{"id":46959,"url":"https:\/\/www.satokangas.fi\/blogi\/2023\/09\/hajamietteita\/","url_meta":{"origin":43901,"position":4},"title":"Hajamietteit\u00e4","author":"Reija","date":"5.9.2023","format":false,"excerpt":"\u00a0 Syksy, syksykin tuntuu nyt hyv\u00e4lle. Ja nyt olisi niin paljon kaikkea mukavaa tekemist\u00e4, ettei oikein tied\u00e4 mille alkaisi, ja sitten p\u00e4iv\u00e4 suhahtaakin jo ohi, eik\u00e4 ole ehtinyt viel\u00e4 p\u00e4\u00e4tt\u00e4\u00e4... :) Sadonkorjuuhommia ei minun yrttipenkeist\u00e4ni t\u00e4n\u00e4 vuonna juuri ole. M\u00f6kilt\u00e4 palatessa t\u00e4\u00e4ll\u00e4 odotti kaatunut iso, vanha pihlaja, jonka Pehtoori eilen\u2026","rel":"","context":"Kategoriassa &quot;Niit\u00e4 n\u00e4it\u00e4&quot;","block_context":{"text":"Niit\u00e4 n\u00e4it\u00e4","link":"https:\/\/www.satokangas.fi\/blogi\/category\/aiheeton\/"},"img":{"alt_text":"","src":"https:\/\/i0.wp.com\/www.satokangas.fi\/blogi\/wp-content\/uploads\/2023\/09\/syksy-2.jpg?resize=350%2C200&ssl=1","width":350,"height":200,"srcset":"https:\/\/i0.wp.com\/www.satokangas.fi\/blogi\/wp-content\/uploads\/2023\/09\/syksy-2.jpg?resize=350%2C200&ssl=1 1x, https:\/\/i0.wp.com\/www.satokangas.fi\/blogi\/wp-content\/uploads\/2023\/09\/syksy-2.jpg?resize=525%2C300&ssl=1 1.5x"},"classes":[]},{"id":40192,"url":"https:\/\/www.satokangas.fi\/blogi\/2021\/02\/ulkona-monenlaisissa-merkeissa\/","url_meta":{"origin":43901,"position":5},"title":"Ulkona monenlaisissa merkeiss\u00e4","author":"Reija","date":"6.2.2021","format":false,"excerpt":"\u00a0 Me on oltu ulkona sy\u00f6m\u00e4ss\u00e4. Me on tavattu yst\u00e4vi\u00e4. Me on nautittu valmiille menosta, ihanasta valpolicellasta ja alkuruoaksi huikean isosta blinitarjoilusta. P\u00e4\u00e4ruokana pehmeit\u00e4, aromaattisia, makeita, vihanneksin h\u00f6ystettyj\u00e4 possunposkia... Ja min\u00e4kin otin my\u00f6s j\u00e4lkk\u00e4rin! Vadelmasorbet ja salmiakki-pannacotta. Oi, ett\u00e4. Kyll\u00e4 kannatti. Ja totta puhuen, vaikka ruoka oli erinomaista, oli parasta\u2026","rel":"","context":"Kategoriassa &quot;Ravintolat&quot;","block_context":{"text":"Ravintolat","link":"https:\/\/www.satokangas.fi\/blogi\/category\/ruoka_ja_viini\/ravintolat-ruoka_ja_viini\/"},"img":{"alt_text":"","src":"https:\/\/i0.wp.com\/www.satokangas.fi\/blogi\/wp-content\/uploads\/2021\/02\/pastelli.jpg?resize=350%2C200&ssl=1","width":350,"height":200,"srcset":"https:\/\/i0.wp.com\/www.satokangas.fi\/blogi\/wp-content\/uploads\/2021\/02\/pastelli.jpg?resize=350%2C200&ssl=1 1x, https:\/\/i0.wp.com\/www.satokangas.fi\/blogi\/wp-content\/uploads\/2021\/02\/pastelli.jpg?resize=525%2C300&ssl=1 1.5x, https:\/\/i0.wp.com\/www.satokangas.fi\/blogi\/wp-content\/uploads\/2021\/02\/pastelli.jpg?resize=700%2C400&ssl=1 2x"},"classes":[]}],"_links":{"self":[{"href":"https:\/\/www.satokangas.fi\/blogi\/wp-json\/wp\/v2\/posts\/43901","targetHints":{"allow":["GET"]}}],"collection":[{"href":"https:\/\/www.satokangas.fi\/blogi\/wp-json\/wp\/v2\/posts"}],"about":[{"href":"https:\/\/www.satokangas.fi\/blogi\/wp-json\/wp\/v2\/types\/post"}],"author":[{"embeddable":true,"href":"https:\/\/www.satokangas.fi\/blogi\/wp-json\/wp\/v2\/users\/1"}],"replies":[{"embeddable":true,"href":"https:\/\/www.satokangas.fi\/blogi\/wp-json\/wp\/v2\/comments?post=43901"}],"version-history":[{"count":0,"href":"https:\/\/www.satokangas.fi\/blogi\/wp-json\/wp\/v2\/posts\/43901\/revisions"}],"wp:attachment":[{"href":"https:\/\/www.satokangas.fi\/blogi\/wp-json\/wp\/v2\/media?parent=43901"}],"wp:term":[{"taxonomy":"category","embeddable":true,"href":"https:\/\/www.satokangas.fi\/blogi\/wp-json\/wp\/v2\/categories?post=43901"},{"taxonomy":"post_tag","embeddable":true,"href":"https:\/\/www.satokangas.fi\/blogi\/wp-json\/wp\/v2\/tags?post=43901"}],"curies":[{"name":"wp","href":"https:\/\/api.w.org\/{rel}","templated":true}]}}