{"id":43894,"date":"2022-10-26T19:58:57","date_gmt":"2022-10-26T16:58:57","guid":{"rendered":"https:\/\/www.satokangas.fi\/blogi\/?p=43894"},"modified":"2022-10-26T21:28:55","modified_gmt":"2022-10-26T18:28:55","slug":"lokakuun-luetut","status":"publish","type":"post","link":"https:\/\/www.satokangas.fi\/blogi\/2022\/10\/lokakuun-luetut\/","title":{"rendered":"Lokakuun luetut"},"content":{"rendered":"<p style=\"text-align: justify;\">Lokakuun lukusaldo on nyt kymmenen, ainakin nelj\u00e4 aloitettua, jotka aie lukea loppuun, ja muutama heti alkuunsa kesken j\u00e4tetty. Yht\u00e4 kirjava on kirjalistani kuin ennenkin.<\/p>\n<p>&nbsp;<\/p>\n<p style=\"text-align: justify;\"><a href=\"https:\/\/www.satokangas.fi\/blogi\/2022\/10\/lokakuun-luetut\/luetut_2022_10\/#main\" rel=\"attachment wp-att-43895\"><img loading=\"lazy\" decoding=\"async\" data-attachment-id=\"43895\" data-permalink=\"https:\/\/www.satokangas.fi\/blogi\/2022\/10\/lokakuun-luetut\/luetut_2022_10\/\" data-orig-file=\"https:\/\/www.satokangas.fi\/blogi\/wp-content\/uploads\/2022\/10\/Luetut_2022_10.jpg\" data-orig-size=\"1000,625\" data-comments-opened=\"1\" data-image-meta=\"{&quot;aperture&quot;:&quot;0&quot;,&quot;credit&quot;:&quot;Picasa&quot;,&quot;camera&quot;:&quot;&quot;,&quot;caption&quot;:&quot;&quot;,&quot;created_timestamp&quot;:&quot;1666798964&quot;,&quot;copyright&quot;:&quot;&quot;,&quot;focal_length&quot;:&quot;0&quot;,&quot;iso&quot;:&quot;0&quot;,&quot;shutter_speed&quot;:&quot;0&quot;,&quot;title&quot;:&quot;&quot;,&quot;orientation&quot;:&quot;1&quot;}\" data-image-title=\"Luetut_2022_10\" data-image-description=\"\" data-image-caption=\"\" data-large-file=\"https:\/\/www.satokangas.fi\/blogi\/wp-content\/uploads\/2022\/10\/Luetut_2022_10.jpg\" class=\"aligncenter size-full wp-image-43895\" src=\"https:\/\/www.satokangas.fi\/blogi\/wp-content\/uploads\/2022\/10\/Luetut_2022_10.jpg\" alt=\"\" width=\"1000\" height=\"625\" srcset=\"https:\/\/www.satokangas.fi\/blogi\/wp-content\/uploads\/2022\/10\/Luetut_2022_10.jpg 1000w, https:\/\/www.satokangas.fi\/blogi\/wp-content\/uploads\/2022\/10\/Luetut_2022_10-640x400.jpg 640w, https:\/\/www.satokangas.fi\/blogi\/wp-content\/uploads\/2022\/10\/Luetut_2022_10-300x188.jpg 300w, https:\/\/www.satokangas.fi\/blogi\/wp-content\/uploads\/2022\/10\/Luetut_2022_10-768x480.jpg 768w\" sizes=\"auto, (max-width: 1000px) 100vw, 1000px\" \/><\/a><\/p>\n<p style=\"text-align: justify;\">\n<p style=\"text-align: justify;\"><a href=\"https:\/\/www.bookbeat.fi\/hae?query=Lautapalttoo&amp;title=Lautapalttoo\" target=\"_blank\" rel=\"noopener\"><strong>Anna Englund, Lautapalttoo 5<\/strong><\/a><\/p>\n<p style=\"text-align: justify;\">1930-luvun Suomessa naiskuva muuttuu, ainakin isommissa kaupungissa syntyi \u201duusi nainen\u201d. T\u00e4m\u00e4n murroksen vaiheita Englund kuvaa hyvin. Kirjan \u201dvastapareina\u201d ovat uusi ja vanha, Helsinki ja Pohjanmaa, el\u00e4m\u00e4 ja kuolema. N\u00e4iden v\u00e4liss\u00e4 liikkuu rakkaus, jonka kohteet ovat moninaiset. Pidin t\u00e4st\u00e4 esikoisteoksesta hyvin paljon.<\/p>\n<p style=\"text-align: justify;\"><strong><a href=\"https:\/\/www.bookbeat.fi\/kirja\/vana-elavana-674821\" target=\"_blank\" rel=\"noopener\">Kari V\u00e4\u00e4n\u00e4nen, V\u00e4n\u00e4 el\u00e4v\u00e4n\u00e4<\/a> 4\u00bd<\/strong><\/p>\n<p style=\"text-align: justify;\">Kari V\u00e4\u00e4n\u00e4nen on ollut yksi kotimaisten tv-sarjojen ja monien elokuvien lempparin\u00e4yttelij\u00e4ni, ja se julkisuuskuva, joka minulla h\u00e4nest\u00e4 on ollut, ei ole p\u00e4\u00e4ssyt t\u00e4rvelem\u00e4\u00e4n h\u00e4nest\u00e4 tykk\u00e4\u00e4mist\u00e4. Joten luonnollisesti halusin kuunnella t\u00e4m\u00e4n el\u00e4m\u00e4kerran. Se on hyvin kirjoitettu, V\u00e4n\u00e4 itse lukee sen, luonnollisesti hyvin. Se on ymm\u00e4rt\u00e4\u00e4kseni rehellinen, mutta &#8212; nyt kun tunnen h\u00e4net v\u00e4h\u00e4n paremmin, en en\u00e4\u00e4 pid\u00e4k\u00e4\u00e4n h\u00e4nest\u00e4 niin paljon kuin ennen, &#8211; ihmisen\u00e4 siis.<\/p>\n<p style=\"text-align: justify;\"><strong>Tuomas Kyr\u00f6, Mielens\u00e4pahoittajan rakkaustarina 4<\/strong><\/p>\n<p style=\"text-align: justify;\">Olen lukenut\/kuunnellut ehk\u00e4 kaikki Mielens\u00e4pahoittajat. Harmitonta viihdett\u00e4, hyv\u00e4\u00e4 sarkasmia, sujuvaa sanailua, suomalaisen mielenmaiseman tarkkaa kuvausta\u2026 Jostain syyst\u00e4 t\u00e4m\u00e4 tuntuu parhaalta Mielens\u00e4pahoittajalta. Ehk\u00e4 siksi kun t\u00e4ss\u00e4 on paljon positiivista, mahdollista kasvuakin, ja tulevaisuuden toivoa. &#x1f60a;<\/p>\n<p style=\"text-align: justify;\"><strong>Kristin Hannah, Tomun ja tuulen maa 4\u00bd<\/strong><\/p>\n<p style=\"text-align: justify;\">Vahva, hyv\u00e4, j\u00e4lkens\u00e4 j\u00e4tt\u00e4v\u00e4, uutta tietoa Yhdysvaltain historiasta. Ehdottomasti hieno lukuromaani. Ei ahdista, vaikka koskettaa syv\u00e4lt\u00e4.<\/p>\n<p style=\"text-align: justify;\"><strong>Jo Jo Moyes, Hopealahti 3\u00bd<\/strong><\/p>\n<p style=\"text-align: justify;\">Moyesin kirja \u201d<a href=\"https:\/\/www.bookbeat.fi\/kirja\/kerro-minulle-jotain-hyvaa-66320\" target=\"_blank\" rel=\"noopener\">Kerro minulle jotain hyv\u00e4\u00e4<\/a>\u201d oli minulle niin hyv\u00e4 lukukokemus, romantiikkaa hyv\u00e4ll\u00e4 tavalla, ett\u00e4 sen j\u00e4lkeen olen lukenut Moyesin kirjat sit\u00e4 mukaa, kun niit\u00e4 on BookBeatin suositteluissa silmiini sattunut. Siksi t\u00e4m\u00e4kin. T\u00e4ss\u00e4 juonenkehittely eteni loppua kohti kyll\u00e4 jo turhan \u00f6veristi, mutta silti helposti kului yli 10 tuntia py\u00f6r\u00e4lenkeill\u00e4 t\u00e4t\u00e4 kuunnellen.<\/p>\n<p style=\"text-align: justify;\"><strong>Virgine Grimaldi, Kirkkaimmat t\u00e4hdet 4<\/strong><\/p>\n<p style=\"text-align: justify;\">Pakomatka, josta tulikin l\u00f6yt\u00f6retki. \u00c4iti kahden tytt\u00e4rens\u00e4 kanssa roadtripill\u00e4 Ranskasta ja el\u00e4m\u00e4n sotkuista Nordkappiin ja takaisin uuden el\u00e4m\u00e4n alkuun. V\u00e4h\u00e4n ennalta-arvattava, mutta hyvi\u00e4 yll\u00e4tyksi\u00e4kin, ihan mukavaa kerrontaa.<\/p>\n<p style=\"text-align: justify;\"><strong>S. J. Bennett, Windsorin solmu 3\u00bd<\/strong><\/p>\n<p style=\"text-align: justify;\">Kuningatar Elisabeth II ratkoo murhia ja hoitaa poliisip\u00e4\u00e4llik\u00f6n ty\u00f6t ennen kuin t\u00e4m\u00e4 hoksaakaan. Kuninkaallisten el\u00e4m\u00e4nmenoa ja brittil\u00e4ist\u00e4 huumoria dekkarimaailmassa. Ihan kiva.<\/p>\n<p style=\"text-align: justify;\"><strong><a href=\"https:\/\/www.bookbeat.fi\/kirja\/cinderella-664256\" target=\"_blank\" rel=\"noopener\">Pilvi H\u00e4m\u00e4l\u00e4inen, Cinderella<\/a> 4<\/strong><\/p>\n<p style=\"text-align: justify;\">T\u00e4t\u00e4 on v\u00e4h\u00e4n vaikea arvostella. Synkk\u00e4\u00e4 hauskuutta, verbaalista tykityst\u00e4, vallan el\u00e4v\u00e4ist\u00e4 kielenk\u00e4ytt\u00f6\u00e4. Syrj\u00e4ytymist\u00e4 ja sen v\u00e4lttely\u00e4 kolmen sukupolven naisten kesken. Kun alkuj\u00e4rkytyksen j\u00e4lkeen p\u00e4\u00e4sin sis\u00e4lle t\u00e4h\u00e4n, niin oli oikeastaan aika riemullinen kuuntelukokemus. Ja ehdottomasti sen syntymiseksi Pilvi H\u00e4m\u00e4l\u00e4isen oli itse luettava (ja tulkittava) esikoisromaaninsa. Ehdottomasti.<\/p>\n<p style=\"text-align: justify;\"><strong><a href=\"https:\/\/www.bookbeat.fi\/kirja\/mihin-menet-suomi-724231\" target=\"_blank\" rel=\"noopener\">Mika Aaltola, Mihin menet Suomi<\/a>? Pelon aika Euroopassa 4\u00bd<\/strong><\/p>\n<p style=\"text-align: justify;\">Aaltola on selke\u00e4sanainen, harkitsevasanainen, oppinut, humaani, \u00e4lyk\u00e4s, asiansaosaava, erinomainen argumentoija, vakuuttava, eik\u00e4 (ainakaan viel\u00e4) itseriittoinen tai omahyv\u00e4inen, ja kirja on sitten sen mukainen.<\/p>\n<p style=\"text-align: justify;\">Min\u00e4h\u00e4n en t\u00e4\u00e4ll\u00e4 blogissa, enk\u00e4 kyll\u00e4 paljon muutenkaan, politiikkaa puhu\/kirjoita, mutta sen verran voisin t\u00e4ss\u00e4 maailmantilanteessa ja t\u00e4m\u00e4n kirjan j\u00e4lkeen todeta, ett\u00e4 jos nyt olisi presidentin vaalit ja MA olisi ehdokkaana, niin h\u00e4nen numeronsa lappuun laittaisin.<\/p>\n<p style=\"text-align: justify;\"><strong>Marja Vesala, Vuosi Toscanan kukkuloilla 3\u00bd<\/strong><\/p>\n<p style=\"text-align: justify;\">Kuinkahan monta kirjaa on kirjoitettu siit\u00e4, ett\u00e4 ulkomaalaiset ostavat Toscanasta, Provensesta tai Marchesta tms. talon ja asettuvat asumaan paikallisen, \u201dalkuper\u00e4isv\u00e4est\u00f6n\u201d keskelle. Ja kuinkahan monta sellaista kirjaa min\u00e4 olen lukenut? \u2013 Varmasti kymmeni\u00e4. Ja t\u00e4ss\u00e4 taas yksi.<\/p>\n<p style=\"text-align: justify;\">Marja Vesala ja miehens\u00e4 eiv\u00e4t osta taloa, mutta kuitenkin muuttavat Toscanan syd\u00e4meen reiluksi vuodeksi. T\u00e4ss\u00e4 kirjassa on aika paljon ruoka- ja viinitietoa, uuttakin tietoa italialaisesta el\u00e4m\u00e4ntavasta, kuvauksia tutuistakin Toscanan maisemista. Oikein kiva v\u00e4lipalakirja lokakuiseen harmauteen.<\/p>\n","protected":false},"excerpt":{"rendered":"<p>Lokakuun lukusaldo on nyt kymmenen, ainakin nelj\u00e4 aloitettua, jotka aie lukea loppuun, ja muutama heti alkuunsa kesken j\u00e4tetty. Yht\u00e4 kirjava on kirjalistani kuin ennenkin. &nbsp; Anna Englund, Lautapalttoo 5 1930-luvun Suomessa naiskuva muuttuu, ainakin isommissa kaupungissa syntyi \u201duusi nainen\u201d. T\u00e4m\u00e4n murroksen vaiheita Englund kuvaa hyvin. Kirjan \u201dvastapareina\u201d ovat uusi ja vanha, Helsinki ja Pohjanmaa, el\u00e4m\u00e4 ja kuolema. N\u00e4iden v\u00e4liss\u00e4 liikkuu &hellip; <\/p>\n","protected":false},"author":1,"featured_media":0,"comment_status":"open","ping_status":"open","sticky":false,"template":"","format":"standard","meta":{"jetpack_post_was_ever_published":false,"_jetpack_newsletter_access":"","_jetpack_dont_email_post_to_subs":false,"_jetpack_newsletter_tier_id":0,"_jetpack_memberships_contains_paywalled_content":false,"_jetpack_memberships_contains_paid_content":false,"footnotes":"","jetpack_publicize_message":"","jetpack_publicize_feature_enabled":true,"jetpack_social_post_already_shared":true,"jetpack_social_options":{"image_generator_settings":{"template":"highway","default_image_id":0,"font":"","enabled":false},"version":2}},"categories":[14,1],"tags":[],"class_list":["post-43894","post","type-post","status-publish","format-standard","hentry","category-luettua","category-aiheeton","latest_post"],"jetpack_publicize_connections":[],"jetpack_featured_media_url":"","jetpack_shortlink":"https:\/\/wp.me\/pr4p4-bpY","jetpack_sharing_enabled":true,"jetpack_likes_enabled":false,"jetpack-related-posts":[{"id":13209,"url":"https:\/\/www.satokangas.fi\/blogi\/2012\/01\/pieni-paiva-2\/","url_meta":{"origin":43894,"position":0},"title":"Pieni p\u00e4iv\u00e4","author":"Reija","date":"4.1.2012","format":false,"excerpt":"Aurinko ei viel\u00e4k\u00e4\u00e4n nouse. Vasta ensi sunnuntaina se on n\u00e4ill\u00e4 leveysasteilla horisontin yl\u00e4puolella, ensimm\u00e4ist\u00e4 kertaa kuukauteen. T\u00e4n\u00e4\u00e4n taivas on ollut pilvess\u00e4, mutta y\u00f6n m\u00f6kin seiniss\u00e4 py\u00f6rinyt myrsky laantui aamuun menness\u00e4. Kimmelt\u00e4v\u00e4t hanget kauniita, ihan hiljaista. Ruotsalainen historioitsija Peter Englund kirjoittaa mikro- ja mentaliteettihistoriaa k\u00e4sittelev\u00e4ss\u00e4 esseekokoelmassaan, ett\u00e4 lumisateen voi kuulla. Ei\u2026","rel":"","context":"Kategoriassa &quot;Lappi&quot;","block_context":{"text":"Lappi","link":"https:\/\/www.satokangas.fi\/blogi\/category\/lappi\/"},"img":{"alt_text":"","src":"https:\/\/i0.wp.com\/www.satokangas.fi\/blogi\/wp-content\/uploads\/voimapuu-266x400.jpg?resize=350%2C200&ssl=1","width":350,"height":200},"classes":[]},{"id":20411,"url":"https:\/\/www.satokangas.fi\/blogi\/2014\/03\/lunta\/","url_meta":{"origin":43894,"position":1},"title":"Lunta","author":"Reija","date":"2.3.2014","format":false,"excerpt":"Hiljaista, mutta touhukasta. Historioitsija Peter Englund on kirjoittanut kirjan \"Hiljaisuuden historia\", jossa h\u00e4n kertoo kuinka voi, joskus, hyviss\u00e4 olosuhteissa, halutessaan kuulla lumen satavan. Min\u00e4 olen t\u00e4n\u00e4\u00e4n kuullut. T\u00e4n\u00e4\u00e4n on ollut - 1C. Y\u00f6ll\u00e4 oli satanut muutama sentti lunta. Pihapiiri ja mets\u00e4 puuterinen. Pihalle siis, - heti kun olimme tunnin, pari,\u2026","rel":"","context":"Kategoriassa &quot;Lappi&quot;","block_context":{"text":"Lappi","link":"https:\/\/www.satokangas.fi\/blogi\/category\/lappi\/"},"img":{"alt_text":"loman alussa","src":"https:\/\/i0.wp.com\/www.satokangas.fi\/blogi\/wp-content\/uploads\/2014\/03\/loman-alussa1-521x400.jpg?resize=350%2C200&ssl=1","width":350,"height":200},"classes":[]},{"id":47383,"url":"https:\/\/www.satokangas.fi\/blogi\/2023\/10\/pakkasta-lokakuussa-kirja-kosketti\/","url_meta":{"origin":43894,"position":2},"title":"Pakkasta lokakuussa &#8211; kirja kosketti","author":"Reija","date":"22.10.2023","format":false,"excerpt":"Pakkasaamuna keitti\u00f6n ikkunasta n\u00e4kyy valoa, - melkein kuin olisi lumi maassa valaisevana, mutta ei sent\u00e4\u00e4n viel\u00e4. Onkin ollut y\u00f6ll\u00e4 - taas - niin paljon pakkasta, ett\u00e4 kaikki on valkoisessa pakkashuurussa. Sekin valaisee. Ollaan syksyn ja talven rajalla, on enemm\u00e4n kylm\u00e4\u00e4 kuin l\u00e4mmint\u00e4, valoakin enemm\u00e4n kuin h\u00e4m\u00e4r\u00e4\u00e4 tai pime\u00e4\u00e4. On siis\u2026","rel":"","context":"Kategoriassa &quot;Luettua&quot;","block_context":{"text":"Luettua","link":"https:\/\/www.satokangas.fi\/blogi\/category\/luettua\/"},"img":{"alt_text":"","src":"https:\/\/i0.wp.com\/www.satokangas.fi\/blogi\/wp-content\/uploads\/2023\/10\/Kohti_talvea.jpg?resize=350%2C200&ssl=1","width":350,"height":200,"srcset":"https:\/\/i0.wp.com\/www.satokangas.fi\/blogi\/wp-content\/uploads\/2023\/10\/Kohti_talvea.jpg?resize=350%2C200&ssl=1 1x, https:\/\/i0.wp.com\/www.satokangas.fi\/blogi\/wp-content\/uploads\/2023\/10\/Kohti_talvea.jpg?resize=525%2C300&ssl=1 1.5x, https:\/\/i0.wp.com\/www.satokangas.fi\/blogi\/wp-content\/uploads\/2023\/10\/Kohti_talvea.jpg?resize=700%2C400&ssl=1 2x"},"classes":[]},{"id":22933,"url":"https:\/\/www.satokangas.fi\/blogi\/2014\/10\/lokakuu-on-paketissa\/","url_meta":{"origin":43894,"position":3},"title":"Lokakuu on paketissa","author":"Reija","date":"31.10.2014","format":false,"excerpt":"Aamulla melkein unen l\u00e4pi tuntuu, ett\u00e4 on tulossa talvi. Ei, ei palele, eik\u00e4 nyt voi mitenk\u00e4\u00e4n tavallista pime\u00e4mp\u00e4\u00e4k\u00e4\u00e4n olla, mutta merkillisesti keho sen vain tuntee. Tuntee talven tulon. Eik\u00e4 se nyt vain ole aiheeton tunne. Tuleehan se, talvi siis. Se tuntuu hereill\u00e4 ollessakin. Ja sitten mietin aamukahvilla istuessa, meikatessa, t\u00f6ihin\u2026","rel":"","context":"Kategoriassa &quot;Niit\u00e4 n\u00e4it\u00e4&quot;","block_context":{"text":"Niit\u00e4 n\u00e4it\u00e4","link":"https:\/\/www.satokangas.fi\/blogi\/category\/aiheeton\/"},"img":{"alt_text":"Lokakuun viimeinen","src":"https:\/\/i0.wp.com\/www.satokangas.fi\/blogi\/wp-content\/uploads\/2014\/10\/Lokakuun-viimeinen-600x400.jpg?resize=350%2C200&ssl=1","width":350,"height":200,"srcset":"https:\/\/i0.wp.com\/www.satokangas.fi\/blogi\/wp-content\/uploads\/2014\/10\/Lokakuun-viimeinen-600x400.jpg?resize=350%2C200&ssl=1 1x, https:\/\/i0.wp.com\/www.satokangas.fi\/blogi\/wp-content\/uploads\/2014\/10\/Lokakuun-viimeinen-600x400.jpg?resize=525%2C300&ssl=1 1.5x"},"classes":[]},{"id":37272,"url":"https:\/\/www.satokangas.fi\/blogi\/2019\/10\/ruojakuu\/","url_meta":{"origin":43894,"position":4},"title":"Ruojakuu","author":"Reija","date":"1.10.2019","format":false,"excerpt":"\u00a0... lokakuu, likakuu ja ruojakuu. Monissa kieliss\u00e4 lokakuun nimi on kahdeksaskuukausi (octo, lat.), siis October, oktober, octobre, ottobre\u00a0 (kuukausien nimist\u00e4 enemm\u00e4n T\u00c4SS\u00c4 postauksessani), mutta t\u00e4m\u00e4kin kuukausi on Suomessa s\u00e4ilytt\u00e4nyt omakantaisen nimens\u00e4, toisin kuin monissa muissa Euroopan maissa. Lokakuun s\u00e4\u00e4st\u00e4 kansanperinteess\u00e4 on vankka k\u00e4sitys, ett\u00e4 jos syyskuu on ollut l\u00e4mmin, on\u2026","rel":"","context":"Kategoriassa &quot;Historiaa&quot;","block_context":{"text":"Historiaa","link":"https:\/\/www.satokangas.fi\/blogi\/category\/historiaa\/"},"img":{"alt_text":"","src":"https:\/\/i0.wp.com\/www.satokangas.fi\/blogi\/wp-content\/uploads\/2019\/10\/Onnela-1.jpg?resize=350%2C200&ssl=1","width":350,"height":200,"srcset":"https:\/\/i0.wp.com\/www.satokangas.fi\/blogi\/wp-content\/uploads\/2019\/10\/Onnela-1.jpg?resize=350%2C200&ssl=1 1x, https:\/\/i0.wp.com\/www.satokangas.fi\/blogi\/wp-content\/uploads\/2019\/10\/Onnela-1.jpg?resize=525%2C300&ssl=1 1.5x, https:\/\/i0.wp.com\/www.satokangas.fi\/blogi\/wp-content\/uploads\/2019\/10\/Onnela-1.jpg?resize=700%2C400&ssl=1 2x"},"classes":[]},{"id":47398,"url":"https:\/\/www.satokangas.fi\/blogi\/2023\/10\/sinisen-lokakuun-savotat\/","url_meta":{"origin":43894,"position":5},"title":"Sinisen lokakuun savotat","author":"Reija","date":"24.10.2023","format":false,"excerpt":"T\u00e4m\u00e4 lokakuu on ainakin s\u00e4\u00e4n puolesta hyvinkin erilainen kuin normisyksyn\u00e4. Loskaa, tuulta, kiilt\u00e4vi\u00e4 asfalttikatuja ja nurkissa vinkuvaa tuulta ei ole n\u00e4kynyt. Ei haittaa. En kaipaa. En muista aikoihin olleen t\u00e4llaista n\u00e4in pitk\u00e4\u00e4 p\u00e4tk\u00e4\u00e4, aurinkoista, kylm\u00e4\u00e4 lokakuuta kuin nyt on ollut. Tosin meni muutama vuosikymmen, ettei lokakuisin paljon iltap\u00e4ivisin tullut ulkoiltua,\u2026","rel":"","context":"Kategoriassa &quot;Niit\u00e4 n\u00e4it\u00e4&quot;","block_context":{"text":"Niit\u00e4 n\u00e4it\u00e4","link":"https:\/\/www.satokangas.fi\/blogi\/category\/aiheeton\/"},"img":{"alt_text":"","src":"https:\/\/i0.wp.com\/www.satokangas.fi\/blogi\/wp-content\/uploads\/2023\/10\/Sininenlokakuu-3.jpg?resize=350%2C200&ssl=1","width":350,"height":200,"srcset":"https:\/\/i0.wp.com\/www.satokangas.fi\/blogi\/wp-content\/uploads\/2023\/10\/Sininenlokakuu-3.jpg?resize=350%2C200&ssl=1 1x, https:\/\/i0.wp.com\/www.satokangas.fi\/blogi\/wp-content\/uploads\/2023\/10\/Sininenlokakuu-3.jpg?resize=525%2C300&ssl=1 1.5x, https:\/\/i0.wp.com\/www.satokangas.fi\/blogi\/wp-content\/uploads\/2023\/10\/Sininenlokakuu-3.jpg?resize=700%2C400&ssl=1 2x"},"classes":[]}],"_links":{"self":[{"href":"https:\/\/www.satokangas.fi\/blogi\/wp-json\/wp\/v2\/posts\/43894","targetHints":{"allow":["GET"]}}],"collection":[{"href":"https:\/\/www.satokangas.fi\/blogi\/wp-json\/wp\/v2\/posts"}],"about":[{"href":"https:\/\/www.satokangas.fi\/blogi\/wp-json\/wp\/v2\/types\/post"}],"author":[{"embeddable":true,"href":"https:\/\/www.satokangas.fi\/blogi\/wp-json\/wp\/v2\/users\/1"}],"replies":[{"embeddable":true,"href":"https:\/\/www.satokangas.fi\/blogi\/wp-json\/wp\/v2\/comments?post=43894"}],"version-history":[{"count":0,"href":"https:\/\/www.satokangas.fi\/blogi\/wp-json\/wp\/v2\/posts\/43894\/revisions"}],"wp:attachment":[{"href":"https:\/\/www.satokangas.fi\/blogi\/wp-json\/wp\/v2\/media?parent=43894"}],"wp:term":[{"taxonomy":"category","embeddable":true,"href":"https:\/\/www.satokangas.fi\/blogi\/wp-json\/wp\/v2\/categories?post=43894"},{"taxonomy":"post_tag","embeddable":true,"href":"https:\/\/www.satokangas.fi\/blogi\/wp-json\/wp\/v2\/tags?post=43894"}],"curies":[{"name":"wp","href":"https:\/\/api.w.org\/{rel}","templated":true}]}}