{"id":43892,"date":"2022-10-25T19:40:06","date_gmt":"2022-10-25T16:40:06","guid":{"rendered":"https:\/\/www.satokangas.fi\/blogi\/?p=43892"},"modified":"2022-10-25T19:40:06","modified_gmt":"2022-10-25T16:40:06","slug":"mieli-taas-myllerryksessa","status":"publish","type":"post","link":"https:\/\/www.satokangas.fi\/blogi\/2022\/10\/mieli-taas-myllerryksessa\/","title":{"rendered":"Mieli taas myllerryksess\u00e4"},"content":{"rendered":"<p>Pitk\u00e4n puhelun j\u00e4lkeen tajunnanvirtaa&#8230;.<\/p>\n<p style=\"padding-left: 40px;\">Poismeno tuo l\u00e4hemm\u00e4s.<\/p>\n<p style=\"padding-left: 40px;\">Yhteinen suru yhdist\u00e4\u00e4.<\/p>\n<p style=\"padding-left: 40px;\">Menneiden muistelu auttaa ymm\u00e4rt\u00e4m\u00e4\u00e4n.<\/p>\n<p style=\"padding-left: 40px;\">Kuolema muistuttaa, ett\u00e4 ehk\u00e4 sittenkin olisi pit\u00e4nyt sanoa jotain jo aiemmin.<\/p>\n<p style=\"padding-left: 40px;\">El\u00e4m\u00e4kertatiedot ja elettyjen vuosien murroskohdat, syyt ja seuraukset &#8211; tietoisuus niist\u00e4 tekee el\u00e4m\u00e4n paremmin ymm\u00e4rrett\u00e4v\u00e4ksi, armollisemmaksikin.<\/p>\n<p style=\"padding-left: 40px;\">N\u00e4inh\u00e4n se oli tarkoitettukin.<\/p>\n<p style=\"padding-left: 40px;\">Menneet j\u00e4tt\u00e4v\u00e4t aukkoja, jotka t\u00e4yttyv\u00e4t yll\u00e4tt\u00e4v\u00e4ll\u00e4 tavalla.<\/p>\n<p style=\"padding-left: 40px;\">Vertailu olisi tietyill\u00e4 el\u00e4m\u00e4nalueilla kiellett\u00e4v\u00e4.<\/p>\n<p style=\"padding-left: 40px;\">Narratiivit eiv\u00e4t ole tosia, ne ovat kertomuksia. Niiden \u00b4todistusvoimaisuus\u00b4 riippuu siit\u00e4, kuka niit\u00e4 luo, ja miksi niit\u00e4 narratiiveja luodaan.<\/p>\n<p style=\"padding-left: 40px;\">Historia tuo ymm\u00e4rryst\u00e4, mutta my\u00f6s her\u00e4tt\u00e4\u00e4 kysymyksi\u00e4.<\/p>\n<p style=\"padding-left: 40px;\">Kaikki ei ole sit\u00e4, milt\u00e4 n\u00e4ytt\u00e4\u00e4.<\/p>\n<p style=\"padding-left: 40px;\">Meill\u00e4 kaikilla on heikkoutemme, jotka ovat selv\u00e4sti n\u00e4kyviss\u00e4, mutta vahvuudet ovat usein piilossa ihan matkan viime metreille asti.<\/p>\n<p style=\"padding-left: 40px;\">Olkoonkin kliseist\u00e4, mutta \u00b4el\u00e4m\u00e4 on\u00b4.<\/p>\n<p style=\"padding-left: 40px;\">T\u00e4n\u00e4\u00e4nkin se on ollut hyvin hyv\u00e4\u00e4. Jopa t\u00e4n\u00e4\u00e4n.<\/p>\n<p><a href=\"https:\/\/www.satokangas.fi\/blogi\/2022\/10\/mieli-taas-myllerryksessa\/hyvaamatkaa\/#main\" rel=\"attachment wp-att-43893\"><img loading=\"lazy\" decoding=\"async\" data-attachment-id=\"43893\" data-permalink=\"https:\/\/www.satokangas.fi\/blogi\/2022\/10\/mieli-taas-myllerryksessa\/hyvaamatkaa\/\" data-orig-file=\"https:\/\/www.satokangas.fi\/blogi\/wp-content\/uploads\/2022\/10\/hyvaamatkaa.jpg\" data-orig-size=\"419,464\" data-comments-opened=\"1\" data-image-meta=\"{&quot;aperture&quot;:&quot;0&quot;,&quot;credit&quot;:&quot;&quot;,&quot;camera&quot;:&quot;&quot;,&quot;caption&quot;:&quot;&quot;,&quot;created_timestamp&quot;:&quot;1666724938&quot;,&quot;copyright&quot;:&quot;&quot;,&quot;focal_length&quot;:&quot;0&quot;,&quot;iso&quot;:&quot;0&quot;,&quot;shutter_speed&quot;:&quot;0&quot;,&quot;title&quot;:&quot;&quot;,&quot;orientation&quot;:&quot;0&quot;}\" data-image-title=\"hyvaamatkaa\" data-image-description=\"\" data-image-caption=\"\" data-large-file=\"https:\/\/www.satokangas.fi\/blogi\/wp-content\/uploads\/2022\/10\/hyvaamatkaa.jpg\" class=\"size-full wp-image-43893 alignnone aligncenter\" src=\"https:\/\/www.satokangas.fi\/blogi\/wp-content\/uploads\/2022\/10\/hyvaamatkaa.jpg\" alt=\"\" width=\"419\" height=\"464\" srcset=\"https:\/\/www.satokangas.fi\/blogi\/wp-content\/uploads\/2022\/10\/hyvaamatkaa.jpg 419w, https:\/\/www.satokangas.fi\/blogi\/wp-content\/uploads\/2022\/10\/hyvaamatkaa-361x400.jpg 361w, https:\/\/www.satokangas.fi\/blogi\/wp-content\/uploads\/2022\/10\/hyvaamatkaa-271x300.jpg 271w\" sizes=\"auto, (max-width: 419px) 100vw, 419px\" \/><\/a><\/p>\n<p style=\"text-align: center;\">Hyv\u00e4\u00e4 matkaa, &#8211; ja kiitos. Tuostakin hetkest\u00e4.<br \/>\nMonista my\u00f6hemmist\u00e4 viel\u00e4 enemm\u00e4n.<\/p>\n","protected":false},"excerpt":{"rendered":"<p>Pitk\u00e4n puhelun j\u00e4lkeen tajunnanvirtaa&#8230;. Poismeno tuo l\u00e4hemm\u00e4s. Yhteinen suru yhdist\u00e4\u00e4. Menneiden muistelu auttaa ymm\u00e4rt\u00e4m\u00e4\u00e4n. Kuolema muistuttaa, ett\u00e4 ehk\u00e4 sittenkin olisi pit\u00e4nyt sanoa jotain jo aiemmin. El\u00e4m\u00e4kertatiedot ja elettyjen vuosien murroskohdat, syyt ja seuraukset &#8211; tietoisuus niist\u00e4 tekee el\u00e4m\u00e4n paremmin ymm\u00e4rrett\u00e4v\u00e4ksi, armollisemmaksikin. N\u00e4inh\u00e4n se oli tarkoitettukin. Menneet j\u00e4tt\u00e4v\u00e4t aukkoja, jotka t\u00e4yttyv\u00e4t yll\u00e4tt\u00e4v\u00e4ll\u00e4 tavalla. Vertailu olisi tietyill\u00e4 el\u00e4m\u00e4nalueilla kiellett\u00e4v\u00e4. Narratiivit eiv\u00e4t ole &hellip; <\/p>\n","protected":false},"author":1,"featured_media":0,"comment_status":"open","ping_status":"open","sticky":false,"template":"","format":"standard","meta":{"jetpack_post_was_ever_published":false,"_jetpack_newsletter_access":"","_jetpack_dont_email_post_to_subs":false,"_jetpack_newsletter_tier_id":0,"_jetpack_memberships_contains_paywalled_content":false,"_jetpack_memberships_contains_paid_content":false,"footnotes":"","jetpack_publicize_message":"","jetpack_publicize_feature_enabled":true,"jetpack_social_post_already_shared":true,"jetpack_social_options":{"image_generator_settings":{"template":"highway","default_image_id":0,"font":"","enabled":false},"version":2}},"categories":[1],"tags":[],"class_list":["post-43892","post","type-post","status-publish","format-standard","hentry","category-aiheeton","latest_post"],"jetpack_publicize_connections":[],"jetpack_featured_media_url":"","jetpack_shortlink":"https:\/\/wp.me\/pr4p4-bpW","jetpack_sharing_enabled":true,"jetpack_likes_enabled":false,"jetpack-related-posts":[{"id":5147,"url":"https:\/\/www.satokangas.fi\/blogi\/2009\/11\/menneessa-taas\/","url_meta":{"origin":43892,"position":0},"title":"Menneess\u00e4 &#8211; taas","author":"Reija","date":"17.11.2009","format":false,"excerpt":"T\u00e4n\u00e4\u00e4n on tarvittu niit\u00e4 varastoja joita ker\u00e4t\u00e4\u00e4n kes\u00e4ll\u00e4: aurinkoisia aamuja, leppe\u00e4\u00e4 kes\u00e4tuulta iholla, luonnon \u00e4\u00e4ni\u00e4, Hangasojan solinaa, yst\u00e4vien naurua, meren tuoksua aamulenkill\u00e4, rullaluistelusta raukeiden lihasten rentoutta, grillist\u00e4 l\u00e4htevien tuoksujen her\u00e4tt\u00e4mi\u00e4 ennakkoaavistuksia tulevista makunautinnoista. T\u00e4n\u00e4\u00e4n olen viipyillyt niiss\u00e4 muistoissa, joita kes\u00e4ll\u00e4 tarkoituksella haettiin talvea varten: tuokio Visavuoren illansuussa, auringonlasku Rosesissa, hein\u00e4kuun\u2026","rel":"","context":"Kategoriassa &quot;Niit\u00e4 n\u00e4it\u00e4&quot;","block_context":{"text":"Niit\u00e4 n\u00e4it\u00e4","link":"https:\/\/www.satokangas.fi\/blogi\/category\/aiheeton\/"},"img":{"alt_text":"","src":"","width":0,"height":0},"classes":[]},{"id":10190,"url":"https:\/\/www.satokangas.fi\/blogi\/2011\/01\/tatahan-nyt-kaipasinkin\/","url_meta":{"origin":43892,"position":1},"title":"T\u00e4t\u00e4h\u00e4n nyt kaipasinkin!","author":"Reija","date":"7.1.2011","format":false,"excerpt":"Nyth\u00e4n on niin, ett\u00e4 olen onnistunut kehitt\u00e4m\u00e4\u00e4n ihan j\u00e4rjett\u00f6m\u00e4n nuhan itselleni. Menin jotensakin hyvin varhain duuniin ja ajellessani kohti edelleen kovin hiljaista kampusta ajattelin hiljaa mieless\u00e4ni, jotta jos mie ensi viikosta hengiss\u00e4 ja kunnialla selvi\u00e4n, niin hyv\u00e4 on. Ja kirjastossa aamusella tunsin, jotta hieman palelee, ja ev\u00e4ille menness\u00e4 yhdentoista kieppeiss\u00e4\u2026","rel":"","context":"Kategoriassa &quot;Historiaa&quot;","block_context":{"text":"Historiaa","link":"https:\/\/www.satokangas.fi\/blogi\/category\/historiaa\/"},"img":{"alt_text":"","src":"","width":0,"height":0},"classes":[]},{"id":477,"url":"https:\/\/www.satokangas.fi\/blogi\/2008\/07\/menneesta-ja-tulevasta-alakulon-ehkaisya\/","url_meta":{"origin":43892,"position":2},"title":"Menneest\u00e4 ja tulevasta alakulon ehk\u00e4isy\u00e4","author":"Reija","date":"9.7.2008","format":false,"excerpt":"Sadetta ja siivoamista. Mutta jotain mukavampaakin: lauantain p\u00e4iv\u00e4llisvieraita varten v\u00e4h\u00e4n jo kokkailin ja kalaasikutsuja v\u00e4rkk\u00e4ilin. Viiv\u00e4hdin pitk\u00e4n aikaan viime kes\u00e4n Toscanan kuvissa, l\u00e4mpimi\u00e4 muistoja. Paljon.\u00a0","rel":"","context":"Kategoriassa &quot;Niit\u00e4 n\u00e4it\u00e4&quot;","block_context":{"text":"Niit\u00e4 n\u00e4it\u00e4","link":"https:\/\/www.satokangas.fi\/blogi\/category\/aiheeton\/"},"img":{"alt_text":"","src":"","width":0,"height":0},"classes":[]},{"id":35211,"url":"https:\/\/www.satokangas.fi\/blogi\/2018\/11\/menneessa-2\/","url_meta":{"origin":43892,"position":3},"title":"Menneess\u00e4","author":"Reija","date":"14.11.2018","format":false,"excerpt":"Olen t\u00e4n\u00e4\u00e4n lounastanut sisareni kanssa (Hanko Sushi - postaus tulee \"Oulun etniset\" -sarjaan), k\u00e4ynyt opiskelukaverini (eka vuonna taisi olla paras sellainen) luona teell\u00e4 (en koskaan aiemmin) ja viel\u00e4 Cafe Stockholmissa lukioaikaisen ja my\u00f6hemm\u00e4nkin (mm. h\u00e4idemme \"kanttorin\") yst\u00e4v\u00e4n kanssa toasteilla ja teell\u00e4.\u00a0Paljon puhetta el\u00e4m\u00e4st\u00e4, menneest\u00e4, olleesta ja olevasta, yhteisist\u00e4 muistoista ja\u2026","rel":"","context":"Kategoriassa &quot;Niit\u00e4 n\u00e4it\u00e4&quot;","block_context":{"text":"Niit\u00e4 n\u00e4it\u00e4","link":"https:\/\/www.satokangas.fi\/blogi\/category\/aiheeton\/"},"img":{"alt_text":"","src":"https:\/\/i0.wp.com\/www.satokangas.fi\/blogi\/wp-content\/uploads\/2018\/11\/yst.jpg?resize=350%2C200&ssl=1","width":350,"height":200,"srcset":"https:\/\/i0.wp.com\/www.satokangas.fi\/blogi\/wp-content\/uploads\/2018\/11\/yst.jpg?resize=350%2C200&ssl=1 1x, https:\/\/i0.wp.com\/www.satokangas.fi\/blogi\/wp-content\/uploads\/2018\/11\/yst.jpg?resize=525%2C300&ssl=1 1.5x, https:\/\/i0.wp.com\/www.satokangas.fi\/blogi\/wp-content\/uploads\/2018\/11\/yst.jpg?resize=700%2C400&ssl=1 2x"},"classes":[]},{"id":4984,"url":"https:\/\/www.satokangas.fi\/blogi\/2009\/10\/ikava\/","url_meta":{"origin":43892,"position":4},"title":"Ik\u00e4v\u00e4","author":"Reija","date":"30.10.2009","format":false,"excerpt":"On vaan niin ik\u00e4v\u00e4, monia asioita, ihmisi\u00e4, ihmisen ik\u00e4v\u00e4 toisen luo ... kuka niin laulaa? Juice?. Jo tulevakin ik\u00e4v\u00e4. Taas kerran, taas!, olen v\u00e4\u00e4r\u00e4ss\u00e4 ajassa. Tulevassa ja menneess\u00e4. Ihan sama. Viime viikossa ja ensi kuussa. Ik\u00e4v\u00e4 menneit\u00e4 ja ik\u00e4v\u00e4 jo, kun ajattelen huomista. Aina minulla on vaikeuksia ollut olla t\u00e4ss\u00e4\u2026","rel":"","context":"Kategoriassa &quot;Niit\u00e4 n\u00e4it\u00e4&quot;","block_context":{"text":"Niit\u00e4 n\u00e4it\u00e4","link":"https:\/\/www.satokangas.fi\/blogi\/category\/aiheeton\/"},"img":{"alt_text":"","src":"","width":0,"height":0},"classes":[]},{"id":42229,"url":"https:\/\/www.satokangas.fi\/blogi\/2022\/01\/metsaan-menin\/","url_meta":{"origin":43892,"position":5},"title":"Mets\u00e4\u00e4n menin","author":"Reija","date":"3.1.2022","format":false,"excerpt":"Jos mets\u00e4\u00e4n haluat menn\u00e4 nyt... Kyll\u00e4, kyll\u00e4 halusin. Pakkasta ei en\u00e4\u00e4 kuin kymmenkunta astetta, toki tuulta, mutta ei se mets\u00e4ss\u00e4 tunnu. Olin l\u00e4hd\u00f6ss\u00e4 aamuladulle, siis valaistun ladun aikaan, olin l\u00e4hd\u00f6ss\u00e4 sinisen hetken aikaan, sain l\u00e4hdetyksi vasta puolenp\u00e4iv\u00e4n tiet\u00e4mill\u00e4. Arki k\u00e4ynnistyi hitaasti: pankki- ja paperiasioita, p\u00e4ivityksi\u00e4, kirjeit\u00e4, taulukon tekoa (kirjahaastetta varten),\u2026","rel":"","context":"Kategoriassa &quot;Niit\u00e4 n\u00e4it\u00e4&quot;","block_context":{"text":"Niit\u00e4 n\u00e4it\u00e4","link":"https:\/\/www.satokangas.fi\/blogi\/category\/aiheeton\/"},"img":{"alt_text":"","src":"https:\/\/i0.wp.com\/www.satokangas.fi\/blogi\/wp-content\/uploads\/2022\/01\/1_1_2022-4.jpg?resize=350%2C200&ssl=1","width":350,"height":200,"srcset":"https:\/\/i0.wp.com\/www.satokangas.fi\/blogi\/wp-content\/uploads\/2022\/01\/1_1_2022-4.jpg?resize=350%2C200&ssl=1 1x, https:\/\/i0.wp.com\/www.satokangas.fi\/blogi\/wp-content\/uploads\/2022\/01\/1_1_2022-4.jpg?resize=525%2C300&ssl=1 1.5x, https:\/\/i0.wp.com\/www.satokangas.fi\/blogi\/wp-content\/uploads\/2022\/01\/1_1_2022-4.jpg?resize=700%2C400&ssl=1 2x"},"classes":[]}],"_links":{"self":[{"href":"https:\/\/www.satokangas.fi\/blogi\/wp-json\/wp\/v2\/posts\/43892","targetHints":{"allow":["GET"]}}],"collection":[{"href":"https:\/\/www.satokangas.fi\/blogi\/wp-json\/wp\/v2\/posts"}],"about":[{"href":"https:\/\/www.satokangas.fi\/blogi\/wp-json\/wp\/v2\/types\/post"}],"author":[{"embeddable":true,"href":"https:\/\/www.satokangas.fi\/blogi\/wp-json\/wp\/v2\/users\/1"}],"replies":[{"embeddable":true,"href":"https:\/\/www.satokangas.fi\/blogi\/wp-json\/wp\/v2\/comments?post=43892"}],"version-history":[{"count":0,"href":"https:\/\/www.satokangas.fi\/blogi\/wp-json\/wp\/v2\/posts\/43892\/revisions"}],"wp:attachment":[{"href":"https:\/\/www.satokangas.fi\/blogi\/wp-json\/wp\/v2\/media?parent=43892"}],"wp:term":[{"taxonomy":"category","embeddable":true,"href":"https:\/\/www.satokangas.fi\/blogi\/wp-json\/wp\/v2\/categories?post=43892"},{"taxonomy":"post_tag","embeddable":true,"href":"https:\/\/www.satokangas.fi\/blogi\/wp-json\/wp\/v2\/tags?post=43892"}],"curies":[{"name":"wp","href":"https:\/\/api.w.org\/{rel}","templated":true}]}}