{"id":41706,"date":"2021-10-02T19:23:17","date_gmt":"2021-10-02T16:23:17","guid":{"rendered":"https:\/\/www.satokangas.fi\/blogi\/?p=41706"},"modified":"2021-10-02T19:51:11","modified_gmt":"2021-10-02T16:51:11","slug":"mummin-juttuja","status":"publish","type":"post","link":"https:\/\/www.satokangas.fi\/blogi\/2021\/10\/mummin-juttuja\/","title":{"rendered":"Mummin juttuja"},"content":{"rendered":"<p style=\"text-align: justify;\">Sukupolvien v\u00e4liss\u00e4 t\u00e4n\u00e4\u00e4n. Paljon vastakohtia, suvun nuorimpien ja vanhimman kanssa vietettyj\u00e4 hetki\u00e4. Hillit\u00f6nt\u00e4 iloa, rauhaisaa yhdess\u00e4 puuhailua, paljon pulputusta, leikkipuistossa liikkumista ja sitten iltap\u00e4iv\u00e4ll\u00e4 suruisaa, vaisua kahvittelua, sanatonta my\u00f6t\u00e4el\u00e4mist\u00e4.<\/p>\n<p style=\"text-align: justify;\">Muksut hain aamulla meille. Kun halaan Apsua, toivottelen huomenia ja kerron ik\u00e4v\u00e4st\u00e4ni, h\u00e4n toteaa, onneksi hymyss\u00e4 suin: &#8221;Mummi, s\u00e4\u00e4 haiset ihan saippuakuplille&#8221;. Se olikin eka kommentti kenelt\u00e4k\u00e4\u00e4n uudesta eau de toilettestani. \ud83d\ude00<\/p>\n<p style=\"text-align: justify;\">Kunhan meill\u00e4 saimme Apsun uskomaan, ett\u00e4 mummilassakaan ei ole ylim\u00e4\u00e4r\u00e4ist\u00e4 ruutuaikaa, p\u00e4\u00e4simme pelaamaan, tekem\u00e4\u00e4n teht\u00e4v\u00e4kortteja, lukemaan (Eeviksell\u00e4 on nyt Mauri Kunnas -buumi hyvin vahvana), siivoilemaan meill\u00e4 olevista leluvarastoista &#8221;vauvojen lelut&#8221; pois, paketoivaksi autotalliin, ehk\u00e4 niille taas joskus jollakin k\u00e4ytt\u00f6\u00e4. Legot ja Duplot ovat edelleen ok,\u00a0 samoin Fischer Pricet ja Pipsa Possu -rakennussarjat. Pitk\u00e4 tovi sujui leikkien.<\/p>\n<p style=\"text-align: justify;\">Lounaan j\u00e4lkeen (vihdoinkin mummilla kananuggetteja!) oli edelleen sateisen oloista ja oli (taas) teht\u00e4v\u00e4 temppurata. T\u00e4ll\u00e4 kertaa Apsu itse kirjoitti &#8221;rastien&#8221; teht\u00e4v\u00e4kuvaukset: kuperkeikat, esterata, lankulla k\u00e4vely, laavahyppely, kiertotie, pallon heitto, kiipe\u00e4minen, ja mit\u00e4 kaikkea ennen maalia. Temppuradan sponsori taisi olla Super Mario, koskapa Mario &#8211; Luigi -teksti on kaikissa lanketeissa mainittuna. Ja kyll\u00e4 min\u00e4 ihmettelen, ett\u00e4 kuusivuotias osaa itse nuo kaikki kirjoittaa. Sen verran kysyi, ett\u00e4 &#8221;miten se gee kirjotetaankaan?&#8221;. &#8211; Min\u00e4 osasin ehk\u00e4 just ja just kahdeksan vuotiaana kirjoittaa noin.<\/p>\n<p style=\"text-align: justify;\"><a href=\"https:\/\/www.satokangas.fi\/blogi\/2021\/10\/mummin-juttuja\/nayttokuva-2021-10-02-182606\/#main\" rel=\"attachment wp-att-41707\"><img loading=\"lazy\" decoding=\"async\" data-attachment-id=\"41707\" data-permalink=\"https:\/\/www.satokangas.fi\/blogi\/2021\/10\/mummin-juttuja\/nayttokuva-2021-10-02-182606\/\" data-orig-file=\"https:\/\/www.satokangas.fi\/blogi\/wp-content\/uploads\/2021\/10\/Nayttokuva-2021-10-02-182606.jpg\" data-orig-size=\"327,415\" data-comments-opened=\"1\" data-image-meta=\"{&quot;aperture&quot;:&quot;0&quot;,&quot;credit&quot;:&quot;&quot;,&quot;camera&quot;:&quot;&quot;,&quot;caption&quot;:&quot;&quot;,&quot;created_timestamp&quot;:&quot;0&quot;,&quot;copyright&quot;:&quot;&quot;,&quot;focal_length&quot;:&quot;0&quot;,&quot;iso&quot;:&quot;0&quot;,&quot;shutter_speed&quot;:&quot;0&quot;,&quot;title&quot;:&quot;&quot;,&quot;orientation&quot;:&quot;0&quot;}\" data-image-title=\"N\u00e4ytt\u00f6kuva 2021-10-02 182606\" data-image-description=\"\" data-image-caption=\"\" data-large-file=\"https:\/\/www.satokangas.fi\/blogi\/wp-content\/uploads\/2021\/10\/Nayttokuva-2021-10-02-182606.jpg\" class=\"aligncenter size-full wp-image-41707\" src=\"https:\/\/www.satokangas.fi\/blogi\/wp-content\/uploads\/2021\/10\/Nayttokuva-2021-10-02-182606.jpg\" alt=\"\" width=\"327\" height=\"415\" srcset=\"https:\/\/www.satokangas.fi\/blogi\/wp-content\/uploads\/2021\/10\/Nayttokuva-2021-10-02-182606.jpg 327w, https:\/\/www.satokangas.fi\/blogi\/wp-content\/uploads\/2021\/10\/Nayttokuva-2021-10-02-182606-315x400.jpg 315w, https:\/\/www.satokangas.fi\/blogi\/wp-content\/uploads\/2021\/10\/Nayttokuva-2021-10-02-182606-236x300.jpg 236w\" sizes=\"auto, (max-width: 327px) 100vw, 327px\" \/><\/a><\/p>\n<p style=\"text-align: justify;\">Yl\u00e4reunan hymi\u00f6n oikealla puolella on tikkareita. Ihan vaan pienen\u00e4 vihjeen\u00e4 mummille etsi\u00e4 palkinnot karkkijemmastaan valmiiksi.\u00a0Kymmenen kierrosta temppurataa tehtiin, kannustettiin ja tuomaroitiin, mutta silti oli viel\u00e4 reilu tunti aikaa ennen kuin is\u00e4ns\u00e4 tulisi hakemaan pienet. Eevis halusi kirjastoon ja Apsu puistoon.<\/p>\n<p style=\"text-align: justify;\">S\u00e4\u00e4 oli l\u00e4mmennyt, aurinkokin vilahteli, joten &#8221;tarhan puistoonhan&#8221; me sitten suuntasimme. Tarhan puisto on se sama, jossa meid\u00e4n lapset p\u00e4iv\u00e4kotiaikanaan paljon olivat, ja t\u00e4n\u00e4\u00e4n(kin) kun oli lauantai, mentiin pienten kanssa my\u00f6s tarhan pihalle. Sen per\u00e4ll\u00e4 on pieni mets\u00e4inen nurkkaus, jossa oltiin t\u00e4n\u00e4\u00e4n eka kertaa. Selittelin pienille, ett\u00e4 siell\u00e4 on ihanaa vihre\u00e4\u00e4 sammalta, puiden alla mukavia piiloja, siell\u00e4 on nalleja, keijuja, mukavia peikkoja ja sen sellaisia. Kerroin, ett\u00e4 silloin kun meid\u00e4n lapset olivat tarhassa, siell\u00e4 oli pieni kasvimaakin, jota lapset itse kastelivat ja kitkiv\u00e4t ja saivat sielt\u00e4 porkkanoita etc. Jutteluni seurauksena Eevis hiipi mets\u00e4ss\u00e4 kumarassa ja kuiskaillen etsien &#8221;keijuja ja porkkanoita&#8221; ja samaan aikaan Apsu totesi minulle lakonisesti: &#8221;Nuo on niit\u00e4 sun juttuja.&#8221; \ud83d\ude00<\/p>\n","protected":false},"excerpt":{"rendered":"<p>Sukupolvien v\u00e4liss\u00e4 t\u00e4n\u00e4\u00e4n. Paljon vastakohtia, suvun nuorimpien ja vanhimman kanssa vietettyj\u00e4 hetki\u00e4. Hillit\u00f6nt\u00e4 iloa, rauhaisaa yhdess\u00e4 puuhailua, paljon pulputusta, leikkipuistossa liikkumista ja sitten iltap\u00e4iv\u00e4ll\u00e4 suruisaa, vaisua kahvittelua, sanatonta my\u00f6t\u00e4el\u00e4mist\u00e4. Muksut hain aamulla meille. Kun halaan Apsua, toivottelen huomenia ja kerron ik\u00e4v\u00e4st\u00e4ni, h\u00e4n toteaa, onneksi hymyss\u00e4 suin: &#8221;Mummi, s\u00e4\u00e4 haiset ihan saippuakuplille&#8221;. Se olikin eka kommentti kenelt\u00e4k\u00e4\u00e4n uudesta eau de toilettestani. &hellip; <\/p>\n","protected":false},"author":1,"featured_media":0,"comment_status":"open","ping_status":"open","sticky":false,"template":"","format":"standard","meta":{"jetpack_post_was_ever_published":false,"_jetpack_newsletter_access":"","_jetpack_dont_email_post_to_subs":false,"_jetpack_newsletter_tier_id":0,"_jetpack_memberships_contains_paywalled_content":false,"_jetpack_memberships_contains_paid_content":false,"footnotes":"","jetpack_publicize_message":"","jetpack_publicize_feature_enabled":true,"jetpack_social_post_already_shared":true,"jetpack_social_options":{"image_generator_settings":{"template":"highway","default_image_id":0,"font":"","enabled":false},"version":2}},"categories":[75],"tags":[],"class_list":["post-41706","post","type-post","status-publish","format-standard","hentry","category-isovanhemmuus","latest_post"],"jetpack_publicize_connections":[],"jetpack_featured_media_url":"","jetpack_shortlink":"https:\/\/wp.me\/pr4p4-aQG","jetpack_sharing_enabled":true,"jetpack_likes_enabled":false,"jetpack-related-posts":[{"id":34070,"url":"https:\/\/www.satokangas.fi\/blogi\/2018\/05\/tarkea-paiva-tamakin\/","url_meta":{"origin":41706,"position":0},"title":"T\u00e4rke\u00e4 p\u00e4iv\u00e4 &#8211; t\u00e4m\u00e4kin","author":"Reija","date":"25.5.2018","format":false,"excerpt":"Kolme vuotta sitten juuri t\u00e4n\u00e4 samaisena p\u00e4iv\u00e4n\u00e4 minusta tuli mummi. Minun poikani sai pojan, minun Mini\u00e4ni synnytti maailman ihanimman Apsun. Min\u00e4 tiesin jo silloin, jo sit\u00e4 ennen, ett\u00e4 minun maailmani tulee muuttumaan. Mutta enh\u00e4n min\u00e4 tiennyt miten paljon, -\u00a0 ja ett\u00e4 n\u00e4in paljon. T\u00e4n\u00e4\u00e4nkin minulla oli mummeilup\u00e4iv\u00e4. Yhdess\u00e4 Apsun kanssa\u2026","rel":"","context":"Kategoriassa &quot;Isovanhemmuus&quot;","block_context":{"text":"Isovanhemmuus","link":"https:\/\/www.satokangas.fi\/blogi\/category\/isovanhemmuus\/"},"img":{"alt_text":"","src":"https:\/\/i0.wp.com\/www.satokangas.fi\/blogi\/wp-content\/uploads\/2018\/05\/kesa-5.jpg?resize=350%2C200&ssl=1","width":350,"height":200,"srcset":"https:\/\/i0.wp.com\/www.satokangas.fi\/blogi\/wp-content\/uploads\/2018\/05\/kesa-5.jpg?resize=350%2C200&ssl=1 1x, https:\/\/i0.wp.com\/www.satokangas.fi\/blogi\/wp-content\/uploads\/2018\/05\/kesa-5.jpg?resize=525%2C300&ssl=1 1.5x, https:\/\/i0.wp.com\/www.satokangas.fi\/blogi\/wp-content\/uploads\/2018\/05\/kesa-5.jpg?resize=700%2C400&ssl=1 2x"},"classes":[]},{"id":40474,"url":"https:\/\/www.satokangas.fi\/blogi\/2021\/03\/tasa-arvoisesti-koko-paiva\/","url_meta":{"origin":41706,"position":1},"title":"Tasa-arvoisesti koko p\u00e4iv\u00e4","author":"Reija","date":"19.3.2021","format":false,"excerpt":"Onhan t\u00e4ss\u00e4 taas ollut. Kello oli soittamassa kuudeksi, - soittamassa, etten vaan my\u00f6h\u00e4styisi. Aloin her\u00e4ill\u00e4 jo nelj\u00e4n j\u00e4lkeen, jokaisen puolen tunnin v\u00e4lein kuulin kellon ly\u00f6nnit. Kuuden j\u00e4lkeen lopetin kuuntelun, ja nousin. Puuroa, kahvia... Oli aamuvuoro. Mummin el\u00e4m\u00e4n merkityksellisyys t\u00e4\u00e4ll\u00e4 taas t\u00e4n\u00e4\u00e4n! Kun is\u00e4lt\u00e4\u00e4n lapset sain t\u00e4nne Rantapeltoon, oli aika leivonnalle.\u2026","rel":"","context":"Kategoriassa &quot;Isovanhemmuus&quot;","block_context":{"text":"Isovanhemmuus","link":"https:\/\/www.satokangas.fi\/blogi\/category\/isovanhemmuus\/"},"img":{"alt_text":"","src":"","width":0,"height":0},"classes":[]},{"id":45315,"url":"https:\/\/www.satokangas.fi\/blogi\/2023\/04\/vanhoja-ja-uusia-asipita\/","url_meta":{"origin":41706,"position":2},"title":"Vanhoja ja uusia asioita","author":"Reija","date":"15.4.2023","format":false,"excerpt":"\"Mummi, musta tuli silloin vauvana sun lellipentu.\" \u00a0 \u00a0 \u00a0 \u00a0 \u00a0 \u00a0 \u00a0 \u00a0 \u00a0 \u00a0 \u00a0 \u00a0 \u00a0 \u00a0(Eevis 4 v.)\u00a0 Meill\u00e4 oli muksup\u00e4iv\u00e4 aamubrunssista lounaaseen. Mit\u00e4s teht\u00e4isiin? - V\u00e4h\u00e4n v\u00e4likausi ulkona,...\u00a0 ei liukum\u00e4keen, ei pihalle pelaamaan, ei puistoon. Muksut eiv\u00e4t halunneet oikein mihink\u00e4\u00e4n ja v\u00e4h\u00e4n joka paikkaan.\u2026","rel":"","context":"Kategoriassa &quot;Isovanhemmuus&quot;","block_context":{"text":"Isovanhemmuus","link":"https:\/\/www.satokangas.fi\/blogi\/category\/isovanhemmuus\/"},"img":{"alt_text":"","src":"https:\/\/i0.wp.com\/www.satokangas.fi\/blogi\/wp-content\/uploads\/2023\/04\/haaleaa.jpg?resize=350%2C200&ssl=1","width":350,"height":200,"srcset":"https:\/\/i0.wp.com\/www.satokangas.fi\/blogi\/wp-content\/uploads\/2023\/04\/haaleaa.jpg?resize=350%2C200&ssl=1 1x, https:\/\/i0.wp.com\/www.satokangas.fi\/blogi\/wp-content\/uploads\/2023\/04\/haaleaa.jpg?resize=525%2C300&ssl=1 1.5x, https:\/\/i0.wp.com\/www.satokangas.fi\/blogi\/wp-content\/uploads\/2023\/04\/haaleaa.jpg?resize=700%2C400&ssl=1 2x"},"classes":[]},{"id":33048,"url":"https:\/\/www.satokangas.fi\/blogi\/2018\/01\/33048\/","url_meta":{"origin":41706,"position":3},"title":"Apsun kanssa yliopistolla","author":"Reija","date":"11.1.2018","format":false,"excerpt":"T\u00e4n\u00e4\u00e4n Apsu-p\u00e4iv\u00e4. Mummi ja Apsu olivat humputtelemassa t\u00e4n\u00e4\u00e4n. Poika puhuu suunnilleen koko ajan. Todellakaan en kaikkea osaa \"k\u00e4\u00e4nt\u00e4\u00e4\", mutta aika hyvin jo voi kanssaan jutella. Ja silloin kun ollaan tavanomaisen ulkopuolella, pois kotoa tai \"mummipapan luota\", kuten h\u00e4n miell\u00e4 k\u00e4yntej\u00e4\u00e4n nimitt\u00e4\u00e4, niin ymp\u00e4rist\u00f6n, \u00e4\u00e4nien, ihmisten, talojen, kaiken ison ja pienen\u2026","rel":"","context":"Kategoriassa &quot;Isovanhemmuus&quot;","block_context":{"text":"Isovanhemmuus","link":"https:\/\/www.satokangas.fi\/blogi\/category\/isovanhemmuus\/"},"img":{"alt_text":"","src":"https:\/\/i0.wp.com\/www.satokangas.fi\/blogi\/wp-content\/uploads\/2018\/01\/Apsu.jpg?resize=350%2C200&ssl=1","width":350,"height":200,"srcset":"https:\/\/i0.wp.com\/www.satokangas.fi\/blogi\/wp-content\/uploads\/2018\/01\/Apsu.jpg?resize=350%2C200&ssl=1 1x, https:\/\/i0.wp.com\/www.satokangas.fi\/blogi\/wp-content\/uploads\/2018\/01\/Apsu.jpg?resize=525%2C300&ssl=1 1.5x"},"classes":[]},{"id":36883,"url":"https:\/\/www.satokangas.fi\/blogi\/2019\/07\/36883\/","url_meta":{"origin":41706,"position":4},"title":"Helteess\u00e4","author":"Reija","date":"26.7.2019","format":false,"excerpt":"Brunetti avasi silm\u00e4t ja katsoi Massimoa. \"Hyv\u00e4\", h\u00e4n sanoi, Noin se loppuu. Donna Leonin viimeisin dekkari \"Maalliset j\u00e4\u00e4nn\u00f6kset\". Juuri t\u00e4llainen p\u00e4iv\u00e4, t\u00e4llainen helle, kuin t\u00e4n\u00e4\u00e4n on ollut, on varattu kes\u00e4n Donna Leonin dekkarille. Kes\u00e4\u00e4n kuuluu Brunetti. Ja sit\u00e4 ei kuulu kuunnella kuulokkeilla py\u00f6r\u00e4illess\u00e4 pitkin Oulun ja sen ymp\u00e4rist\u00f6n py\u00f6r\u00e4teit\u00e4, vaan\u2026","rel":"","context":"Kategoriassa &quot;Niit\u00e4 n\u00e4it\u00e4&quot;","block_context":{"text":"Niit\u00e4 n\u00e4it\u00e4","link":"https:\/\/www.satokangas.fi\/blogi\/category\/aiheeton\/"},"img":{"alt_text":"","src":"https:\/\/i0.wp.com\/www.satokangas.fi\/blogi\/wp-content\/uploads\/2019\/07\/aika-2.jpg?resize=350%2C200&ssl=1","width":350,"height":200,"srcset":"https:\/\/i0.wp.com\/www.satokangas.fi\/blogi\/wp-content\/uploads\/2019\/07\/aika-2.jpg?resize=350%2C200&ssl=1 1x, https:\/\/i0.wp.com\/www.satokangas.fi\/blogi\/wp-content\/uploads\/2019\/07\/aika-2.jpg?resize=525%2C300&ssl=1 1.5x, https:\/\/i0.wp.com\/www.satokangas.fi\/blogi\/wp-content\/uploads\/2019\/07\/aika-2.jpg?resize=700%2C400&ssl=1 2x"},"classes":[]},{"id":36374,"url":"https:\/\/www.satokangas.fi\/blogi\/2019\/05\/touhupaiva\/","url_meta":{"origin":41706,"position":5},"title":"Touhup\u00e4iv\u00e4","author":"Reija","date":"10.5.2019","format":false,"excerpt":"En ottanut kameraa mukaan. Mik\u00e4 on ihan poikkeuksellista. Mutta onneksi en. Sill\u00e4 t\u00e4n\u00e4\u00e4n oli Apsun kanssa sen verran vauhdikas - vauhtia ja vaarallisia tilanteita (ainakin mummille)\u00a0 - p\u00e4iv\u00e4, ett\u00e4 oli paras keskitty\u00e4 leikkim\u00e4\u00e4n, juoksemaan, katsomaan per\u00e4\u00e4n, jakamaan riemua ja pit\u00e4m\u00e4\u00e4n huolta, ett\u00e4 Canon olisi selv\u00e4stikin ollut kolmas py\u00f6r\u00e4. T\u00e4n\u00e4\u00e4n oli\u2026","rel":"","context":"Kategoriassa &quot;Isovanhemmuus&quot;","block_context":{"text":"Isovanhemmuus","link":"https:\/\/www.satokangas.fi\/blogi\/category\/isovanhemmuus\/"},"img":{"alt_text":"","src":"","width":0,"height":0},"classes":[]}],"_links":{"self":[{"href":"https:\/\/www.satokangas.fi\/blogi\/wp-json\/wp\/v2\/posts\/41706","targetHints":{"allow":["GET"]}}],"collection":[{"href":"https:\/\/www.satokangas.fi\/blogi\/wp-json\/wp\/v2\/posts"}],"about":[{"href":"https:\/\/www.satokangas.fi\/blogi\/wp-json\/wp\/v2\/types\/post"}],"author":[{"embeddable":true,"href":"https:\/\/www.satokangas.fi\/blogi\/wp-json\/wp\/v2\/users\/1"}],"replies":[{"embeddable":true,"href":"https:\/\/www.satokangas.fi\/blogi\/wp-json\/wp\/v2\/comments?post=41706"}],"version-history":[{"count":0,"href":"https:\/\/www.satokangas.fi\/blogi\/wp-json\/wp\/v2\/posts\/41706\/revisions"}],"wp:attachment":[{"href":"https:\/\/www.satokangas.fi\/blogi\/wp-json\/wp\/v2\/media?parent=41706"}],"wp:term":[{"taxonomy":"category","embeddable":true,"href":"https:\/\/www.satokangas.fi\/blogi\/wp-json\/wp\/v2\/categories?post=41706"},{"taxonomy":"post_tag","embeddable":true,"href":"https:\/\/www.satokangas.fi\/blogi\/wp-json\/wp\/v2\/tags?post=41706"}],"curies":[{"name":"wp","href":"https:\/\/api.w.org\/{rel}","templated":true}]}}