{"id":4064,"date":"2009-08-18T23:05:19","date_gmt":"2009-08-18T20:05:19","guid":{"rendered":"https:\/\/www.satokangas.fi\/blogi\/?p=4064"},"modified":"2009-08-18T23:23:20","modified_gmt":"2009-08-18T20:23:20","slug":"valitanko-no-joo","status":"publish","type":"post","link":"https:\/\/www.satokangas.fi\/blogi\/2009\/08\/valitanko-no-joo\/","title":{"rendered":"Valitanko? no joo &#8230;"},"content":{"rendered":"<p>Aika loppui kesken. Se loppui kesken sek\u00e4 erikseen arkistossa ett\u00e4 yleens\u00e4 Helsingiss\u00e4.<\/p>\n<p>Kalliiksi tulee arkistoty\u00f6skentely periferiatutkijalle.  Ensinn\u00e4kin arkistojen aukioloaikoja on supistettu. Kauan el\u00e4k\u00f6\u00f6n valtion s\u00e4\u00e4st\u00f6ohjelma! Toista se oli esim. paikallishistorioitsijan jo taakse j\u00e4\u00e4neell\u00e4 urallani, jolloin 11 tuntia putkeen yliopistonkirjastossa  tai Kansallisarkistossa oli ihan normi juttu. Toiseksi aineiston tallentaminen digikuvaamalla on kielletty. T\u00e4m\u00e4 ei tosin koske kaikkia aineistoja, mutta koskee mm. niit\u00e4, joita min\u00e4 nyt olin tutkimassa. Kolmanneksi ilman erillislupaa (josta vaatimuksesta ei esimerkiksi nettisivulla kerrota mit\u00e4\u00e4n) otettavien kopioiden (, joita et saa itse ottaa, vaan sinun on tilattava palvelu ja saat kopiot my\u00f6hemmin postissa,) m\u00e4\u00e4r\u00e4 on rajallinen ja niiden rajallistenkin hinta on tuhottoman tyyris.  Siis ensin teet matkan, joka maksaa, samoin kuin tekee majoittuminenkin (onneksi \u00a0t\u00e4h\u00e4n virkani puolesta ainakin t\u00e4n\u00e4 vuonna m\u00e4\u00e4r\u00e4raha), ja sitten saat olla arkistossa vajaan ty\u00f6p\u00e4iv\u00e4n tai pari, mutta vajaita kuitenkin, tuplasti olisi voinut niit\u00e4 juttuja t\u00e4n\u00e4\u00e4nkin lukea. Sormenp\u00e4\u00e4t hellin\u00e4 naputtelet l\u00e4pp\u00e4riin muistiinpanoja kun samalla selaat ja etsit aineistosta sit\u00e4, mik\u00e4 on t\u00e4rke\u00e4\u00e4, mik\u00e4 on muistiinpantavan v\u00e4\u00e4rti\u00e4.  Tein sen mink\u00e4 pystyin, ja sitten minut vain heitettiin ulos.<\/p>\n<p>Kun en nelj\u00e4n j\u00e4lkeen voinut en\u00e4\u00e4 tutkimusta edist\u00e4\u00e4 ja kone Ouluun l\u00e4hti vasta kahdeksan j\u00e4lkeen ajattelin, ett\u00e4 hyv\u00e4 on, min\u00e4 nautin Helsingist\u00e4 ja harrastan: ajattelin sy\u00f6d\u00e4 hyvin ja ajattelin k\u00e4veleskell\u00e4 torilla ja Kaivopuiston rannassa ja kuvata kaunista, elokuista Helsinki\u00e4. Kuvata torilla kulkevia turisteja (joita ainakin n\u00e4iden parin p\u00e4iv\u00e4n perusteella n\u00e4ytti olevan paljon, varsinkin espanjalaisia), Senaatintoria, jugend-talojen fasadeja, meren v\u00e4lkett\u00e4 ja puistojen istutuksia. Montakos kuvaa otin? En ainuttakaan!<\/p>\n<p>Kun ensin sain p\u00e4\u00e4tetty\u00e4, mihin menen sy\u00f6m\u00e4\u00e4n, olin jo yli puoli tuntia k\u00e4vellyt ristiin rastiin osaamatta p\u00e4\u00e4tt\u00e4\u00e4 ja sitten annoin jotenkin helposti periksi ja menin italialaiseen (<a href=\"http:\/\/www.palacekamp.fi\/ravintolat\/gourmetpizza_carlito_s\/\">Carlito\u00b4s <\/a>), joka oli pettymys. Kun sain laskun ja olin valmis heitt\u00e4ytym\u00e4\u00e4n kuvaajaksi, alkoi sataa jotensakin reippaasti. Kirosinko? Ja reippaasti sit\u00e4kin!<\/p>\n<p>Ei muuta kuin remontin takia sekavalle Stockalle. Pieni\u00e4 tuliaisia perheelle. Sateeseen siuvaantuneena ajattelin, ett\u00e4 l\u00e4hdenp\u00e4 ajoissa lentokent\u00e4lle &#8211; kun Oulun lennotkin l\u00e4htev\u00e4t nyt terminaalista 2, menen Wine and Fly -viinibaariin ja nautin lasillisen shampanjaa tai hyv\u00e4n amaronen, \u00a0joita siell\u00e4 on joskus n\u00e4kynyt olevan tarjolla, ja siin\u00e4 nautiskellessa hoitelen l\u00e4pp\u00e4rill\u00e4 opiskelijapostin ja muun postin&#8230; ja mitenk\u00e4s k\u00e4vi. Aika loppui. Eli baari suljettiin seitsem\u00e4n j\u00e4lkeen.<\/p>\n<p>No jotain hyv\u00e4\u00e4kin. Pehtoori oli vastassa. Ja nuoriso kotona kun tulin. Mit\u00e4p\u00e4 sit\u00e4 muuta&#8230;<\/p>\n","protected":false},"excerpt":{"rendered":"<p>Aika loppui kesken. Se loppui kesken sek\u00e4 erikseen arkistossa ett\u00e4 yleens\u00e4 Helsingiss\u00e4. Kalliiksi tulee arkistoty\u00f6skentely periferiatutkijalle. Ensinn\u00e4kin arkistojen aukioloaikoja on supistettu. Kauan el\u00e4k\u00f6\u00f6n valtion s\u00e4\u00e4st\u00f6ohjelma! Toista se oli esim. paikallishistorioitsijan jo taakse j\u00e4\u00e4neell\u00e4 urallani, jolloin 11 tuntia putkeen yliopistonkirjastossa tai Kansallisarkistossa oli ihan normi juttu. Toiseksi aineiston tallentaminen digikuvaamalla on kielletty. T\u00e4m\u00e4 ei tosin koske kaikkia aineistoja, mutta koskee mm. &hellip; <\/p>\n","protected":false},"author":1,"featured_media":0,"comment_status":"open","ping_status":"open","sticky":false,"template":"","format":"standard","meta":{"jetpack_post_was_ever_published":false,"_jetpack_newsletter_access":"","_jetpack_dont_email_post_to_subs":false,"_jetpack_newsletter_tier_id":0,"_jetpack_memberships_contains_paywalled_content":false,"_jetpack_memberships_contains_paid_content":false,"footnotes":"","jetpack_publicize_message":"","jetpack_publicize_feature_enabled":true,"jetpack_social_post_already_shared":false,"jetpack_social_options":{"image_generator_settings":{"template":"highway","default_image_id":0,"font":"","enabled":false},"version":2}},"categories":[13],"tags":[],"class_list":["post-4064","post","type-post","status-publish","format-standard","hentry","category-historiaa","latest_post"],"jetpack_publicize_connections":[],"jetpack_featured_media_url":"","jetpack_shortlink":"https:\/\/wp.me\/pr4p4-13y","jetpack_sharing_enabled":true,"jetpack_likes_enabled":false,"jetpack-related-posts":[{"id":42296,"url":"https:\/\/www.satokangas.fi\/blogi\/2022\/01\/vanhoja-aineistoja\/","url_meta":{"origin":4064,"position":0},"title":"Vanhoja aineistoja","author":"Reija","date":"19.1.2022","format":false,"excerpt":"Jos eilen oli \"kaikkea uutta\", niin t\u00e4n\u00e4\u00e4n sitten \"kaikkea vanhaa\". Vanhojen kuvien skannausta, vanhojen kirjeiden etsimist\u00e4, nauhoitteiden kuuntelua, viiv\u00e4hdys El\u00e4v\u00e4n arkiston -filmien parissa, Finna-tietokannan selaamista, puhelu t\u00e4dille, Digitaalisen arkiston sanomalehtitietokannassa surffailua, muistiinpanojen penkomista ja nauhoitteita, vanhojen karttojen tutkimista. Ihan tulee omat ty\u00f6ajat mieleen. Historiantutkimushommia t\u00e4n\u00e4\u00e4n. Enk\u00e4 malta lopettaa... Voit sin\u00e4kin\u2026","rel":"","context":"Kategoriassa &quot;Historiaa&quot;","block_context":{"text":"Historiaa","link":"https:\/\/www.satokangas.fi\/blogi\/category\/historiaa\/"},"img":{"alt_text":"","src":"https:\/\/i0.wp.com\/www.satokangas.fi\/blogi\/wp-content\/uploads\/2022\/01\/oulu-1600x854.jpg?resize=350%2C200&ssl=1","width":350,"height":200,"srcset":"https:\/\/i0.wp.com\/www.satokangas.fi\/blogi\/wp-content\/uploads\/2022\/01\/oulu-1600x854.jpg?resize=350%2C200&ssl=1 1x, https:\/\/i0.wp.com\/www.satokangas.fi\/blogi\/wp-content\/uploads\/2022\/01\/oulu-1600x854.jpg?resize=525%2C300&ssl=1 1.5x, https:\/\/i0.wp.com\/www.satokangas.fi\/blogi\/wp-content\/uploads\/2022\/01\/oulu-1600x854.jpg?resize=700%2C400&ssl=1 2x, https:\/\/i0.wp.com\/www.satokangas.fi\/blogi\/wp-content\/uploads\/2022\/01\/oulu-1600x854.jpg?resize=1050%2C600&ssl=1 3x"},"classes":[]},{"id":5734,"url":"https:\/\/www.satokangas.fi\/blogi\/2010\/01\/mennyt-minussa\/","url_meta":{"origin":4064,"position":1},"title":"Mennyt minussa","author":"Reija","date":"14.1.2010","format":false,"excerpt":"Suomen teollistumisen sosiaalihistoria ja sen tutkiminen. Siit\u00e4 pidin t\u00e4n\u00e4\u00e4n kaksi tuntia luentoa. En\u00e4\u00e4 9 kertaa j\u00e4ljell\u00e4. En ole nelj\u00e4\u00e4n vuoteen luennoinut aiheesta. Luento perustuu hyvin paljon omaan v\u00e4it\u00f6skirjaani, johon en ole pariin vuoteen juurikaan koskenut. Nyt luennon alettua ja sen valmistelussa palautuu mieleen kaikenlaista sen projektin vaiheilta. El\u00e4n uudelleen niit\u00e4\u2026","rel":"","context":"Kategoriassa &quot;Historiaa&quot;","block_context":{"text":"Historiaa","link":"https:\/\/www.satokangas.fi\/blogi\/category\/historiaa\/"},"img":{"alt_text":"","src":"https:\/\/i0.wp.com\/www.satokangas.fi\/blogi\/wp-content\/uploads\/2010\/01\/Lohitalonpoika-500x337.jpg?resize=350%2C200&ssl=1","width":350,"height":200},"classes":[]},{"id":8284,"url":"https:\/\/www.satokangas.fi\/blogi\/2010\/08\/lahteako-vai-ei\/","url_meta":{"origin":4064,"position":2},"title":"L\u00e4hte\u00e4k\u00f6 vai ei?","author":"Reija","date":"24.8.2010","format":false,"excerpt":"Aamukuudelta merenrannassa tyven. Kaunista, vesi matalalla, matalikoilla paljon lokkeja. Nukkuivatkohan ne? Eiv\u00e4t ainakaan metel\u00f6ineet. Kirkas kuulas aurinkoinen aamu, - ja kylm\u00e4. Aste pakkasta. Pakkasta? Kyll\u00e4, kyll\u00e4 keitti\u00f6n mittarin elohopea oli juuri ja juuri nollan alapuolella. Tulee hyv\u00e4 ruska, mietin. Ja ajattelen, ett\u00e4 kyll\u00e4 taidan j\u00e4rjest\u00e4\u00e4 t\u00f6it\u00e4 oikein urakalla, jotta jos\u2026","rel":"","context":"Kategoriassa &quot;Niit\u00e4 n\u00e4it\u00e4&quot;","block_context":{"text":"Niit\u00e4 n\u00e4it\u00e4","link":"https:\/\/www.satokangas.fi\/blogi\/category\/aiheeton\/"},"img":{"alt_text":"","src":"","width":0,"height":0},"classes":[]},{"id":19165,"url":"https:\/\/www.satokangas.fi\/blogi\/2013\/11\/pestuuviikonloppuna-vaihdetaan-hommia\/","url_meta":{"origin":4064,"position":3},"title":"Pestuuviikonloppuna vaihdetaan hommia","author":"Reija","date":"1.11.2013","format":false,"excerpt":"Viisi vuotta sitten kirjoitin n\u00e4in: - - \u00a0r\u00f6mpp\u00e4 (runtu, kekri, jne). Lainaus suoraan viime kev\u00e4\u00e4n luennoltani:: Pyh\u00e4inp\u00e4iv\u00e4 oli talven kynnyksell\u00e4, marraskuun alussa maaseudun ihmisille paitsi uskonnollinen juhlap\u00e4iv\u00e4, my\u00f6s ty\u00f6vuoden taitekohta. Pyh\u00e4inp\u00e4iv\u00e4n yhteyteen liittyi pakanallinen kekri \u2013 vanhan loppu ja uuden alku. Satokausi p\u00e4\u00e4ttyi ja karja tuotiin laitumilta sis\u00e4\u00e4n. Itse asiassa\u2026","rel":"","context":"Kategoriassa &quot;Historiaa&quot;","block_context":{"text":"Historiaa","link":"https:\/\/www.satokangas.fi\/blogi\/category\/historiaa\/"},"img":{"alt_text":"16 x  valmista on_","src":"https:\/\/i0.wp.com\/www.satokangas.fi\/blogi\/wp-content\/uploads\/2013\/11\/16-x-valmista-on_-600x400.jpg?resize=350%2C200&ssl=1","width":350,"height":200,"srcset":"https:\/\/i0.wp.com\/www.satokangas.fi\/blogi\/wp-content\/uploads\/2013\/11\/16-x-valmista-on_-600x400.jpg?resize=350%2C200&ssl=1 1x, https:\/\/i0.wp.com\/www.satokangas.fi\/blogi\/wp-content\/uploads\/2013\/11\/16-x-valmista-on_-600x400.jpg?resize=525%2C300&ssl=1 1.5x"},"classes":[]},{"id":41755,"url":"https:\/\/www.satokangas.fi\/blogi\/2021\/10\/ihan-kaksistaan\/","url_meta":{"origin":4064,"position":4},"title":"Ihan kaksistaan","author":"Reija","date":"15.10.2021","format":false,"excerpt":"Kuinka kauan t\u00e4st\u00e4 onkaan ollut puhetta? - Ett\u00e4 me Eeviksen kanssa ihan kaksistaan l\u00e4hdet\u00e4\u00e4n humputtelemaan. Aiemmin ei ole isoveli oikein tyk\u00e4nnyt moisesta ajatuksesta, eik\u00e4 kai Eevisk\u00e4\u00e4n ole oikein ole ollut valmis ilman isoveljen turvaa l\u00e4htem\u00e4\u00e4n yht\u00e4\u00e4n mihink\u00e4\u00e4n, mutta t\u00e4n\u00e4\u00e4n! Vein Apsun aamulla eskariin ja sitten oli monta tuntia aikaa olla\u2026","rel":"","context":"Kategoriassa &quot;Isovanhemmuus&quot;","block_context":{"text":"Isovanhemmuus","link":"https:\/\/www.satokangas.fi\/blogi\/category\/isovanhemmuus\/"},"img":{"alt_text":"","src":"https:\/\/i0.wp.com\/www.satokangas.fi\/blogi\/wp-content\/uploads\/2021\/10\/lokakuu-4.jpg?resize=350%2C200&ssl=1","width":350,"height":200,"srcset":"https:\/\/i0.wp.com\/www.satokangas.fi\/blogi\/wp-content\/uploads\/2021\/10\/lokakuu-4.jpg?resize=350%2C200&ssl=1 1x, https:\/\/i0.wp.com\/www.satokangas.fi\/blogi\/wp-content\/uploads\/2021\/10\/lokakuu-4.jpg?resize=525%2C300&ssl=1 1.5x"},"classes":[]},{"id":37193,"url":"https:\/\/www.satokangas.fi\/blogi\/2019\/09\/kuvattavia-syotavia\/","url_meta":{"origin":4064,"position":5},"title":"Kuvattavia sy\u00f6t\u00e4vi\u00e4","author":"Reija","date":"12.9.2019","format":false,"excerpt":"Nyt on se aika vuodesta, jolloin on ihana k\u00e4yd\u00e4 kaupassa: hevi-tiski on runsauden sarvi, josta on varata valita. Kaikkia vihanneksia, juureksia, kasviksia. Ihanan v\u00e4risi\u00e4, tuoreita, houkuttelevat kokkaamaan. Minulla menee pitk\u00e4 tovi valitessa yksil\u00f6it\u00e4. Ihan kuin ranskalaisilla perheen\u00e4ideill\u00e4: jokainen tomaatti, sitruuna ja kurpitsa pit\u00e4\u00e4 valita tarkkaan. Minulle on t\u00e4rke\u00e4\u00e4 my\u00f6s se,\u2026","rel":"","context":"Kategoriassa &quot;Valokuvaus&quot;","block_context":{"text":"Valokuvaus","link":"https:\/\/www.satokangas.fi\/blogi\/category\/valokuvaus\/"},"img":{"alt_text":"","src":"https:\/\/i0.wp.com\/www.satokangas.fi\/blogi\/wp-content\/uploads\/2019\/09\/studiohommia-2.jpg?resize=350%2C200&ssl=1","width":350,"height":200,"srcset":"https:\/\/i0.wp.com\/www.satokangas.fi\/blogi\/wp-content\/uploads\/2019\/09\/studiohommia-2.jpg?resize=350%2C200&ssl=1 1x, https:\/\/i0.wp.com\/www.satokangas.fi\/blogi\/wp-content\/uploads\/2019\/09\/studiohommia-2.jpg?resize=525%2C300&ssl=1 1.5x, https:\/\/i0.wp.com\/www.satokangas.fi\/blogi\/wp-content\/uploads\/2019\/09\/studiohommia-2.jpg?resize=700%2C400&ssl=1 2x"},"classes":[]}],"_links":{"self":[{"href":"https:\/\/www.satokangas.fi\/blogi\/wp-json\/wp\/v2\/posts\/4064","targetHints":{"allow":["GET"]}}],"collection":[{"href":"https:\/\/www.satokangas.fi\/blogi\/wp-json\/wp\/v2\/posts"}],"about":[{"href":"https:\/\/www.satokangas.fi\/blogi\/wp-json\/wp\/v2\/types\/post"}],"author":[{"embeddable":true,"href":"https:\/\/www.satokangas.fi\/blogi\/wp-json\/wp\/v2\/users\/1"}],"replies":[{"embeddable":true,"href":"https:\/\/www.satokangas.fi\/blogi\/wp-json\/wp\/v2\/comments?post=4064"}],"version-history":[{"count":0,"href":"https:\/\/www.satokangas.fi\/blogi\/wp-json\/wp\/v2\/posts\/4064\/revisions"}],"wp:attachment":[{"href":"https:\/\/www.satokangas.fi\/blogi\/wp-json\/wp\/v2\/media?parent=4064"}],"wp:term":[{"taxonomy":"category","embeddable":true,"href":"https:\/\/www.satokangas.fi\/blogi\/wp-json\/wp\/v2\/categories?post=4064"},{"taxonomy":"post_tag","embeddable":true,"href":"https:\/\/www.satokangas.fi\/blogi\/wp-json\/wp\/v2\/tags?post=4064"}],"curies":[{"name":"wp","href":"https:\/\/api.w.org\/{rel}","templated":true}]}}