{"id":40502,"date":"2021-03-26T19:20:48","date_gmt":"2021-03-26T17:20:48","guid":{"rendered":"https:\/\/www.satokangas.fi\/blogi\/?p=40502"},"modified":"2021-03-26T19:20:48","modified_gmt":"2021-03-26T17:20:48","slug":"kevaalla-kuvaillen","status":"publish","type":"post","link":"https:\/\/www.satokangas.fi\/blogi\/2021\/03\/kevaalla-kuvaillen\/","title":{"rendered":"Kev\u00e4\u00e4ll\u00e4 kuvaillen"},"content":{"rendered":"<p style=\"text-align: justify;\">Kev\u00e4t, kev\u00e4t, kev\u00e4t &#8212; kyll\u00e4 t\u00e4m\u00e4 taas t\u00e4st\u00e4, uskokaa pois!<\/p>\n<p style=\"text-align: justify;\">Eik\u00e4 edelleenk\u00e4\u00e4n ulkonaliikkumiskieltoa, joten ulos!! T\u00e4n\u00e4\u00e4n riddari-kelit: + 8 c varjossa, kotipihalla tovin + 15 C. L\u00e4hdin aamup\u00e4iv\u00e4n kauppa-asioiden j\u00e4lkeen merenrannalle, Nallikariin, hakemaan pajunoksia,\u00a0 kuvailemaan, k\u00e4velem\u00e4\u00e4n, olemaan, miettim\u00e4tt\u00e4 isompia. Hyv\u00e4 niin.<\/p>\n<p style=\"text-align: justify;\">Olin (mm.) Nallikarissa tepastelemassa ja reilun tunnin aikana vastaan tuli, ohi meni, rannalla oleili noin 50 muuta ulkoilusta nauttijaa ja bongasin kolme muuta riddaria. Suomalaiset ovat koronatalven aikana kutoneet! Ja tulipahan todettua, ett\u00e4 neule on l\u00e4mmin (alla vain ohuehko fleecepusero), ei takkia, ei anorakkia. Oli hyv\u00e4! Islantilaislangan &#8221;tuplakierre&#8221; ei ole turha.<\/p>\n<p style=\"padding-left: 40px; text-align: justify;\"><em>(Mainospuhe menee n\u00e4in: &#8221;Kahdesta eri kuidusta pehme\u00e4st\u00e4 ja lyhyemm\u00e4st\u00e4 alemmasta karvasta sek\u00e4 pidemm\u00e4st\u00e4 ja paksummasta p\u00e4\u00e4llimm\u00e4isest\u00e4 karvasta. T\u00e4st\u00e4 ainutlaatuisesta yhdistelm\u00e4st\u00e4 saadaan lanka, joka on l\u00e4mmitt\u00e4v\u00e4 ja samalla hengitt\u00e4v\u00e4. Valmiit neuleet ovat kevyit\u00e4 ja samalla ihanan tuntuisia. Halutessasi kauniin vaatteen, joka kest\u00e4\u00e4 pohjoismaista kylmyytt\u00e4 on L\u00e9ttlopi sinun lankasi.)<\/em><\/p>\n<p style=\"text-align: justify;\">~~~~~~~~~~~~~~<\/p>\n<p style=\"text-align: justify;\">Muistan kun olin about 10 vuotta sitten kansalaisopiston valokuvauskurssilla ja yksi kurssikavereista teki ko. viikon harjoitusty\u00f6n pelkill\u00e4 l\u00e4t\u00e4kk\u00f6\/rapakkoheijasteilla. Minusta se oli mahdottoman hieno idea, enk\u00e4 ollut ollenkaan varma, osaisinko ollenkaan sellaisia itse kuvailla. Mutta t\u00e4n\u00e4\u00e4n yritin min\u00e4kin. Ja kyll\u00e4, kyll\u00e4 min\u00e4 t\u00e4st\u00e4 otoksestani tykk\u00e4\u00e4n. Ei ole kymmenen vuoden oppisen yritt\u00e4minen mennyt ihan hukkaan. \ud83d\ude00 Ja mihinh\u00e4n min\u00e4 t\u00e4t\u00e4 taitoa tarvitsen? &#8211; Rapakoiden kuvaaja! &#8211; Onko paljon kysynt\u00e4\u00e4 moisella taidolla? Mietin sit\u00e4kin, ett\u00e4 onko aina pakko tarvita?<\/p>\n<p style=\"text-align: justify;\"><a href=\"https:\/\/www.satokangas.fi\/blogi\/2021\/03\/kevaalla-kuvaillen\/latakko-3\/#main\" rel=\"attachment wp-att-40503\"><img loading=\"lazy\" decoding=\"async\" data-attachment-id=\"40503\" data-permalink=\"https:\/\/www.satokangas.fi\/blogi\/2021\/03\/kevaalla-kuvaillen\/latakko-3\/\" data-orig-file=\"https:\/\/www.satokangas.fi\/blogi\/wp-content\/uploads\/2021\/03\/latakko-3.jpg\" data-orig-size=\"1000,667\" data-comments-opened=\"1\" data-image-meta=\"{&quot;aperture&quot;:&quot;5.6&quot;,&quot;credit&quot;:&quot;REIJA SATOKANGAS&quot;,&quot;camera&quot;:&quot;Canon EOS 5D Mark IV&quot;,&quot;caption&quot;:&quot;&quot;,&quot;created_timestamp&quot;:&quot;1616761792&quot;,&quot;copyright&quot;:&quot;&quot;,&quot;focal_length&quot;:&quot;102&quot;,&quot;iso&quot;:&quot;400&quot;,&quot;shutter_speed&quot;:&quot;0.0002&quot;,&quot;title&quot;:&quot;&quot;,&quot;orientation&quot;:&quot;0&quot;}\" data-image-title=\"latakko-3\" data-image-description=\"\" data-image-caption=\"\" data-large-file=\"https:\/\/www.satokangas.fi\/blogi\/wp-content\/uploads\/2021\/03\/latakko-3.jpg\" class=\"aligncenter size-full wp-image-40503\" src=\"https:\/\/www.satokangas.fi\/blogi\/wp-content\/uploads\/2021\/03\/latakko-3.jpg\" alt=\"\" width=\"1000\" height=\"667\" srcset=\"https:\/\/www.satokangas.fi\/blogi\/wp-content\/uploads\/2021\/03\/latakko-3.jpg 1000w, https:\/\/www.satokangas.fi\/blogi\/wp-content\/uploads\/2021\/03\/latakko-3-600x400.jpg 600w, https:\/\/www.satokangas.fi\/blogi\/wp-content\/uploads\/2021\/03\/latakko-3-300x200.jpg 300w, https:\/\/www.satokangas.fi\/blogi\/wp-content\/uploads\/2021\/03\/latakko-3-768x512.jpg 768w\" sizes=\"auto, (max-width: 1000px) 100vw, 1000px\" \/><\/a><\/p>\n<p style=\"text-align: center;\">Maailma yl\u00f6salaisinkin on kaunis.<\/p>\n<p style=\"text-align: justify;\">\n<p style=\"text-align: justify;\">Toissap\u00e4iv\u00e4isest\u00e4 &#8221;kuva-arvoituksen&#8221; taustoista lupasin kertoa t\u00e4n\u00e4\u00e4n. Siis: fotojooga-kurssilla on ollut sellaisia teht\u00e4vi\u00e4, joissa olisi osattava\/yritett\u00e4v\u00e4 kuvilla\/tulkita omia mielenliikkeit\u00e4\u00e4n, tunteitaan, min\u00e4kuvaansa (kaikkein kamalinta!!), mietti\u00e4 kuvien kautta omia vahvuuksiaan\/heikkouksiaan etc. . Minulla on vahva tunne, ett\u00e4 osaan tehd\u00e4 tuota kaikkea sanoilla ja ihan itsekseni, ihan vaan omiin tarpeisiini, mutta ett\u00e4 koettaa valokuvata tunteita ja tuntemuksia! &#8211; Ehk\u00e4p\u00e4 juuri t\u00e4m\u00e4n haasteellisuuden vuoksi mukaan l\u00e4hdin, &#8211; oppiakseni jotain uutta sek\u00e4 kuvaamisesta ja itsest\u00e4ni.<\/p>\n<p style=\"text-align: justify;\">No nyt oli teht\u00e4v\u00e4n\u00e4 kuvata omaa suojakuorta (t\u00e4m\u00e4 on hyvin yksinkertaistettuna ko. teht\u00e4v\u00e4nanto). Eih\u00e4n minulla mennyt kauan kun tiesin, mihin liittyen ja mik\u00e4 olisi minun suojakuoreni: teflon! Olenhan joskus (vuosia sitten, silloin kun sille oli ihan erityinen tarve) t\u00e4\u00e4ll\u00e4 blogissanikin t\u00e4t\u00e4 sivunnut: todennut ett\u00e4 olen \/ ett\u00e4 osaisinpa olla teflon: etteiv\u00e4t minuun sattuisi sanat, ei kommentit, ei loukkaukset. Tefloniin ei helposti tartu, ei satu, ei j\u00e4\u00e4 kiinni pahimmassakaan kuumuudessa juuri mik\u00e4\u00e4n. Sellaista suojakuorta min\u00e4 olen viime vuodet rakennellut &#8230; tietoisesti ja tiedostamatta.<\/p>\n<p style=\"text-align: justify;\">Mutta miten sen kuvaat? Miten ilmaiset kuvalla suojakuoren joka hylkii, antaa\/pakottaa sanojen j\u00e4\u00e4d\u00e4 &#8221;ulkopuolelle&#8221;? &#8211; Teflon-pannusta ei saa oikein &#8221;vaikuttavaa&#8221; kuvaa, joten koetinpa toista kautta: teht\u00e4v\u00e4nannossa oli my\u00f6s, ett\u00e4 kuvassa pit\u00e4isi olla mukana my\u00f6s &#8221;oma soundi&#8221;. Aika vaikeeta, eik\u00f6?<\/p>\n<p style=\"text-align: justify;\">Noh, minun oma soundi on usein ruoanlaitossa, ja vaikka en juuri molekyyligastronomiasta perusta (lue: en osaa sit\u00e4), niin nyt sit\u00e4 p\u00e4\u00e4tin v\u00e4h\u00e4n koettaa. Siis: kuvassa on pohjalla oliivi\u00f6ljy\u00e4. Siihen puhalsin pillill\u00e4 balsamico-viinietikkakastiketta &#8211; vauhdilla! Aiheuttaa roiskeet!!- Ja ilokseni yksi kupla j\u00e4\u00e4 pintaan ja l\u00e4htee &#8221;kellumaan&#8221; \u00f6ljyn pinnalla, samalla heijastellen ymp\u00e4rill\u00e4 olevia valopisteit\u00e4. (\u00d6ljy hylkii hapanta&#8212;)<\/p>\n<p style=\"text-align: justify;\">Lopulta ja lis\u00e4ksi otoksen numero 25 (tai jotain) kohdalla viel\u00e4 levit\u00e4n balsamico-roisketta vet\u00e4m\u00e4ll\u00e4 sit\u00e4 sek\u00e4 pillill\u00e4 ett\u00e4 hammastikulla pitkin oliivi\u00f6ljyn pintaa: saadaan lis\u00e4\u00e4 dramatiikkaa!<\/p>\n<p style=\"text-align: justify;\">Koetin t\u00e4n\u00e4\u00e4n tehd\u00e4 kuvasarjan, jolla ajattelin selvent\u00e4v\u00e4ni, miten\u00a0<a href=\"https:\/\/www.satokangas.fi\/blogi\/2021\/03\/kaikkea-sita-taas\/\" target=\"_blank\" rel=\"noopener\">toissap\u00e4iv\u00e4inen kuva<\/a> syntyi. Tied\u00e4 h\u00e4nt\u00e4, auttaako ollenkaan t\u00e4m\u00e4k\u00e4\u00e4n kertomaan, miten otos syntyi\u00a0 &#8230;\u00a0 Kokeilehan itse: alle \u00f6ljy\u00e4, p\u00e4\u00e4lle balsamicoa\/viinietikkaa = kaunis salaattikastike tai dippikippo leiv\u00e4lle. Hyv\u00e4nen aika, ruokahan se nyt on t\u00e4ss\u00e4 t\u00e4rkein juttu. \ud83d\ude00<\/p>\n<p style=\"text-align: justify;\"><a href=\"https:\/\/www.satokangas.fi\/blogi\/2021\/03\/kevaalla-kuvaillen\/2021-03-26\/#main\" rel=\"attachment wp-att-40504\"><img loading=\"lazy\" decoding=\"async\" data-attachment-id=\"40504\" data-permalink=\"https:\/\/www.satokangas.fi\/blogi\/2021\/03\/kevaalla-kuvaillen\/2021-03-26\/\" data-orig-file=\"https:\/\/www.satokangas.fi\/blogi\/wp-content\/uploads\/2021\/03\/2021-03-26-scaled.jpg\" data-orig-size=\"2560,1849\" data-comments-opened=\"1\" data-image-meta=\"{&quot;aperture&quot;:&quot;0&quot;,&quot;credit&quot;:&quot;Picasa&quot;,&quot;camera&quot;:&quot;&quot;,&quot;caption&quot;:&quot;&quot;,&quot;created_timestamp&quot;:&quot;1616777682&quot;,&quot;copyright&quot;:&quot;&quot;,&quot;focal_length&quot;:&quot;0&quot;,&quot;iso&quot;:&quot;0&quot;,&quot;shutter_speed&quot;:&quot;0&quot;,&quot;title&quot;:&quot;&quot;,&quot;orientation&quot;:&quot;0&quot;}\" data-image-title=\"2021-03-26\" data-image-description=\"\" data-image-caption=\"\" data-large-file=\"https:\/\/www.satokangas.fi\/blogi\/wp-content\/uploads\/2021\/03\/2021-03-26-1418x1024.jpg\" class=\"aligncenter wp-image-40504\" src=\"https:\/\/www.satokangas.fi\/blogi\/wp-content\/uploads\/2021\/03\/2021-03-26-1418x1024.jpg\" alt=\"\" width=\"1000\" height=\"722\" srcset=\"https:\/\/www.satokangas.fi\/blogi\/wp-content\/uploads\/2021\/03\/2021-03-26-1418x1024.jpg 1418w, https:\/\/www.satokangas.fi\/blogi\/wp-content\/uploads\/2021\/03\/2021-03-26-554x400.jpg 554w, https:\/\/www.satokangas.fi\/blogi\/wp-content\/uploads\/2021\/03\/2021-03-26-300x217.jpg 300w, https:\/\/www.satokangas.fi\/blogi\/wp-content\/uploads\/2021\/03\/2021-03-26-768x555.jpg 768w, https:\/\/www.satokangas.fi\/blogi\/wp-content\/uploads\/2021\/03\/2021-03-26-1536x1109.jpg 1536w, https:\/\/www.satokangas.fi\/blogi\/wp-content\/uploads\/2021\/03\/2021-03-26-2048x1479.jpg 2048w\" sizes=\"auto, (max-width: 1000px) 100vw, 1000px\" \/><\/a><\/p>\n<p style=\"text-align: justify;\">\n<p>&nbsp;<\/p>\n","protected":false},"excerpt":{"rendered":"<p>Kev\u00e4t, kev\u00e4t, kev\u00e4t &#8212; kyll\u00e4 t\u00e4m\u00e4 taas t\u00e4st\u00e4, uskokaa pois! Eik\u00e4 edelleenk\u00e4\u00e4n ulkonaliikkumiskieltoa, joten ulos!! T\u00e4n\u00e4\u00e4n riddari-kelit: + 8 c varjossa, kotipihalla tovin + 15 C. L\u00e4hdin aamup\u00e4iv\u00e4n kauppa-asioiden j\u00e4lkeen merenrannalle, Nallikariin, hakemaan pajunoksia,\u00a0 kuvailemaan, k\u00e4velem\u00e4\u00e4n, olemaan, miettim\u00e4tt\u00e4 isompia. Hyv\u00e4 niin. Olin (mm.) Nallikarissa tepastelemassa ja reilun tunnin aikana vastaan tuli, ohi meni, rannalla oleili noin 50 muuta ulkoilusta nauttijaa &hellip; <\/p>\n","protected":false},"author":1,"featured_media":0,"comment_status":"open","ping_status":"open","sticky":false,"template":"","format":"standard","meta":{"jetpack_post_was_ever_published":false,"_jetpack_newsletter_access":"","_jetpack_dont_email_post_to_subs":false,"_jetpack_newsletter_tier_id":0,"_jetpack_memberships_contains_paywalled_content":false,"_jetpack_memberships_contains_paid_content":false,"footnotes":"","jetpack_publicize_message":"","jetpack_publicize_feature_enabled":true,"jetpack_social_post_already_shared":true,"jetpack_social_options":{"image_generator_settings":{"template":"highway","default_image_id":0,"font":"","enabled":false},"version":2}},"categories":[1,37],"tags":[],"class_list":["post-40502","post","type-post","status-publish","format-standard","hentry","category-aiheeton","category-valokuvaus","latest_post"],"jetpack_publicize_connections":[],"jetpack_featured_media_url":"","jetpack_shortlink":"https:\/\/wp.me\/pr4p4-axg","jetpack_sharing_enabled":true,"jetpack_likes_enabled":false,"jetpack-related-posts":[{"id":24159,"url":"https:\/\/www.satokangas.fi\/blogi\/2015\/03\/on-se-aika-kevaasta\/","url_meta":{"origin":40502,"position":0},"title":"On se aika kev\u00e4\u00e4st\u00e4","author":"Reija","date":"22.3.2015","format":false,"excerpt":"On se aika kev\u00e4\u00e4st\u00e4, ett\u00e4 jos olis kansakoulun alaluokilla, miettisi jo, ett\u00e4 voisiko piirt\u00e4\u00e4 v\u00e4litunnilla viivat pihaan ja ett\u00e4 voisiko jo hyp\u00e4t\u00e4 myrry\u00e4 [niinkuin Oulun seudulla sanotaan. Muualla taidetaan \"hyp\u00e4t\u00e4 ruutua\"]. Ainakin odottaisi jo kovasti ett\u00e4 saisi pian vaihtaa monot tai kumpparit tennareihin. Vaikka siihen aikuisten oikeesti olisikin viel\u00e4 yli\u2026","rel":"","context":"Kategoriassa &quot;Niit\u00e4 n\u00e4it\u00e4&quot;","block_context":{"text":"Niit\u00e4 n\u00e4it\u00e4","link":"https:\/\/www.satokangas.fi\/blogi\/category\/aiheeton\/"},"img":{"alt_text":"","src":"https:\/\/i0.wp.com\/www.satokangas.fi\/blogi\/wp-content\/uploads\/2015\/03\/Virtuaalipruuvi.jpg?resize=350%2C200&ssl=1","width":350,"height":200},"classes":[]},{"id":40102,"url":"https:\/\/www.satokangas.fi\/blogi\/2021\/01\/ikioma-riddari\/","url_meta":{"origin":40502,"position":1},"title":"Ikioma riddari","author":"Reija","date":"19.1.2021","format":false,"excerpt":"Siin\u00e4 se on! Mun ikioma, ite tehty riddari. Olipa mukava neulottava. Ei todellakaan valmistunut tuosta vaan, kuukausi kului, joka p\u00e4iv\u00e4 neuloin ainakin v\u00e4h\u00e4n. Automatkoilla, takkatulen \u00e4\u00e4ress\u00e4, m\u00f6kki-iltoina, pakkasp\u00e4ivin\u00e4 \u00e4\u00e4nikirjoja kuunnellen, C Moren ja Netflixin \u00e4\u00e4rell\u00e4... Mielenrauhaa ja mieluisaa tekemist\u00e4. K\u00e4sill\u00e4 tekeminen on mukavaa, hy\u00f6dyllist\u00e4kin. Istex Lettlopi -lanka on islantilaista karkeaa\u2026","rel":"","context":"Kategoriassa &quot;Neulottua&quot;","block_context":{"text":"Neulottua","link":"https:\/\/www.satokangas.fi\/blogi\/category\/neulottua\/"},"img":{"alt_text":"","src":"https:\/\/i0.wp.com\/www.satokangas.fi\/blogi\/wp-content\/uploads\/2021\/01\/riddari-4.jpg?resize=350%2C200&ssl=1","width":350,"height":200,"srcset":"https:\/\/i0.wp.com\/www.satokangas.fi\/blogi\/wp-content\/uploads\/2021\/01\/riddari-4.jpg?resize=350%2C200&ssl=1 1x, https:\/\/i0.wp.com\/www.satokangas.fi\/blogi\/wp-content\/uploads\/2021\/01\/riddari-4.jpg?resize=525%2C300&ssl=1 1.5x, https:\/\/i0.wp.com\/www.satokangas.fi\/blogi\/wp-content\/uploads\/2021\/01\/riddari-4.jpg?resize=700%2C400&ssl=1 2x"},"classes":[]},{"id":38528,"url":"https:\/\/www.satokangas.fi\/blogi\/2020\/04\/kaikesta-huolimatta-onneksi-kevat\/","url_meta":{"origin":40502,"position":2},"title":"Kaikesta huolimatta, onneksi: kev\u00e4t","author":"Reija","date":"19.4.2020","format":false,"excerpt":"Kev\u00e4t. Ensimm\u00e4inen pys\u00e4hdys py\u00f6r\u00e4lenkill\u00e4 t\u00e4ss\u00e4. Miten k\u00e4y uppoaako vai kest\u00e4\u00e4k\u00f6 kev\u00e4\u00e4n tulon? Jo aika l\u00e4mmint\u00e4 (+3 C aamup\u00e4iv\u00e4ll\u00e4), eik\u00e4 en\u00e4\u00e4 hyytyv\u00e4\u00e4 pohjoista tuulta. Siisp\u00e4 30 km py\u00f6r\u00e4lenkki teki hyv\u00e4\u00e4. Kotiuduttuani leivoin pullaa: joulupullaa tai noh p\u00e4\u00e4si\u00e4ispulllaa tai t\u00e4htipullaa. Ihan sama, pulla on tekee hyv\u00e4\u00e4. Siin\u00e4 on kardemummaa, piparkakkumaustetta, kanelia, paljon\u2026","rel":"","context":"Kategoriassa &quot;Niit\u00e4 n\u00e4it\u00e4&quot;","block_context":{"text":"Niit\u00e4 n\u00e4it\u00e4","link":"https:\/\/www.satokangas.fi\/blogi\/category\/aiheeton\/"},"img":{"alt_text":"","src":"https:\/\/i0.wp.com\/www.satokangas.fi\/blogi\/wp-content\/uploads\/2020\/04\/3-8.jpg?resize=350%2C200&ssl=1","width":350,"height":200,"srcset":"https:\/\/i0.wp.com\/www.satokangas.fi\/blogi\/wp-content\/uploads\/2020\/04\/3-8.jpg?resize=350%2C200&ssl=1 1x, https:\/\/i0.wp.com\/www.satokangas.fi\/blogi\/wp-content\/uploads\/2020\/04\/3-8.jpg?resize=525%2C300&ssl=1 1.5x, https:\/\/i0.wp.com\/www.satokangas.fi\/blogi\/wp-content\/uploads\/2020\/04\/3-8.jpg?resize=700%2C400&ssl=1 2x, https:\/\/i0.wp.com\/www.satokangas.fi\/blogi\/wp-content\/uploads\/2020\/04\/3-8.jpg?resize=1050%2C600&ssl=1 3x, https:\/\/i0.wp.com\/www.satokangas.fi\/blogi\/wp-content\/uploads\/2020\/04\/3-8.jpg?resize=1400%2C800&ssl=1 4x"},"classes":[]},{"id":45418,"url":"https:\/\/www.satokangas.fi\/blogi\/2023\/04\/lampoa-muusta-kuin-saasta\/","url_meta":{"origin":40502,"position":3},"title":"L\u00e4mp\u00f6\u00e4 muusta kuin s\u00e4\u00e4st\u00e4","author":"Reija","date":"29.4.2023","format":false,"excerpt":"Toki olimme ajatelleet vapunaatonaattona tekev\u00e4mme muksujen kanssa jotain muuta kuin puuhailua sis\u00e4tiloissa. Mutta niinh\u00e4n sitten vain k\u00e4vi, ett\u00e4 aamup\u00e4iv\u00e4n tunnit kesken\u00e4mme viihdyimme, h\u00f6p\u00f6ttelimme, pelasimme, teimme yhdess\u00e4 (Eepi ja min\u00e4) lounasta. Eevis osasi koota hienosti nakkivartaita, kurkku- ja tomaattivartaita. Eiv\u00e4tk\u00e4 lapset koskaan kyll\u00e4sty katselemaan kuvia - enimm\u00e4kseen heist\u00e4 itsest\u00e4\u00e4n. :) Se,\u2026","rel":"","context":"Kategoriassa &quot;Niit\u00e4 n\u00e4it\u00e4&quot;","block_context":{"text":"Niit\u00e4 n\u00e4it\u00e4","link":"https:\/\/www.satokangas.fi\/blogi\/category\/aiheeton\/"},"img":{"alt_text":"","src":"https:\/\/i0.wp.com\/www.satokangas.fi\/blogi\/wp-content\/uploads\/2023\/04\/vappuviikonloppu-4.jpg?resize=350%2C200&ssl=1","width":350,"height":200,"srcset":"https:\/\/i0.wp.com\/www.satokangas.fi\/blogi\/wp-content\/uploads\/2023\/04\/vappuviikonloppu-4.jpg?resize=350%2C200&ssl=1 1x, https:\/\/i0.wp.com\/www.satokangas.fi\/blogi\/wp-content\/uploads\/2023\/04\/vappuviikonloppu-4.jpg?resize=525%2C300&ssl=1 1.5x, https:\/\/i0.wp.com\/www.satokangas.fi\/blogi\/wp-content\/uploads\/2023\/04\/vappuviikonloppu-4.jpg?resize=700%2C400&ssl=1 2x"},"classes":[]},{"id":45454,"url":"https:\/\/www.satokangas.fi\/blogi\/2023\/05\/neulonta-tauolle\/","url_meta":{"origin":40502,"position":4},"title":"Neulonta tauolle?","author":"Reija","date":"3.5.2023","format":false,"excerpt":"Kauden lopulla? Liekk\u00f6 kausi viel\u00e4 ihan lopullaan, mutta kun \u00e4sken sain valmiiksi toisen huovutusty\u00f6ni, niin on onhan se t\u00e4nne kirjattava. Yhdeks\u00e4n aikuisten ja kaksi lasten islantilais-norjalaista neuletta on tullut tehdyksi, joten j\u00e4m\u00e4lankoja on kertynyt melkoinen kasa. Linka Neumanin \"Norjalaisia sisustusneuleita\" -kirjassa on paljon neuleohjeita, jotka soveltuvat hyvin j\u00e4m\u00e4lankojen \"loppusijoituskohteiksi\". Kirjassa\u2026","rel":"","context":"Kategoriassa &quot;Neulottua&quot;","block_context":{"text":"Neulottua","link":"https:\/\/www.satokangas.fi\/blogi\/category\/neulottua\/"},"img":{"alt_text":"","src":"https:\/\/i0.wp.com\/www.satokangas.fi\/blogi\/wp-content\/uploads\/2023\/05\/tyyny-5.jpg?resize=350%2C200&ssl=1","width":350,"height":200,"srcset":"https:\/\/i0.wp.com\/www.satokangas.fi\/blogi\/wp-content\/uploads\/2023\/05\/tyyny-5.jpg?resize=350%2C200&ssl=1 1x, https:\/\/i0.wp.com\/www.satokangas.fi\/blogi\/wp-content\/uploads\/2023\/05\/tyyny-5.jpg?resize=525%2C300&ssl=1 1.5x, https:\/\/i0.wp.com\/www.satokangas.fi\/blogi\/wp-content\/uploads\/2023\/05\/tyyny-5.jpg?resize=700%2C400&ssl=1 2x"},"classes":[]},{"id":38603,"url":"https:\/\/www.satokangas.fi\/blogi\/2020\/05\/valjemmille-vesille\/","url_meta":{"origin":40502,"position":5},"title":"V\u00e4ljemmille vesille","author":"Reija","date":"4.5.2020","format":false,"excerpt":"Vesi ja aurinko korkealla. Lempparireitill\u00e4ni Oulujokivarressa poljin jo melkein l\u00e4mpim\u00e4ss\u00e4 s\u00e4\u00e4ss\u00e4 (+7 C, joskin tuulta t\u00e4n\u00e4\u00e4nkin). Py\u00f6r\u00e4ll\u00e4 my\u00f6s apteekki- ja kauppa-asiat systerille. Nyt on ensimm\u00e4iset 500 kilometri\u00e4 t\u00e4lle kev\u00e4\u00e4lle on tullut jo sykkelin mittariin. Kyll\u00e4 viel\u00e4 siis maistuu py\u00f6r\u00e4ily, - paljon paremmin kuin kuntosalilla kulkeminen. :) Meid\u00e4n pihalla olevan pienen\u2026","rel":"","context":"Kategoriassa &quot;Niit\u00e4 n\u00e4it\u00e4&quot;","block_context":{"text":"Niit\u00e4 n\u00e4it\u00e4","link":"https:\/\/www.satokangas.fi\/blogi\/category\/aiheeton\/"},"img":{"alt_text":"","src":"https:\/\/i0.wp.com\/www.satokangas.fi\/blogi\/wp-content\/uploads\/2020\/05\/aurinko.jpg?resize=350%2C200&ssl=1","width":350,"height":200,"srcset":"https:\/\/i0.wp.com\/www.satokangas.fi\/blogi\/wp-content\/uploads\/2020\/05\/aurinko.jpg?resize=350%2C200&ssl=1 1x, https:\/\/i0.wp.com\/www.satokangas.fi\/blogi\/wp-content\/uploads\/2020\/05\/aurinko.jpg?resize=525%2C300&ssl=1 1.5x, https:\/\/i0.wp.com\/www.satokangas.fi\/blogi\/wp-content\/uploads\/2020\/05\/aurinko.jpg?resize=700%2C400&ssl=1 2x"},"classes":[]}],"_links":{"self":[{"href":"https:\/\/www.satokangas.fi\/blogi\/wp-json\/wp\/v2\/posts\/40502","targetHints":{"allow":["GET"]}}],"collection":[{"href":"https:\/\/www.satokangas.fi\/blogi\/wp-json\/wp\/v2\/posts"}],"about":[{"href":"https:\/\/www.satokangas.fi\/blogi\/wp-json\/wp\/v2\/types\/post"}],"author":[{"embeddable":true,"href":"https:\/\/www.satokangas.fi\/blogi\/wp-json\/wp\/v2\/users\/1"}],"replies":[{"embeddable":true,"href":"https:\/\/www.satokangas.fi\/blogi\/wp-json\/wp\/v2\/comments?post=40502"}],"version-history":[{"count":0,"href":"https:\/\/www.satokangas.fi\/blogi\/wp-json\/wp\/v2\/posts\/40502\/revisions"}],"wp:attachment":[{"href":"https:\/\/www.satokangas.fi\/blogi\/wp-json\/wp\/v2\/media?parent=40502"}],"wp:term":[{"taxonomy":"category","embeddable":true,"href":"https:\/\/www.satokangas.fi\/blogi\/wp-json\/wp\/v2\/categories?post=40502"},{"taxonomy":"post_tag","embeddable":true,"href":"https:\/\/www.satokangas.fi\/blogi\/wp-json\/wp\/v2\/tags?post=40502"}],"curies":[{"name":"wp","href":"https:\/\/api.w.org\/{rel}","templated":true}]}}