{"id":40498,"date":"2021-03-25T21:21:38","date_gmt":"2021-03-25T19:21:38","guid":{"rendered":"https:\/\/www.satokangas.fi\/blogi\/?p=40498"},"modified":"2021-03-26T07:54:37","modified_gmt":"2021-03-26T05:54:37","slug":"maaliskuun-lopulla","status":"publish","type":"post","link":"https:\/\/www.satokangas.fi\/blogi\/2021\/03\/maaliskuun-lopulla\/","title":{"rendered":"Maaliskuun lopulla"},"content":{"rendered":"<p><a href=\"https:\/\/www.satokangas.fi\/blogi\/2021\/03\/maaliskuun-lopulla\/t_uutena\/#main\" rel=\"attachment wp-att-40499\"><img loading=\"lazy\" decoding=\"async\" data-attachment-id=\"40499\" data-permalink=\"https:\/\/www.satokangas.fi\/blogi\/2021\/03\/maaliskuun-lopulla\/t_uutena\/\" data-orig-file=\"https:\/\/www.satokangas.fi\/blogi\/wp-content\/uploads\/2021\/03\/T_uutena.jpeg\" data-orig-size=\"1200,1600\" data-comments-opened=\"1\" data-image-meta=\"{&quot;aperture&quot;:&quot;0&quot;,&quot;credit&quot;:&quot;&quot;,&quot;camera&quot;:&quot;&quot;,&quot;caption&quot;:&quot;&quot;,&quot;created_timestamp&quot;:&quot;0&quot;,&quot;copyright&quot;:&quot;&quot;,&quot;focal_length&quot;:&quot;0&quot;,&quot;iso&quot;:&quot;0&quot;,&quot;shutter_speed&quot;:&quot;0&quot;,&quot;title&quot;:&quot;&quot;,&quot;orientation&quot;:&quot;0&quot;}\" data-image-title=\"T_uutena\" data-image-description=\"\" data-image-caption=\"\" data-large-file=\"https:\/\/www.satokangas.fi\/blogi\/wp-content\/uploads\/2021\/03\/T_uutena-768x1024.jpeg\" class=\"wp-image-40499 alignleft\" src=\"https:\/\/www.satokangas.fi\/blogi\/wp-content\/uploads\/2021\/03\/T_uutena-768x1024.jpeg\" alt=\"\" width=\"450\" height=\"600\" srcset=\"https:\/\/www.satokangas.fi\/blogi\/wp-content\/uploads\/2021\/03\/T_uutena-768x1024.jpeg 768w, https:\/\/www.satokangas.fi\/blogi\/wp-content\/uploads\/2021\/03\/T_uutena-300x400.jpeg 300w, https:\/\/www.satokangas.fi\/blogi\/wp-content\/uploads\/2021\/03\/T_uutena-225x300.jpeg 225w, https:\/\/www.satokangas.fi\/blogi\/wp-content\/uploads\/2021\/03\/T_uutena-1152x1536.jpeg 1152w, https:\/\/www.satokangas.fi\/blogi\/wp-content\/uploads\/2021\/03\/T_uutena.jpeg 1200w\" sizes=\"auto, (max-width: 450px) 100vw, 450px\" \/><br \/>\n<\/a>T\u00e4st\u00e4 on tasan 30 vuotta.<\/p>\n<p style=\"text-align: justify;\">Minusta tuli &#8211; aika vauhdilla &#8211; pienen pojan \u00e4iti.<\/p>\n<p style=\"text-align: justify;\">Kun kuopus t\u00e4ytt\u00e4\u00e4 30 vuotta, ja itse oli viel\u00e4 vanhempi h\u00e4nen syntyess\u00e4\u00e4n, niin kyll\u00e4 t\u00e4n\u00e4\u00e4n on tuntunut olo aika i\u00e4kk\u00e4\u00e4lle.<\/p>\n<p style=\"text-align: justify;\">Syntt\u00e4rijuhlia vietet\u00e4\u00e4n perhepiiriss\u00e4 vasta p\u00e4\u00e4si\u00e4isen\u00e4, joten t\u00e4n\u00e4\u00e4n ihan tavalllinen kotoilup\u00e4iv\u00e4.<\/p>\n<p>&nbsp;<\/p>\n<p style=\"text-align: justify;\">Ohraruohoja kylvin useampaankin astiaan ja lautasille, &#8211; onpahan sitten \u00e4idille ja pienillekin jos haluavat p\u00e4\u00e4si\u00e4isiins\u00e4 vihre\u00e4\u00e4. Kunhan jyv\u00e4t ovat it\u00e4neet lis\u00e4\u00e4n v\u00e4leihin v\u00e4h\u00e4n rairuohonsiemeni\u00e4, siten tulee mahtavan tuuheita. Hieman harkitsin <a href=\"https:\/\/kotiliesi.fi\/juhlat\/paasiainen\/paasiaisruoho-popcornista-katso-videolta-miten-popcorn-kasvaa\/\" target=\"_blank\" rel=\"noopener\">p\u00e4\u00e4si\u00e4isruohoa popcornista<\/a>, joka n\u00e4ytt\u00e4\u00e4 olevan t\u00e4m\u00e4n vuoden ilmi\u00f6, mutta enp\u00e4 sent\u00e4\u00e4n noin rohkeaksi ryhtynyt.<\/p>\n<p style=\"text-align: justify;\">Jos huomenna hakisi pajunoksia&#8230; Pyhien menut alkavat olla suunniteltu. Huomenna teen <a href=\"https:\/\/www.satokangas.fi\/blogi\/2011\/04\/la-colomba-italialainen-paasiasherkku\/\" target=\"_blank\" rel=\"noopener\">Colomba<\/a>-taikinan. Katsotaan nyt mit\u00e4 tulee, en ole moneen vuoteen tehnyt. Kohti p\u00e4\u00e4si\u00e4ist\u00e4. Eik\u00e4 tietoakaan mist\u00e4\u00e4n paastosta.<\/p>\n<p style=\"text-align: justify;\">Pehtoori palasi pohjoisesta, mik\u00e4 merkitsi ett\u00e4 oikein kokkailinkin t\u00e4n\u00e4\u00e4n. Kokeilussa oli &#8221;<a href=\"https:\/\/likemeat.com\/fi\/tuotteet\/like-chicken-bites\/\" target=\"_blank\" rel=\"noopener\">soija-broileria&#8221;<\/a>.\u00a0 &#8221;Like Chicken beats&#8221; paistetaan muutama minuutti pannulla \u00f6ljyss\u00e4 ja siin\u00e4 on p\u00e4iv\u00e4n ruoalla proteiini valmis. Eik\u00e4 ollut ollenkaan huono. Kunhan saan tehty\u00e4 jonkun oman version t\u00e4st\u00e4, niin tiedottelenpa sitten. Mutta kannattaa kokeilla.<\/p>\n<p>&nbsp;<\/p>\n","protected":false},"excerpt":{"rendered":"<p>T\u00e4st\u00e4 on tasan 30 vuotta. Minusta tuli &#8211; aika vauhdilla &#8211; pienen pojan \u00e4iti. Kun kuopus t\u00e4ytt\u00e4\u00e4 30 vuotta, ja itse oli viel\u00e4 vanhempi h\u00e4nen syntyess\u00e4\u00e4n, niin kyll\u00e4 t\u00e4n\u00e4\u00e4n on tuntunut olo aika i\u00e4kk\u00e4\u00e4lle. Syntt\u00e4rijuhlia vietet\u00e4\u00e4n perhepiiriss\u00e4 vasta p\u00e4\u00e4si\u00e4isen\u00e4, joten t\u00e4n\u00e4\u00e4n ihan tavalllinen kotoilup\u00e4iv\u00e4. &nbsp; Ohraruohoja kylvin useampaankin astiaan ja lautasille, &#8211; onpahan sitten \u00e4idille ja pienillekin jos haluavat p\u00e4\u00e4si\u00e4isiins\u00e4 &hellip; <\/p>\n","protected":false},"author":1,"featured_media":0,"comment_status":"open","ping_status":"open","sticky":false,"template":"","format":"standard","meta":{"jetpack_post_was_ever_published":false,"_jetpack_newsletter_access":"","_jetpack_dont_email_post_to_subs":false,"_jetpack_newsletter_tier_id":0,"_jetpack_memberships_contains_paywalled_content":false,"_jetpack_memberships_contains_paid_content":false,"footnotes":"","jetpack_publicize_message":"","jetpack_publicize_feature_enabled":true,"jetpack_social_post_already_shared":true,"jetpack_social_options":{"image_generator_settings":{"template":"highway","default_image_id":0,"font":"","enabled":false},"version":2}},"categories":[1,22],"tags":[],"class_list":["post-40498","post","type-post","status-publish","format-standard","hentry","category-aiheeton","category-vanhemmuus","latest_post"],"jetpack_publicize_connections":[],"jetpack_featured_media_url":"","jetpack_shortlink":"https:\/\/wp.me\/pr4p4-axc","jetpack_sharing_enabled":true,"jetpack_likes_enabled":false,"jetpack-related-posts":[{"id":45192,"url":"https:\/\/www.satokangas.fi\/blogi\/2023\/04\/paasiaiseksi-pohjoiseen\/","url_meta":{"origin":40498,"position":0},"title":"P\u00e4\u00e4si\u00e4iseksi pohjoiseen","author":"Reija","date":"2.4.2023","format":false,"excerpt":"Pitk\u00e4st\u00e4 aikaa, - p\u00e4\u00e4si\u00e4iseksi m\u00f6kille. Edellisen kerran ollaan oltu p\u00e4\u00e4si\u00e4inen m\u00f6ks\u00e4ll\u00e4 kev\u00e4ttalvella 2017. Silloinkin olimme kaksistaan, silloin Pehtoori oli se, joka hiihti, min\u00e4 tein lumit\u00f6it\u00e4 ja olin muutaman kerran rinteess\u00e4, mutta keskeist\u00e4 n\u00e4ytt\u00e4\u00e4 olleen valmistautuminen (kolmanteen?) n\u00e4ytt\u00f6tutkintoon. Voi sit\u00e4 opiskelijan el\u00e4m\u00e4\u00e4! Eiv\u00e4t\u00a0 olleet minulle helppoja nuo tutkinnot! P\u00e4\u00e4si\u00e4isen pyh\u00e4tkin niit\u00e4\u2026","rel":"","context":"Kategoriassa &quot;Lappi&quot;","block_context":{"text":"Lappi","link":"https:\/\/www.satokangas.fi\/blogi\/category\/lappi\/"},"img":{"alt_text":"","src":"https:\/\/i0.wp.com\/www.satokangas.fi\/blogi\/wp-content\/uploads\/2016\/03\/Paasiainen-Saariselalla.jpg?resize=350%2C200&ssl=1","width":350,"height":200,"srcset":"https:\/\/i0.wp.com\/www.satokangas.fi\/blogi\/wp-content\/uploads\/2016\/03\/Paasiainen-Saariselalla.jpg?resize=350%2C200&ssl=1 1x, https:\/\/i0.wp.com\/www.satokangas.fi\/blogi\/wp-content\/uploads\/2016\/03\/Paasiainen-Saariselalla.jpg?resize=525%2C300&ssl=1 1.5x, https:\/\/i0.wp.com\/www.satokangas.fi\/blogi\/wp-content\/uploads\/2016\/03\/Paasiainen-Saariselalla.jpg?resize=700%2C400&ssl=1 2x"},"classes":[]},{"id":33672,"url":"https:\/\/www.satokangas.fi\/blogi\/2018\/03\/netin-kautta-paasiaiseen\/","url_meta":{"origin":40498,"position":1},"title":"Netin kautta p\u00e4\u00e4si\u00e4iseen","author":"Reija","date":"29.3.2018","format":false,"excerpt":"Nyt on ... hetkinen ... kiirastorstai. Tovin mietin tuon kiirastorstain \u00b4etymylogiaa\u00b4, onko \"kiiraasta\" ollut t\u00e4\u00e4ll\u00e4 puhetta? Eih\u00e4n sek\u00e4\u00e4n niin kummoinene selitys sanalle ole ... Ei ole ollut. Pit\u00e4isi joskus kirjoittaa. Ainoa v\u00e4h\u00e4nk\u00e4\u00e4n aiheeseen liittyv\u00e4 postaus on t\u00e4\u00e4ll\u00e4.\u00a0 Joskus vietetty p\u00e4\u00e4si\u00e4ist\u00e4 noinkin. Melkoisia de javu -tunnelmia tuli tuosta, ja ajatuksia siit\u00e4,\u2026","rel":"","context":"Kategoriassa &quot;Niit\u00e4 n\u00e4it\u00e4&quot;","block_context":{"text":"Niit\u00e4 n\u00e4it\u00e4","link":"https:\/\/www.satokangas.fi\/blogi\/category\/aiheeton\/"},"img":{"alt_text":"","src":"https:\/\/i0.wp.com\/www.satokangas.fi\/blogi\/wp-content\/uploads\/2018\/03\/parsakausi-avattu.jpg?resize=350%2C200&ssl=1","width":350,"height":200,"srcset":"https:\/\/i0.wp.com\/www.satokangas.fi\/blogi\/wp-content\/uploads\/2018\/03\/parsakausi-avattu.jpg?resize=350%2C200&ssl=1 1x, https:\/\/i0.wp.com\/www.satokangas.fi\/blogi\/wp-content\/uploads\/2018\/03\/parsakausi-avattu.jpg?resize=525%2C300&ssl=1 1.5x, https:\/\/i0.wp.com\/www.satokangas.fi\/blogi\/wp-content\/uploads\/2018\/03\/parsakausi-avattu.jpg?resize=700%2C400&ssl=1 2x"},"classes":[]},{"id":13904,"url":"https:\/\/www.satokangas.fi\/blogi\/2012\/04\/perheen-kesken\/","url_meta":{"origin":40498,"position":2},"title":"Perheen kesken","author":"Reija","date":"9.4.2012","format":false,"excerpt":"Jopas meit\u00e4 pohjoissuomalaisia on hellitty p\u00e4\u00e4si\u00e4isen keleill\u00e4. Viel\u00e4 t\u00e4n\u00e4\u00e4nkin aurinkoa ja l\u00e4mp\u00f6\u00e4kin enemm\u00e4n kuin todellakaan on tavallista. Ulkoilua siis. Ja sitten p\u00e4\u00e4si\u00e4isruokaa vihdoin sain tehd\u00e4. M\u00f6kill\u00e4 kun ei ollut vieraita, niin meid\u00e4n sy\u00f6misemmme - ravintolailtaa lukuunottamatta - oli sellaista aikas vaatimatonta, mutta nyt minulla oli ruokavieraita, kun nuoriso tuli k\u00e4ym\u00e4\u00e4n.\u2026","rel":"","context":"Kategoriassa &quot;Niit\u00e4 n\u00e4it\u00e4&quot;","block_context":{"text":"Niit\u00e4 n\u00e4it\u00e4","link":"https:\/\/www.satokangas.fi\/blogi\/category\/aiheeton\/"},"img":{"alt_text":"","src":"https:\/\/i0.wp.com\/www.satokangas.fi\/blogi\/wp-content\/uploads\/MG_2635-313x400.jpg?resize=350%2C200&ssl=1","width":350,"height":200},"classes":[]},{"id":40587,"url":"https:\/\/www.satokangas.fi\/blogi\/2021\/04\/nyt-on-hyva-aika-mokkeilylle\/","url_meta":{"origin":40498,"position":3},"title":"Nyt on hyv\u00e4 aika m\u00f6kkeilylle","author":"Reija","date":"5.4.2021","format":false,"excerpt":"Ennen p\u00e4\u00e4si\u00e4iset oltiin \"aina\" Lapissa. Viime ja t\u00e4n\u00e4 vuonna on ollut valtakunnallisella tasolla toive ja neuvo: \"Nyt ei ole aika l\u00e4hte\u00e4 m\u00f6kille\". Ja meh\u00e4n olemme kuuliaisia kansalaisia, ja oikeasti sit\u00e4 mielt\u00e4, ett\u00e4 koronaohjeistuksia on noudatettava, eik\u00e4 siis ole p\u00e4\u00e4si\u00e4isi\u00e4 parina vuonna m\u00f6kill\u00e4 vietetty. Tosin ihan ainoa syy, varsinkaan t\u00e4n\u00e4 vuonna,\u2026","rel":"","context":"Kategoriassa &quot;Lappi&quot;","block_context":{"text":"Lappi","link":"https:\/\/www.satokangas.fi\/blogi\/category\/lappi\/"},"img":{"alt_text":"","src":"https:\/\/i0.wp.com\/www.satokangas.fi\/blogi\/wp-content\/uploads\/2021\/04\/IMG_20210405_182215-1365x1024.jpg?resize=350%2C200&ssl=1","width":350,"height":200,"srcset":"https:\/\/i0.wp.com\/www.satokangas.fi\/blogi\/wp-content\/uploads\/2021\/04\/IMG_20210405_182215-1365x1024.jpg?resize=350%2C200&ssl=1 1x, https:\/\/i0.wp.com\/www.satokangas.fi\/blogi\/wp-content\/uploads\/2021\/04\/IMG_20210405_182215-1365x1024.jpg?resize=525%2C300&ssl=1 1.5x, https:\/\/i0.wp.com\/www.satokangas.fi\/blogi\/wp-content\/uploads\/2021\/04\/IMG_20210405_182215-1365x1024.jpg?resize=700%2C400&ssl=1 2x"},"classes":[]},{"id":48250,"url":"https:\/\/www.satokangas.fi\/blogi\/2024\/01\/liikkumista-ja-ruokaa-sunnuntailta-kuulostaa\/","url_meta":{"origin":40498,"position":4},"title":"Liikkumista ja ruokaa &#8211; sunnuntailta kuulostaa","author":"Reija","date":"14.1.2024","format":false,"excerpt":"Tammikuiselta tuntuu. Melkein kuin menisi enemm\u00e4n aikaa pukeutuessa ja muutenkin ladulle l\u00e4ht\u00f6\u00e4 tehdess\u00e4 kuin hiiht\u00e4ess\u00e4 se perinteinen kymppi. Joka tapauksessa sain itseni ulos ja liikkumaan. On p\u00e4ivi\u00e4, jolloin se on pelkk\u00e4\u00e4 iloa ja odotettua ulkoilua, on p\u00e4ivi\u00e4, jolloin se on pakkopullaa, suorittamista, tulee tehdyksi vain koska \"luulen ja uskon, ett\u00e4\u2026","rel":"","context":"Kategoriassa &quot;Liikkuminen&quot;","block_context":{"text":"Liikkuminen","link":"https:\/\/www.satokangas.fi\/blogi\/category\/liikkuminen\/"},"img":{"alt_text":"","src":"https:\/\/i0.wp.com\/www.satokangas.fi\/blogi\/wp-content\/uploads\/2024\/01\/8.png?resize=350%2C200&ssl=1","width":350,"height":200},"classes":[]},{"id":42735,"url":"https:\/\/www.satokangas.fi\/blogi\/2022\/04\/pitkaperjantaina-lyhyelta-tuntuva-paiva\/","url_meta":{"origin":40498,"position":5},"title":"Pitk\u00e4perjantaina lyhyelt\u00e4 tuntuva p\u00e4iv\u00e4","author":"Reija","date":"15.4.2022","format":false,"excerpt":"Ei oikeastaan tunnu p\u00e4\u00e4si\u00e4iselt\u00e4, ei varsinkaan pitk\u00e4perjantailta. Ei lapsuudessani, eik\u00e4 viel\u00e4 nuoruudessanikaan, ei edes meid\u00e4n lasten lapsuudessa, pitk\u00e4n\u00e4perjantaina sy\u00f6ty suklaamunia, eik\u00e4 muutenkaan juuri juhlittu. Pitk\u00e4perjantai oli nuiva, aika iloton p\u00e4iv\u00e4. K\u00e4ytiinp\u00e4 joskus kirkosssakin. Mutta t\u00e4n\u00e4\u00e4n meid\u00e4n lapsenlasten kanssa on vietetty p\u00e4\u00e4si\u00e4ist\u00e4 kaikin asiankuuluvin menoin: on ollut virpomispalkkojen (vaikka sattuneesta syyst\u00e4\u2026","rel":"","context":"Kategoriassa &quot;Isovanhemmuus&quot;","block_context":{"text":"Isovanhemmuus","link":"https:\/\/www.satokangas.fi\/blogi\/category\/isovanhemmuus\/"},"img":{"alt_text":"","src":"https:\/\/i0.wp.com\/www.satokangas.fi\/blogi\/wp-content\/uploads\/2022\/04\/paasiainen-6.jpg?resize=350%2C200&ssl=1","width":350,"height":200,"srcset":"https:\/\/i0.wp.com\/www.satokangas.fi\/blogi\/wp-content\/uploads\/2022\/04\/paasiainen-6.jpg?resize=350%2C200&ssl=1 1x, https:\/\/i0.wp.com\/www.satokangas.fi\/blogi\/wp-content\/uploads\/2022\/04\/paasiainen-6.jpg?resize=525%2C300&ssl=1 1.5x, https:\/\/i0.wp.com\/www.satokangas.fi\/blogi\/wp-content\/uploads\/2022\/04\/paasiainen-6.jpg?resize=700%2C400&ssl=1 2x"},"classes":[]}],"_links":{"self":[{"href":"https:\/\/www.satokangas.fi\/blogi\/wp-json\/wp\/v2\/posts\/40498","targetHints":{"allow":["GET"]}}],"collection":[{"href":"https:\/\/www.satokangas.fi\/blogi\/wp-json\/wp\/v2\/posts"}],"about":[{"href":"https:\/\/www.satokangas.fi\/blogi\/wp-json\/wp\/v2\/types\/post"}],"author":[{"embeddable":true,"href":"https:\/\/www.satokangas.fi\/blogi\/wp-json\/wp\/v2\/users\/1"}],"replies":[{"embeddable":true,"href":"https:\/\/www.satokangas.fi\/blogi\/wp-json\/wp\/v2\/comments?post=40498"}],"version-history":[{"count":0,"href":"https:\/\/www.satokangas.fi\/blogi\/wp-json\/wp\/v2\/posts\/40498\/revisions"}],"wp:attachment":[{"href":"https:\/\/www.satokangas.fi\/blogi\/wp-json\/wp\/v2\/media?parent=40498"}],"wp:term":[{"taxonomy":"category","embeddable":true,"href":"https:\/\/www.satokangas.fi\/blogi\/wp-json\/wp\/v2\/categories?post=40498"},{"taxonomy":"post_tag","embeddable":true,"href":"https:\/\/www.satokangas.fi\/blogi\/wp-json\/wp\/v2\/tags?post=40498"}],"curies":[{"name":"wp","href":"https:\/\/api.w.org\/{rel}","templated":true}]}}