{"id":40490,"date":"2021-03-23T19:43:37","date_gmt":"2021-03-23T17:43:37","guid":{"rendered":"https:\/\/www.satokangas.fi\/blogi\/?p=40490"},"modified":"2021-03-23T19:43:37","modified_gmt":"2021-03-23T17:43:37","slug":"etatoita-minullakin","status":"publish","type":"post","link":"https:\/\/www.satokangas.fi\/blogi\/2021\/03\/etatoita-minullakin\/","title":{"rendered":"Et\u00e4t\u00f6it\u00e4 minullakin :)"},"content":{"rendered":"<p style=\"text-align: justify;\">Retriitin p\u00e4iv\u00e4 ei nyt ole kovin &#8221;henkistyneess\u00e4&#8221; saatikka hengellisess\u00e4 tilassa kulunut. Paitsi ett\u00e4 olen kaiken muun ohessa kuunnellut professori Timo Airaksisen teosta <a href=\"https:\/\/www.bookbeat.fi\/kirja\/jaahyvaiset-uskonnolle-215051\" target=\"_blank\" rel=\"noopener\">J\u00e4\u00e4hyv\u00e4iset uskonnolle<\/a>. En muista, ett\u00e4 olisin koskaan ennen lukenut yht\u00e4k\u00e4\u00e4n Airaksisen kirjaa, mutta h\u00e4m\u00e4r\u00e4 muistikuva on siit\u00e4, ett\u00e4 1980-luvun alussa, jolloin suorittelin (my\u00f6s) aate- ja oppihistorian approa, h\u00e4n olisi ollut Oulussa vierailevana luennoitsijana ja ett\u00e4 olisin ollut jopa luennollaan. Joka tapauksessa h\u00e4nh\u00e4n on satiirinen, kyseenalaistava ja mainiota analyysej\u00e4 tekev\u00e4 filosofi, joka ei osoita oppineisuuttaan turhilla k\u00e4siteapparaateilla, ei filosofian klassikoita syv\u00e4luodaten eik\u00e4 ylenpalttisia abstraktioita rakennellen, vaan p\u00e4invastoin puhuu ja kirjoittaa yhteiskunnasta ja ihmisel\u00e4m\u00e4st\u00e4 ja -mielest\u00e4 hauskasti, tarkkan\u00e4k\u00f6isesti ja ironisestikin &#8211; ja minusta ainakin aika viisaasti. N\u00e4m\u00e4 kaikki tekev\u00e4t kirjasta mielenkiintoisen ja ahaa-el\u00e4myksi\u00e4 tarjoavan, v\u00e4lill\u00e4 my\u00f6s hymyn kareen tai naurahduksen itsekseen. Siis hyv\u00e4.<\/p>\n<p style=\"text-align: justify;\">Airaksisen tahdittamana kev\u00e4tsiivoustouhuiluni p\u00e4\u00e4si hyv\u00e4\u00e4n alkuun, mutta homma keskeytyi ja j\u00e4i sikseen mm. koska sain s\u00e4hk\u00f6postissa tarjouspyynn\u00f6n ja lyhyen kirjeenvaihdon j\u00e4lkeen toimeksiannon kuvapaketin\u00a0 toimittamisesta tilaajalle. T\u00e4m\u00e4 ei ole ensimm\u00e4inen kerta, kun <a href=\"https:\/\/www.satokangas.fi\/blogi\/2020\/02\/mokkihoperoilya\/\" target=\"_blank\" rel=\"noopener\">Vastavaloon puuhaamistani 2000 valmiista<\/a>, muokatusta kuvasta voin valita suoraan asiakkaalle toimitettavaksi kuvia. Eli se puolitoistavuotinen kuvien ottaminen, tekeminen ja toimittaminen kuvatoimistoon on tuottanut tulosta paitsi Vastavalon kautta my\u00f6s &#8221;suoramyyntin\u00e4&#8221;. T\u00e4ll\u00e4kin kertaa on kyll\u00e4 otettava ja teht\u00e4v\u00e4 uusiakin kuvia, mutta eip\u00e4 se haittaa. P\u00e4invastoin. Onpahan jotain puuhaa ja tulosta &#8221;Muistikuvissa&#8221;.<\/p>\n<p>Alla oleva kuva ei liity mihink\u00e4\u00e4n, mitenk\u00e4\u00e4nn, tulipahan vain vastaan kuvakansioista, mutta eiliseen postaukseen liitin lupaamani Ratko-pumpun suojakatoksesta kuvan. Olivat remppamiehet m\u00f6kill\u00e4 saaneet operaation suoritetuksi.<\/p>\n<p>&nbsp;<\/p>\n<p><a href=\"https:\/\/www.satokangas.fi\/blogi\/2021\/03\/etatoita-minullakin\/macaroon\/#main\" rel=\"attachment wp-att-40491\"><img loading=\"lazy\" decoding=\"async\" data-attachment-id=\"40491\" data-permalink=\"https:\/\/www.satokangas.fi\/blogi\/2021\/03\/etatoita-minullakin\/macaroon\/\" data-orig-file=\"https:\/\/www.satokangas.fi\/blogi\/wp-content\/uploads\/2021\/03\/macaroon.jpg\" data-orig-size=\"960,640\" data-comments-opened=\"1\" data-image-meta=\"{&quot;aperture&quot;:&quot;18&quot;,&quot;credit&quot;:&quot;&quot;,&quot;camera&quot;:&quot;Canon EOS R&quot;,&quot;caption&quot;:&quot;&quot;,&quot;created_timestamp&quot;:&quot;1583174759&quot;,&quot;copyright&quot;:&quot;Reija Satokangas&quot;,&quot;focal_length&quot;:&quot;100&quot;,&quot;iso&quot;:&quot;200&quot;,&quot;shutter_speed&quot;:&quot;0.005&quot;,&quot;title&quot;:&quot;&quot;,&quot;orientation&quot;:&quot;0&quot;}\" data-image-title=\"macaroon\" data-image-description=\"\" data-image-caption=\"\" data-large-file=\"https:\/\/www.satokangas.fi\/blogi\/wp-content\/uploads\/2021\/03\/macaroon.jpg\" class=\"aligncenter size-full wp-image-40491\" src=\"https:\/\/www.satokangas.fi\/blogi\/wp-content\/uploads\/2021\/03\/macaroon.jpg\" alt=\"\" width=\"960\" height=\"640\" srcset=\"https:\/\/www.satokangas.fi\/blogi\/wp-content\/uploads\/2021\/03\/macaroon.jpg 960w, https:\/\/www.satokangas.fi\/blogi\/wp-content\/uploads\/2021\/03\/macaroon-600x400.jpg 600w, https:\/\/www.satokangas.fi\/blogi\/wp-content\/uploads\/2021\/03\/macaroon-300x200.jpg 300w, https:\/\/www.satokangas.fi\/blogi\/wp-content\/uploads\/2021\/03\/macaroon-768x512.jpg 768w\" sizes=\"auto, (max-width: 960px) 100vw, 960px\" \/><\/a><\/p>\n<p>&nbsp;<\/p>\n<p>&nbsp;<\/p>\n","protected":false},"excerpt":{"rendered":"<p>Retriitin p\u00e4iv\u00e4 ei nyt ole kovin &#8221;henkistyneess\u00e4&#8221; saatikka hengellisess\u00e4 tilassa kulunut. Paitsi ett\u00e4 olen kaiken muun ohessa kuunnellut professori Timo Airaksisen teosta J\u00e4\u00e4hyv\u00e4iset uskonnolle. En muista, ett\u00e4 olisin koskaan ennen lukenut yht\u00e4k\u00e4\u00e4n Airaksisen kirjaa, mutta h\u00e4m\u00e4r\u00e4 muistikuva on siit\u00e4, ett\u00e4 1980-luvun alussa, jolloin suorittelin (my\u00f6s) aate- ja oppihistorian approa, h\u00e4n olisi ollut Oulussa vierailevana luennoitsijana ja ett\u00e4 olisin ollut jopa &hellip; <\/p>\n","protected":false},"author":1,"featured_media":0,"comment_status":"open","ping_status":"open","sticky":false,"template":"","format":"standard","meta":{"jetpack_post_was_ever_published":false,"_jetpack_newsletter_access":"","_jetpack_dont_email_post_to_subs":false,"_jetpack_newsletter_tier_id":0,"_jetpack_memberships_contains_paywalled_content":false,"_jetpack_memberships_contains_paid_content":false,"footnotes":"","jetpack_publicize_message":"","jetpack_publicize_feature_enabled":true,"jetpack_social_post_already_shared":true,"jetpack_social_options":{"image_generator_settings":{"template":"highway","default_image_id":0,"font":"","enabled":false},"version":2}},"categories":[88,1,37],"tags":[],"class_list":["post-40490","post","type-post","status-publish","format-standard","hentry","category-muistikuvia","category-aiheeton","category-valokuvaus","latest_post"],"jetpack_publicize_connections":[],"jetpack_featured_media_url":"","jetpack_shortlink":"https:\/\/wp.me\/pr4p4-ax4","jetpack_sharing_enabled":true,"jetpack_likes_enabled":false,"jetpack-related-posts":[{"id":33737,"url":"https:\/\/www.satokangas.fi\/blogi\/2018\/04\/muistikuvia-logo-valmis-nettisivut-eivat-viela\/","url_meta":{"origin":40490,"position":0},"title":"Muistikuvia &#8211; logo valmis, nettisivut eiv\u00e4t viel\u00e4","author":"Reija","date":"9.4.2018","format":false,"excerpt":"Eip\u00e4 t\u00e4lle p\u00e4iv\u00e4lle juuri mainittavaa p\u00e4ivitt\u00e4isten rutiinien (lenkki ja sapuska) lis\u00e4ksi. Aamu meni paljolti pressen hommissa (kilpip\u00e4iv\u00e4 l\u00e4hestyy), ja muutoinkin p\u00e4iv\u00e4 koneella. Viimeistelin, t\u00e4ydentelin ja hioin pikku yritykseni nettisivuja julkaistavaan kuntoon. Ja olen k\u00e4ytt\u00e4nyt h\u00e4ik\u00e4ilem\u00e4tt\u00f6m\u00e4sti tytt\u00e4ren digi- ja markkinointiasiantuntemusta hy\u00f6dykseni. :) Muistikuvia-logon hankin jo syksyll\u00e4, mutta enp\u00e4 ole sit\u00e4 viel\u00e4\u2026","rel":"","context":"Kategoriassa &quot;Muistikuvia&quot;","block_context":{"text":"Muistikuvia","link":"https:\/\/www.satokangas.fi\/blogi\/category\/muistikuvia\/"},"img":{"alt_text":"","src":"https:\/\/i0.wp.com\/www.satokangas.fi\/blogi\/wp-content\/uploads\/2018\/04\/RS.jpg?resize=350%2C200&ssl=1","width":350,"height":200},"classes":[]},{"id":48767,"url":"https:\/\/www.satokangas.fi\/blogi\/2024\/03\/muistikuvia-hiipuu-hiljalleen\/","url_meta":{"origin":40490,"position":1},"title":"Muistikuvia hiipuu hiljalleen","author":"Reija","date":"21.3.2024","format":false,"excerpt":"T\u00e4n\u00e4\u00e4n ja eilen on ollut minun yhden hengen Muistikuvia-yritykseni loppusuoran valmistelua. Yritys t\u00e4ytt\u00e4\u00e4 seitsem\u00e4n vuotta huhtikuussa, ja siihen se sen teht\u00e4v\u00e4 t\u00e4ss\u00e4 universumissa taitaa loppuakin. Veroilmoituksen teko ja sen lis\u00e4ksi puuhia toiminimen lakkauttamiseksi olen t\u00e4ss\u00e4 selvitellyt ja laitellut vireille. Tuli jotenkin mieleen se, kun syksyll\u00e4 pit\u00e4\u00e4 pihakalusteet vied\u00e4 varastoon ja\u2026","rel":"","context":"Kategoriassa &quot;Muistikuvia&quot;","block_context":{"text":"Muistikuvia","link":"https:\/\/www.satokangas.fi\/blogi\/category\/muistikuvia\/"},"img":{"alt_text":"","src":"https:\/\/i0.wp.com\/www.satokangas.fi\/blogi\/wp-content\/uploads\/2024\/03\/1.png?resize=350%2C200&ssl=1","width":350,"height":200,"srcset":"https:\/\/i0.wp.com\/www.satokangas.fi\/blogi\/wp-content\/uploads\/2024\/03\/1.png?resize=350%2C200&ssl=1 1x, https:\/\/i0.wp.com\/www.satokangas.fi\/blogi\/wp-content\/uploads\/2024\/03\/1.png?resize=525%2C300&ssl=1 1.5x, https:\/\/i0.wp.com\/www.satokangas.fi\/blogi\/wp-content\/uploads\/2024\/03\/1.png?resize=700%2C400&ssl=1 2x"},"classes":[]},{"id":50898,"url":"https:\/\/www.satokangas.fi\/blogi\/2024\/10\/muistikuvia-kuvia-ja-kakku\/","url_meta":{"origin":40490,"position":2},"title":"Muistikuvia, kuvia ja kakku","author":"Reija","date":"22.10.2024","format":false,"excerpt":"Vaikka melkein kaikki koivut ovat jo luovuttaneet lehtens\u00e4, on kaupunkimaisema keltainen, aurinkoinen, sinitaivainen. Kuin oltaisiin viel\u00e4 syyskuussa. T\u00e4n\u00e4\u00e4n k\u00e4vimme Pehtoorin kanssa yhdess\u00e4 M-mummun (=anopin) luona ja juteltiin - tietysti t\u00e4ll\u00e4kin kertaa enimm\u00e4kseen menneist\u00e4 -\u00a0 ja siell\u00e4p\u00e4 tuli taas mieleen se, kuinka \"nuorena\" is\u00e4ni kuolikaan. H\u00e4nen \u00e4killisest\u00e4, toisaalta ei aivan odottamattomasta,\u2026","rel":"","context":"Kategoriassa &quot;Niit\u00e4 n\u00e4it\u00e4&quot;","block_context":{"text":"Niit\u00e4 n\u00e4it\u00e4","link":"https:\/\/www.satokangas.fi\/blogi\/category\/aiheeton\/"},"img":{"alt_text":"","src":"https:\/\/i0.wp.com\/www.satokangas.fi\/blogi\/wp-content\/uploads\/2024\/10\/YellowBrickRoad-3.jpg?resize=350%2C200&ssl=1","width":350,"height":200,"srcset":"https:\/\/i0.wp.com\/www.satokangas.fi\/blogi\/wp-content\/uploads\/2024\/10\/YellowBrickRoad-3.jpg?resize=350%2C200&ssl=1 1x, https:\/\/i0.wp.com\/www.satokangas.fi\/blogi\/wp-content\/uploads\/2024\/10\/YellowBrickRoad-3.jpg?resize=525%2C300&ssl=1 1.5x, https:\/\/i0.wp.com\/www.satokangas.fi\/blogi\/wp-content\/uploads\/2024\/10\/YellowBrickRoad-3.jpg?resize=700%2C400&ssl=1 2x, https:\/\/i0.wp.com\/www.satokangas.fi\/blogi\/wp-content\/uploads\/2024\/10\/YellowBrickRoad-3.jpg?resize=1050%2C600&ssl=1 3x"},"classes":[]},{"id":48325,"url":"https:\/\/www.satokangas.fi\/blogi\/2024\/01\/laskutushommia\/","url_meta":{"origin":40490,"position":3},"title":"Laskutushommia","author":"Reija","date":"23.1.2024","format":false,"excerpt":"Muistikuvien viimeinen(?) laskutus t\u00e4n\u00e4\u00e4n. Ja muutama karhukirjekin viel\u00e4. N\u00e4m\u00e4p\u00e4 ovat sellaisia hommia, jotka t\u00e4ss\u00e4 mun \"ammatillisen\" valokuvaustoiminnan parissa ovat olleet kaikkein ik\u00e4v\u00e4mpi\u00e4. Mukavinta on ollut kiert\u00e4\u00e4 kuvaamassa Oulua ja Oulun seutua sek\u00e4 Saariselk\u00e4\u00e4 ja Lappia ja tehd\u00e4 niist\u00e4 kuvista kortteja ja kalentereita. Kuvaukset ravintoloiden somemarkkinointia varten ovat my\u00f6s olleet mieluisia.\u2026","rel":"","context":"Kategoriassa &quot;Muistikuvia&quot;","block_context":{"text":"Muistikuvia","link":"https:\/\/www.satokangas.fi\/blogi\/category\/muistikuvia\/"},"img":{"alt_text":"","src":"https:\/\/i0.wp.com\/www.satokangas.fi\/blogi\/wp-content\/uploads\/2024\/01\/270120.jpg?resize=350%2C200&ssl=1","width":350,"height":200,"srcset":"https:\/\/i0.wp.com\/www.satokangas.fi\/blogi\/wp-content\/uploads\/2024\/01\/270120.jpg?resize=350%2C200&ssl=1 1x, https:\/\/i0.wp.com\/www.satokangas.fi\/blogi\/wp-content\/uploads\/2024\/01\/270120.jpg?resize=525%2C300&ssl=1 1.5x, https:\/\/i0.wp.com\/www.satokangas.fi\/blogi\/wp-content\/uploads\/2024\/01\/270120.jpg?resize=700%2C400&ssl=1 2x"},"classes":[]},{"id":30611,"url":"https:\/\/www.satokangas.fi\/blogi\/2017\/04\/toiminimi\/","url_meta":{"origin":40490,"position":4},"title":"Toiminimi","author":"Reija","date":"4.4.2017","format":false,"excerpt":"klikkaa isommaksi! Muistikuvia. \u00a0Se siis on toiminimeni nimi. Mit\u00e4s pid\u00e4tte? Ent\u00e4s mainoksesta? Muokkailin Oulussa ilmestyneess\u00e4 Kaiku-lehdess\u00e4 syksyll\u00e4 1909 olleesta F. Suomelan valokuvausliikkeen mainoksesta. ;) . Nimi on vain markkinointinimi. Sill\u00e4: k\u00e4vip\u00e4 nimitt\u00e4in niin, ett\u00e4 kun l\u00e4hetin Patentti- ja rekisterihallitukseen rekister\u00f6intipaperit (onnistuu 1.3. alkaen my\u00f6s s\u00e4hk\u00f6isesti ja maksaa vain 75 euroa)\u2026","rel":"","context":"Kategoriassa &quot;Niit\u00e4 n\u00e4it\u00e4&quot;","block_context":{"text":"Niit\u00e4 n\u00e4it\u00e4","link":"https:\/\/www.satokangas.fi\/blogi\/category\/aiheeton\/"},"img":{"alt_text":"","src":"https:\/\/i0.wp.com\/www.satokangas.fi\/blogi\/wp-content\/uploads\/2017\/04\/Valokuvausliikkeen-mainos-3_72-dpi-281x400.jpg?resize=350%2C200&ssl=1","width":350,"height":200},"classes":[]},{"id":36660,"url":"https:\/\/www.satokangas.fi\/blogi\/2019\/06\/huoltopaiva-2\/","url_meta":{"origin":40490,"position":5},"title":"Huoltop\u00e4iv\u00e4","author":"Reija","date":"17.6.2019","format":false,"excerpt":"\u00a0 Iltap\u00e4iv\u00e4ksi oli sovittu \u00e4idin kanssa py\u00f6r\u00e4tuoliajelua kes\u00e4kaupungissa, torilla ja hautausmaalla, mutta kun h\u00e4n ei sittenk\u00e4\u00e4n halunnut l\u00e4hte\u00e4, jatkoin aamup\u00e4iv\u00e4n teemaani: py\u00f6r\u00e4ll\u00e4 ajelua ja huoltotoimia. Aamulla olin nimitt\u00e4in pienen Nallikari-Toppilansaari lenkin j\u00e4lkeen ajanut kampaajalle ja kun kerran kaupunkirullailusta ei tullut mit\u00e4\u00e4n, tuosta vaan tilasin ja sain ajan niska-hartia-hierontaan, jolle olisi\u2026","rel":"","context":"Kategoriassa &quot;Muistikuvia&quot;","block_context":{"text":"Muistikuvia","link":"https:\/\/www.satokangas.fi\/blogi\/category\/muistikuvia\/"},"img":{"alt_text":"","src":"https:\/\/i0.wp.com\/www.satokangas.fi\/blogi\/wp-content\/uploads\/2019\/06\/1-6.jpg?resize=350%2C200&ssl=1","width":350,"height":200,"srcset":"https:\/\/i0.wp.com\/www.satokangas.fi\/blogi\/wp-content\/uploads\/2019\/06\/1-6.jpg?resize=350%2C200&ssl=1 1x, https:\/\/i0.wp.com\/www.satokangas.fi\/blogi\/wp-content\/uploads\/2019\/06\/1-6.jpg?resize=525%2C300&ssl=1 1.5x, https:\/\/i0.wp.com\/www.satokangas.fi\/blogi\/wp-content\/uploads\/2019\/06\/1-6.jpg?resize=700%2C400&ssl=1 2x"},"classes":[]}],"_links":{"self":[{"href":"https:\/\/www.satokangas.fi\/blogi\/wp-json\/wp\/v2\/posts\/40490","targetHints":{"allow":["GET"]}}],"collection":[{"href":"https:\/\/www.satokangas.fi\/blogi\/wp-json\/wp\/v2\/posts"}],"about":[{"href":"https:\/\/www.satokangas.fi\/blogi\/wp-json\/wp\/v2\/types\/post"}],"author":[{"embeddable":true,"href":"https:\/\/www.satokangas.fi\/blogi\/wp-json\/wp\/v2\/users\/1"}],"replies":[{"embeddable":true,"href":"https:\/\/www.satokangas.fi\/blogi\/wp-json\/wp\/v2\/comments?post=40490"}],"version-history":[{"count":0,"href":"https:\/\/www.satokangas.fi\/blogi\/wp-json\/wp\/v2\/posts\/40490\/revisions"}],"wp:attachment":[{"href":"https:\/\/www.satokangas.fi\/blogi\/wp-json\/wp\/v2\/media?parent=40490"}],"wp:term":[{"taxonomy":"category","embeddable":true,"href":"https:\/\/www.satokangas.fi\/blogi\/wp-json\/wp\/v2\/categories?post=40490"},{"taxonomy":"post_tag","embeddable":true,"href":"https:\/\/www.satokangas.fi\/blogi\/wp-json\/wp\/v2\/tags?post=40490"}],"curies":[{"name":"wp","href":"https:\/\/api.w.org\/{rel}","templated":true}]}}