{"id":4045,"date":"2009-08-16T19:17:00","date_gmt":"2009-08-16T16:17:00","guid":{"rendered":"https:\/\/www.satokangas.fi\/blogi\/?p=4045"},"modified":"2009-08-17T22:43:37","modified_gmt":"2009-08-17T19:43:37","slug":"juhlat-juhlittu","status":"publish","type":"post","link":"https:\/\/www.satokangas.fi\/blogi\/2009\/08\/juhlat-juhlittu\/","title":{"rendered":"Juhlat juhlittu"},"content":{"rendered":"<p>Ja min\u00e4 sanoin sit\u00e4 uneksi, koska halusin j\u00e4\u00e4d\u00e4.<\/p>\n<p><em>Tua Forsstr\u00f6m <\/em><\/p>\n<p>________________________________________________<\/p>\n<p>Eilisen ja t\u00e4m\u00e4n aamun pitki\u00e4 rullistelulenkkej\u00e4 lukuunottamatta kaksi p\u00e4iv\u00e4\u00e4 on kulunut enemm\u00e4n tai v\u00e4hemm\u00e4n ruoan \u00e4\u00e4rell\u00e4. Sit\u00e4 hankkien, tehden ja sy\u00f6den. Paluu ker\u00e4ilyaikakauteen? No ehkei ihan.<\/p>\n<p>Kes\u00e4n Suuri Juhla on ohi. Juhla on minulle aina iso juttu. Niin t\u00e4n\u00e4kin vuonna. Nyt viel\u00e4 viipyilen juhlan valmistelussa ja juhlassa. Ja aasialaiss\u00e4vytteinen &#8211; niin kuin mm. nuo kuvassa olevat tapakset \ud83d\ude42 \u00a0&#8211; ruoka maittoi vieraille.<\/p>\n<p><a href=\"https:\/\/www.satokangas.fi\/blogi\/wp-content\/uploads\/2009\/08\/tapakset.jpg\"><img loading=\"lazy\" decoding=\"async\" data-attachment-id=\"4046\" data-permalink=\"https:\/\/www.satokangas.fi\/blogi\/2009\/08\/juhlat-juhlittu\/tapakset\/\" data-orig-file=\"https:\/\/www.satokangas.fi\/blogi\/wp-content\/uploads\/2009\/08\/tapakset.jpg\" data-orig-size=\"1000,797\" data-comments-opened=\"1\" data-image-meta=\"{&quot;aperture&quot;:&quot;10&quot;,&quot;credit&quot;:&quot;&quot;,&quot;camera&quot;:&quot;Canon EOS 450D&quot;,&quot;caption&quot;:&quot;&quot;,&quot;created_timestamp&quot;:&quot;1250343630&quot;,&quot;copyright&quot;:&quot;&quot;,&quot;focal_length&quot;:&quot;18&quot;,&quot;iso&quot;:&quot;800&quot;,&quot;shutter_speed&quot;:&quot;0.0166666666667&quot;,&quot;title&quot;:&quot;&quot;}\" data-image-title=\"tapakset\" data-image-description=\"\" data-image-caption=\"\" data-large-file=\"https:\/\/www.satokangas.fi\/blogi\/wp-content\/uploads\/2009\/08\/tapakset.jpg\" class=\"aligncenter size-medium wp-image-4046\" title=\"tapakset\" src=\"https:\/\/www.satokangas.fi\/blogi\/wp-content\/uploads\/2009\/08\/tapakset-500x398.jpg\" alt=\"tapakset\" width=\"500\" height=\"398\" srcset=\"https:\/\/www.satokangas.fi\/blogi\/wp-content\/uploads\/2009\/08\/tapakset-500x398.jpg 500w, https:\/\/www.satokangas.fi\/blogi\/wp-content\/uploads\/2009\/08\/tapakset-200x159.jpg 200w, https:\/\/www.satokangas.fi\/blogi\/wp-content\/uploads\/2009\/08\/tapakset.jpg 1000w\" sizes=\"auto, (max-width: 500px) 100vw, 500px\" \/><\/a><\/p>\n<p>Sitten kun yst\u00e4vyyssuhteet ovat tarpeeksi vahvat ja vanhatkin? on vaan niin helppo ja hulppea olla.<\/p>\n<p>T\u00e4n\u00e4\u00e4n yritin viel\u00e4 nuorisoa lelli\u00e4, kun ovat j\u00e4\u00e4neet juhlahumussa v\u00e4h\u00e4n sivuun, laittelin herkkuruokaa ja sellaista, mutta v\u00e4h\u00e4n toisesta sivusta tuli sitten tummia s\u00e4vyj\u00e4&#8230; Miten jotkut voivat ehdoin tahdoin tehd\u00e4 el\u00e4m\u00e4ns\u00e4 vaikeaksi!?<\/p>\n<p>Nyt olisi pakattava. Huomenaamulla l\u00e4hdett\u00e4v\u00e4 lentokent\u00e4lle melkein yht\u00e4 aikaisin kuin t\u00e4m\u00e4n vuorokauden puolella pistettiin nukkumaan&#8230; Arkistot aukeavat Helsingiss\u00e4 varhain! Siell\u00e4 pari p\u00e4iv\u00e4\u00e4&#8230;<\/p>\n","protected":false},"excerpt":{"rendered":"<p>Ja min\u00e4 sanoin sit\u00e4 uneksi, koska halusin j\u00e4\u00e4d\u00e4. Tua Forsstr\u00f6m ________________________________________________ Eilisen ja t\u00e4m\u00e4n aamun pitki\u00e4 rullistelulenkkej\u00e4 lukuunottamatta kaksi p\u00e4iv\u00e4\u00e4 on kulunut enemm\u00e4n tai v\u00e4hemm\u00e4n ruoan \u00e4\u00e4rell\u00e4. Sit\u00e4 hankkien, tehden ja sy\u00f6den. Paluu ker\u00e4ilyaikakauteen? No ehkei ihan. Kes\u00e4n Suuri Juhla on ohi. Juhla on minulle aina iso juttu. Niin t\u00e4n\u00e4kin vuonna. Nyt viel\u00e4 viipyilen juhlan valmistelussa ja juhlassa. Ja aasialaiss\u00e4vytteinen &hellip; <\/p>\n","protected":false},"author":1,"featured_media":0,"comment_status":"open","ping_status":"open","sticky":false,"template":"","format":"standard","meta":{"jetpack_post_was_ever_published":false,"_jetpack_newsletter_access":"","_jetpack_dont_email_post_to_subs":false,"_jetpack_newsletter_tier_id":0,"_jetpack_memberships_contains_paywalled_content":false,"_jetpack_memberships_contains_paid_content":false,"footnotes":"","jetpack_publicize_message":"","jetpack_publicize_feature_enabled":true,"jetpack_social_post_already_shared":false,"jetpack_social_options":{"image_generator_settings":{"template":"highway","default_image_id":0,"font":"","enabled":false},"version":2}},"categories":[1],"tags":[],"class_list":["post-4045","post","type-post","status-publish","format-standard","hentry","category-aiheeton","latest_post"],"jetpack_publicize_connections":[],"jetpack_featured_media_url":"","jetpack_shortlink":"https:\/\/wp.me\/pr4p4-13f","jetpack_sharing_enabled":true,"jetpack_likes_enabled":false,"jetpack-related-posts":[{"id":43601,"url":"https:\/\/www.satokangas.fi\/blogi\/2022\/08\/juhlaa-arjessa\/","url_meta":{"origin":4045,"position":0},"title":"Juhlaa arjessa","author":"Reija","date":"30.8.2022","format":false,"excerpt":"T\u00e4n\u00e4\u00e4n (tai tarkkaan ottaen huomenna) on yst\u00e4v\u00e4n 50-vuotisp\u00e4iv\u00e4. Me saimme t\u00e4n\u00e4\u00e4n olla niiss\u00e4 osallisena. Arki-iltana yhdess\u00e4 nelj\u00e4st\u00e4\u00e4n sy\u00f6m\u00e4ss\u00e4 oli enemm\u00e4n kuin mukava juttu. Ehdimme vaihtaa kuulumiset, jutella -\u00a0 ja juoruillakin. Olen \"aina\" ollut sit\u00e4 mielt\u00e4, ett\u00e4 kun on syyt\u00e4 juhlaan, on juhlittava. Tapa ja aika, ruoka ja juoma, tanssi ja\u2026","rel":"","context":"Kategoriassa &quot;Niit\u00e4 n\u00e4it\u00e4&quot;","block_context":{"text":"Niit\u00e4 n\u00e4it\u00e4","link":"https:\/\/www.satokangas.fi\/blogi\/category\/aiheeton\/"},"img":{"alt_text":"","src":"https:\/\/i0.wp.com\/www.satokangas.fi\/blogi\/wp-content\/uploads\/ruusu.jpg?resize=350%2C200&ssl=1","width":350,"height":200,"srcset":"https:\/\/i0.wp.com\/www.satokangas.fi\/blogi\/wp-content\/uploads\/ruusu.jpg?resize=350%2C200&ssl=1 1x, https:\/\/i0.wp.com\/www.satokangas.fi\/blogi\/wp-content\/uploads\/ruusu.jpg?resize=525%2C300&ssl=1 1.5x, https:\/\/i0.wp.com\/www.satokangas.fi\/blogi\/wp-content\/uploads\/ruusu.jpg?resize=700%2C400&ssl=1 2x, https:\/\/i0.wp.com\/www.satokangas.fi\/blogi\/wp-content\/uploads\/ruusu.jpg?resize=1050%2C600&ssl=1 3x"},"classes":[]},{"id":24332,"url":"https:\/\/www.satokangas.fi\/blogi\/2015\/04\/jo-juhlia-valmistellen-ja-juhlissa\/","url_meta":{"origin":4045,"position":1},"title":"Jo juhlia valmistellen, ja juhlissa","author":"Reija","date":"11.4.2015","format":false,"excerpt":"Seh\u00e4n t\u00e4ss\u00e4 taas on ollut tulppana, ett\u00e4 olisi niin paljon tekemist\u00e4, ettei tied\u00e4, mist\u00e4 aloittaisi ja mink\u00e4 suosiolla j\u00e4tt\u00e4isi pois, joten\u00a0lopultakin aika v\u00e4h\u00e4n on tulosta tullut. Satunnaisten kotit\u00f6iden, apteekki- yms. asioiden ja \u00e4idin luona\u00a0k\u00e4ynnin j\u00e4lkeen, kauppareissu(je)n seurauksena, kuitenkin saatiin parsakausi avatuksi; lounaaksi uusi tapa tarjota parsaa. Kunhan teen toisen kerran,\u2026","rel":"","context":"Kategoriassa &quot;Niit\u00e4 n\u00e4it\u00e4&quot;","block_context":{"text":"Niit\u00e4 n\u00e4it\u00e4","link":"https:\/\/www.satokangas.fi\/blogi\/category\/aiheeton\/"},"img":{"alt_text":"Limoncello di Casa-9","src":"https:\/\/i0.wp.com\/www.satokangas.fi\/blogi\/wp-content\/uploads\/2015\/04\/Limoncello-di-Casa-9-566x400.jpg?resize=350%2C200&ssl=1","width":350,"height":200,"srcset":"https:\/\/i0.wp.com\/www.satokangas.fi\/blogi\/wp-content\/uploads\/2015\/04\/Limoncello-di-Casa-9-566x400.jpg?resize=350%2C200&ssl=1 1x, https:\/\/i0.wp.com\/www.satokangas.fi\/blogi\/wp-content\/uploads\/2015\/04\/Limoncello-di-Casa-9-566x400.jpg?resize=525%2C300&ssl=1 1.5x"},"classes":[]},{"id":36558,"url":"https:\/\/www.satokangas.fi\/blogi\/2019\/06\/juhlapaiva-3\/","url_meta":{"origin":4045,"position":2},"title":"Juhlap\u00e4iv\u00e4","author":"Reija","date":"1.6.2019","format":false,"excerpt":"Viime sunnuntaina kun oli Apsun 4-vuotissyntt\u00e4rit, poika koetti avata yht\u00e4 lahjapakettiaan, eik\u00e4 tahtonut saada sit\u00e4 auki, joten pyysi serkkuaan (jota pit\u00e4\u00e4 yhten\u00e4 maailmankaikkeuden parhaana tyyppin\u00e4, jo yl\u00e4astelaista M:aa (joka on usein ollut meill\u00e4kin)) auttamaan. Kun kiusoittelin ja kyselin, liek\u00f6 M:llakaan osaa auttaa? Apsu totesi: \"Osaa se, se on ... kun\u2026","rel":"","context":"Kategoriassa &quot;Muistikuvia&quot;","block_context":{"text":"Muistikuvia","link":"https:\/\/www.satokangas.fi\/blogi\/category\/muistikuvia\/"},"img":{"alt_text":"","src":"https:\/\/i0.wp.com\/www.satokangas.fi\/blogi\/wp-content\/uploads\/2019\/06\/2-3.jpg?resize=350%2C200&ssl=1","width":350,"height":200,"srcset":"https:\/\/i0.wp.com\/www.satokangas.fi\/blogi\/wp-content\/uploads\/2019\/06\/2-3.jpg?resize=350%2C200&ssl=1 1x, https:\/\/i0.wp.com\/www.satokangas.fi\/blogi\/wp-content\/uploads\/2019\/06\/2-3.jpg?resize=525%2C300&ssl=1 1.5x"},"classes":[]},{"id":45888,"url":"https:\/\/www.satokangas.fi\/blogi\/2023\/05\/valokuvaushommia-juhlassa\/","url_meta":{"origin":4045,"position":3},"title":"Valokuvaushommia juhlassa","author":"Reija","date":"31.5.2023","format":false,"excerpt":"T\u00e4n\u00e4\u00e4n oli se iso kuvauskeikka, joka oli yksi syy meid\u00e4n Provencen loman vaihtamiseksi Kroatiaan ja varhentamiseksi viime viikolle. Ranskan reissu olisi ollut t\u00e4ll\u00e4 viikolla, joten Oulun uuden Oikeustalon avajaisjuhla ja kuvaaminen, sek\u00e4 aamup\u00e4iv\u00e4n henkil\u00f6kunnalle suunnatussa juhlassa ett\u00e4 iltap\u00e4iv\u00e4n-illan kutsuvierasjuhlassa, olisi ollut jonkun muun homma kuin minun, jos olisimme l\u00e4hteneet aiotulle\u2026","rel":"","context":"Kategoriassa &quot;Muistikuvia&quot;","block_context":{"text":"Muistikuvia","link":"https:\/\/www.satokangas.fi\/blogi\/category\/muistikuvia\/"},"img":{"alt_text":"","src":"https:\/\/i0.wp.com\/www.satokangas.fi\/blogi\/wp-content\/uploads\/2023\/05\/Oikeustalo-7-1.jpg?resize=350%2C200&ssl=1","width":350,"height":200,"srcset":"https:\/\/i0.wp.com\/www.satokangas.fi\/blogi\/wp-content\/uploads\/2023\/05\/Oikeustalo-7-1.jpg?resize=350%2C200&ssl=1 1x, https:\/\/i0.wp.com\/www.satokangas.fi\/blogi\/wp-content\/uploads\/2023\/05\/Oikeustalo-7-1.jpg?resize=525%2C300&ssl=1 1.5x, https:\/\/i0.wp.com\/www.satokangas.fi\/blogi\/wp-content\/uploads\/2023\/05\/Oikeustalo-7-1.jpg?resize=700%2C400&ssl=1 2x, https:\/\/i0.wp.com\/www.satokangas.fi\/blogi\/wp-content\/uploads\/2023\/05\/Oikeustalo-7-1.jpg?resize=1050%2C600&ssl=1 3x"},"classes":[]},{"id":28651,"url":"https:\/\/www.satokangas.fi\/blogi\/2016\/07\/juhlasta-juhlaan\/","url_meta":{"origin":4045,"position":4},"title":"Juhlasta juhlaan","author":"Reija","date":"11.7.2016","format":false,"excerpt":"Viikonlopun \"j\u00e4lkit\u00f6it\u00e4\" viel\u00e4 t\u00e4n\u00e4\u00e4n. Luokkakokouksessa otin pitk\u00e4lti yli 200 kuvaa, joista perkasin enemm\u00e4n kuin puolet pois ja loput muokkailin ja laittelin luokkakavereille nettiin kansioon. Ja sitten tein my\u00f6s koulua varten kaksi kansiota: reppari (reportaasi) luokkakokouksesta sek\u00e4 henkil\u00f6kuvia. N\u00e4it\u00e4 vastaavia muut tekiv\u00e4t ja analysoivat lauantaina ja eilen Torniossa kun min\u00e4 lintsasin.\u2026","rel":"","context":"Kategoriassa &quot;Niit\u00e4 n\u00e4it\u00e4&quot;","block_context":{"text":"Niit\u00e4 n\u00e4it\u00e4","link":"https:\/\/www.satokangas.fi\/blogi\/category\/aiheeton\/"},"img":{"alt_text":"1-2","src":"https:\/\/i0.wp.com\/www.satokangas.fi\/blogi\/wp-content\/uploads\/2016\/07\/1-2-422x400.jpg?resize=350%2C200&ssl=1","width":350,"height":200},"classes":[]},{"id":18353,"url":"https:\/\/www.satokangas.fi\/blogi\/2013\/08\/juhlien-alla\/","url_meta":{"origin":4045,"position":5},"title":"Juhlien alla","author":"Reija","date":"9.8.2013","format":false,"excerpt":"T\u00f6ist\u00e4 - hyviss\u00e4 ajoin - tullessa... kotona olivat ainekset juhlaan... Molemmat olemme viikolla jo roudanneet muutaman lastin. Pehtoori oli t\u00e4n\u00e4\u00e4n hakenut viel\u00e4 loput. Joten ei muuta kuin valmisteluihin. Huomenna on KALAASIT. Allaolevista tuli aika hyv\u00e4 kastike. Ainakin parempi kuin viime viikonlopun koe-er\u00e4, jossa fuskasin. T\u00e4n\u00e4\u00e4n en. Ehk\u00e4 arvannette teeman? Kyll\u00e4h\u00e4n\u2026","rel":"","context":"Kategoriassa &quot;Niit\u00e4 n\u00e4it\u00e4&quot;","block_context":{"text":"Niit\u00e4 n\u00e4it\u00e4","link":"https:\/\/www.satokangas.fi\/blogi\/category\/aiheeton\/"},"img":{"alt_text":"ainekset juhlaan","src":"https:\/\/i0.wp.com\/www.satokangas.fi\/blogi\/wp-content\/uploads\/2013\/08\/ainekset-juhlaan-600x400.jpg?resize=350%2C200&ssl=1","width":350,"height":200,"srcset":"https:\/\/i0.wp.com\/www.satokangas.fi\/blogi\/wp-content\/uploads\/2013\/08\/ainekset-juhlaan-600x400.jpg?resize=350%2C200&ssl=1 1x, https:\/\/i0.wp.com\/www.satokangas.fi\/blogi\/wp-content\/uploads\/2013\/08\/ainekset-juhlaan-600x400.jpg?resize=525%2C300&ssl=1 1.5x"},"classes":[]}],"_links":{"self":[{"href":"https:\/\/www.satokangas.fi\/blogi\/wp-json\/wp\/v2\/posts\/4045","targetHints":{"allow":["GET"]}}],"collection":[{"href":"https:\/\/www.satokangas.fi\/blogi\/wp-json\/wp\/v2\/posts"}],"about":[{"href":"https:\/\/www.satokangas.fi\/blogi\/wp-json\/wp\/v2\/types\/post"}],"author":[{"embeddable":true,"href":"https:\/\/www.satokangas.fi\/blogi\/wp-json\/wp\/v2\/users\/1"}],"replies":[{"embeddable":true,"href":"https:\/\/www.satokangas.fi\/blogi\/wp-json\/wp\/v2\/comments?post=4045"}],"version-history":[{"count":0,"href":"https:\/\/www.satokangas.fi\/blogi\/wp-json\/wp\/v2\/posts\/4045\/revisions"}],"wp:attachment":[{"href":"https:\/\/www.satokangas.fi\/blogi\/wp-json\/wp\/v2\/media?parent=4045"}],"wp:term":[{"taxonomy":"category","embeddable":true,"href":"https:\/\/www.satokangas.fi\/blogi\/wp-json\/wp\/v2\/categories?post=4045"},{"taxonomy":"post_tag","embeddable":true,"href":"https:\/\/www.satokangas.fi\/blogi\/wp-json\/wp\/v2\/tags?post=4045"}],"curies":[{"name":"wp","href":"https:\/\/api.w.org\/{rel}","templated":true}]}}