{"id":4025,"date":"2009-08-13T06:48:17","date_gmt":"2009-08-13T03:48:17","guid":{"rendered":"https:\/\/www.satokangas.fi\/blogi\/?p=4025"},"modified":"2009-08-13T06:48:17","modified_gmt":"2009-08-13T03:48:17","slug":"valokuvatorstai-parasta-kesassa","status":"publish","type":"post","link":"https:\/\/www.satokangas.fi\/blogi\/2009\/08\/valokuvatorstai-parasta-kesassa\/","title":{"rendered":"Valokuvatorstai: Parasta kes\u00e4ss\u00e4"},"content":{"rendered":"<p>&#8221;Mik\u00e4\u00e4n muu ei ole t\u00e4rke\u00e4\u00e4 kuin purjehtiminen, eik\u00e4 sek\u00e4\u00e4n ole kovin t\u00e4rke\u00e4\u00e4.&#8221; <\/p>\n<p>Sellainen sanontahan on. T\u00e4ss\u00e4 kes\u00e4ss\u00e4 ei parasta ole ollut purjehtiminen, eip\u00e4 tietenk\u00e4\u00e4n kun en ole koskaan purjehtinut. T\u00e4m\u00e4 kuva ei siis kerro purjehtimisesta. Maija Paavilaisen aforismi kertoo ehk\u00e4 paremmin, miksi valitsin juuri t\u00e4m\u00e4n: &#8221;Parempi ankkurissa kuin tuuliajolla.&#8221; <\/p>\n<p><a href=\"https:\/\/www.satokangas.fi\/blogi\/wp-content\/uploads\/2009\/08\/parastakesassa.jpg\"><img loading=\"lazy\" decoding=\"async\" data-attachment-id=\"4026\" data-permalink=\"https:\/\/www.satokangas.fi\/blogi\/2009\/08\/valokuvatorstai-parasta-kesassa\/parastakesassa\/\" data-orig-file=\"https:\/\/www.satokangas.fi\/blogi\/wp-content\/uploads\/2009\/08\/parastakesassa.jpg\" data-orig-size=\"1100,759\" data-comments-opened=\"1\" data-image-meta=\"{&quot;aperture&quot;:&quot;13&quot;,&quot;credit&quot;:&quot;&quot;,&quot;camera&quot;:&quot;Canon EOS 450D&quot;,&quot;caption&quot;:&quot;&quot;,&quot;created_timestamp&quot;:&quot;1246165768&quot;,&quot;copyright&quot;:&quot;&quot;,&quot;focal_length&quot;:&quot;50&quot;,&quot;iso&quot;:&quot;100&quot;,&quot;shutter_speed&quot;:&quot;0.004&quot;,&quot;title&quot;:&quot;&quot;}\" data-image-title=\"Parasta kes\u00e4ss\u00e4 seesteiset hetket\" data-image-description=\"\" data-image-caption=\"\" data-large-file=\"https:\/\/www.satokangas.fi\/blogi\/wp-content\/uploads\/2009\/08\/parastakesassa-1024x706.jpg\" src=\"https:\/\/www.satokangas.fi\/blogi\/wp-content\/uploads\/2009\/08\/parastakesassa-500x345.jpg\" alt=\"Parasta kes\u00e4ss\u00e4 seesteiset hetket\" title=\"Parasta kes\u00e4ss\u00e4 seesteiset hetket\" width=\"500\" height=\"345\" class=\"aligncenter size-medium wp-image-4026\" srcset=\"https:\/\/www.satokangas.fi\/blogi\/wp-content\/uploads\/2009\/08\/parastakesassa-500x345.jpg 500w, https:\/\/www.satokangas.fi\/blogi\/wp-content\/uploads\/2009\/08\/parastakesassa-200x138.jpg 200w, https:\/\/www.satokangas.fi\/blogi\/wp-content\/uploads\/2009\/08\/parastakesassa-1024x706.jpg 1024w, https:\/\/www.satokangas.fi\/blogi\/wp-content\/uploads\/2009\/08\/parastakesassa.jpg 1100w\" sizes=\"auto, (max-width: 500px) 100vw, 500px\" \/><\/a><\/p>\n<p>(klikkaa kuvaa suurentaaksesi sen)<\/p>\n<p>T\u00e4ss\u00e4 kuvassa on niin paljon piilomerkityksi\u00e4. Siin\u00e4 on tyven, siin\u00e4 on aurinko, siin\u00e4 on rauha. Kuvassa on l\u00e4hd\u00f6n mahdollisuus, ja siin\u00e4 on matka. Kuva on kuitenkin satamasta, turvasta. Sunnuntaiaamuna, jolloin kuvan otin, olin yksin lenkill\u00e4, mutta en yksin\u00e4inen. <\/p>\n<p>Parasta kes\u00e4ss\u00e4 olivat seesteiset hetket. <\/p>\n","protected":false},"excerpt":{"rendered":"<p>&#8221;Mik\u00e4\u00e4n muu ei ole t\u00e4rke\u00e4\u00e4 kuin purjehtiminen, eik\u00e4 sek\u00e4\u00e4n ole kovin t\u00e4rke\u00e4\u00e4.&#8221; Sellainen sanontahan on. T\u00e4ss\u00e4 kes\u00e4ss\u00e4 ei parasta ole ollut purjehtiminen, eip\u00e4 tietenk\u00e4\u00e4n kun en ole koskaan purjehtinut. T\u00e4m\u00e4 kuva ei siis kerro purjehtimisesta. Maija Paavilaisen aforismi kertoo ehk\u00e4 paremmin, miksi valitsin juuri t\u00e4m\u00e4n: &#8221;Parempi ankkurissa kuin tuuliajolla.&#8221; (klikkaa kuvaa suurentaaksesi sen) T\u00e4ss\u00e4 kuvassa on niin paljon piilomerkityksi\u00e4. Siin\u00e4 &hellip; <\/p>\n","protected":false},"author":1,"featured_media":0,"comment_status":"open","ping_status":"open","sticky":false,"template":"","format":"standard","meta":{"jetpack_post_was_ever_published":false,"_jetpack_newsletter_access":"","_jetpack_dont_email_post_to_subs":false,"_jetpack_newsletter_tier_id":0,"_jetpack_memberships_contains_paywalled_content":false,"_jetpack_memberships_contains_paid_content":false,"footnotes":"","jetpack_publicize_message":"","jetpack_publicize_feature_enabled":true,"jetpack_social_post_already_shared":false,"jetpack_social_options":{"image_generator_settings":{"template":"highway","default_image_id":0,"font":"","enabled":false},"version":2}},"categories":[21],"tags":[],"class_list":["post-4025","post","type-post","status-publish","format-standard","hentry","category-valokuvatorstai","latest_post"],"jetpack_publicize_connections":[],"jetpack_featured_media_url":"","jetpack_shortlink":"https:\/\/wp.me\/pr4p4-12V","jetpack_sharing_enabled":true,"jetpack_likes_enabled":false,"jetpack-related-posts":[{"id":44948,"url":"https:\/\/www.satokangas.fi\/blogi\/2023\/02\/automaattinen-luonnos\/","url_meta":{"origin":4025,"position":0},"title":"My\u00f6t\u00e4tuulessa tuulta paossa","author":"Reija","date":"28.2.2023","format":false,"excerpt":"\u00a0 Huomenta!\u00a0 Se on t\u00e4m\u00e4n kuvan nimi! Aamu valkenee, kun ved\u00e4t kuvassa olevaa viivaa vasemmalle T\u00e4ss\u00e4p\u00e4 keskeisin aikaansaannos t\u00e4lle p\u00e4iv\u00e4lle: oppia tekem\u00e4\u00e4n t\u00e4llainen ennen-j\u00e4lkeen kuva ja viel\u00e4 onnistua liitt\u00e4m\u00e4\u00e4n se blogiin!\u00a0 Olen my\u00f6s oppinut muokkaamaan emojin, tai kaksikin. :D\u00a0 T\u00e4ss\u00e4 ensimm\u00e4inen \"oma tekem\u00e4\".\u00a0 \u00a0 Siis ei 'sukset ristiss\u00e4', vaan sauvat.\u2026","rel":"","context":"Kategoriassa &quot;Bloggailu&quot;","block_context":{"text":"Bloggailu","link":"https:\/\/www.satokangas.fi\/blogi\/category\/bloggailu\/"},"img":{"alt_text":"","src":"https:\/\/i0.wp.com\/www.satokangas.fi\/blogi\/wp-content\/uploads\/2023\/02\/myotatuulessa_-5.jpg?resize=350%2C200&ssl=1","width":350,"height":200,"srcset":"https:\/\/i0.wp.com\/www.satokangas.fi\/blogi\/wp-content\/uploads\/2023\/02\/myotatuulessa_-5.jpg?resize=350%2C200&ssl=1 1x, https:\/\/i0.wp.com\/www.satokangas.fi\/blogi\/wp-content\/uploads\/2023\/02\/myotatuulessa_-5.jpg?resize=525%2C300&ssl=1 1.5x, https:\/\/i0.wp.com\/www.satokangas.fi\/blogi\/wp-content\/uploads\/2023\/02\/myotatuulessa_-5.jpg?resize=700%2C400&ssl=1 2x"},"classes":[]},{"id":6943,"url":"https:\/\/www.satokangas.fi\/blogi\/2010\/04\/valokuvatorstai-kuva-vanhoista-pulloista\/","url_meta":{"origin":4025,"position":1},"title":"Valokuvatorstai: kuva vanhoista pulloista","author":"Reija","date":"22.4.2010","format":false,"excerpt":"Valokuvatorstaissa on t\u00e4n\u00e4\u00e4n haasteena kuva. Haastekuva on alempana. Oma vastaukseni on t\u00e4ss\u00e4. Karhulan lasitehtaan pienet suolasirotinpullot olivat Tavastilan mummolassa kiehtovimmat esineet, mit\u00e4 muistan. Sain niill\u00e4 leikki\u00e4 siell\u00e4 k\u00e4ydess\u00e4mme. Mutta varovasti. Onneksi leikin varovasti, - samaiset vieh\u00e4tt\u00e4v\u00e4t pikkupullot (klikkaamalla kuvaa pienist\u00e4 tulee isompia) olivat ehjin\u00e4 viel\u00e4 viime kes\u00e4n\u00e4 t\u00e4din keitti\u00f6ss\u00e4. Juuri\u2026","rel":"","context":"Kategoriassa &quot;Niit\u00e4 n\u00e4it\u00e4&quot;","block_context":{"text":"Niit\u00e4 n\u00e4it\u00e4","link":"https:\/\/www.satokangas.fi\/blogi\/category\/aiheeton\/"},"img":{"alt_text":"","src":"https:\/\/i0.wp.com\/www.satokangas.fi\/blogi\/wp-content\/uploads\/2010\/04\/Karhula-500x356.jpg?resize=350%2C200&ssl=1","width":350,"height":200},"classes":[]},{"id":3997,"url":"https:\/\/www.satokangas.fi\/blogi\/2009\/08\/toissa-kesalla\/","url_meta":{"origin":4025,"position":2},"title":"T\u00f6iss\u00e4 kes\u00e4ll\u00e4","author":"Reija","date":"10.8.2009","format":false,"excerpt":"T\u00f6iss\u00e4 kuin lomalla en olisi ollutkaan... Ensi viikon arkistoreissun valmistelua, opiskelijoita ovenpieless\u00e4 piipahtelemassa, yksi HOPSikin jo v\u00e4\u00e4nnettiin, ekskursiota varten puheluita. Nopeastihan aika kului. Ev\u00e4\u00e4n\u00e4 raejuustoa ja ananasta, kuinkahan kauan sit\u00e4 on sy\u00f6t\u00e4v\u00e4 ett\u00e4 on taas sinut kroppansa kanssa. Tuskastuttavan kuuma ja tukahduttavan huono ilma, mutta tulipahan k\u00e4yty\u00e4 kirjastossa - kandiseminaariaiheita\u2026","rel":"","context":"Kategoriassa &quot;Niit\u00e4 n\u00e4it\u00e4&quot;","block_context":{"text":"Niit\u00e4 n\u00e4it\u00e4","link":"https:\/\/www.satokangas.fi\/blogi\/category\/aiheeton\/"},"img":{"alt_text":"","src":"","width":0,"height":0},"classes":[]},{"id":13409,"url":"https:\/\/www.satokangas.fi\/blogi\/2012\/02\/valokuvatorstai-tilapainen\/","url_meta":{"origin":4025,"position":3},"title":"Valokuvatorstai: Tilap\u00e4inen","author":"Reija","date":"2.2.2012","format":false,"excerpt":"TILAP\u00c4INEN se ett\u00e4 kaikki maailmassa on tilap\u00e4ist\u00e4 ei tarkoita samaa kuin ett\u00e4 kaikki muuttuu, ett\u00e4 maailma muuttuu, ett\u00e4 pysyv\u00e4\u00e4 on vain muutos, miten se ilmaistaankin, muutoskin on vain tilap\u00e4ist\u00e4, pysyvyys tilap\u00e4ist\u00e4, ja kaikki v\u00e4ltt\u00e4m\u00e4t\u00f6n vasta tilap\u00e4ist\u00e4 onkin, ruoka muuttuu sonnaksi, juoma virtsaksi, ne ovat vain aineen tilap\u00e4isi\u00e4 muotoja eik\u00e4 siin\u00e4\u2026","rel":"","context":"Kategoriassa &quot;Valokuvatorstai&quot;","block_context":{"text":"Valokuvatorstai","link":"https:\/\/www.satokangas.fi\/blogi\/category\/valokuvaus\/valokuvatorstai\/"},"img":{"alt_text":"","src":"https:\/\/i0.wp.com\/www.satokangas.fi\/blogi\/wp-content\/uploads\/Tilap%C3%A4inen-600x400.jpg?resize=350%2C200&ssl=1","width":350,"height":200,"srcset":"https:\/\/i0.wp.com\/www.satokangas.fi\/blogi\/wp-content\/uploads\/Tilap%C3%A4inen-600x400.jpg?resize=350%2C200&ssl=1 1x, https:\/\/i0.wp.com\/www.satokangas.fi\/blogi\/wp-content\/uploads\/Tilap%C3%A4inen-600x400.jpg?resize=525%2C300&ssl=1 1.5x"},"classes":[]},{"id":11362,"url":"https:\/\/www.satokangas.fi\/blogi\/2011\/04\/valokuvatorstai-heijastuksia-2\/","url_meta":{"origin":4025,"position":4},"title":"Valokuvatorstai: Heijastuksia","author":"Reija","date":"7.4.2011","format":false,"excerpt":"T\u00e4m\u00e4n viikon valokuvatorstain haaste \"Heijastuksia\" antaa mahdollisuuden haaveilla kes\u00e4st\u00e4. Kuva helteisen hein\u00e4kuun aamuna Mustion linnan lummepolun varrelta. Kuvat suurenevat klikkaamalla. Muiden heijastuksia t\u00e4\u00e4ll\u00e4.","rel":"","context":"Kategoriassa &quot;Valokuvatorstai&quot;","block_context":{"text":"Valokuvatorstai","link":"https:\/\/www.satokangas.fi\/blogi\/category\/valokuvaus\/valokuvatorstai\/"},"img":{"alt_text":"","src":"https:\/\/i0.wp.com\/www.satokangas.fi\/blogi\/wp-content\/uploads\/heijastuksia-572x400.jpg?resize=350%2C200&ssl=1","width":350,"height":200,"srcset":"https:\/\/i0.wp.com\/www.satokangas.fi\/blogi\/wp-content\/uploads\/heijastuksia-572x400.jpg?resize=350%2C200&ssl=1 1x, https:\/\/i0.wp.com\/www.satokangas.fi\/blogi\/wp-content\/uploads\/heijastuksia-572x400.jpg?resize=525%2C300&ssl=1 1.5x"},"classes":[]},{"id":7619,"url":"https:\/\/www.satokangas.fi\/blogi\/2010\/06\/valokuvatorstai-juhannus\/","url_meta":{"origin":4025,"position":5},"title":"Valokuvatorstai: Juhannus","author":"Reija","date":"24.6.2010","format":false,"excerpt":"Siin\u00e4 on on juhannaaaton lounashetki. Piti oikein k\u00e4yd\u00e4 \u00e4sken puronrannassa lavastamassa t\u00e4m\u00e4 otos\u00a0(klikkaamalla kuva suurenee). Ihanaa Juhannusta koko Valokuvatorstain v\u00e4elle!","rel":"","context":"Kategoriassa &quot;Valokuvatorstai&quot;","block_context":{"text":"Valokuvatorstai","link":"https:\/\/www.satokangas.fi\/blogi\/category\/valokuvaus\/valokuvatorstai\/"},"img":{"alt_text":"","src":"https:\/\/i0.wp.com\/www.satokangas.fi\/blogi\/wp-content\/uploads\/2010\/06\/juhannus-500x325.jpg?resize=350%2C200&ssl=1","width":350,"height":200},"classes":[]}],"_links":{"self":[{"href":"https:\/\/www.satokangas.fi\/blogi\/wp-json\/wp\/v2\/posts\/4025","targetHints":{"allow":["GET"]}}],"collection":[{"href":"https:\/\/www.satokangas.fi\/blogi\/wp-json\/wp\/v2\/posts"}],"about":[{"href":"https:\/\/www.satokangas.fi\/blogi\/wp-json\/wp\/v2\/types\/post"}],"author":[{"embeddable":true,"href":"https:\/\/www.satokangas.fi\/blogi\/wp-json\/wp\/v2\/users\/1"}],"replies":[{"embeddable":true,"href":"https:\/\/www.satokangas.fi\/blogi\/wp-json\/wp\/v2\/comments?post=4025"}],"version-history":[{"count":0,"href":"https:\/\/www.satokangas.fi\/blogi\/wp-json\/wp\/v2\/posts\/4025\/revisions"}],"wp:attachment":[{"href":"https:\/\/www.satokangas.fi\/blogi\/wp-json\/wp\/v2\/media?parent=4025"}],"wp:term":[{"taxonomy":"category","embeddable":true,"href":"https:\/\/www.satokangas.fi\/blogi\/wp-json\/wp\/v2\/categories?post=4025"},{"taxonomy":"post_tag","embeddable":true,"href":"https:\/\/www.satokangas.fi\/blogi\/wp-json\/wp\/v2\/tags?post=4025"}],"curies":[{"name":"wp","href":"https:\/\/api.w.org\/{rel}","templated":true}]}}