{"id":4002,"date":"2009-08-11T21:10:33","date_gmt":"2009-08-11T18:10:33","guid":{"rendered":"https:\/\/www.satokangas.fi\/blogi\/?p=4002"},"modified":"2009-08-12T08:16:22","modified_gmt":"2009-08-12T05:16:22","slug":"polvileikkaus-ja-pehtoorin-paivalliset","status":"publish","type":"post","link":"https:\/\/www.satokangas.fi\/blogi\/2009\/08\/polvileikkaus-ja-pehtoorin-paivalliset\/","title":{"rendered":"Polvileikkaus ja pehtoorin p\u00e4iv\u00e4lliset"},"content":{"rendered":"<p>Pojasta polvi paranee. Toivottavasti. T\u00e4n\u00e4\u00e4n on kuopuksen reilu vuosi sitten teloma polvi korjailtu, leikattu. Nivelsiteit\u00e4 kiristelty. T\u00f6iss\u00e4 kyseliv\u00e4t, ett\u00e4 olenko hermona kun poika on nukutettu ja leikkaus meneill\u00e4\u00e4n. Hermona? Huolissani? En, miksi olisin ollut? Poikahan oli ammattilaisten (mm. yst\u00e4v\u00e4-ortopedin) huomassa. Huolissani ja keskittymiskyvyt\u00f6n olen silloin kun poika huitelee tien p\u00e4\u00e4ll\u00e4 tai tyt\u00e4r on y\u00f6ll\u00e4 tulossa diskosta kotiin. Tai kun ollaan reissussa, eik\u00e4 tarkkaan tiedet\u00e4, miss\u00e4 pennut on ja eiv\u00e4tk\u00e4 vastaa juuri silloin puhelimeen kun yrit\u00e4n soittaa. Kun en tied\u00e4, olen hermona. Kun en tied\u00e4, mit\u00e4 tapahtuu, silloin olen huolissani. Silloin syd\u00e4nalasta kuristaa, huulet vet\u00e4ytyv\u00e4t tiukaksi, silloin nen\u00e4nvarressa tuntuu ett\u00e4 jostakin vuotaa&#8230; Joo &#8211; tied\u00e4n, ett\u00e4 meid\u00e4n mutikaiset ovat t\u00e4ysi-ik\u00e4isi\u00e4. Tied\u00e4n, ettei hy\u00f6dytt\u00e4isi olla huolissaan, mutta ei n\u00e4ill\u00e4 asioilla ole mit\u00e4\u00e4n tekemist\u00e4 tiedon kanssa. Min\u00e4 vaan olen, &#8211; huolissani.<\/p>\n<p>Pojan kanssahan minulle ei sellainen tiet\u00e4m\u00e4t\u00f6n olo yleens\u00e4 tule. T\u00e4m\u00e4 kun soittaa abouttirallaa viisi kertaa vuorokaudessa, ja soiton syyt ovat l\u00e4htem\u00e4tt\u00f6m\u00e4n t\u00e4rkeit\u00e4: &#8221;Moi-ehdin-t\u00e4n\u00e4\u00e4n-kouluun-enk\u00e4-my\u00f6h\u00e4styny&#8221; tai &#8221;monelta-meillon-ruoka,-ja-mit\u00e4-ruokaa?&#8221; tai &#8221;ilmoittelen vaan ett\u00e4 oon H:lla ja tuun huomenna&#8221;. Varsin oivallista ett\u00e4 ilmoittelee. Ent\u00e4s sitten tyt\u00e4r? Esimerkin voisin kertoa: oltiin pehtoorin kanssa muutaman p\u00e4iv\u00e4n reissulla (Karhula, Porvoo, Rantasalmi, Vierum\u00e4ki) ja pistin tekstiviestin tytt\u00e4relle, joka oli ollut Tampereella kaverin kanssa pari p\u00e4iv\u00e4\u00e4, jotta: &#8221;Oothan jo kotona, oothan jo palautunu, oothan hengiss\u00e4?&#8221; Ja kyselen muutaman &#8211; vain muutaman muun &#8211; oleellisen kysymyksen siten, ett\u00e4 viestin pituus on vaatimattomat 480 merkki\u00e4, mihin ty\u00e4r vastaa: &#8221;Oon. :)&#8221;. Mit\u00e4s siin\u00e4 huolehdit! <\/p>\n<p>No polvileikkaus on ohi. Poika kulkee keppien kanssa ja nauttii saamastaan huomiosta. Kavereita piipahtelee, vanhemmat kantavat potilaalle limpparia ja ev\u00e4st\u00e4. Sisarkin on isommasti aukomatta p\u00e4\u00e4t\u00e4\u00e4n. Pojasta polvi paranee.<\/p>\n<p>Pojan is\u00e4, elikk\u00e4s pehtoori, on my\u00f6s ollut hemmoteltavana. Ainakin nyt ehtoolla. S\u00f6imme ik\u00e4\u00e4ntyv\u00e4n mieheni kunniaksi v\u00e4h\u00e4n (&#8230;) tavallista paremmin. Ja eih\u00e4n sille mit\u00e4\u00e4n voi, mutta meist\u00e4h\u00e4n oli mukavaa kun oltiin nelj\u00e4st\u00e4\u00e4n, niinkuin vain perheen kesken, nelj\u00e4st\u00e4\u00e4n. V\u00e4lill\u00e4 niinkin. <\/p>\n","protected":false},"excerpt":{"rendered":"<p>Pojasta polvi paranee. Toivottavasti. T\u00e4n\u00e4\u00e4n on kuopuksen reilu vuosi sitten teloma polvi korjailtu, leikattu. Nivelsiteit\u00e4 kiristelty. T\u00f6iss\u00e4 kyseliv\u00e4t, ett\u00e4 olenko hermona kun poika on nukutettu ja leikkaus meneill\u00e4\u00e4n. Hermona? Huolissani? En, miksi olisin ollut? Poikahan oli ammattilaisten (mm. yst\u00e4v\u00e4-ortopedin) huomassa. Huolissani ja keskittymiskyvyt\u00f6n olen silloin kun poika huitelee tien p\u00e4\u00e4ll\u00e4 tai tyt\u00e4r on y\u00f6ll\u00e4 tulossa diskosta kotiin. Tai kun ollaan &hellip; <\/p>\n","protected":false},"author":1,"featured_media":0,"comment_status":"open","ping_status":"open","sticky":false,"template":"","format":"standard","meta":{"jetpack_post_was_ever_published":false,"_jetpack_newsletter_access":"","_jetpack_dont_email_post_to_subs":false,"_jetpack_newsletter_tier_id":0,"_jetpack_memberships_contains_paywalled_content":false,"_jetpack_memberships_contains_paid_content":false,"footnotes":"","jetpack_publicize_message":"","jetpack_publicize_feature_enabled":true,"jetpack_social_post_already_shared":false,"jetpack_social_options":{"image_generator_settings":{"template":"highway","default_image_id":0,"font":"","enabled":false},"version":2}},"categories":[22],"tags":[],"class_list":["post-4002","post","type-post","status-publish","format-standard","hentry","category-vanhemmuus","latest_post"],"jetpack_publicize_connections":[],"jetpack_featured_media_url":"","jetpack_shortlink":"https:\/\/wp.me\/pr4p4-12y","jetpack_sharing_enabled":true,"jetpack_likes_enabled":false,"jetpack-related-posts":[{"id":1505,"url":"https:\/\/www.satokangas.fi\/blogi\/2008\/11\/tenttivastausten-aarella\/","url_meta":{"origin":4002,"position":0},"title":"Tenttivastausten \u00e4\u00e4rell\u00e4","author":"Reija","date":"10.11.2008","format":false,"excerpt":"Tarkastin t\u00e4n\u00e4\u00e4n nipun tenttej\u00e4. Korostan, ett\u00e4 tentaattoritkin ovat ihmisi\u00e4. Siisp\u00e4: Sotkuista, selv\u00e4\u00e4saamatonta, koukeroista ja ep\u00e4m\u00e4\u00e4r\u00e4isen himme\u00e4\u00e4 tenttivastausta lukiessa vaikutelma opiskelijan tuotoksesta ei ole paras mahdollinen. Ei vaikka sis\u00e4lt\u00f6 olisi kuinka briljanttia ja analyyttist\u00e4. Kielioppivirheist\u00e4 ei arvosanaa heikennet\u00e4, mutta tentaattorin k\u00e4sitys opiskelijasta, joka kirjoittaa Ven\u00e4j\u00e4n pienell\u00e4 alkukirjaimella ja ven\u00e4l\u00e4iset isolla tai\u2026","rel":"","context":"Kategoriassa &quot;Yliopistoel\u00e4m\u00e4\u00e4&quot;","block_context":{"text":"Yliopistoel\u00e4m\u00e4\u00e4","link":"https:\/\/www.satokangas.fi\/blogi\/category\/yliopistoelamaa\/"},"img":{"alt_text":"","src":"","width":0,"height":0},"classes":[]},{"id":11949,"url":"https:\/\/www.satokangas.fi\/blogi\/2011\/07\/helle-ja-heippa\/","url_meta":{"origin":4002,"position":1},"title":"Helle ja heippa!","author":"Reija","date":"8.7.2011","format":false,"excerpt":"+ 33 C. Kes\u00e4n helteisin p\u00e4iv\u00e4. :) Seh\u00e4n oli ihan hurjan mukavaa! Aamulenkin (ei pelkoakaan ylikunnon puolelle menosta... ) j\u00e4lkeen mansikka-aamiainen ja sitten Caritakseen \"huoltokuljetus\" ennen matkalle l\u00e4ht\u00f6\u00e4. Puolelta p\u00e4ivin poika k\u00e4vi: l\u00e4hti tytt\u00f6yst\u00e4v\u00e4ns\u00e4 kanssa viimeiseksi siviiliviikonlopuksi kotimaanmatkailemaan. Tampereelle. Koskapa me l\u00e4hdemme jo huomenna Hesaan, ei sitten en\u00e4\u00e4 n\u00e4hd\u00e4 ennen\u2026","rel":"","context":"Kategoriassa &quot;Niit\u00e4 n\u00e4it\u00e4&quot;","block_context":{"text":"Niit\u00e4 n\u00e4it\u00e4","link":"https:\/\/www.satokangas.fi\/blogi\/category\/aiheeton\/"},"img":{"alt_text":"","src":"","width":0,"height":0},"classes":[]},{"id":14703,"url":"https:\/\/www.satokangas.fi\/blogi\/2012\/07\/reservinaurinko-paistaa\/","url_meta":{"origin":4002,"position":2},"title":"(Reservin)aurinko paistaa","author":"Reija","date":"6.7.2012","format":false,"excerpt":"-\u00a0\u00a0\u00a0\u00a0\u00a0\u00a0\u00a0\u00a0\u00a0 Me t\u00e4ss\u00e4 miehisesti puhuttiin poikuuden menett\u00e4misest\u00e4, eli hyvin armeijan tapaista, kyll\u00e4kin vaan kiinnitettiin termeihin huomiota. Ja sin\u00e4 kun osaat t\u00e4m\u00e4n \u00e4idinkielen kieliopin niin hyvin, nii jos nainen voi kuolla neitsyeen\u00e4 ja miehest\u00e4 puhutaan poikuuden menett\u00e4j\u00e4n\u00e4, niin min\u00e4 se kuolee, jos ei ole menett\u00e4nyt poikuuttaan ja neitsyt sanaa ei voi\u2026","rel":"","context":"Kategoriassa &quot;Niit\u00e4 n\u00e4it\u00e4&quot;","block_context":{"text":"Niit\u00e4 n\u00e4it\u00e4","link":"https:\/\/www.satokangas.fi\/blogi\/category\/aiheeton\/"},"img":{"alt_text":"","src":"https:\/\/i0.wp.com\/www.satokangas.fi\/blogi\/wp-content\/uploads\/Siviiliin-mars1-586x400.jpg?resize=350%2C200&ssl=1","width":350,"height":200,"srcset":"https:\/\/i0.wp.com\/www.satokangas.fi\/blogi\/wp-content\/uploads\/Siviiliin-mars1-586x400.jpg?resize=350%2C200&ssl=1 1x, https:\/\/i0.wp.com\/www.satokangas.fi\/blogi\/wp-content\/uploads\/Siviiliin-mars1-586x400.jpg?resize=525%2C300&ssl=1 1.5x"},"classes":[]},{"id":45072,"url":"https:\/\/www.satokangas.fi\/blogi\/2023\/03\/yhdenlaistet-lapsenjuhlat\/","url_meta":{"origin":4002,"position":3},"title":"Yhdenlaiset lapsenjuhlat","author":"Reija","date":"17.3.2023","format":false,"excerpt":"Siit\u00e4 on pian 32 vuotta, kun olin OYSin osastolla 11, jonka huoneen numero seitsem\u00e4n viereisell\u00e4 pedill\u00e4 (tosin jouduimme p\u00e4iv\u00e4ksi k\u00e4yt\u00e4v\u00e4llekin, oli n\u00e4et kev\u00e4ruuhkaa) oli tuore \u00e4iti, joka oli ensimm\u00e4isens\u00e4 edellisen\u00e4 y\u00f6n\u00e4 synnytt\u00e4nyt, kuten min\u00e4kin toiseni. Muutamana p\u00e4iv\u00e4n\u00e4 jutellessamme huomasin h\u00e4nen olevan kovin h\u00e4diss\u00e4\u00e4n maailman tilanteesta: pankkikriisi, luisuminen lamaan ja ty\u00f6tt\u00f6myyteen,\u2026","rel":"","context":"Kategoriassa &quot;Isovanhemmuus&quot;","block_context":{"text":"Isovanhemmuus","link":"https:\/\/www.satokangas.fi\/blogi\/category\/isovanhemmuus\/"},"img":{"alt_text":"","src":"https:\/\/i0.wp.com\/www.satokangas.fi\/blogi\/wp-content\/uploads\/2023\/03\/IMG_20230318_064839-1-e1679116911966.jpg?resize=350%2C200&ssl=1","width":350,"height":200,"srcset":"https:\/\/i0.wp.com\/www.satokangas.fi\/blogi\/wp-content\/uploads\/2023\/03\/IMG_20230318_064839-1-e1679116911966.jpg?resize=350%2C200&ssl=1 1x, https:\/\/i0.wp.com\/www.satokangas.fi\/blogi\/wp-content\/uploads\/2023\/03\/IMG_20230318_064839-1-e1679116911966.jpg?resize=525%2C300&ssl=1 1.5x"},"classes":[]},{"id":24448,"url":"https:\/\/www.satokangas.fi\/blogi\/2015\/04\/odottavan-aika\/","url_meta":{"origin":4002,"position":4},"title":"Odottavan aika","author":"Reija","date":"27.4.2015","format":false,"excerpt":"Nyt on en\u00e4\u00e4 suunnilleen kuukausi \u2026 Aika on mennyt hurjan nopeasti. Ainahan se. En tied\u00e4, kuka meist\u00e4 on t\u00e4ss\u00e4 ajassa muuttunut ja kasvanut eniten. Mutta on ollut ihan hurjan hienoa, ainutkertaista, n\u00e4in \u00e4itin\u00e4, n\u00e4hd\u00e4, kuinka Juniori on kasvanut. Juniorikin. Jo lokakuussa, ennen kuin l\u00e4hdettiin nuoren parin kanssa patikkareissulle Mallorcalle, saimme\u2026","rel":"","context":"Kategoriassa &quot;Vanhemmuus&quot;","block_context":{"text":"Vanhemmuus","link":"https:\/\/www.satokangas.fi\/blogi\/category\/vanhemmuus\/"},"img":{"alt_text":"Kuva1","src":"https:\/\/i0.wp.com\/www.satokangas.fi\/blogi\/wp-content\/uploads\/2015\/04\/Kuva1-300x207.png?resize=350%2C200&ssl=1","width":350,"height":200},"classes":[]},{"id":16581,"url":"https:\/\/www.satokangas.fi\/blogi\/2013\/02\/16581\/","url_meta":{"origin":4002,"position":5},"title":"V\u00e4it\u00f6stilaisuudessa","author":"Reija","date":"22.2.2013","format":false,"excerpt":"Siell\u00e4 oli sellaista merkillist\u00e4 Ancien R\u00e9gime -tunnelmaa, historian laitoksen havinaa 1970-luvun lopulta ja 1980-luvulta. Meit\u00e4 silloin laitoksen henkil\u00f6kuntaan ja l\u00e4hipiiriin kuuluneita oli t\u00e4n\u00e4\u00e4n paikalla samassa luentosalissa enemm\u00e4n kuin aikoihin. Meit\u00e4 oli monta! \u00a0Muutama kymmen?\u00a0Eik\u00e4 Leopold von Ranken esiintuominen yht\u00e4\u00e4n v\u00e4hent\u00e4nyt ajatuksen kulkua menneeseen... Olin t\u00e4n\u00e4\u00e4n iltap\u00e4iv\u00e4n kuuntelemassa v\u00e4it\u00f6st\u00e4; metodioppi kakkonen\u2026","rel":"","context":"Kategoriassa &quot;Niit\u00e4 n\u00e4it\u00e4&quot;","block_context":{"text":"Niit\u00e4 n\u00e4it\u00e4","link":"https:\/\/www.satokangas.fi\/blogi\/category\/aiheeton\/"},"img":{"alt_text":"_full","src":"https:\/\/i0.wp.com\/www.satokangas.fi\/blogi\/wp-content\/uploads\/2013\/02\/full-533x400.jpg?resize=350%2C200&ssl=1","width":350,"height":200,"srcset":"https:\/\/i0.wp.com\/www.satokangas.fi\/blogi\/wp-content\/uploads\/2013\/02\/full-533x400.jpg?resize=350%2C200&ssl=1 1x, https:\/\/i0.wp.com\/www.satokangas.fi\/blogi\/wp-content\/uploads\/2013\/02\/full-533x400.jpg?resize=525%2C300&ssl=1 1.5x"},"classes":[]}],"_links":{"self":[{"href":"https:\/\/www.satokangas.fi\/blogi\/wp-json\/wp\/v2\/posts\/4002","targetHints":{"allow":["GET"]}}],"collection":[{"href":"https:\/\/www.satokangas.fi\/blogi\/wp-json\/wp\/v2\/posts"}],"about":[{"href":"https:\/\/www.satokangas.fi\/blogi\/wp-json\/wp\/v2\/types\/post"}],"author":[{"embeddable":true,"href":"https:\/\/www.satokangas.fi\/blogi\/wp-json\/wp\/v2\/users\/1"}],"replies":[{"embeddable":true,"href":"https:\/\/www.satokangas.fi\/blogi\/wp-json\/wp\/v2\/comments?post=4002"}],"version-history":[{"count":0,"href":"https:\/\/www.satokangas.fi\/blogi\/wp-json\/wp\/v2\/posts\/4002\/revisions"}],"wp:attachment":[{"href":"https:\/\/www.satokangas.fi\/blogi\/wp-json\/wp\/v2\/media?parent=4002"}],"wp:term":[{"taxonomy":"category","embeddable":true,"href":"https:\/\/www.satokangas.fi\/blogi\/wp-json\/wp\/v2\/categories?post=4002"},{"taxonomy":"post_tag","embeddable":true,"href":"https:\/\/www.satokangas.fi\/blogi\/wp-json\/wp\/v2\/tags?post=4002"}],"curies":[{"name":"wp","href":"https:\/\/api.w.org\/{rel}","templated":true}]}}