{"id":3997,"date":"2009-08-10T20:22:47","date_gmt":"2009-08-10T17:22:47","guid":{"rendered":"https:\/\/www.satokangas.fi\/blogi\/?p=3997"},"modified":"2009-08-10T20:25:18","modified_gmt":"2009-08-10T17:25:18","slug":"toissa-kesalla","status":"publish","type":"post","link":"https:\/\/www.satokangas.fi\/blogi\/2009\/08\/toissa-kesalla\/","title":{"rendered":"T\u00f6iss\u00e4 kes\u00e4ll\u00e4"},"content":{"rendered":"<p>T\u00f6iss\u00e4 kuin lomalla en olisi ollutkaan&#8230; Ensi viikon arkistoreissun valmistelua, opiskelijoita ovenpieless\u00e4 piipahtelemassa, yksi HOPSikin jo v\u00e4\u00e4nnettiin, ekskursiota varten puheluita. Nopeastihan aika kului. Ev\u00e4\u00e4n\u00e4 raejuustoa ja ananasta, kuinkahan kauan sit\u00e4 on sy\u00f6t\u00e4v\u00e4 ett\u00e4 on taas sinut kroppansa kanssa. Tuskastuttavan kuuma ja tukahduttavan huono ilma, mutta tulipahan k\u00e4yty\u00e4 kirjastossa &#8211; kandiseminaariaiheita kovin v\u00e4h\u00e4n tyrkyll\u00e4. Vatuloida ei saisi niiden kanssa; on tulossa uusia semmalaisia &#8230; Toisaalta siis sittenkin: t\u00f6iss\u00e4kin viel\u00e4 kes\u00e4. <\/p>\n<p>Ilta kotona vain hy\u00f6tyliikuntaa&#8230; kotit\u00f6it\u00e4, puuhastelua pihapiiriss\u00e4. Valokuvasinkin. Yll\u00e4tt\u00e4v\u00e4\u00e4. Valokuvatorstai palaa t\u00e4ll\u00e4 viikolla lomalta ja haasteena on &#8221;parasta kes\u00e4ss\u00e4&#8221;. Yhdell\u00e4 valokuvalla (joita t\u00e4n\u00e4 kes\u00e4n\u00e4 olen ottanut varmasti pari tuhatta!) pit\u00e4isi osallistua. T\u00e4ss\u00e4 kes\u00e4ss\u00e4 on niin monenlaisia juonteita, niin monenlaisia juttuja, ett\u00e4 minun on mahdoton n\u00e4hd\u00e4 mets\u00e4\u00e4 puilta, mahdoton sanoa, mik\u00e4 oli parasta kes\u00e4ss\u00e4. Ehk\u00e4 kes\u00e4. Se ett\u00e4 t\u00e4n\u00e4 vuonna tosiaan on ollut kes\u00e4. Se on ollut ja on viel\u00e4kin niin parasta.<\/p>\n","protected":false},"excerpt":{"rendered":"<p>T\u00f6iss\u00e4 kuin lomalla en olisi ollutkaan&#8230; Ensi viikon arkistoreissun valmistelua, opiskelijoita ovenpieless\u00e4 piipahtelemassa, yksi HOPSikin jo v\u00e4\u00e4nnettiin, ekskursiota varten puheluita. Nopeastihan aika kului. Ev\u00e4\u00e4n\u00e4 raejuustoa ja ananasta, kuinkahan kauan sit\u00e4 on sy\u00f6t\u00e4v\u00e4 ett\u00e4 on taas sinut kroppansa kanssa. Tuskastuttavan kuuma ja tukahduttavan huono ilma, mutta tulipahan k\u00e4yty\u00e4 kirjastossa &#8211; kandiseminaariaiheita kovin v\u00e4h\u00e4n tyrkyll\u00e4. Vatuloida ei saisi niiden kanssa; on tulossa &hellip; <\/p>\n","protected":false},"author":1,"featured_media":0,"comment_status":"open","ping_status":"open","sticky":false,"template":"","format":"standard","meta":{"jetpack_post_was_ever_published":false,"_jetpack_newsletter_access":"","_jetpack_dont_email_post_to_subs":false,"_jetpack_newsletter_tier_id":0,"_jetpack_memberships_contains_paywalled_content":false,"_jetpack_memberships_contains_paid_content":false,"footnotes":"","jetpack_publicize_message":"","jetpack_publicize_feature_enabled":true,"jetpack_social_post_already_shared":false,"jetpack_social_options":{"image_generator_settings":{"template":"highway","default_image_id":0,"font":"","enabled":false},"version":2}},"categories":[1],"tags":[],"class_list":["post-3997","post","type-post","status-publish","format-standard","hentry","category-aiheeton","latest_post"],"jetpack_publicize_connections":[],"jetpack_featured_media_url":"","jetpack_shortlink":"https:\/\/wp.me\/pr4p4-12t","jetpack_sharing_enabled":true,"jetpack_likes_enabled":false,"jetpack-related-posts":[{"id":21695,"url":"https:\/\/www.satokangas.fi\/blogi\/2014\/07\/juhlahetkia-loman-keskella\/","url_meta":{"origin":3997,"position":0},"title":"Juhlahetki\u00e4 loman keskell\u00e4","author":"Reija","date":"9.7.2014","format":false,"excerpt":"Mit\u00e4 t\u00e4n\u00e4\u00e4n? Ihan hurjan aikaisin yl\u00f6s. Touhuamista. Liikkumista. K\u00e4vellen kaupungille. Iltap\u00e4iv\u00e4ll\u00e4 Laanilan historia -palaveria, aurinkoa, h\u00f6mpp\u00e4lukemista. Ja illansuussa uudelleen kaupunkiin, Pehtoorin kanssa, - nyt py\u00f6rill\u00e4. Ensin ajateltiin polkevamme Nallikariin simpukoille, mutta sitten: n\u00e4it\u00e4 helteisi\u00e4 kes\u00e4lomap\u00e4ivi\u00e4 on niiiiiin v\u00e4h\u00e4n, joten nyt tehd\u00e4\u00e4nkin ruoasta juhla. Siis vuorossa t\u00e4m\u00e4n kes\u00e4n Ule\u00e5borg. Luulen, ett\u00e4\u2026","rel":"","context":"Kategoriassa &quot;Oulu&quot;","block_context":{"text":"Oulu","link":"https:\/\/www.satokangas.fi\/blogi\/category\/oulu\/"},"img":{"alt_text":"ulkona-4","src":"https:\/\/i0.wp.com\/www.satokangas.fi\/blogi\/wp-content\/uploads\/2014\/07\/ulkona-4-297x400.jpg?resize=350%2C200&ssl=1","width":350,"height":200},"classes":[]},{"id":25876,"url":"https:\/\/www.satokangas.fi\/blogi\/2015\/08\/toista-yyneytta-kohti\/","url_meta":{"origin":3997,"position":1},"title":"T\u00f6ist\u00e4 tyyneytt\u00e4 kohti","author":"Reija","date":"26.8.2015","format":false,"excerpt":"Kyll\u00e4 kannatti k\u00e4yd\u00e4 t\u00e4n\u00e4\u00e4n t\u00f6iss\u00e4, eikun entisell\u00e4 ty\u00f6paikalla. Monestakin syyst\u00e4. Ensinn\u00e4kin puolenp\u00e4iv\u00e4n l\u00e4mm\u00f6ss\u00e4 oli kukkamekko hulmuten ihana k\u00e4vell\u00e4. Ei tuntunut lenkilt\u00e4. Tuntui kes\u00e4lle ja lomalle. Palatessa kiersin viel\u00e4 mutkan kautta, tuli ihan hyv\u00e4 kilometrisaldo. Toiseksi oli mukava kes\u00e4n j\u00e4lkeen n\u00e4hd\u00e4 muutamia ty\u00f6kavereita. Rupatella tovi. Ei viel\u00e4 ainakaan ollut vaikeaa jutella.\u2026","rel":"","context":"Kategoriassa &quot;Niit\u00e4 n\u00e4it\u00e4&quot;","block_context":{"text":"Niit\u00e4 n\u00e4it\u00e4","link":"https:\/\/www.satokangas.fi\/blogi\/category\/aiheeton\/"},"img":{"alt_text":"1-2","src":"https:\/\/i0.wp.com\/www.satokangas.fi\/blogi\/wp-content\/uploads\/2015\/08\/1-2-600x309.jpg?resize=350%2C200&ssl=1","width":350,"height":200,"srcset":"https:\/\/i0.wp.com\/www.satokangas.fi\/blogi\/wp-content\/uploads\/2015\/08\/1-2-600x309.jpg?resize=350%2C200&ssl=1 1x, https:\/\/i0.wp.com\/www.satokangas.fi\/blogi\/wp-content\/uploads\/2015\/08\/1-2-600x309.jpg?resize=525%2C300&ssl=1 1.5x"},"classes":[]},{"id":3624,"url":"https:\/\/www.satokangas.fi\/blogi\/2009\/06\/loman-alussa\/","url_meta":{"origin":3997,"position":2},"title":"Loman alussa","author":"Reija","date":"25.6.2009","format":false,"excerpt":"Tuulee etel\u00e4st\u00e4. Tuulestatemmattu l\u00e4htee etel\u00e4\u00e4n. On loma. T\u00f6ist\u00e4 tultuani kun sain kulkuneuvoni (juniori on edelleen pohjoisessa tytt\u00f6yst\u00e4v\u00e4ns\u00e4 kanssa, joten olen viett\u00e4nyt autottoman viikon) parkkeerattua ja kun pehtoori viel\u00e4 viimeisteli pihaa l\u00e4ht\u00f6kuntoon maistuivat meille lasilliset huippukuohuvaa. Matkakuumetta? Eip\u00e4 juuri, kun en ole viel\u00e4 ehtinyt oikeasti tajutakaan, ett\u00e4 huomenna l\u00e4hdet\u00e4\u00e4n. Koko kes\u00e4\u2026","rel":"","context":"Kategoriassa &quot;Niit\u00e4 n\u00e4it\u00e4&quot;","block_context":{"text":"Niit\u00e4 n\u00e4it\u00e4","link":"https:\/\/www.satokangas.fi\/blogi\/category\/aiheeton\/"},"img":{"alt_text":"","src":"https:\/\/i0.wp.com\/www.satokangas.fi\/blogi\/wp-content\/uploads\/2009\/06\/kuophuvat.jpg?resize=350%2C200&ssl=1","width":350,"height":200,"srcset":"https:\/\/i0.wp.com\/www.satokangas.fi\/blogi\/wp-content\/uploads\/2009\/06\/kuophuvat.jpg?resize=350%2C200&ssl=1 1x, https:\/\/i0.wp.com\/www.satokangas.fi\/blogi\/wp-content\/uploads\/2009\/06\/kuophuvat.jpg?resize=525%2C300&ssl=1 1.5x"},"classes":[]},{"id":501,"url":"https:\/\/www.satokangas.fi\/blogi\/2008\/08\/loppulause-loman-lopuksi\/","url_meta":{"origin":3997,"position":3},"title":"Loppulause loman lopuksi","author":"Reija","date":"3.8.2008","format":false,"excerpt":"Suorituslista ennen loman alkua oli pitk\u00e4. Autotallin \ufffd?sisustus\ufffd? on oikeastaan ainoa tekem\u00e4tt\u00e4 j\u00e4\u00e4nyt. Sekin kohta listassani, jossa luki \ufffd?\u00c4l\u00e4 suorita\ufffd?, on toteutunut aika hyvin. Samalla kun ajatuksissani jo kokoan listaa syksyn t\u00f6ist\u00e4, on tullut mietitty\u00e4 kuluneen enn\u00e4tyspitk\u00e4n lomajakson mennytt\u00e4. Kes\u00e4n top 10, jotta niinkuin yhteenveto muistoista. \ufffd?El\u00e4m\u00e4 ei ole menneet\u2026","rel":"","context":"Kategoriassa &quot;Niit\u00e4 n\u00e4it\u00e4&quot;","block_context":{"text":"Niit\u00e4 n\u00e4it\u00e4","link":"https:\/\/www.satokangas.fi\/blogi\/category\/aiheeton\/"},"img":{"alt_text":"","src":"","width":0,"height":0},"classes":[]},{"id":41077,"url":"https:\/\/www.satokangas.fi\/blogi\/2021\/06\/kissankellojen-aikaan\/","url_meta":{"origin":3997,"position":4},"title":"Kissankellojen aikaan","author":"Reija","date":"29.6.2021","format":false,"excerpt":"Aamulla lomalaiset (tyt\u00e4r & J.) l\u00e4htiv\u00e4t kohti pohjoista. T\u00e4ll\u00e4 kertaa ensin yhteist\u00e4 lomaa, ja viikon j\u00e4lkeen J:lla alkaa et\u00e4ty\u00f6t, mutta tyt\u00e4r voi viel\u00e4 lomailla (ja py\u00f6r\u00e4ill\u00e4) ainakin viikon verran ennen kuin h\u00e4nkin jatkaa et\u00e4t\u00f6it\u00e4. T\u00e4n\u00e4 kes\u00e4n\u00e4 ei aikonut suoritella mit\u00e4\u00e4n opintoja, vaan ihan vaan lomailla, mik\u00e4 on kyll\u00e4 hyv\u00e4 juttu.\u2026","rel":"","context":"Kategoriassa &quot;Niit\u00e4 n\u00e4it\u00e4&quot;","block_context":{"text":"Niit\u00e4 n\u00e4it\u00e4","link":"https:\/\/www.satokangas.fi\/blogi\/category\/aiheeton\/"},"img":{"alt_text":"","src":"https:\/\/i0.wp.com\/www.satokangas.fi\/blogi\/wp-content\/uploads\/2021\/06\/Kissankellot-2.jpg?resize=350%2C200&ssl=1","width":350,"height":200,"srcset":"https:\/\/i0.wp.com\/www.satokangas.fi\/blogi\/wp-content\/uploads\/2021\/06\/Kissankellot-2.jpg?resize=350%2C200&ssl=1 1x, https:\/\/i0.wp.com\/www.satokangas.fi\/blogi\/wp-content\/uploads\/2021\/06\/Kissankellot-2.jpg?resize=525%2C300&ssl=1 1.5x, https:\/\/i0.wp.com\/www.satokangas.fi\/blogi\/wp-content\/uploads\/2021\/06\/Kissankellot-2.jpg?resize=700%2C400&ssl=1 2x"},"classes":[]},{"id":21981,"url":"https:\/\/www.satokangas.fi\/blogi\/2014\/07\/loman-loppua-kohti\/","url_meta":{"origin":3997,"position":5},"title":"Loman loppua kohti","author":"Reija","date":"23.7.2014","format":false,"excerpt":"Kunhan aamutoimet ja -lenkit oli saatu tehty\u00e4 l\u00e4hdimme syntt\u00e4rikahveille. Tein kakkuun muka hienon dekoraation: 89 ihan selv\u00e4sti, mutta Pehtoori mokoma ei tajunnut, sanoi, ett\u00e4 tuo ysi n\u00e4ytt\u00e4\u00e4 madolta! Kuka on n\u00e4hnyt tuollaisia vattumatoja, kysyn vaan! Sit\u00e4 paitsi 89-vuotias appi ymm\u00e4rsi oikein hyvin :) Pensasmustikka-vadelma-versio olikin vallan hyv\u00e4nmakuinen. Kotipihalle palattua molemmilla\u2026","rel":"","context":"Kategoriassa &quot;Niit\u00e4 n\u00e4it\u00e4&quot;","block_context":{"text":"Niit\u00e4 n\u00e4it\u00e4","link":"https:\/\/www.satokangas.fi\/blogi\/category\/aiheeton\/"},"img":{"alt_text":"Kes\u00e4arkea-16","src":"https:\/\/i0.wp.com\/www.satokangas.fi\/blogi\/wp-content\/uploads\/2014\/07\/Kes%C3%A4arkea-16-600x400.jpg?resize=350%2C200&ssl=1","width":350,"height":200,"srcset":"https:\/\/i0.wp.com\/www.satokangas.fi\/blogi\/wp-content\/uploads\/2014\/07\/Kes%C3%A4arkea-16-600x400.jpg?resize=350%2C200&ssl=1 1x, https:\/\/i0.wp.com\/www.satokangas.fi\/blogi\/wp-content\/uploads\/2014\/07\/Kes%C3%A4arkea-16-600x400.jpg?resize=525%2C300&ssl=1 1.5x"},"classes":[]}],"_links":{"self":[{"href":"https:\/\/www.satokangas.fi\/blogi\/wp-json\/wp\/v2\/posts\/3997","targetHints":{"allow":["GET"]}}],"collection":[{"href":"https:\/\/www.satokangas.fi\/blogi\/wp-json\/wp\/v2\/posts"}],"about":[{"href":"https:\/\/www.satokangas.fi\/blogi\/wp-json\/wp\/v2\/types\/post"}],"author":[{"embeddable":true,"href":"https:\/\/www.satokangas.fi\/blogi\/wp-json\/wp\/v2\/users\/1"}],"replies":[{"embeddable":true,"href":"https:\/\/www.satokangas.fi\/blogi\/wp-json\/wp\/v2\/comments?post=3997"}],"version-history":[{"count":0,"href":"https:\/\/www.satokangas.fi\/blogi\/wp-json\/wp\/v2\/posts\/3997\/revisions"}],"wp:attachment":[{"href":"https:\/\/www.satokangas.fi\/blogi\/wp-json\/wp\/v2\/media?parent=3997"}],"wp:term":[{"taxonomy":"category","embeddable":true,"href":"https:\/\/www.satokangas.fi\/blogi\/wp-json\/wp\/v2\/categories?post=3997"},{"taxonomy":"post_tag","embeddable":true,"href":"https:\/\/www.satokangas.fi\/blogi\/wp-json\/wp\/v2\/tags?post=3997"}],"curies":[{"name":"wp","href":"https:\/\/api.w.org\/{rel}","templated":true}]}}