{"id":3974,"date":"2009-08-08T20:42:38","date_gmt":"2009-08-08T17:42:38","guid":{"rendered":"https:\/\/www.satokangas.fi\/blogi\/?p=3974"},"modified":"2009-08-09T08:51:06","modified_gmt":"2009-08-09T05:51:06","slug":"lammon-helliessa","status":"publish","type":"post","link":"https:\/\/www.satokangas.fi\/blogi\/2009\/08\/lammon-helliessa\/","title":{"rendered":"L\u00e4mm\u00f6n helliess\u00e4"},"content":{"rendered":"<p>Koskapa pihallamme on edelleen runsaahkosti kiusallisia el\u00e4imi\u00e4<\/p>\n<p><a href=\"https:\/\/www.satokangas.fi\/blogi\/wp-content\/uploads\/2009\/08\/amppareita.jpg\"><img loading=\"lazy\" decoding=\"async\" data-attachment-id=\"3975\" data-permalink=\"https:\/\/www.satokangas.fi\/blogi\/2009\/08\/lammon-helliessa\/amppareita\/\" data-orig-file=\"https:\/\/www.satokangas.fi\/blogi\/wp-content\/uploads\/2009\/08\/amppareita.jpg\" data-orig-size=\"1000,860\" data-comments-opened=\"1\" data-image-meta=\"{&quot;aperture&quot;:&quot;5.6&quot;,&quot;credit&quot;:&quot;&quot;,&quot;camera&quot;:&quot;Canon EOS 450D&quot;,&quot;caption&quot;:&quot;&quot;,&quot;created_timestamp&quot;:&quot;1249722311&quot;,&quot;copyright&quot;:&quot;&quot;,&quot;focal_length&quot;:&quot;200&quot;,&quot;iso&quot;:&quot;100&quot;,&quot;shutter_speed&quot;:&quot;0.0005&quot;,&quot;title&quot;:&quot;&quot;}\" data-image-title=\"amppareita\" data-image-description=\"\" data-image-caption=\"\" data-large-file=\"https:\/\/www.satokangas.fi\/blogi\/wp-content\/uploads\/2009\/08\/amppareita.jpg\" src=\"https:\/\/www.satokangas.fi\/blogi\/wp-content\/uploads\/2009\/08\/amppareita-465x400.jpg\" alt=\"amppareita\" title=\"amppareita\" width=\"465\" height=\"400\" class=\"aligncenter size-medium wp-image-3975\" srcset=\"https:\/\/www.satokangas.fi\/blogi\/wp-content\/uploads\/2009\/08\/amppareita-465x400.jpg 465w, https:\/\/www.satokangas.fi\/blogi\/wp-content\/uploads\/2009\/08\/amppareita-200x172.jpg 200w, https:\/\/www.satokangas.fi\/blogi\/wp-content\/uploads\/2009\/08\/amppareita.jpg 1000w\" sizes=\"auto, (max-width: 465px) 100vw, 465px\" \/><\/a><\/p>\n<p>ja niit\u00e4 on lis\u00e4\u00e4 (kukkivassa pihassa on huonotkin puolensa),<\/p>\n<p><a href=\"https:\/\/www.satokangas.fi\/blogi\/wp-content\/uploads\/2009\/08\/kukkiajamehilaisia.jpg\"><img loading=\"lazy\" decoding=\"async\" data-attachment-id=\"3976\" data-permalink=\"https:\/\/www.satokangas.fi\/blogi\/2009\/08\/lammon-helliessa\/kukkiajamehilaisia\/\" data-orig-file=\"https:\/\/www.satokangas.fi\/blogi\/wp-content\/uploads\/2009\/08\/kukkiajamehilaisia.jpg\" data-orig-size=\"1000,696\" data-comments-opened=\"1\" data-image-meta=\"{&quot;aperture&quot;:&quot;5.6&quot;,&quot;credit&quot;:&quot;&quot;,&quot;camera&quot;:&quot;Canon EOS 450D&quot;,&quot;caption&quot;:&quot;&quot;,&quot;created_timestamp&quot;:&quot;1249720612&quot;,&quot;copyright&quot;:&quot;&quot;,&quot;focal_length&quot;:&quot;200&quot;,&quot;iso&quot;:&quot;100&quot;,&quot;shutter_speed&quot;:&quot;0.002&quot;,&quot;title&quot;:&quot;&quot;}\" data-image-title=\"kukkiajamehilaisia\" data-image-description=\"\" data-image-caption=\"\" data-large-file=\"https:\/\/www.satokangas.fi\/blogi\/wp-content\/uploads\/2009\/08\/kukkiajamehilaisia.jpg\" src=\"https:\/\/www.satokangas.fi\/blogi\/wp-content\/uploads\/2009\/08\/kukkiajamehilaisia-500x348.jpg\" alt=\"kukkiajamehilaisia\" title=\"kukkiajamehilaisia\" width=\"500\" height=\"348\" class=\"aligncenter size-medium wp-image-3976\" srcset=\"https:\/\/www.satokangas.fi\/blogi\/wp-content\/uploads\/2009\/08\/kukkiajamehilaisia-500x348.jpg 500w, https:\/\/www.satokangas.fi\/blogi\/wp-content\/uploads\/2009\/08\/kukkiajamehilaisia-200x139.jpg 200w, https:\/\/www.satokangas.fi\/blogi\/wp-content\/uploads\/2009\/08\/kukkiajamehilaisia.jpg 1000w\" sizes=\"auto, (max-width: 500px) 100vw, 500px\" \/><\/a><\/p>\n<p>p\u00e4\u00e4timme paeta niit\u00e4 (ja erin\u00e4isi\u00e4 m\u00e4\u00e4ri\u00e4 hommia jotka olisi ollut teht\u00e4v\u00e4n\u00e4) ja py\u00f6r\u00e4ilimme kaupunkiin.<\/p>\n<p><a href=\"https:\/\/www.satokangas.fi\/blogi\/wp-content\/uploads\/2009\/08\/margarita.jpg\"><img loading=\"lazy\" decoding=\"async\" data-attachment-id=\"3978\" data-permalink=\"https:\/\/www.satokangas.fi\/blogi\/2009\/08\/lammon-helliessa\/margarita\/\" data-orig-file=\"https:\/\/www.satokangas.fi\/blogi\/wp-content\/uploads\/2009\/08\/margarita.jpg\" data-orig-size=\"600,900\" data-comments-opened=\"1\" data-image-meta=\"{&quot;aperture&quot;:&quot;5.6&quot;,&quot;credit&quot;:&quot;&quot;,&quot;camera&quot;:&quot;Canon EOS 450D&quot;,&quot;caption&quot;:&quot;&quot;,&quot;created_timestamp&quot;:&quot;1249739504&quot;,&quot;copyright&quot;:&quot;&quot;,&quot;focal_length&quot;:&quot;32&quot;,&quot;iso&quot;:&quot;100&quot;,&quot;shutter_speed&quot;:&quot;0.0005&quot;,&quot;title&quot;:&quot;&quot;}\" data-image-title=\"margarita\" data-image-description=\"\" data-image-caption=\"\" data-large-file=\"https:\/\/www.satokangas.fi\/blogi\/wp-content\/uploads\/2009\/08\/margarita.jpg\" src=\"https:\/\/www.satokangas.fi\/blogi\/wp-content\/uploads\/2009\/08\/margarita-266x400.jpg\" alt=\"margarita\" title=\"margarita\" width=\"266\" height=\"400\" class=\"alignleft size-medium wp-image-3978\" srcset=\"https:\/\/www.satokangas.fi\/blogi\/wp-content\/uploads\/2009\/08\/margarita-266x400.jpg 266w, https:\/\/www.satokangas.fi\/blogi\/wp-content\/uploads\/2009\/08\/margarita-133x200.jpg 133w, https:\/\/www.satokangas.fi\/blogi\/wp-content\/uploads\/2009\/08\/margarita.jpg 600w\" sizes=\"auto, (max-width: 266px) 100vw, 266px\" \/><\/a><\/p>\n<p>Matkalla mm. otsikkokuvan merimaisema. Emme kuitenkaan &#8211; t\u00e4n\u00e4\u00e4n &#8211; jaksaneet olla kauaa. Elojazzit vetiv\u00e4t v\u00e4ke\u00e4 torinrantaan, mutta meill\u00e4 painoi eilinen juhlinta. Oltiin n\u00e4et yli puolen y\u00f6n!! Eik\u00e4 tyt\u00e4r edes paennut vessaan vaikka opiskelilukavereita tuli pubiin. Kunhan kavereilleen esitteli: &#8221;T\u00e4sson mun vanhemmat&#8221;. Noin vaan, meh\u00e4n oltiin tietysti kovin mieliss\u00e4mme. <\/p>\n<p>T\u00e4n\u00e4\u00e4n nukuttiin aika my\u00f6h\u00e4seen, ja rulllislenkin j\u00e4lkeen ehdittiin torillekin verraten my\u00f6h\u00e4\u00e4n, mutta olihan siell\u00e4 kes\u00e4n tuntu ja kes\u00e4n herkut. Ainekset kanttarellikeittoon ja mustikkarahkaan l\u00e4htiv\u00e4t mukaan. Alku- ja j\u00e4lkiruoan lis\u00e4ksi laitoin (tuore)tonnikala(tuore)inkiv\u00e4\u00e4ri -salaattia. Muuta ei tarvittu. Kauden herkut hy\u00f6dynnetty&#8230;<\/p>\n<p>Naapuriin muuttavien uusien ihmisten touhuja seurattu, heid\u00e4n tulonsa kun aiheutti meillekin erin\u00e4isi\u00e4 tekemisi\u00e4. <\/p>\n<p>Paljon puheluita on my\u00f6s kuulunut p\u00e4iv\u00e4\u00e4n, ja liikaa karkkia. Ja allergial\u00e4\u00e4kkeit\u00e4! Ett\u00e4 minulla on joku siitep\u00f6lytsydeemi meneill\u00e4\u00e4n&#8230;. !<\/p>\n","protected":false},"excerpt":{"rendered":"<p>Koskapa pihallamme on edelleen runsaahkosti kiusallisia el\u00e4imi\u00e4 ja niit\u00e4 on lis\u00e4\u00e4 (kukkivassa pihassa on huonotkin puolensa), p\u00e4\u00e4timme paeta niit\u00e4 (ja erin\u00e4isi\u00e4 m\u00e4\u00e4ri\u00e4 hommia jotka olisi ollut teht\u00e4v\u00e4n\u00e4) ja py\u00f6r\u00e4ilimme kaupunkiin. Matkalla mm. otsikkokuvan merimaisema. Emme kuitenkaan &#8211; t\u00e4n\u00e4\u00e4n &#8211; jaksaneet olla kauaa. Elojazzit vetiv\u00e4t v\u00e4ke\u00e4 torinrantaan, mutta meill\u00e4 painoi eilinen juhlinta. Oltiin n\u00e4et yli puolen y\u00f6n!! Eik\u00e4 tyt\u00e4r edes paennut &hellip; <\/p>\n","protected":false},"author":1,"featured_media":0,"comment_status":"open","ping_status":"open","sticky":false,"template":"","format":"standard","meta":{"jetpack_post_was_ever_published":false,"_jetpack_newsletter_access":"","_jetpack_dont_email_post_to_subs":false,"_jetpack_newsletter_tier_id":0,"_jetpack_memberships_contains_paywalled_content":false,"_jetpack_memberships_contains_paid_content":false,"footnotes":"","jetpack_publicize_message":"","jetpack_publicize_feature_enabled":true,"jetpack_social_post_already_shared":false,"jetpack_social_options":{"image_generator_settings":{"template":"highway","default_image_id":0,"font":"","enabled":false},"version":2}},"categories":[1],"tags":[],"class_list":["post-3974","post","type-post","status-publish","format-standard","hentry","category-aiheeton","latest_post"],"jetpack_publicize_connections":[],"jetpack_featured_media_url":"","jetpack_shortlink":"https:\/\/wp.me\/pr4p4-126","jetpack_sharing_enabled":true,"jetpack_likes_enabled":false,"jetpack-related-posts":[{"id":21578,"url":"https:\/\/www.satokangas.fi\/blogi\/2014\/06\/ihan-pihalla-3\/","url_meta":{"origin":3974,"position":0},"title":"Ihan pihalla","author":"Reija","date":"29.6.2014","format":false,"excerpt":"Mik\u00e4 ihana sunnuntai ollutkaan! \u00a0Hyvin varhain her\u00e4sin, nimip\u00e4iv\u00e4sankarille juhla-aamiainen, sitten merenrantaan hakemaan vihdoin niit\u00e4 meriheini\u00e4 IKEA-t\u00f6rpp\u00f6\u00f6n pihalle... Olen aikonut ainakin kuukauden, ja nyt! Pihan ja kukkapurkkien siivousta yleisestikin, vihdoinkin sain yrttipenkin siivottua, konnulin terraarion ja maton pesty\u00e4. Ikkunalaudat, piazza ja moni muu kaipasi luutuavaa touhuamista. Maalailinkin. Minusta on mukava maalata.\u2026","rel":"","context":"Kategoriassa &quot;Niit\u00e4 n\u00e4it\u00e4&quot;","block_context":{"text":"Niit\u00e4 n\u00e4it\u00e4","link":"https:\/\/www.satokangas.fi\/blogi\/category\/aiheeton\/"},"img":{"alt_text":"Ihan pihalla-9","src":"https:\/\/i0.wp.com\/www.satokangas.fi\/blogi\/wp-content\/uploads\/2014\/06\/Ihan-pihalla-9-248x400.jpg?resize=350%2C200&ssl=1","width":350,"height":200},"classes":[]},{"id":400,"url":"https:\/\/www.satokangas.fi\/blogi\/2008\/04\/pihalla\/","url_meta":{"origin":3974,"position":1},"title":"Pihalla","author":"Reija","date":"19.4.2008","format":false,"excerpt":"Pihalla isoja lumikasoja, joissa raksan roskia, j\u00e4\u00e4t\u00e4, sahanpuruja,\u00a0 ... niit\u00e4 pari tuntia lapioituani kovin kev\u00e4isess\u00e4 keliss\u00e4 pehtoorin maalatessa ulkopaneeleita, aloin uupua (kaukana vuodet, jolloin jaksoin lapioida multaa tuntitolkulla) ja \u00e4\u00e4neen ajattelin, ett\u00e4 usein t\u00e4m\u00e4 teht\u00e4isiin toisinp\u00e4in: mies lapioisi raskasta,\u00a0j\u00e4\u00e4tynytt\u00e4 lunta ja vaimo maalailisi, mihin siippa totesi: \"Ei t\u00e4m\u00e4 ole muutenkaan\u2026","rel":"","context":"Kategoriassa &quot;Niit\u00e4 n\u00e4it\u00e4&quot;","block_context":{"text":"Niit\u00e4 n\u00e4it\u00e4","link":"https:\/\/www.satokangas.fi\/blogi\/category\/aiheeton\/"},"img":{"alt_text":"","src":"","width":0,"height":0},"classes":[]},{"id":23644,"url":"https:\/\/www.satokangas.fi\/blogi\/2015\/01\/pihan-valot\/","url_meta":{"origin":3974,"position":2},"title":"Pihan valot","author":"Reija","date":"14.1.2015","format":false,"excerpt":"T\u00e4h\u00e4n aikaan vuodesta kun tulppaanikimppu ja liki metriseksi kasvanut amaryllis ilahduttavat yht\u00e4 aikaa kukkien, kun pakkanen heittelehtii kymmeni\u00e4 asteita parin p\u00e4iv\u00e4n sis\u00e4ll\u00e4, kun t\u00f6ihin menness\u00e4 ja t\u00f6ist\u00e4 tullessa on hyvin pime\u00e4\u00e4, ei viikolla tule ulkoiltua yht\u00e4\u00e4n. Ei yht\u00e4\u00e4n. T\u00e4n\u00e4\u00e4n pitk\u00e4n duunip\u00e4iv\u00e4n, umpipitk\u00e4n jos kohta my\u00f6s\u00a0tuloksellisen ja rohkaisevankin\u00a0koulutusneuvoston j\u00e4lkeen puoliseitsem\u00e4n aikoihin\u2026","rel":"","context":"Kategoriassa &quot;Niit\u00e4 n\u00e4it\u00e4&quot;","block_context":{"text":"Niit\u00e4 n\u00e4it\u00e4","link":"https:\/\/www.satokangas.fi\/blogi\/category\/aiheeton\/"},"img":{"alt_text":"pihalla-2","src":"https:\/\/i0.wp.com\/www.satokangas.fi\/blogi\/wp-content\/uploads\/2015\/01\/pihalla-2-400x400.jpg?resize=350%2C200&ssl=1","width":350,"height":200},"classes":[]},{"id":46134,"url":"https:\/\/www.satokangas.fi\/blogi\/2023\/06\/kesan-juhlaviikolla\/","url_meta":{"origin":3974,"position":3},"title":"Kes\u00e4n juhlaviikolla","author":"Reija","date":"21.6.2023","format":false,"excerpt":"Hopusti kes\u00e4p\u00e4iv\u00e4 humahti iltaan, - liikkeell\u00e4, liikkeess\u00e4 oikeastaan koko p\u00e4iv\u00e4n. \u00a0Paljolti kotona. Siivoushommia koko huushollissa, Festassa, pihalla, ... Toki py\u00f6r\u00e4lenkill\u00e4 my\u00f6s. Illansuussa viel\u00e4 Ranta-Toppilan rantaan py\u00f6r\u00e4illen, kumppareissa ja aika tiiviisti pukeutuneena. Jos aikoo r\u00e4mpi\u00e4 rantakaislikossa hakemassa pihalle kaisloja ja heini\u00e4 on syyt\u00e4 suojautua; punkithan on rantautuneet Ouluunkin jo jokunen vuosi\u2026","rel":"","context":"Kategoriassa &quot;Niit\u00e4 n\u00e4it\u00e4&quot;","block_context":{"text":"Niit\u00e4 n\u00e4it\u00e4","link":"https:\/\/www.satokangas.fi\/blogi\/category\/aiheeton\/"},"img":{"alt_text":"","src":"https:\/\/i0.wp.com\/www.satokangas.fi\/blogi\/wp-content\/uploads\/2023\/06\/rodot.jpg?resize=350%2C200&ssl=1","width":350,"height":200,"srcset":"https:\/\/i0.wp.com\/www.satokangas.fi\/blogi\/wp-content\/uploads\/2023\/06\/rodot.jpg?resize=350%2C200&ssl=1 1x, https:\/\/i0.wp.com\/www.satokangas.fi\/blogi\/wp-content\/uploads\/2023\/06\/rodot.jpg?resize=525%2C300&ssl=1 1.5x, https:\/\/i0.wp.com\/www.satokangas.fi\/blogi\/wp-content\/uploads\/2023\/06\/rodot.jpg?resize=700%2C400&ssl=1 2x"},"classes":[]},{"id":30754,"url":"https:\/\/www.satokangas.fi\/blogi\/2017\/05\/pihalla-ja-puutarhassa\/","url_meta":{"origin":3974,"position":4},"title":"Pihalla ja puutarhassa","author":"Reija","date":"16.5.2017","format":false,"excerpt":"Pihalta on sulaneet melkein kaikki lumet. Jo viime viikolla Pehtoori p\u00e4\u00e4si v\u00e4h\u00e4n rapsuttelemaan nurkkia, kantamaan kellokanervat kompostiin, levittelem\u00e4\u00e4n lumia, ja leikkaamaan omenapuun, ja viikonloppuna jo haravoikin melkein kaiken. Min\u00e4kin jo putsailin takapihalla tontin reunoja, yrttipenkit\u00a0k\u00e4\u00e4nsin ja tein \"katselmuksen\". Totesin my\u00f6s, ett\u00e4 valkovuokkojen pienet lehdet olivat jo nousseet, pistin p\u00e4\u00e4lle v\u00e4h\u00e4n\u2026","rel":"","context":"Kategoriassa &quot;Niit\u00e4 n\u00e4it\u00e4&quot;","block_context":{"text":"Niit\u00e4 n\u00e4it\u00e4","link":"https:\/\/www.satokangas.fi\/blogi\/category\/aiheeton\/"},"img":{"alt_text":"","src":"","width":0,"height":0},"classes":[]},{"id":18092,"url":"https:\/\/www.satokangas.fi\/blogi\/2013\/07\/lukemista-tekemista-ja-maistamista\/","url_meta":{"origin":3974,"position":5},"title":"Lukemista, tekemist\u00e4 ja maistamista","author":"Reija","date":"16.7.2013","format":false,"excerpt":"Luin viime y\u00f6n\u00e4 loppuun Juha Itkosen kirjan \"Hetken hohtava valo\". Se on paksu kirja. Merkillist\u00e4 ett\u00e4 kategorioisin sen luokkaan \"historiallinen romaani\". Historiallinen, vaikka se k\u00e4sitteleekin kaupunkilaista Suomea viimeisen 60 vuoden ajalta. Minun ik\u00e4isteni suomalaista arkea, arjen historiaa, jota yrit\u00e4n aina joskus nuorille ty\u00f6kseni opettaa. Se oli merkillisen verkkainen kirja, sanoisinko,\u2026","rel":"","context":"Kategoriassa &quot;Luettua&quot;","block_context":{"text":"Luettua","link":"https:\/\/www.satokangas.fi\/blogi\/category\/luettua\/"},"img":{"alt_text":"pihalla-10","src":"https:\/\/i0.wp.com\/www.satokangas.fi\/blogi\/wp-content\/uploads\/2013\/07\/pihalla-10-600x345.jpg?resize=350%2C200&ssl=1","width":350,"height":200,"srcset":"https:\/\/i0.wp.com\/www.satokangas.fi\/blogi\/wp-content\/uploads\/2013\/07\/pihalla-10-600x345.jpg?resize=350%2C200&ssl=1 1x, https:\/\/i0.wp.com\/www.satokangas.fi\/blogi\/wp-content\/uploads\/2013\/07\/pihalla-10-600x345.jpg?resize=525%2C300&ssl=1 1.5x"},"classes":[]}],"_links":{"self":[{"href":"https:\/\/www.satokangas.fi\/blogi\/wp-json\/wp\/v2\/posts\/3974","targetHints":{"allow":["GET"]}}],"collection":[{"href":"https:\/\/www.satokangas.fi\/blogi\/wp-json\/wp\/v2\/posts"}],"about":[{"href":"https:\/\/www.satokangas.fi\/blogi\/wp-json\/wp\/v2\/types\/post"}],"author":[{"embeddable":true,"href":"https:\/\/www.satokangas.fi\/blogi\/wp-json\/wp\/v2\/users\/1"}],"replies":[{"embeddable":true,"href":"https:\/\/www.satokangas.fi\/blogi\/wp-json\/wp\/v2\/comments?post=3974"}],"version-history":[{"count":0,"href":"https:\/\/www.satokangas.fi\/blogi\/wp-json\/wp\/v2\/posts\/3974\/revisions"}],"wp:attachment":[{"href":"https:\/\/www.satokangas.fi\/blogi\/wp-json\/wp\/v2\/media?parent=3974"}],"wp:term":[{"taxonomy":"category","embeddable":true,"href":"https:\/\/www.satokangas.fi\/blogi\/wp-json\/wp\/v2\/categories?post=3974"},{"taxonomy":"post_tag","embeddable":true,"href":"https:\/\/www.satokangas.fi\/blogi\/wp-json\/wp\/v2\/tags?post=3974"}],"curies":[{"name":"wp","href":"https:\/\/api.w.org\/{rel}","templated":true}]}}