{"id":3969,"date":"2009-08-07T19:56:55","date_gmt":"2009-08-07T16:56:55","guid":{"rendered":"https:\/\/www.satokangas.fi\/blogi\/?p=3969"},"modified":"2009-08-07T20:10:49","modified_gmt":"2009-08-07T17:10:49","slug":"jumprun-patiolle","status":"publish","type":"post","link":"https:\/\/www.satokangas.fi\/blogi\/2009\/08\/jumprun-patiolle\/","title":{"rendered":"Jumprun patiolle"},"content":{"rendered":"<p>Syyslukukausi on saatu oikeasti k\u00e4yntiin kun t\u00e4n\u00e4\u00e4n oli ensimm\u00e4inen ty\u00f6palaveri, historiatoimikunnan kokous. Se oli sellainen palaveri, jossa oli ilo olla. Monestakin syyst\u00e4. <\/p>\n<p>No, kuitenkin rajansa riemullakin, ja aika varhain iltap\u00e4iv\u00e4ll\u00e4 l\u00e4hdin perheen pariin sapuskan tekoon, ja pihalle. Ainoa vaan, ett\u00e4 nyt kun ei ole s\u00e4\u00e4ski\u00e4 eik\u00e4 sadetta, niin on niin paljon ampiaisia ja mehil\u00e4isi\u00e4, ett\u00e4 olo kotipiazzalla on v\u00e4h\u00e4n hermostunutta. Tosin:  hyv\u00e4ksi havaittiin laittaa muutamien metrien p\u00e4\u00e4h\u00e4n omista tuoleista pari kippoa, joissa on hunajaa; ne vet\u00e4v\u00e4t hy\u00f6nteisi\u00e4 niin paljon puoleensa, ett\u00e4 itse saa olla melko rauhassa. <\/p>\n<p>Ja nyt odotellaan, ett\u00e4 esikoisen iltavuoro p\u00e4\u00e4ttyisi (klo 22.30!! miten ihmeess\u00e4 pysymme hereill\u00e4 niin kauan?): tyt\u00e4r kun on luvannut tarjota meille drinksut Jumprun patiolla*. Esikoinen on siell\u00e4 muutaman kerran k\u00e4ynyt ja kun h\u00e4n on k\u00e4ynneist\u00e4\u00e4n kertonut, olemme pehtoorin kanssa riemastuneet muistelemaan omia kokemuksiamme Oulun yhdest\u00e4 perinteikk\u00e4immist\u00e4 patioravintoloista. Siell\u00e4 kun tuli nimenomaan tytt\u00e4ren ik\u00e4isen\u00e4 kes\u00e4is\u00edn k\u00e4yty\u00e4, .. ehk\u00e4 kerran, no hyv\u00e4 on, ehk\u00e4 sent\u00e4\u00e4n muutaman kerran (mm. polttarini alkoivat sielt\u00e4!). Mutta nyt siis sinne esikoisen kanssa: sukupolvien kohtaaminen Jumprussa! \ud83d\ude42 <\/p>\n<p>__________________<br \/>\n* Ja se &#8211; jos joku &#8211; on nimenomaan \u00b4patio\u00b4 eik\u00e4 mik\u00e4\u00e4n terassi. <\/p>\n","protected":false},"excerpt":{"rendered":"<p>Syyslukukausi on saatu oikeasti k\u00e4yntiin kun t\u00e4n\u00e4\u00e4n oli ensimm\u00e4inen ty\u00f6palaveri, historiatoimikunnan kokous. Se oli sellainen palaveri, jossa oli ilo olla. Monestakin syyst\u00e4. No, kuitenkin rajansa riemullakin, ja aika varhain iltap\u00e4iv\u00e4ll\u00e4 l\u00e4hdin perheen pariin sapuskan tekoon, ja pihalle. Ainoa vaan, ett\u00e4 nyt kun ei ole s\u00e4\u00e4ski\u00e4 eik\u00e4 sadetta, niin on niin paljon ampiaisia ja mehil\u00e4isi\u00e4, ett\u00e4 olo kotipiazzalla on v\u00e4h\u00e4n hermostunutta. &hellip; <\/p>\n","protected":false},"author":1,"featured_media":0,"comment_status":"open","ping_status":"open","sticky":false,"template":"","format":"standard","meta":{"jetpack_post_was_ever_published":false,"_jetpack_newsletter_access":"","_jetpack_dont_email_post_to_subs":false,"_jetpack_newsletter_tier_id":0,"_jetpack_memberships_contains_paywalled_content":false,"_jetpack_memberships_contains_paid_content":false,"footnotes":"","jetpack_publicize_message":"","jetpack_publicize_feature_enabled":true,"jetpack_social_post_already_shared":false,"jetpack_social_options":{"image_generator_settings":{"template":"highway","default_image_id":0,"font":"","enabled":false},"version":2}},"categories":[1],"tags":[],"class_list":["post-3969","post","type-post","status-publish","format-standard","hentry","category-aiheeton","latest_post"],"jetpack_publicize_connections":[],"jetpack_featured_media_url":"","jetpack_shortlink":"https:\/\/wp.me\/pr4p4-121","jetpack_sharing_enabled":true,"jetpack_likes_enabled":false,"jetpack-related-posts":[{"id":12086,"url":"https:\/\/www.satokangas.fi\/blogi\/2011\/07\/erilainen-keskiviikkoilta\/","url_meta":{"origin":3969,"position":0},"title":"Erilainen keskiviikkoilta","author":"Reija","date":"27.7.2011","format":false,"excerpt":"Kuluma. Jumpru. Bar1. Mit\u00e4p\u00e4 sit\u00e4 ei lapsensa vuoksi tekisi? :D Esikoinen pyysi baarikierrokselle t\u00f6ist\u00e4 p\u00e4\u00e4sty\u00e4\u00e4n, ja meh\u00e4n uhrauduimme ja py\u00f6r\u00e4ilimme keskustaan. Kun kuuteen menness\u00e4 ei p\u00e4iv\u00e4n touhuilta (pient\u00e4 siivoilua, lenkkeily\u00e4, puutarhanhoitoa ja muuta kevytt\u00e4 kotoista puuhastelua) ollut ehditty kunnolla sy\u00f6d\u00e4, p\u00e4\u00e4timme tutustua Roviantin antiin. Oulun legendaarisen valkosipuliy\u00f6n jatkeeksi syntynyt Roviantti\u2026","rel":"","context":"Kategoriassa &quot;Niit\u00e4 n\u00e4it\u00e4&quot;","block_context":{"text":"Niit\u00e4 n\u00e4it\u00e4","link":"https:\/\/www.satokangas.fi\/blogi\/category\/aiheeton\/"},"img":{"alt_text":"","src":"","width":0,"height":0},"classes":[]},{"id":53834,"url":"https:\/\/www.satokangas.fi\/blogi\/2026\/01\/turnauskestavyytta-vaatinut-viikonvaihde\/","url_meta":{"origin":3969,"position":1},"title":"Turnauskest\u00e4vyytt\u00e4 vaatinut viikonvaihde","author":"Reija","date":"19.1.2026","format":false,"excerpt":"Hyvin ruokapainotteinen viikonloppu vaati turnauskest\u00e4vyytt\u00e4 ja t\u00e4n\u00e4\u00e4n sitten oli aikaa ulkoilla! Perjantaina Oulu2026 kulttuurip\u00e4\u00e4kaupunki avajaisfestareissa ensin Kauppahallissa herkuttelemassa Tervaleijona-gelatolla, mink\u00e4 j\u00e4lkeen kotona Juniorin perheen kanssa blinikestit. Lauantai meni Tuunaa perinneruoka -kilpailun finaalissa, mink\u00e4 j\u00e4lkeen menimme Pehtoorin kanssa Uleen sy\u00f6m\u00e4\u00e4n. Ule on Radisson Blu -hotellin ravintola (ent. Bistro Mesu), joka sai\u2026","rel":"","context":"Kategoriassa &quot;Ravintolat&quot;","block_context":{"text":"Ravintolat","link":"https:\/\/www.satokangas.fi\/blogi\/category\/ruoka_ja_viini\/ravintolat-ruoka_ja_viini\/"},"img":{"alt_text":"","src":"https:\/\/i0.wp.com\/www.satokangas.fi\/blogi\/wp-content\/uploads\/2025\/01\/Taste-vin_RS.jpg?resize=350%2C200&ssl=1","width":350,"height":200,"srcset":"https:\/\/i0.wp.com\/www.satokangas.fi\/blogi\/wp-content\/uploads\/2025\/01\/Taste-vin_RS.jpg?resize=350%2C200&ssl=1 1x, https:\/\/i0.wp.com\/www.satokangas.fi\/blogi\/wp-content\/uploads\/2025\/01\/Taste-vin_RS.jpg?resize=525%2C300&ssl=1 1.5x, https:\/\/i0.wp.com\/www.satokangas.fi\/blogi\/wp-content\/uploads\/2025\/01\/Taste-vin_RS.jpg?resize=700%2C400&ssl=1 2x"},"classes":[]},{"id":39231,"url":"https:\/\/www.satokangas.fi\/blogi\/2020\/08\/ruokaperjantai-auringossa\/","url_meta":{"origin":3969,"position":2},"title":"Ruokaperjantai auringossa","author":"Reija","date":"21.8.2020","format":false,"excerpt":"Kes\u00e4n viimeinen hellep\u00e4iv\u00e4? - Ehk\u00e4. Osasin jopa pys\u00e4hty\u00e4, olla, melkein levollinen mieli, kunnes taas jotain mielenrauhaa rikkovaa. ... T\u00e4n\u00e4\u00e4n ruoka\"vieraita\",\u00a0 joten ilo kokkailla... Alkuun hallista hakemaani Puistola Bakeryn saaristolaisleip\u00e4\u00e4 - melkein yht\u00e4 hyv\u00e4\u00e4 kuin minun leipomani. Noin vaatimattomasti. Totta puhuen, se on pehme\u00e4mp\u00e4\u00e4, v\u00e4hemm\u00e4n siirappista kuin minun, joten fifty sixty.\u2026","rel":"","context":"Kategoriassa &quot;Ruoka ja viini&quot;","block_context":{"text":"Ruoka ja viini","link":"https:\/\/www.satokangas.fi\/blogi\/category\/ruoka_ja_viini\/"},"img":{"alt_text":"","src":"https:\/\/i0.wp.com\/www.satokangas.fi\/blogi\/wp-content\/uploads\/2020\/08\/1-23.jpg?resize=350%2C200&ssl=1","width":350,"height":200,"srcset":"https:\/\/i0.wp.com\/www.satokangas.fi\/blogi\/wp-content\/uploads\/2020\/08\/1-23.jpg?resize=350%2C200&ssl=1 1x, https:\/\/i0.wp.com\/www.satokangas.fi\/blogi\/wp-content\/uploads\/2020\/08\/1-23.jpg?resize=525%2C300&ssl=1 1.5x, https:\/\/i0.wp.com\/www.satokangas.fi\/blogi\/wp-content\/uploads\/2020\/08\/1-23.jpg?resize=700%2C400&ssl=1 2x"},"classes":[]},{"id":28644,"url":"https:\/\/www.satokangas.fi\/blogi\/2016\/07\/luokkakokouksen-jalkeen\/","url_meta":{"origin":3969,"position":3},"title":"Luokkakokouksen j\u00e4lkeen","author":"Reija","date":"10.7.2016","format":false,"excerpt":"Viel\u00e4 eilisess\u00e4, viel\u00e4 lukiovuosissa... On oikeasti vaikea palata t\u00e4h\u00e4n p\u00e4iv\u00e4\u00e4n, todellisuuteen. Eilinen iltap\u00e4iv\u00e4 ja ilta olivat aika huikea sukellus omaan menneeseen... Eilen oli vihdoin - talven ja kev\u00e4\u00e4n odotuksen ja j\u00e4rjestelyn j\u00e4lkeen - luokkakokous. Olin aamup\u00e4iv\u00e4n viel\u00e4 Torniossa, koulussa. Kuuntelin viikonlopun teht\u00e4vienannot ja ensimm\u00e4isen kuvausssession ehdin tehd\u00e4, mutta sitten l\u00e4hdin,\u2026","rel":"","context":"Kategoriassa &quot;Niit\u00e4 n\u00e4it\u00e4&quot;","block_context":{"text":"Niit\u00e4 n\u00e4it\u00e4","link":"https:\/\/www.satokangas.fi\/blogi\/category\/aiheeton\/"},"img":{"alt_text":"B","src":"https:\/\/i0.wp.com\/www.satokangas.fi\/blogi\/wp-content\/uploads\/2016\/07\/B-600x297.jpg?resize=350%2C200&ssl=1","width":350,"height":200,"srcset":"https:\/\/i0.wp.com\/www.satokangas.fi\/blogi\/wp-content\/uploads\/2016\/07\/B-600x297.jpg?resize=350%2C200&ssl=1 1x, https:\/\/i0.wp.com\/www.satokangas.fi\/blogi\/wp-content\/uploads\/2016\/07\/B-600x297.jpg?resize=525%2C300&ssl=1 1.5x"},"classes":[]},{"id":21688,"url":"https:\/\/www.satokangas.fi\/blogi\/2014\/07\/patiolla-vai-piazzalla\/","url_meta":{"origin":3969,"position":4},"title":"Patiolla vai piazzalla?","author":"Reija","date":"8.7.2014","format":false,"excerpt":"Lupailin tuossa jokunen viikko sitten kertoa, miksi Oulussa on patiot, kun muualla maassa ravintoloiden ja kuppiloiden ulkop\u00f6yt\u00e4alueista k\u00e4ytet\u00e4\u00e4n yleens\u00e4 nimityst\u00e4 terassi. Oulussa toimi 1960-luvulla ylioppilastalo Rauhalan talossa - paitsi Kes\u00e4leski-niminen kes\u00e4ravintola, v\u00e4h\u00e4n aikaa (ennen Kes\u00e4leske\u00e4?) my\u00f6s espanjalaistyylinen La Hacienda -niminen ravintola. Kun kerran ravitsemusliikkeen nimi ja vaikutteet olivat espanjasta, oli\u2026","rel":"","context":"Kategoriassa &quot;Historiaa&quot;","block_context":{"text":"Historiaa","link":"https:\/\/www.satokangas.fi\/blogi\/category\/historiaa\/"},"img":{"alt_text":"","src":"","width":0,"height":0},"classes":[]},{"id":27534,"url":"https:\/\/www.satokangas.fi\/blogi\/2016\/02\/ruunekreenin-paivana\/","url_meta":{"origin":3969,"position":5},"title":"Ruunekreenin p\u00e4iv\u00e4n\u00e4","author":"Reija","date":"5.2.2016","format":false,"excerpt":"Runebergin p\u00e4iv\u00e4: j\u00e4\u00e4kaapissa on kaksikin Runebergin torttua. Kaupasta ostettuja, j\u00e4\u00e4nev\u00e4t minulta sy\u00f6m\u00e4tt\u00e4. Joskus olen tehnyt itsekin, samalla\u00a0muistellut menneit\u00e4 ja sit\u00e4, miten voi saada \"syt\u00f6t\" Runebergin tortuista. Runeberg, joka muuten p\u00e4\u00e4si el\u00e4kkeelle jo 35-vuotiaana, on p\u00e4\u00e4ssyt my\u00f6s oululaisen Sara Wacklinin kirjaan \"Satanen muistelmaa Pohjanmaalta\", - Wacklin kuvaili pikkupoika-Runebergi\u00e4 n\u00e4in: \u201dH\u00e4nen kasvonsa\u2026","rel":"","context":"Kategoriassa &quot;Historiaa&quot;","block_context":{"text":"Historiaa","link":"https:\/\/www.satokangas.fi\/blogi\/category\/historiaa\/"},"img":{"alt_text":"Nallikari 5.2.2015 klo 8.20 - mv-maisema","src":"https:\/\/i0.wp.com\/www.satokangas.fi\/blogi\/wp-content\/uploads\/2016\/02\/Nallikari-5.2.2015-klo-8.20-mv-maisema-600x323.jpg?resize=350%2C200&ssl=1","width":350,"height":200,"srcset":"https:\/\/i0.wp.com\/www.satokangas.fi\/blogi\/wp-content\/uploads\/2016\/02\/Nallikari-5.2.2015-klo-8.20-mv-maisema-600x323.jpg?resize=350%2C200&ssl=1 1x, https:\/\/i0.wp.com\/www.satokangas.fi\/blogi\/wp-content\/uploads\/2016\/02\/Nallikari-5.2.2015-klo-8.20-mv-maisema-600x323.jpg?resize=525%2C300&ssl=1 1.5x"},"classes":[]}],"_links":{"self":[{"href":"https:\/\/www.satokangas.fi\/blogi\/wp-json\/wp\/v2\/posts\/3969","targetHints":{"allow":["GET"]}}],"collection":[{"href":"https:\/\/www.satokangas.fi\/blogi\/wp-json\/wp\/v2\/posts"}],"about":[{"href":"https:\/\/www.satokangas.fi\/blogi\/wp-json\/wp\/v2\/types\/post"}],"author":[{"embeddable":true,"href":"https:\/\/www.satokangas.fi\/blogi\/wp-json\/wp\/v2\/users\/1"}],"replies":[{"embeddable":true,"href":"https:\/\/www.satokangas.fi\/blogi\/wp-json\/wp\/v2\/comments?post=3969"}],"version-history":[{"count":0,"href":"https:\/\/www.satokangas.fi\/blogi\/wp-json\/wp\/v2\/posts\/3969\/revisions"}],"wp:attachment":[{"href":"https:\/\/www.satokangas.fi\/blogi\/wp-json\/wp\/v2\/media?parent=3969"}],"wp:term":[{"taxonomy":"category","embeddable":true,"href":"https:\/\/www.satokangas.fi\/blogi\/wp-json\/wp\/v2\/categories?post=3969"},{"taxonomy":"post_tag","embeddable":true,"href":"https:\/\/www.satokangas.fi\/blogi\/wp-json\/wp\/v2\/tags?post=3969"}],"curies":[{"name":"wp","href":"https:\/\/api.w.org\/{rel}","templated":true}]}}