{"id":3960,"date":"2009-08-05T22:24:25","date_gmt":"2009-08-05T19:24:25","guid":{"rendered":"https:\/\/www.satokangas.fi\/blogi\/?p=3960"},"modified":"2009-08-06T07:50:19","modified_gmt":"2009-08-06T04:50:19","slug":"viela-on-kesaa-jaljella","status":"publish","type":"post","link":"https:\/\/www.satokangas.fi\/blogi\/2009\/08\/viela-on-kesaa-jaljella\/","title":{"rendered":"Viel\u00e4 on kes\u00e4\u00e4 j\u00e4ljell\u00e4"},"content":{"rendered":"<p>Aamulla t\u00f6ihin py\u00f6r\u00e4illess\u00e4 aurinkoista, kaunista, mutta jossain, jotenkin, varkain, vieress\u00e4 tuntui syksy. Kalsea, mutta my\u00f6s virkist\u00e4v\u00e4 tuntu. Merkillinen ristiriita. Merkillisi\u00e4 puhelujakin t\u00e4n\u00e4\u00e4n, hyvi\u00e4 ja huonoja uutisia. Sellainen rajalla olo, oudosti. <\/p>\n<p>Minulla erinomaistakin parempi syy tehd\u00e4 lyhyt duunip\u00e4iv\u00e4: illaksi saatiin viel\u00e4 I &#038; B meille. Kes\u00e4vieraita. Tuntuikin taas leppoisalta kuin kes\u00e4ll\u00e4 ainakin. Iltaa istuttiin, sy\u00f6tiinkin (mit\u00e4 ihmett\u00e4 siihen marinadiin olinkaan pist\u00e4nyt, heaven knows!). Menneit\u00e4, puolen vuosisadan takaisiakin! yhteisi\u00e4 &#8221;kokemuksia&#8221; :). Onhan serkkuni kummit\u00e4tini tyt\u00e4r&#8230;  Sek\u00f6 se saa meill\u00e4 jutun kulkemaan? Ei isommasti hiljaisia hetki\u00e4. Miehet puhuu koko ajan? Niin se varmaan on&#8230;<\/p>\n<p>Kes\u00e4illassa mukava olo, viel\u00e4k\u00f6 huomenna? <\/p>\n","protected":false},"excerpt":{"rendered":"<p>Aamulla t\u00f6ihin py\u00f6r\u00e4illess\u00e4 aurinkoista, kaunista, mutta jossain, jotenkin, varkain, vieress\u00e4 tuntui syksy. Kalsea, mutta my\u00f6s virkist\u00e4v\u00e4 tuntu. Merkillinen ristiriita. Merkillisi\u00e4 puhelujakin t\u00e4n\u00e4\u00e4n, hyvi\u00e4 ja huonoja uutisia. Sellainen rajalla olo, oudosti. Minulla erinomaistakin parempi syy tehd\u00e4 lyhyt duunip\u00e4iv\u00e4: illaksi saatiin viel\u00e4 I &#038; B meille. Kes\u00e4vieraita. Tuntuikin taas leppoisalta kuin kes\u00e4ll\u00e4 ainakin. Iltaa istuttiin, sy\u00f6tiinkin (mit\u00e4 ihmett\u00e4 siihen marinadiin olinkaan pist\u00e4nyt, &hellip; <\/p>\n","protected":false},"author":1,"featured_media":0,"comment_status":"open","ping_status":"open","sticky":false,"template":"","format":"standard","meta":{"jetpack_post_was_ever_published":false,"_jetpack_newsletter_access":"","_jetpack_dont_email_post_to_subs":false,"_jetpack_newsletter_tier_id":0,"_jetpack_memberships_contains_paywalled_content":false,"_jetpack_memberships_contains_paid_content":false,"footnotes":"","jetpack_publicize_message":"","jetpack_publicize_feature_enabled":true,"jetpack_social_post_already_shared":false,"jetpack_social_options":{"image_generator_settings":{"template":"highway","default_image_id":0,"font":"","enabled":false},"version":2}},"categories":[1],"tags":[],"class_list":["post-3960","post","type-post","status-publish","format-standard","hentry","category-aiheeton","latest_post"],"jetpack_publicize_connections":[],"jetpack_featured_media_url":"","jetpack_shortlink":"https:\/\/wp.me\/pr4p4-11S","jetpack_sharing_enabled":true,"jetpack_likes_enabled":false,"jetpack-related-posts":[{"id":25876,"url":"https:\/\/www.satokangas.fi\/blogi\/2015\/08\/toista-yyneytta-kohti\/","url_meta":{"origin":3960,"position":0},"title":"T\u00f6ist\u00e4 tyyneytt\u00e4 kohti","author":"Reija","date":"26.8.2015","format":false,"excerpt":"Kyll\u00e4 kannatti k\u00e4yd\u00e4 t\u00e4n\u00e4\u00e4n t\u00f6iss\u00e4, eikun entisell\u00e4 ty\u00f6paikalla. Monestakin syyst\u00e4. Ensinn\u00e4kin puolenp\u00e4iv\u00e4n l\u00e4mm\u00f6ss\u00e4 oli kukkamekko hulmuten ihana k\u00e4vell\u00e4. Ei tuntunut lenkilt\u00e4. Tuntui kes\u00e4lle ja lomalle. Palatessa kiersin viel\u00e4 mutkan kautta, tuli ihan hyv\u00e4 kilometrisaldo. Toiseksi oli mukava kes\u00e4n j\u00e4lkeen n\u00e4hd\u00e4 muutamia ty\u00f6kavereita. Rupatella tovi. Ei viel\u00e4 ainakaan ollut vaikeaa jutella.\u2026","rel":"","context":"Kategoriassa &quot;Niit\u00e4 n\u00e4it\u00e4&quot;","block_context":{"text":"Niit\u00e4 n\u00e4it\u00e4","link":"https:\/\/www.satokangas.fi\/blogi\/category\/aiheeton\/"},"img":{"alt_text":"1-2","src":"https:\/\/i0.wp.com\/www.satokangas.fi\/blogi\/wp-content\/uploads\/2015\/08\/1-2-600x309.jpg?resize=350%2C200&ssl=1","width":350,"height":200,"srcset":"https:\/\/i0.wp.com\/www.satokangas.fi\/blogi\/wp-content\/uploads\/2015\/08\/1-2-600x309.jpg?resize=350%2C200&ssl=1 1x, https:\/\/i0.wp.com\/www.satokangas.fi\/blogi\/wp-content\/uploads\/2015\/08\/1-2-600x309.jpg?resize=525%2C300&ssl=1 1.5x"},"classes":[]},{"id":40905,"url":"https:\/\/www.satokangas.fi\/blogi\/2021\/05\/mokki-kesakuntoon\/","url_meta":{"origin":3960,"position":1},"title":"M\u00f6kki kes\u00e4kuntoon","author":"Reija","date":"31.5.2021","format":false,"excerpt":"M\u00f6kki on yleens\u00e4 painajaisvapaata vy\u00f6hykett\u00e4, mutta viime y\u00f6 meni kyll\u00e4 aika tykytt\u00e4viss\u00e4 tunnelmissa. Kuudelta revin itseni irti unista, kauan sen j\u00e4lkeenkin viel\u00e4 valju ja ahdistava olo. Ei kuulu m\u00f6kkieloon tuollaiset unet, olot ja sanat. No mutta... Aikani arvoin mille ryhtyisin, ja kun s\u00e4\u00e4ennuste n\u00e4ytti, ett\u00e4 juuri t\u00e4n\u00e4\u00e4n t\u00e4\u00e4ll\u00e4 olisi pilvisin\u2026","rel":"","context":"Kategoriassa &quot;M\u00f6kkiel\u00e4m\u00e4\u00e4&quot;","block_context":{"text":"M\u00f6kkiel\u00e4m\u00e4\u00e4","link":"https:\/\/www.satokangas.fi\/blogi\/category\/mokkielamaa\/"},"img":{"alt_text":"","src":"https:\/\/i0.wp.com\/www.satokangas.fi\/blogi\/wp-content\/uploads\/2021\/05\/morontorjuja.jpg?resize=350%2C200&ssl=1","width":350,"height":200,"srcset":"https:\/\/i0.wp.com\/www.satokangas.fi\/blogi\/wp-content\/uploads\/2021\/05\/morontorjuja.jpg?resize=350%2C200&ssl=1 1x, https:\/\/i0.wp.com\/www.satokangas.fi\/blogi\/wp-content\/uploads\/2021\/05\/morontorjuja.jpg?resize=525%2C300&ssl=1 1.5x"},"classes":[]},{"id":3950,"url":"https:\/\/www.satokangas.fi\/blogi\/2009\/08\/tasta-se-taas-lahtee\/","url_meta":{"origin":3960,"position":2},"title":"T\u00e4st\u00e4 se taas l\u00e4htee","author":"Reija","date":"4.8.2009","format":false,"excerpt":"Vankkumaton p\u00e4\u00e4t\u00f6s aloittaa loman j\u00e4lkeinen el\u00e4m\u00e4 salitreenill\u00e4 oli viel\u00e4 eilen illalla hyv\u00e4. Aamukuudelta ajatuskin kuumalle salille l\u00e4htemisest\u00e4 tuntui hyvin, hyvin merkilliselt\u00e4. Rullislenkin sent\u00e4\u00e4n tein. Mukava kun sent\u00e4\u00e4n sen. Vaikka hankkiuduin kustannuspaikalle tavanomaista my\u00f6hemmin, olin silti ainut pitk\u00e4n aikaa. Pitk\u00e4n tovin tuijotin ep\u00e4uskoisena ty\u00f6huoneeni sein\u00e4ll\u00e4 olevaa mittaria, ja kyll\u00e4, kyll\u00e4 huoneessa\u2026","rel":"","context":"Kategoriassa &quot;Niit\u00e4 n\u00e4it\u00e4&quot;","block_context":{"text":"Niit\u00e4 n\u00e4it\u00e4","link":"https:\/\/www.satokangas.fi\/blogi\/category\/aiheeton\/"},"img":{"alt_text":"Limeneilikka","src":"https:\/\/i0.wp.com\/www.satokangas.fi\/blogi\/wp-content\/uploads\/2009\/08\/limeneilikka1-131x200.jpg?resize=350%2C200&ssl=1","width":350,"height":200},"classes":[]},{"id":28112,"url":"https:\/\/www.satokangas.fi\/blogi\/2016\/04\/kotimetsassa\/","url_meta":{"origin":3960,"position":3},"title":"Kotimets\u00e4ss\u00e4","author":"Reija","date":"25.4.2016","format":false,"excerpt":"T\u00e4n\u00e4\u00e4n olin hyvin hyvill\u00e4 mielin kun ei ollut duuniin riennett\u00e4v\u00e4 heti aamusta. City-breakin ja tytt\u00e4ren luona olon\u00a0j\u00e4lkeen tuntui, ett\u00e4 oli palattu pidemm\u00e4lt\u00e4kin matkalta, ja matka- ja muuta v\u00e4symyst\u00e4 tuntui. Repaleisena y\u00f6n\u00e4 liikuin syviss\u00e4 vesiss\u00e4 unissa, ahdistavalle tuntui viel\u00e4 aamuseitsem\u00e4lt\u00e4, mutta Haltia ja Meindli\u00e4 ylle ja jalkaan ja kotimets\u00e4\u00e4n, \"omalle\" rannalle\u2026","rel":"","context":"Kategoriassa &quot;Niit\u00e4 n\u00e4it\u00e4&quot;","block_context":{"text":"Niit\u00e4 n\u00e4it\u00e4","link":"https:\/\/www.satokangas.fi\/blogi\/category\/aiheeton\/"},"img":{"alt_text":"","src":"https:\/\/i0.wp.com\/www.satokangas.fi\/blogi\/wp-content\/uploads\/2016\/04\/Kotimetsassa-2-2.jpg?resize=350%2C200&ssl=1","width":350,"height":200,"srcset":"https:\/\/i0.wp.com\/www.satokangas.fi\/blogi\/wp-content\/uploads\/2016\/04\/Kotimetsassa-2-2.jpg?resize=350%2C200&ssl=1 1x, https:\/\/i0.wp.com\/www.satokangas.fi\/blogi\/wp-content\/uploads\/2016\/04\/Kotimetsassa-2-2.jpg?resize=525%2C300&ssl=1 1.5x, https:\/\/i0.wp.com\/www.satokangas.fi\/blogi\/wp-content\/uploads\/2016\/04\/Kotimetsassa-2-2.jpg?resize=700%2C400&ssl=1 2x"},"classes":[]},{"id":52667,"url":"https:\/\/www.satokangas.fi\/blogi\/2025\/07\/keskikesalla-alkoi-kesa\/","url_meta":{"origin":3960,"position":4},"title":"Vasta keskikes\u00e4ll\u00e4 alkoi kes\u00e4","author":"Reija","date":"1.7.2025","format":false,"excerpt":"Kes\u00e4kuussa oli aika lailla menemisi\u00e4, tekemisi\u00e4, tapaamisia. Oltiinhan kuukauden kakkosviikolla parin p\u00e4iv\u00e4n Hailuoto-reissulla Amicien kanssa, sen j\u00e4lkeen juhannusta edelt\u00e4v\u00e4 viikko ja juhannusaatto vietettiin Juniorin ja lasten kanssa Hangasojalla. Ja meill\u00e4 Pehtoorin kanssa kului sitten viel\u00e4 seuraavakin viikko m\u00f6kkeilless\u00e4, p\u00e4\u00e4osin pihahommissa. Viikonlopuksi palasimme m\u00f6kilt\u00e4 kotiin. Perjantaina oli paluupuuhia (puutarha, pyykit, paperit,\u2026","rel":"","context":"Kategoriassa &quot;Isovanhemmuus&quot;","block_context":{"text":"Isovanhemmuus","link":"https:\/\/www.satokangas.fi\/blogi\/category\/isovanhemmuus\/"},"img":{"alt_text":"","src":"https:\/\/i0.wp.com\/www.satokangas.fi\/blogi\/wp-content\/uploads\/2025\/06\/Vihrean_runsaus-4.jpg?resize=350%2C200&ssl=1","width":350,"height":200,"srcset":"https:\/\/i0.wp.com\/www.satokangas.fi\/blogi\/wp-content\/uploads\/2025\/06\/Vihrean_runsaus-4.jpg?resize=350%2C200&ssl=1 1x, https:\/\/i0.wp.com\/www.satokangas.fi\/blogi\/wp-content\/uploads\/2025\/06\/Vihrean_runsaus-4.jpg?resize=525%2C300&ssl=1 1.5x, https:\/\/i0.wp.com\/www.satokangas.fi\/blogi\/wp-content\/uploads\/2025\/06\/Vihrean_runsaus-4.jpg?resize=700%2C400&ssl=1 2x"},"classes":[]},{"id":53397,"url":"https:\/\/www.satokangas.fi\/blogi\/2025\/11\/pyorailykauden-paatoslenkilla\/","url_meta":{"origin":3960,"position":5},"title":"Py\u00f6r\u00e4ilykauden p\u00e4\u00e4t\u00f6slenkill\u00e4","author":"Reija","date":"6.11.2025","format":false,"excerpt":"Viel\u00e4 t\u00e4n\u00e4\u00e4n, ainakin viel\u00e4 t\u00e4n\u00e4\u00e4n oli kaunis, aurinkoinen, liki tyven p\u00e4iv\u00e4. Kuin ei olisikaan marraskuu, kuin ei olisikaan aika luopua py\u00f6r\u00e4lenkeist\u00e4 ja koettaa harrastaa jotain muuta ulkoilua ja liikkumista. Ajelin kaikilla lempparireiteill\u00e4, aika hiljaksiin, nautin valosta, kantrimusiikkia nappikuulokkeista, ristiin rastiin, ilman tavoitetta... Lempe\u00e4lt\u00e4 j\u00e4\u00e4hyv\u00e4isajelulta se tuntui. T\u00e4n\u00e4(kin) vuonna melkein jokainen\u2026","rel":"","context":"Kategoriassa &quot;Liikkuminen&quot;","block_context":{"text":"Liikkuminen","link":"https:\/\/www.satokangas.fi\/blogi\/category\/liikkuminen\/"},"img":{"alt_text":"","src":"https:\/\/i0.wp.com\/www.satokangas.fi\/blogi\/wp-content\/uploads\/2025\/11\/2026_11.jpg?resize=350%2C200&ssl=1","width":350,"height":200,"srcset":"https:\/\/i0.wp.com\/www.satokangas.fi\/blogi\/wp-content\/uploads\/2025\/11\/2026_11.jpg?resize=350%2C200&ssl=1 1x, https:\/\/i0.wp.com\/www.satokangas.fi\/blogi\/wp-content\/uploads\/2025\/11\/2026_11.jpg?resize=525%2C300&ssl=1 1.5x, https:\/\/i0.wp.com\/www.satokangas.fi\/blogi\/wp-content\/uploads\/2025\/11\/2026_11.jpg?resize=700%2C400&ssl=1 2x, https:\/\/i0.wp.com\/www.satokangas.fi\/blogi\/wp-content\/uploads\/2025\/11\/2026_11.jpg?resize=1050%2C600&ssl=1 3x"},"classes":[]}],"_links":{"self":[{"href":"https:\/\/www.satokangas.fi\/blogi\/wp-json\/wp\/v2\/posts\/3960","targetHints":{"allow":["GET"]}}],"collection":[{"href":"https:\/\/www.satokangas.fi\/blogi\/wp-json\/wp\/v2\/posts"}],"about":[{"href":"https:\/\/www.satokangas.fi\/blogi\/wp-json\/wp\/v2\/types\/post"}],"author":[{"embeddable":true,"href":"https:\/\/www.satokangas.fi\/blogi\/wp-json\/wp\/v2\/users\/1"}],"replies":[{"embeddable":true,"href":"https:\/\/www.satokangas.fi\/blogi\/wp-json\/wp\/v2\/comments?post=3960"}],"version-history":[{"count":0,"href":"https:\/\/www.satokangas.fi\/blogi\/wp-json\/wp\/v2\/posts\/3960\/revisions"}],"wp:attachment":[{"href":"https:\/\/www.satokangas.fi\/blogi\/wp-json\/wp\/v2\/media?parent=3960"}],"wp:term":[{"taxonomy":"category","embeddable":true,"href":"https:\/\/www.satokangas.fi\/blogi\/wp-json\/wp\/v2\/categories?post=3960"},{"taxonomy":"post_tag","embeddable":true,"href":"https:\/\/www.satokangas.fi\/blogi\/wp-json\/wp\/v2\/tags?post=3960"}],"curies":[{"name":"wp","href":"https:\/\/api.w.org\/{rel}","templated":true}]}}