{"id":3950,"date":"2009-08-04T22:28:42","date_gmt":"2009-08-04T19:28:42","guid":{"rendered":"https:\/\/www.satokangas.fi\/blogi\/?p=3950"},"modified":"2009-08-05T10:10:34","modified_gmt":"2009-08-05T07:10:34","slug":"tasta-se-taas-lahtee","status":"publish","type":"post","link":"https:\/\/www.satokangas.fi\/blogi\/2009\/08\/tasta-se-taas-lahtee\/","title":{"rendered":"T\u00e4st\u00e4 se taas l\u00e4htee"},"content":{"rendered":"<p>Vankkumaton p\u00e4\u00e4t\u00f6s aloittaa loman j\u00e4lkeinen el\u00e4m\u00e4 salitreenill\u00e4 oli viel\u00e4 eilen illalla hyv\u00e4. Aamukuudelta ajatuskin kuumalle salille l\u00e4htemisest\u00e4 tuntui hyvin, hyvin merkilliselt\u00e4. Rullislenkin sent\u00e4\u00e4n tein. Mukava kun sent\u00e4\u00e4n sen. <\/p>\n<p>Vaikka hankkiuduin kustannuspaikalle tavanomaista my\u00f6hemmin, olin silti ainut pitk\u00e4n aikaa. Pitk\u00e4n tovin tuijotin ep\u00e4uskoisena ty\u00f6huoneeni sein\u00e4ll\u00e4 olevaa mittaria, ja kyll\u00e4, kyll\u00e4 huoneessa oli + 29 C. Pieni rupelituuletin, s\u00e4lekaihtimet ja tuuletusikkunan avaaminen eiv\u00e4t juuri tilannetta helpottaneet. Kun on ollut ulkoruokinnassa ja -olossa monta p\u00e4iv\u00e4\u00e4, tuntui kuuma sis\u00e4ilma kerrassaan kiusalliselta. Muutamien kollegoiden tulo kaveriksi &#8211; vaihtamaan kes\u00e4n kuulumiset ja pohtimaan yliopiston uuden hallituksen kokoonpanoa ja sen mahdollisia seurauksia, niin ja tietysti &#8211; tekem\u00e4\u00e4n t\u00f6it\u00e4kin, helpotti kummasti. <\/p>\n<p><a href=\"https:\/\/www.satokangas.fi\/blogi\/wp-content\/uploads\/2009\/08\/limeneilikka1.jpg\"><img loading=\"lazy\" decoding=\"async\" data-attachment-id=\"3955\" data-permalink=\"https:\/\/www.satokangas.fi\/blogi\/2009\/08\/tasta-se-taas-lahtee\/limeneilikka1\/\" data-orig-file=\"https:\/\/www.satokangas.fi\/blogi\/wp-content\/uploads\/2009\/08\/limeneilikka1.jpg\" data-orig-size=\"500,763\" data-comments-opened=\"1\" data-image-meta=\"{&quot;aperture&quot;:&quot;5.6&quot;,&quot;credit&quot;:&quot;&quot;,&quot;camera&quot;:&quot;Canon EOS 450D&quot;,&quot;caption&quot;:&quot;&quot;,&quot;created_timestamp&quot;:&quot;1249446212&quot;,&quot;copyright&quot;:&quot;&quot;,&quot;focal_length&quot;:&quot;100&quot;,&quot;iso&quot;:&quot;100&quot;,&quot;shutter_speed&quot;:&quot;0.02&quot;,&quot;title&quot;:&quot;&quot;}\" data-image-title=\"Limeneilikka\" data-image-description=\"\" data-image-caption=\"\" data-large-file=\"https:\/\/www.satokangas.fi\/blogi\/wp-content\/uploads\/2009\/08\/limeneilikka1.jpg\" src=\"https:\/\/www.satokangas.fi\/blogi\/wp-content\/uploads\/2009\/08\/limeneilikka1-131x200.jpg\" alt=\"Limeneilikka\" title=\"Limeneilikka\" width=\"131\" height=\"200\" class=\"alignleft size-thumbnail wp-image-3955\" srcset=\"https:\/\/www.satokangas.fi\/blogi\/wp-content\/uploads\/2009\/08\/limeneilikka1-131x200.jpg 131w, https:\/\/www.satokangas.fi\/blogi\/wp-content\/uploads\/2009\/08\/limeneilikka1-262x400.jpg 262w, https:\/\/www.satokangas.fi\/blogi\/wp-content\/uploads\/2009\/08\/limeneilikka1.jpg 500w\" sizes=\"auto, (max-width: 131px) 100vw, 131px\" \/><\/a>Stockan herkun kautta kotiin, tyk\u00f6tarpeita huomista ruokaa ja baakkelsia varten. M\u00f6kkikaupan j\u00e4lkeen Herkun tarjonta tuntuu aina yht\u00e4 juhlalliselta. Ehtoo onkin sitten kulunut pihalla ja Festassa. Pehtoori meinaa minun pienille kattauskukka-asetelmilleni (kuva suurenee klikkaamalla) taas hymyill\u00e4, hieman syrj\u00e4karein virnuilee. Mutta eip\u00e4 ole p\u00e4\u00e4puutarhuri itse edes yritt\u00e4nyt&#8230; \ud83d\ude42 Kyll\u00e4 min\u00e4 viel\u00e4 opin. Kai. Ehk\u00e4. Yritt\u00e4nytt\u00e4 ei laiteta. [sanonta jota en ole koskaan oikein tajunnut]. No keitti\u00f6\u00f6n mies ei sent\u00e4\u00e4n tullut tekemisi\u00e4ni kuljailemaan. Vaikka uutta siell\u00e4kin kokeilin&#8230; <\/p>\n<p>Ty\u00f6t\u00f6it\u00e4 ja harrastuksia sopivassa suhteessa. Kun viel\u00e4 nukkumisrytmi reivautuisi sopivaan kurssiin. <\/p>\n","protected":false},"excerpt":{"rendered":"<p>Vankkumaton p\u00e4\u00e4t\u00f6s aloittaa loman j\u00e4lkeinen el\u00e4m\u00e4 salitreenill\u00e4 oli viel\u00e4 eilen illalla hyv\u00e4. Aamukuudelta ajatuskin kuumalle salille l\u00e4htemisest\u00e4 tuntui hyvin, hyvin merkilliselt\u00e4. Rullislenkin sent\u00e4\u00e4n tein. Mukava kun sent\u00e4\u00e4n sen. Vaikka hankkiuduin kustannuspaikalle tavanomaista my\u00f6hemmin, olin silti ainut pitk\u00e4n aikaa. Pitk\u00e4n tovin tuijotin ep\u00e4uskoisena ty\u00f6huoneeni sein\u00e4ll\u00e4 olevaa mittaria, ja kyll\u00e4, kyll\u00e4 huoneessa oli + 29 C. Pieni rupelituuletin, s\u00e4lekaihtimet ja tuuletusikkunan avaaminen &hellip; <\/p>\n","protected":false},"author":1,"featured_media":0,"comment_status":"open","ping_status":"open","sticky":false,"template":"","format":"standard","meta":{"jetpack_post_was_ever_published":false,"_jetpack_newsletter_access":"","_jetpack_dont_email_post_to_subs":false,"_jetpack_newsletter_tier_id":0,"_jetpack_memberships_contains_paywalled_content":false,"_jetpack_memberships_contains_paid_content":false,"footnotes":"","jetpack_publicize_message":"","jetpack_publicize_feature_enabled":true,"jetpack_social_post_already_shared":false,"jetpack_social_options":{"image_generator_settings":{"template":"highway","default_image_id":0,"font":"","enabled":false},"version":2}},"categories":[1],"tags":[],"class_list":["post-3950","post","type-post","status-publish","format-standard","hentry","category-aiheeton","latest_post"],"jetpack_publicize_connections":[],"jetpack_featured_media_url":"","jetpack_shortlink":"https:\/\/wp.me\/pr4p4-11I","jetpack_sharing_enabled":true,"jetpack_likes_enabled":false,"jetpack-related-posts":[{"id":7201,"url":"https:\/\/www.satokangas.fi\/blogi\/2010\/05\/kuulostaa-kevatmaanantailta\/","url_meta":{"origin":3950,"position":0},"title":"Kuulostaa kev\u00e4tmaanantailta","author":"Reija","date":"17.5.2010","format":false,"excerpt":"Viel\u00e4 min\u00e4 joskus kokoan ne kaikki selitykset joilla opiskelijat siirt\u00e4v\u00e4t kandit\u00f6iden esityksi\u00e4, perustelevat esseiden valmistumattomuutta, selittelev\u00e4t tentin perumisia, ... viel\u00e4 min\u00e4 joskus kokoan. Ja siit\u00e4 listasta tulee pitk\u00e4! Miksei voi vaan sanoa, ett\u00e4 en saanut aikaseksi, en ehtinyt, aloitin liian my\u00f6h\u00e4\u00e4n, en osaa suunnitella aikatauluja... En min\u00e4 ammu vaikka ty\u00f6n\u2026","rel":"","context":"Kategoriassa &quot;Yliopistoel\u00e4m\u00e4\u00e4&quot;","block_context":{"text":"Yliopistoel\u00e4m\u00e4\u00e4","link":"https:\/\/www.satokangas.fi\/blogi\/category\/yliopistoelamaa\/"},"img":{"alt_text":"","src":"https:\/\/i0.wp.com\/www.satokangas.fi\/blogi\/wp-content\/uploads\/2010\/05\/huvila.jpg?resize=350%2C200&ssl=1","width":350,"height":200,"srcset":"https:\/\/i0.wp.com\/www.satokangas.fi\/blogi\/wp-content\/uploads\/2010\/05\/huvila.jpg?resize=350%2C200&ssl=1 1x, https:\/\/i0.wp.com\/www.satokangas.fi\/blogi\/wp-content\/uploads\/2010\/05\/huvila.jpg?resize=525%2C300&ssl=1 1.5x, https:\/\/i0.wp.com\/www.satokangas.fi\/blogi\/wp-content\/uploads\/2010\/05\/huvila.jpg?resize=700%2C400&ssl=1 2x"},"classes":[]},{"id":36036,"url":"https:\/\/www.satokangas.fi\/blogi\/2019\/03\/ruokaviikonloppu\/","url_meta":{"origin":3950,"position":1},"title":"Ruokaviikonloppu","author":"Reija","date":"3.3.2019","format":false,"excerpt":"Kolme kalaruokap\u00e4iv\u00e4\u00e4 takana. Perjantaina haukea serranok\u00e4\u00e4reess\u00e4, eilen lohta chili-limeliemess\u00e4 ja t\u00e4n\u00e4\u00e4n sushia, jossa p\u00e4\u00e4asiallisena t\u00e4ytteen\u00e4 lohta. Viikonloppu kulunut ruoan ja ulkoilman, kuvien ja ylenpalttisen lep\u00e4ilyn merkeiss\u00e4. :) Eilinen uusi lohiruoka oli simppeli, hyv\u00e4 aasialainen ruoka. Ohje on \"vanhasta\" Safkaa-kirjasta, ja oheen wokkasin munanuudeleita ja tein salaatin, jossa oli kananmunaa, avocadoa,\u2026","rel":"","context":"Kategoriassa &quot;Ruoka ja viini&quot;","block_context":{"text":"Ruoka ja viini","link":"https:\/\/www.satokangas.fi\/blogi\/category\/ruoka_ja_viini\/"},"img":{"alt_text":"","src":"https:\/\/i0.wp.com\/www.satokangas.fi\/blogi\/wp-content\/uploads\/2019\/03\/maaliskuu-2.jpg?resize=350%2C200&ssl=1","width":350,"height":200,"srcset":"https:\/\/i0.wp.com\/www.satokangas.fi\/blogi\/wp-content\/uploads\/2019\/03\/maaliskuu-2.jpg?resize=350%2C200&ssl=1 1x, https:\/\/i0.wp.com\/www.satokangas.fi\/blogi\/wp-content\/uploads\/2019\/03\/maaliskuu-2.jpg?resize=525%2C300&ssl=1 1.5x, https:\/\/i0.wp.com\/www.satokangas.fi\/blogi\/wp-content\/uploads\/2019\/03\/maaliskuu-2.jpg?resize=700%2C400&ssl=1 2x"},"classes":[]},{"id":44415,"url":"https:\/\/www.satokangas.fi\/blogi\/2023\/01\/kotikutoisesti\/","url_meta":{"origin":3950,"position":2},"title":"Kotikutoisesti","author":"Reija","date":"5.1.2023","format":false,"excerpt":"On kotiuduttu pohjoisesta. Eip\u00e4 nyt - t\u00e4ll\u00e4k\u00e4\u00e4n kertaa - juuri innostanut j\u00e4tt\u00e4\u00e4 m\u00f6kki\u00e4 ja sen maisemia, tuntureita ja tunnelmia. Silti oltiin jo kahdeksan aikaan liikkeell\u00e4, ennen kahta Oulussa. Matkalla Muurolassa n\u00e4htiin outo valoilmi\u00f6: aurinko paistoi horisontista suoraan silmiin. Kovin valoisalta tuntui koko matkan. Kaamoksen t\u00e4lle puolen tultiin. Onneksi oli sent\u00e4\u00e4n\u2026","rel":"","context":"Kategoriassa &quot;Niit\u00e4 n\u00e4it\u00e4&quot;","block_context":{"text":"Niit\u00e4 n\u00e4it\u00e4","link":"https:\/\/www.satokangas.fi\/blogi\/category\/aiheeton\/"},"img":{"alt_text":"","src":"https:\/\/i0.wp.com\/www.satokangas.fi\/blogi\/wp-content\/uploads\/2023\/01\/Joulunlopulla.jpg?resize=350%2C200&ssl=1","width":350,"height":200},"classes":[]},{"id":22089,"url":"https:\/\/www.satokangas.fi\/blogi\/2014\/08\/helsingin-jalkeen-kanttarellicrepseja\/","url_meta":{"origin":3950,"position":3},"title":"Helsingin j\u00e4lkeen kanttarellicrepsej\u00e4","author":"Reija","date":"3.8.2014","format":false,"excerpt":"Todellinen citybreak meill\u00e4 oli. Vajaa kaksi vuorokautta Helsingiss\u00e4 tuntui pidemm\u00e4lt\u00e4kin lomaselta, eik\u00e4 se tarkoita pitk\u00e4stymist\u00e4, vaan sit\u00e4, ett\u00e4 niin monenlaista ehdittiin ja elettiin. Kotioloissa tahtoo olla, etten paljon iltaisin, iltojen h\u00e4m\u00e4rrytty\u00e4, y\u00f6n tullessa, ole ulkona, en ainakaan k\u00e4velem\u00e4ss\u00e4, enk\u00e4 kameran kanssa, mutta eilen ja toissa iltana niin tuli tehty\u00e4. (klikkaa\u2026","rel":"","context":"Kategoriassa &quot;Niit\u00e4 n\u00e4it\u00e4&quot;","block_context":{"text":"Niit\u00e4 n\u00e4it\u00e4","link":"https:\/\/www.satokangas.fi\/blogi\/category\/aiheeton\/"},"img":{"alt_text":"Helsingiss\u00e4-4","src":"https:\/\/i0.wp.com\/www.satokangas.fi\/blogi\/wp-content\/uploads\/2014\/08\/Helsingiss%C3%A4-4-266x400.jpg?resize=350%2C200&ssl=1","width":350,"height":200},"classes":[]},{"id":30895,"url":"https:\/\/www.satokangas.fi\/blogi\/2017\/06\/sunnuntai-ulkona-ja-herkutellen\/","url_meta":{"origin":3950,"position":4},"title":"Sunnuntai ulkona ja herkutellen","author":"Reija","date":"4.6.2017","format":false,"excerpt":"Minulla on ty\u00f6huoneen ikkuna auki. Kuuluu linnunlaulu, ei sateen ropinaa, ei tuulen riepotusta puissa, eik\u00e4 palele, ei vaikka ikkuna on auki. Minulla on viel\u00e4 paljon teht\u00e4v\u00e4\u00e4 t\u00e4n\u00e4 iltana, - huomenna puolelta p\u00e4ivin on deadline ... on taas mahdollisuus yritt\u00e4\u00e4 saada kuvasarjoja hyv\u00e4ksytyksi. Osaa voi yritt\u00e4\u00e4 l\u00e4p\u00e4ist\u00e4\u00a0vasta viikonloppuna Torniossa, mutta \"vanhojen\"\u2026","rel":"","context":"Kategoriassa &quot;Niit\u00e4 n\u00e4it\u00e4&quot;","block_context":{"text":"Niit\u00e4 n\u00e4it\u00e4","link":"https:\/\/www.satokangas.fi\/blogi\/category\/aiheeton\/"},"img":{"alt_text":"","src":"https:\/\/i0.wp.com\/www.satokangas.fi\/blogi\/wp-content\/uploads\/2017\/06\/Ilokivill%C3%A4-1449x1024.jpg?resize=350%2C200&ssl=1","width":350,"height":200,"srcset":"https:\/\/i0.wp.com\/www.satokangas.fi\/blogi\/wp-content\/uploads\/2017\/06\/Ilokivill%C3%A4-1449x1024.jpg?resize=350%2C200&ssl=1 1x, https:\/\/i0.wp.com\/www.satokangas.fi\/blogi\/wp-content\/uploads\/2017\/06\/Ilokivill%C3%A4-1449x1024.jpg?resize=525%2C300&ssl=1 1.5x, https:\/\/i0.wp.com\/www.satokangas.fi\/blogi\/wp-content\/uploads\/2017\/06\/Ilokivill%C3%A4-1449x1024.jpg?resize=700%2C400&ssl=1 2x, https:\/\/i0.wp.com\/www.satokangas.fi\/blogi\/wp-content\/uploads\/2017\/06\/Ilokivill%C3%A4-1449x1024.jpg?resize=1050%2C600&ssl=1 3x"},"classes":[]},{"id":1967,"url":"https:\/\/www.satokangas.fi\/blogi\/2008\/12\/saatovirhe\/","url_meta":{"origin":3950,"position":5},"title":"S\u00e4\u00e4t\u00f6virhe","author":"Reija","date":"27.12.2008","format":false,"excerpt":"Lauantai. Ja viel\u00e4 viikko lomaa, n\u00e4in olen sitten p\u00e4\u00e4tt\u00e4nyt. Se tuntuu edelleen mukavalle. Mutta: s\u00e4\u00e4t\u00f6virhe on jossakin. Eik\u00e4 t\u00e4m\u00e4 koske vain meid\u00e4n perhett\u00e4, vaan n\u00e4inh\u00e4n se on varmaan kaikilla lapsiperheill\u00e4. Silloin kuin lapset olivat pieni\u00e4, tarha- ja ala-asteik\u00e4isi\u00e4, meill\u00e4 molemmilla vanhemmilla oli t\u00f6it\u00e4 yleens\u00e4 aatonaaton iltaan asti ja heti tapanin\u2026","rel":"","context":"Kategoriassa &quot;Vanhemmuus&quot;","block_context":{"text":"Vanhemmuus","link":"https:\/\/www.satokangas.fi\/blogi\/category\/vanhemmuus\/"},"img":{"alt_text":"","src":"","width":0,"height":0},"classes":[]}],"_links":{"self":[{"href":"https:\/\/www.satokangas.fi\/blogi\/wp-json\/wp\/v2\/posts\/3950","targetHints":{"allow":["GET"]}}],"collection":[{"href":"https:\/\/www.satokangas.fi\/blogi\/wp-json\/wp\/v2\/posts"}],"about":[{"href":"https:\/\/www.satokangas.fi\/blogi\/wp-json\/wp\/v2\/types\/post"}],"author":[{"embeddable":true,"href":"https:\/\/www.satokangas.fi\/blogi\/wp-json\/wp\/v2\/users\/1"}],"replies":[{"embeddable":true,"href":"https:\/\/www.satokangas.fi\/blogi\/wp-json\/wp\/v2\/comments?post=3950"}],"version-history":[{"count":0,"href":"https:\/\/www.satokangas.fi\/blogi\/wp-json\/wp\/v2\/posts\/3950\/revisions"}],"wp:attachment":[{"href":"https:\/\/www.satokangas.fi\/blogi\/wp-json\/wp\/v2\/media?parent=3950"}],"wp:term":[{"taxonomy":"category","embeddable":true,"href":"https:\/\/www.satokangas.fi\/blogi\/wp-json\/wp\/v2\/categories?post=3950"},{"taxonomy":"post_tag","embeddable":true,"href":"https:\/\/www.satokangas.fi\/blogi\/wp-json\/wp\/v2\/tags?post=3950"}],"curies":[{"name":"wp","href":"https:\/\/api.w.org\/{rel}","templated":true}]}}