{"id":39305,"date":"2020-09-05T20:06:36","date_gmt":"2020-09-05T17:06:36","guid":{"rendered":"https:\/\/www.satokangas.fi\/blogi\/?p=39305"},"modified":"2020-09-05T20:14:10","modified_gmt":"2020-09-05T17:14:10","slug":"mummin-elamaa-2","status":"publish","type":"post","link":"https:\/\/www.satokangas.fi\/blogi\/2020\/09\/mummin-elamaa-2\/","title":{"rendered":"Mummin el\u00e4m\u00e4\u00e4"},"content":{"rendered":"<p>Syyskuun lauantai, jolloin l\u00e4mmin, kostea ja tuulinen keli. S\u00e4\u00e4 s\u00e4vytti ulkoilua, tulipahan poljettua paluumatkalla vastatuuleen tyhj\u00e4ll\u00e4 akulla ihan kunnolla kuntoiluksi asti. Melkein tymp\u00e4isi koko homma, mutta kyll\u00e4h\u00e4n sen j\u00e4lkeen ihan hyv\u00e4lle tuntui.<\/p>\n<p>Ja mukavan raukea olo iltap\u00e4iv\u00e4ll\u00e4 kun talossa oli pari duracell-pupua. Onneksi my\u00f6s Pehtoori-pappa, sill\u00e4 kahdellekin oli tekemist\u00e4 n\u00e4iden kanssa&#8230; \ud83d\ude09<\/p>\n<p><a href=\"https:\/\/www.satokangas.fi\/blogi\/2020\/09\/mummin-elamaa-2\/1-10-27\/#main\" rel=\"attachment wp-att-39308\"><img loading=\"lazy\" decoding=\"async\" data-attachment-id=\"39308\" data-permalink=\"https:\/\/www.satokangas.fi\/blogi\/2020\/09\/mummin-elamaa-2\/1-10-27\/\" data-orig-file=\"https:\/\/www.satokangas.fi\/blogi\/wp-content\/uploads\/2020\/09\/1-10.jpg\" data-orig-size=\"1000,667\" data-comments-opened=\"1\" data-image-meta=\"{&quot;aperture&quot;:&quot;4&quot;,&quot;credit&quot;:&quot;REIJA SATOKANGAS&quot;,&quot;camera&quot;:&quot;Canon EOS 5D Mark IV&quot;,&quot;caption&quot;:&quot;&quot;,&quot;created_timestamp&quot;:&quot;1599313726&quot;,&quot;copyright&quot;:&quot;&quot;,&quot;focal_length&quot;:&quot;123&quot;,&quot;iso&quot;:&quot;1600&quot;,&quot;shutter_speed&quot;:&quot;0.0003125&quot;,&quot;title&quot;:&quot;&quot;,&quot;orientation&quot;:&quot;0&quot;}\" data-image-title=\"1-10\" data-image-description=\"\" data-image-caption=\"\" data-large-file=\"https:\/\/www.satokangas.fi\/blogi\/wp-content\/uploads\/2020\/09\/1-10.jpg\" class=\"aligncenter size-full wp-image-39308\" src=\"https:\/\/www.satokangas.fi\/blogi\/wp-content\/uploads\/2020\/09\/1-10.jpg\" alt=\"\" width=\"1000\" height=\"667\" srcset=\"https:\/\/www.satokangas.fi\/blogi\/wp-content\/uploads\/2020\/09\/1-10.jpg 1000w, https:\/\/www.satokangas.fi\/blogi\/wp-content\/uploads\/2020\/09\/1-10-600x400.jpg 600w, https:\/\/www.satokangas.fi\/blogi\/wp-content\/uploads\/2020\/09\/1-10-300x200.jpg 300w, https:\/\/www.satokangas.fi\/blogi\/wp-content\/uploads\/2020\/09\/1-10-768x512.jpg 768w\" sizes=\"auto, (max-width: 1000px) 100vw, 1000px\" \/><\/a><\/p>\n<p style=\"text-align: center;\">H\u00e4mm\u00e4stytt\u00e4\u00e4, kummastuttaa.<\/p>\n<p>Ihan yht\u00e4 kiinnostavia ovat mummilan pihan kaivo kuin yrttipenkitkin, joissa on muurahaisia ja yrttej\u00e4, joita voi sy\u00f6d\u00e4 suoraan penkist\u00e4!<\/p>\n<p><a href=\"https:\/\/www.satokangas.fi\/blogi\/2020\/09\/mummin-elamaa-2\/1-11-24\/#main\" rel=\"attachment wp-att-39309\"><img loading=\"lazy\" decoding=\"async\" data-attachment-id=\"39309\" data-permalink=\"https:\/\/www.satokangas.fi\/blogi\/2020\/09\/mummin-elamaa-2\/1-11-24\/\" data-orig-file=\"https:\/\/www.satokangas.fi\/blogi\/wp-content\/uploads\/2020\/09\/1-11.jpg\" data-orig-size=\"874,1000\" data-comments-opened=\"1\" data-image-meta=\"{&quot;aperture&quot;:&quot;5.6&quot;,&quot;credit&quot;:&quot;REIJA SATOKANGAS&quot;,&quot;camera&quot;:&quot;Canon EOS 5D Mark IV&quot;,&quot;caption&quot;:&quot;&quot;,&quot;created_timestamp&quot;:&quot;1599314097&quot;,&quot;copyright&quot;:&quot;&quot;,&quot;focal_length&quot;:&quot;70&quot;,&quot;iso&quot;:&quot;1000&quot;,&quot;shutter_speed&quot;:&quot;0.0008&quot;,&quot;title&quot;:&quot;&quot;,&quot;orientation&quot;:&quot;0&quot;}\" data-image-title=\"1-11\" data-image-description=\"\" data-image-caption=\"\" data-large-file=\"https:\/\/www.satokangas.fi\/blogi\/wp-content\/uploads\/2020\/09\/1-11.jpg\" class=\"aligncenter size-full wp-image-39309\" src=\"https:\/\/www.satokangas.fi\/blogi\/wp-content\/uploads\/2020\/09\/1-11.jpg\" alt=\"\" width=\"874\" height=\"1000\" srcset=\"https:\/\/www.satokangas.fi\/blogi\/wp-content\/uploads\/2020\/09\/1-11.jpg 874w, https:\/\/www.satokangas.fi\/blogi\/wp-content\/uploads\/2020\/09\/1-11-350x400.jpg 350w, https:\/\/www.satokangas.fi\/blogi\/wp-content\/uploads\/2020\/09\/1-11-262x300.jpg 262w, https:\/\/www.satokangas.fi\/blogi\/wp-content\/uploads\/2020\/09\/1-11-768x879.jpg 768w\" sizes=\"auto, (max-width: 874px) 100vw, 874px\" \/><\/a><\/p>\n<p>Ja t\u00e4n\u00e4\u00e4n kuulin eka kertaa Eeviksen version &#8221;mummi&#8221;-sanasta. Se kuului monen monta kertaa; kutsuen, komentaen, iloisesti, hell\u00e4sti, etsien. Sellainen kantaa&#8230;<\/p>\n","protected":false},"excerpt":{"rendered":"<p>Syyskuun lauantai, jolloin l\u00e4mmin, kostea ja tuulinen keli. S\u00e4\u00e4 s\u00e4vytti ulkoilua, tulipahan poljettua paluumatkalla vastatuuleen tyhj\u00e4ll\u00e4 akulla ihan kunnolla kuntoiluksi asti. Melkein tymp\u00e4isi koko homma, mutta kyll\u00e4h\u00e4n sen j\u00e4lkeen ihan hyv\u00e4lle tuntui. Ja mukavan raukea olo iltap\u00e4iv\u00e4ll\u00e4 kun talossa oli pari duracell-pupua. Onneksi my\u00f6s Pehtoori-pappa, sill\u00e4 kahdellekin oli tekemist\u00e4 n\u00e4iden kanssa&#8230; \ud83d\ude09 H\u00e4mm\u00e4stytt\u00e4\u00e4, kummastuttaa. Ihan yht\u00e4 kiinnostavia ovat mummilan pihan &hellip; <\/p>\n","protected":false},"author":1,"featured_media":0,"comment_status":"open","ping_status":"open","sticky":false,"template":"","format":"standard","meta":{"jetpack_post_was_ever_published":false,"_jetpack_newsletter_access":"","_jetpack_dont_email_post_to_subs":false,"_jetpack_newsletter_tier_id":0,"_jetpack_memberships_contains_paywalled_content":false,"_jetpack_memberships_contains_paid_content":false,"footnotes":"","jetpack_publicize_message":"","jetpack_publicize_feature_enabled":true,"jetpack_social_post_already_shared":true,"jetpack_social_options":{"image_generator_settings":{"template":"highway","default_image_id":0,"font":"","enabled":false},"version":2}},"categories":[75],"tags":[],"class_list":["post-39305","post","type-post","status-publish","format-standard","hentry","category-isovanhemmuus","latest_post"],"jetpack_publicize_connections":[],"jetpack_featured_media_url":"","jetpack_shortlink":"https:\/\/wp.me\/pr4p4-adX","jetpack_sharing_enabled":true,"jetpack_likes_enabled":false,"jetpack-related-posts":[{"id":21578,"url":"https:\/\/www.satokangas.fi\/blogi\/2014\/06\/ihan-pihalla-3\/","url_meta":{"origin":39305,"position":0},"title":"Ihan pihalla","author":"Reija","date":"29.6.2014","format":false,"excerpt":"Mik\u00e4 ihana sunnuntai ollutkaan! \u00a0Hyvin varhain her\u00e4sin, nimip\u00e4iv\u00e4sankarille juhla-aamiainen, sitten merenrantaan hakemaan vihdoin niit\u00e4 meriheini\u00e4 IKEA-t\u00f6rpp\u00f6\u00f6n pihalle... Olen aikonut ainakin kuukauden, ja nyt! Pihan ja kukkapurkkien siivousta yleisestikin, vihdoinkin sain yrttipenkin siivottua, konnulin terraarion ja maton pesty\u00e4. Ikkunalaudat, piazza ja moni muu kaipasi luutuavaa touhuamista. Maalailinkin. Minusta on mukava maalata.\u2026","rel":"","context":"Kategoriassa &quot;Niit\u00e4 n\u00e4it\u00e4&quot;","block_context":{"text":"Niit\u00e4 n\u00e4it\u00e4","link":"https:\/\/www.satokangas.fi\/blogi\/category\/aiheeton\/"},"img":{"alt_text":"Ihan pihalla-9","src":"https:\/\/i0.wp.com\/www.satokangas.fi\/blogi\/wp-content\/uploads\/2014\/06\/Ihan-pihalla-9-248x400.jpg?resize=350%2C200&ssl=1","width":350,"height":200},"classes":[]},{"id":18604,"url":"https:\/\/www.satokangas.fi\/blogi\/2013\/08\/oi-ihana-elokuu\/","url_meta":{"origin":39305,"position":1},"title":"Oi ihana elokuu!","author":"Reija","date":"31.8.2013","format":false,"excerpt":"Elokuun viimeinen, lauantai. Aamulla + 6 C. Pian l\u00e4mpeni. Aurinkoa. Eik\u00e4 mik\u00e4\u00e4n saanut minua pysym\u00e4\u00e4n sis\u00e4ll\u00e4. Ihana, ihanan l\u00e4mmin, aurinkoinen elokuu, jolloin viikonloputkin ovat hellineet, jatkui viel\u00e4 t\u00e4n\u00e4\u00e4n. Ajelin Linnansaareen, ja kameran kanssa katsomaan ruusuja, torille ja halliin. Sielt\u00e4 palattua l\u00e4hdimme pehtoorin kanssa sieneen. Olipa ihana olla mets\u00e4ss\u00e4. Aurinkoisessa, l\u00e4mpim\u00e4ss\u00e4,\u2026","rel":"","context":"Kategoriassa &quot;Oulu&quot;","block_context":{"text":"Oulu","link":"https:\/\/www.satokangas.fi\/blogi\/category\/oulu\/"},"img":{"alt_text":"elokuu-5","src":"https:\/\/i0.wp.com\/www.satokangas.fi\/blogi\/wp-content\/uploads\/2013\/08\/elokuu-5-567x400.jpg?resize=350%2C200&ssl=1","width":350,"height":200,"srcset":"https:\/\/i0.wp.com\/www.satokangas.fi\/blogi\/wp-content\/uploads\/2013\/08\/elokuu-5-567x400.jpg?resize=350%2C200&ssl=1 1x, https:\/\/i0.wp.com\/www.satokangas.fi\/blogi\/wp-content\/uploads\/2013\/08\/elokuu-5-567x400.jpg?resize=525%2C300&ssl=1 1.5x"},"classes":[]},{"id":17770,"url":"https:\/\/www.satokangas.fi\/blogi\/2013\/06\/paluun-helpotus\/","url_meta":{"origin":39305,"position":2},"title":"Paluun helpotus","author":"Reija","date":"22.6.2013","format":false,"excerpt":"Ihan sama paistaako, ihan sama ollaanko kaupungissa tai m\u00f6kill\u00e4, ihan sama onko juhannus tai ei, - T\u00e4rkeint\u00e4 ja ainoa asia, jolla juuri nyt on merkityst\u00e4, on ett\u00e4 50 tunnin! varsin seikkailullisen (liki itku tuli, kun kuuntelin kaikkea, mit\u00e4 oli sattunut) paluumatkan j\u00e4lkeen pikkuinen tuli t\u00e4n\u00e4\u00e4n kotiin. N\u00e4iden kuvien v\u00e4linen viisi\u2026","rel":"","context":"Kategoriassa &quot;Niit\u00e4 n\u00e4it\u00e4&quot;","block_context":{"text":"Niit\u00e4 n\u00e4it\u00e4","link":"https:\/\/www.satokangas.fi\/blogi\/category\/aiheeton\/"},"img":{"alt_text":"1-5","src":"https:\/\/i0.wp.com\/www.satokangas.fi\/blogi\/wp-content\/uploads\/2013\/06\/1-5-600x318.jpg?resize=350%2C200&ssl=1","width":350,"height":200,"srcset":"https:\/\/i0.wp.com\/www.satokangas.fi\/blogi\/wp-content\/uploads\/2013\/06\/1-5-600x318.jpg?resize=350%2C200&ssl=1 1x, https:\/\/i0.wp.com\/www.satokangas.fi\/blogi\/wp-content\/uploads\/2013\/06\/1-5-600x318.jpg?resize=525%2C300&ssl=1 1.5x"},"classes":[]},{"id":2788,"url":"https:\/\/www.satokangas.fi\/blogi\/2009\/03\/perjantai-ihan-selvasti\/","url_meta":{"origin":39305,"position":3},"title":"Perjantai &#8211; ihan selv\u00e4sti","author":"Reija","date":"13.3.2009","format":false,"excerpt":"Perjantai 13. p\u00e4iv\u00e4. Tilip\u00e4iv\u00e4. Tiukkatahtinen ty\u00f6p\u00e4iv\u00e4. Nyt on ilta, levollinen ilta. Nuoret tulevat ja \u00a0menev\u00e4t: yksin, tytt\u00f6yst\u00e4v\u00e4n kanssa, poikayst\u00e4v\u00e4n hakiessa, tulevat ja menev\u00e4t. Pehtoorin kanssa katselemme ja kuulostelemme. Mietimme, mit\u00e4 teht\u00e4isiin huomenna? Kutsuttaisiinko ruokavieraita, l\u00e4htisik\u00f6 joku meid\u00e4n kanssamme\u00a0 kaupungille sy\u00f6m\u00e4\u00e4n vai urheiltaisiinko ja vietett\u00e4isiin reipashenkist\u00e4, terveysvaikutteista\u00a0 viikonloppua ilman rasvaa ja\u2026","rel":"","context":"Samankaltainen artikkeli","block_context":{"text":"Samankaltainen artikkeli","link":""},"img":{"alt_text":"valdifalco","src":"https:\/\/i0.wp.com\/www.satokangas.fi\/blogi\/wp-content\/uploads\/2009\/03\/valdifalco-269x400.jpg?resize=350%2C200&ssl=1","width":350,"height":200},"classes":[]},{"id":22445,"url":"https:\/\/www.satokangas.fi\/blogi\/2014\/09\/etunimi\/","url_meta":{"origin":39305,"position":4},"title":"Etunimi","author":"Reija","date":"19.9.2014","format":false,"excerpt":"Tuossa kun s\u00f6imme, kaksistaan Festassa, Pehtoorin laittamaa vallan erinomaista p\u00e4iv\u00e4llist\u00e4 (grillattua tonnikalaa, pastaa ja salaattia), tuli puheeksi, ett\u00e4 on sellainen vaihe, ett\u00e4 ei ole minulla joka ilta ihan itsest\u00e4\u00e4n selv\u00e4sti mieless\u00e4, mit\u00e4 t\u00e4nne Tuulestatemmattuun kirjoittaisin. Siin\u00e4 sy\u00f6dess\u00e4mme tietysti ajattelin, ett\u00e4 kerron ja kuvitan, mit\u00e4 Pehtoori oli kokkaillut, mutta kun t\u00e4h\u00e4n\u2026","rel":"","context":"Kategoriassa &quot;Niit\u00e4 n\u00e4it\u00e4&quot;","block_context":{"text":"Niit\u00e4 n\u00e4it\u00e4","link":"https:\/\/www.satokangas.fi\/blogi\/category\/aiheeton\/"},"img":{"alt_text":"Syksy_-4","src":"https:\/\/i0.wp.com\/www.satokangas.fi\/blogi\/wp-content\/uploads\/2014\/09\/Syksy_-4-266x400.jpg?resize=350%2C200&ssl=1","width":350,"height":200},"classes":[]},{"id":33831,"url":"https:\/\/www.satokangas.fi\/blogi\/2018\/04\/lauantai-ei-ihan-tavallinen\/","url_meta":{"origin":39305,"position":5},"title":"Lauantai &#8211; ei ihan tavallinen","author":"Reija","date":"21.4.2018","format":false,"excerpt":"Merkillisen sekava lauantai... tai siis olen tehnyt kaikenmoista - enk\u00e4 juuri mit\u00e4\u00e4n. Yksi, ei ihan v\u00e4h\u00e4p\u00e4t\u00f6inen, juttu oli se, ett\u00e4 v\u00e4h\u00e4n vahingossa tulin harhautuneeksi vaateostoksille. Olin muka hakemassa \u00e4idille safkaa ja muutamia kempparijuttuja ja kauppakeskuksessa n\u00e4in\/kuulin, ett\u00e4 Sokoksella on 20 % ale kaikista naisten vaatteista. Ettep\u00e4 arvaakaan, kuinka paljon taas\u2026","rel":"","context":"Kategoriassa &quot;Niit\u00e4 n\u00e4it\u00e4&quot;","block_context":{"text":"Niit\u00e4 n\u00e4it\u00e4","link":"https:\/\/www.satokangas.fi\/blogi\/category\/aiheeton\/"},"img":{"alt_text":"","src":"https:\/\/i0.wp.com\/www.satokangas.fi\/blogi\/wp-content\/uploads\/2018\/04\/Ravintola-Istanbul.jpg?resize=350%2C200&ssl=1","width":350,"height":200,"srcset":"https:\/\/i0.wp.com\/www.satokangas.fi\/blogi\/wp-content\/uploads\/2018\/04\/Ravintola-Istanbul.jpg?resize=350%2C200&ssl=1 1x, https:\/\/i0.wp.com\/www.satokangas.fi\/blogi\/wp-content\/uploads\/2018\/04\/Ravintola-Istanbul.jpg?resize=525%2C300&ssl=1 1.5x, https:\/\/i0.wp.com\/www.satokangas.fi\/blogi\/wp-content\/uploads\/2018\/04\/Ravintola-Istanbul.jpg?resize=700%2C400&ssl=1 2x"},"classes":[]}],"_links":{"self":[{"href":"https:\/\/www.satokangas.fi\/blogi\/wp-json\/wp\/v2\/posts\/39305","targetHints":{"allow":["GET"]}}],"collection":[{"href":"https:\/\/www.satokangas.fi\/blogi\/wp-json\/wp\/v2\/posts"}],"about":[{"href":"https:\/\/www.satokangas.fi\/blogi\/wp-json\/wp\/v2\/types\/post"}],"author":[{"embeddable":true,"href":"https:\/\/www.satokangas.fi\/blogi\/wp-json\/wp\/v2\/users\/1"}],"replies":[{"embeddable":true,"href":"https:\/\/www.satokangas.fi\/blogi\/wp-json\/wp\/v2\/comments?post=39305"}],"version-history":[{"count":0,"href":"https:\/\/www.satokangas.fi\/blogi\/wp-json\/wp\/v2\/posts\/39305\/revisions"}],"wp:attachment":[{"href":"https:\/\/www.satokangas.fi\/blogi\/wp-json\/wp\/v2\/media?parent=39305"}],"wp:term":[{"taxonomy":"category","embeddable":true,"href":"https:\/\/www.satokangas.fi\/blogi\/wp-json\/wp\/v2\/categories?post=39305"},{"taxonomy":"post_tag","embeddable":true,"href":"https:\/\/www.satokangas.fi\/blogi\/wp-json\/wp\/v2\/tags?post=39305"}],"curies":[{"name":"wp","href":"https:\/\/api.w.org\/{rel}","templated":true}]}}