{"id":39293,"date":"2020-09-03T19:58:13","date_gmt":"2020-09-03T16:58:13","guid":{"rendered":"https:\/\/www.satokangas.fi\/blogi\/?p=39293"},"modified":"2020-09-03T20:04:21","modified_gmt":"2020-09-03T17:04:21","slug":"39293","status":"publish","type":"post","link":"https:\/\/www.satokangas.fi\/blogi\/2020\/09\/39293\/","title":{"rendered":"Syksyn tullen"},"content":{"rendered":"<p style=\"text-align: justify;\">Kun kummit\u00e4ti ja kummipoika muuttavat, on sisarella ja \u00e4idill\u00e4 v\u00e4h\u00e4n logistisia ja siirtoteht\u00e4vi\u00e4. Pehtoorilla on n\u00e4ihin liittyen ollut paljon enemm\u00e4nkin, my\u00f6s remonttireiska-p\u00e4ivi\u00e4.<\/p>\n<p style=\"text-align: justify;\">T\u00e4n\u00e4\u00e4n my\u00f6s juttutuokioita siell\u00e4 ja tuolla. Ja siin\u00e4 v\u00e4liss\u00e4 ulkoilua auringossa. Viel\u00e4 onnistuin l\u00f6yt\u00e4m\u00e4\u00e4n uusia taipaleita Oulun py\u00f6r\u00e4verkostosta, vaikka hieman jo kaipaisin maisemanvaihdosta v\u00e4lill\u00e4. Ehtisink\u00f6h\u00e4n viel\u00e4 t\u00e4lle kaudelle tehd\u00e4 kuten viime vuonna kertaalleen: aamulla py\u00f6r\u00e4 junaan ja vaikka Vaalaan ja sitten polkisi sielt\u00e4 Kajaaniin ja tulisi junalla iltasella takaisin Ouluun. Raaheen en toista kertaa viitsi polkea, on niin tyls\u00e4t maisemat kymmeni\u00e4 kilometrej\u00e4.<\/p>\n<p style=\"text-align: justify;\">T\u00e4n\u00e4\u00e4n oli mukava seurata Hiukkavaaran aukiolla kun tarha- ja eskariporukka olivat opejen kanssa retkell\u00e4, laulelivat, leikkiv\u00e4t, s\u00f6iv\u00e4t ev\u00e4it\u00e4 ja sitten jonomuodostelmassa takaisin kohti p\u00e4iv\u00e4kotia. Min\u00e4 tauottelin, pidin kahvitaukoa siell\u00e4, nautin auringosta. Oikea kamerakin oli mukana, mutta enp\u00e4 ryhtynyt lapsiporukasta ottamaan tunnistettavia kuvia. Ei ole oikein fiksua kuvata lapsia luvatta, varsinkaan jos aikoo julkaista otoksia.<\/p>\n<p><img loading=\"lazy\" decoding=\"async\" data-attachment-id=\"39294\" data-permalink=\"https:\/\/www.satokangas.fi\/blogi\/2020\/09\/39293\/img_20200903_121917-2\/\" data-orig-file=\"https:\/\/www.satokangas.fi\/blogi\/wp-content\/uploads\/2020\/09\/IMG_20200903_121917-1-scaled.jpg\" data-orig-size=\"2560,1280\" data-comments-opened=\"1\" data-image-meta=\"{&quot;aperture&quot;:&quot;1.8&quot;,&quot;credit&quot;:&quot;&quot;,&quot;camera&quot;:&quot;CLT-L29&quot;,&quot;caption&quot;:&quot;&quot;,&quot;created_timestamp&quot;:&quot;1599135557&quot;,&quot;copyright&quot;:&quot;&quot;,&quot;focal_length&quot;:&quot;5.58&quot;,&quot;iso&quot;:&quot;50&quot;,&quot;shutter_speed&quot;:&quot;0.000826&quot;,&quot;title&quot;:&quot;&quot;,&quot;orientation&quot;:&quot;0&quot;}\" data-image-title=\"IMG_20200903_121917\" data-image-description=\"\" data-image-caption=\"\" data-large-file=\"https:\/\/www.satokangas.fi\/blogi\/wp-content\/uploads\/2020\/09\/IMG_20200903_121917-1-1600x800.jpg\" class=\"aligncenter wp-image-39294\" src=\"https:\/\/www.satokangas.fi\/blogi\/wp-content\/uploads\/2020\/09\/IMG_20200903_121917-1-scaled.jpg\" alt=\"\" width=\"900\" height=\"450\" srcset=\"https:\/\/www.satokangas.fi\/blogi\/wp-content\/uploads\/2020\/09\/IMG_20200903_121917-1-scaled.jpg 2560w, https:\/\/www.satokangas.fi\/blogi\/wp-content\/uploads\/2020\/09\/IMG_20200903_121917-1-800x400.jpg 800w, https:\/\/www.satokangas.fi\/blogi\/wp-content\/uploads\/2020\/09\/IMG_20200903_121917-1-1600x800.jpg 1600w, https:\/\/www.satokangas.fi\/blogi\/wp-content\/uploads\/2020\/09\/IMG_20200903_121917-1-300x150.jpg 300w, https:\/\/www.satokangas.fi\/blogi\/wp-content\/uploads\/2020\/09\/IMG_20200903_121917-1-768x384.jpg 768w, https:\/\/www.satokangas.fi\/blogi\/wp-content\/uploads\/2020\/09\/IMG_20200903_121917-1-1536x768.jpg 1536w, https:\/\/www.satokangas.fi\/blogi\/wp-content\/uploads\/2020\/09\/IMG_20200903_121917-1-2048x1024.jpg 2048w\" sizes=\"auto, (max-width: 900px) 100vw, 900px\" \/><\/p>\n<p>Iltap\u00e4iv\u00e4n lopulla, illansuussa v\u00e4h\u00e4n suurkeitti\u00f6puuhia. Pakkaseen ev\u00e4st\u00e4 &#8221;perhep\u00e4iv\u00e4hoitop\u00e4ivi\u00e4&#8221; varten, ja m\u00f6ks\u00e4reissullekin.<\/p>\n<p style=\"text-align: justify;\">Shoppailemaankin olen ehtinyt. Tosin vain nettikaupasta. <a href=\"https:\/\/www.gudrunsjoden.com\/fi-fi\/vaatteet\/nayta-kaikki\" target=\"_blank\" rel=\"noopener noreferrer\">Gudrunilta<\/a> tilasin itselleni uuden <a href=\"https:\/\/www.gudrunsjoden.com\/fi-fi\/vaatteet\/mekot-tunikat\/product-100392-musta-s\" target=\"_blank\" rel=\"noopener noreferrer\">tunikan<\/a>. Nimenomaan hankkiuduin tuohon kauppaan, koska siell\u00e4 kuosit ja v\u00e4rit ovat vahvoja, t\u00e4t\u00e4 kautta aattelin hankkia piristyst\u00e4 ja v\u00e4ri\u00e4 el\u00e4m\u00e4\u00e4n. Ja sitten valitsin musta-valkoisen kamppeen! Tosin en edes tied\u00e4, mihin uutta vaatetta tarvitsen; aika &#8221;kotoisalta&#8221; n\u00e4ytt\u00e4\u00e4 tuleva &#8221;sesonki&#8221;. Ehk\u00e4 t\u00e4m\u00e4 on vain sellainen vuosikymmenien aikana sis\u00e4istynyt juttu: syyslukukaudeksi uusi vaate. \ud83d\ude42 Enempi olisi ehk\u00e4 tarvetta salikamppeille. Uudet treenihousut vois olla kivat! No ehk\u00e4p\u00e4 hankin my\u00f6s ne.<\/p>\n","protected":false},"excerpt":{"rendered":"<p>Kun kummit\u00e4ti ja kummipoika muuttavat, on sisarella ja \u00e4idill\u00e4 v\u00e4h\u00e4n logistisia ja siirtoteht\u00e4vi\u00e4. Pehtoorilla on n\u00e4ihin liittyen ollut paljon enemm\u00e4nkin, my\u00f6s remonttireiska-p\u00e4ivi\u00e4. T\u00e4n\u00e4\u00e4n my\u00f6s juttutuokioita siell\u00e4 ja tuolla. Ja siin\u00e4 v\u00e4liss\u00e4 ulkoilua auringossa. Viel\u00e4 onnistuin l\u00f6yt\u00e4m\u00e4\u00e4n uusia taipaleita Oulun py\u00f6r\u00e4verkostosta, vaikka hieman jo kaipaisin maisemanvaihdosta v\u00e4lill\u00e4. Ehtisink\u00f6h\u00e4n viel\u00e4 t\u00e4lle kaudelle tehd\u00e4 kuten viime vuonna kertaalleen: aamulla py\u00f6r\u00e4 junaan ja vaikka &hellip; <\/p>\n","protected":false},"author":1,"featured_media":0,"comment_status":"open","ping_status":"open","sticky":false,"template":"","format":"standard","meta":{"jetpack_post_was_ever_published":false,"_jetpack_newsletter_access":"","_jetpack_dont_email_post_to_subs":false,"_jetpack_newsletter_tier_id":0,"_jetpack_memberships_contains_paywalled_content":false,"_jetpack_memberships_contains_paid_content":false,"footnotes":"","jetpack_publicize_message":"","jetpack_publicize_feature_enabled":true,"jetpack_social_post_already_shared":true,"jetpack_social_options":{"image_generator_settings":{"template":"highway","default_image_id":0,"font":"","enabled":false},"version":2}},"categories":[1],"tags":[],"class_list":["post-39293","post","type-post","status-publish","format-standard","hentry","category-aiheeton","latest_post"],"jetpack_publicize_connections":[],"jetpack_featured_media_url":"","jetpack_shortlink":"https:\/\/wp.me\/sr4p4-39293","jetpack_sharing_enabled":true,"jetpack_likes_enabled":false,"jetpack-related-posts":[{"id":36635,"url":"https:\/\/www.satokangas.fi\/blogi\/2019\/06\/junan-perassa-ja-puistossa\/","url_meta":{"origin":39293,"position":0},"title":"Junan per\u00e4ss\u00e4 ja puistossa","author":"Reija","date":"13.6.2019","format":false,"excerpt":"Sellainen suhaamisp\u00e4iv\u00e4. Paikasta toiseen, ja pari kertaa v\u00e4\u00e4r\u00e4ss\u00e4 paikassa v\u00e4\u00e4r\u00e4\u00e4n aikaan, ja kuten tavallista, jokaiseen pieneenkin l\u00e4ht\u00f6\u00f6n liittyi, ett\u00e4 ensin oli k\u00e4ytett\u00e4v\u00e4 kohtuullinen tovi jonkin kadoksissa olevan asian etsimiseen. Milloin hukassa oli py\u00f6r\u00e4navain, milloin hanskat, milloin muistikortti, milloin \u00e4idin sanelema kauppalappu (\u00c4: Mik\u00e4 kauppa nyky\u00e4\u00e4n myy Revlonin tuotteita? M: Hmm---\u2026","rel":"","context":"Kategoriassa &quot;Historiaa&quot;","block_context":{"text":"Historiaa","link":"https:\/\/www.satokangas.fi\/blogi\/category\/historiaa\/"},"img":{"alt_text":"","src":"https:\/\/i0.wp.com\/www.satokangas.fi\/blogi\/wp-content\/uploads\/2019\/06\/alppiruusu-2.jpg?resize=350%2C200&ssl=1","width":350,"height":200,"srcset":"https:\/\/i0.wp.com\/www.satokangas.fi\/blogi\/wp-content\/uploads\/2019\/06\/alppiruusu-2.jpg?resize=350%2C200&ssl=1 1x, https:\/\/i0.wp.com\/www.satokangas.fi\/blogi\/wp-content\/uploads\/2019\/06\/alppiruusu-2.jpg?resize=525%2C300&ssl=1 1.5x"},"classes":[]},{"id":47146,"url":"https:\/\/www.satokangas.fi\/blogi\/2023\/09\/kotiinpaluu-6\/","url_meta":{"origin":39293,"position":1},"title":"Kotiinpaluu","author":"Reija","date":"25.9.2023","format":false,"excerpt":"Eilen illalla matkasimme Pendolinolla J\u00e4rvenp\u00e4\u00e4 - Tikkurila - Oulu -v\u00e4lin. Kahdeksisen tuntia on meid\u00e4n ja nuorimman lapsenlapsen v\u00e4linen et\u00e4isyys ajallisesti. Oikeastaan sama kulkeeko autolla, lent\u00e4en vai junalla - yhteydet, tauot, odottelut etc. vaihtelevat,\u00a0 mutta aikaa J\u00e4rvenp\u00e4\u00e4n Louttista (vai Loutista) Oulun Rantapeltoon kuluu suunnitteen 7 - 8 tuntia. Ei ihan niin\u2026","rel":"","context":"Kategoriassa &quot;Valokuvaus&quot;","block_context":{"text":"Valokuvaus","link":"https:\/\/www.satokangas.fi\/blogi\/category\/valokuvaus\/"},"img":{"alt_text":"","src":"https:\/\/i0.wp.com\/www.satokangas.fi\/blogi\/wp-content\/uploads\/2023\/09\/Kotiinpaluu-6.jpg?resize=350%2C200&ssl=1","width":350,"height":200,"srcset":"https:\/\/i0.wp.com\/www.satokangas.fi\/blogi\/wp-content\/uploads\/2023\/09\/Kotiinpaluu-6.jpg?resize=350%2C200&ssl=1 1x, https:\/\/i0.wp.com\/www.satokangas.fi\/blogi\/wp-content\/uploads\/2023\/09\/Kotiinpaluu-6.jpg?resize=525%2C300&ssl=1 1.5x, https:\/\/i0.wp.com\/www.satokangas.fi\/blogi\/wp-content\/uploads\/2023\/09\/Kotiinpaluu-6.jpg?resize=700%2C400&ssl=1 2x"},"classes":[]},{"id":37180,"url":"https:\/\/www.satokangas.fi\/blogi\/2019\/09\/kautta-rantain\/","url_meta":{"origin":39293,"position":2},"title":"Kautta rantain","author":"Reija","date":"10.9.2019","format":false,"excerpt":"Kauttarantain kiersin t\u00e4n\u00e4\u00e4n, - tosin en juuri rantoja n\u00e4hnyt. P\u00e4invastoin jotensakin kohtuullisen puuduttavaa peltomaisemaa: Ketolanper\u00e4nsuora oli 2,4 km viivasuoraa pikitiet\u00e4 keskell\u00e4 peltoja! Raskaana roikkuvat pilvet tekiv\u00e4t maiseman harmaaksi, - onneksi tuuli ei sent\u00e4\u00e4n ollut paha. Aika l\u00e4mminkin oli, ja minulle ihan uusi maailmankolkka. Tyrn\u00e4v\u00e4n Murrossa k\u00e4vin, eik\u00e4 taida olla ihan\u2026","rel":"","context":"Kategoriassa &quot;Liikkuminen&quot;","block_context":{"text":"Liikkuminen","link":"https:\/\/www.satokangas.fi\/blogi\/category\/liikkuminen\/"},"img":{"alt_text":"","src":"https:\/\/i0.wp.com\/www.satokangas.fi\/blogi\/wp-content\/uploads\/2019\/09\/IMG_20190909_095221.jpg?resize=350%2C200&ssl=1","width":350,"height":200,"srcset":"https:\/\/i0.wp.com\/www.satokangas.fi\/blogi\/wp-content\/uploads\/2019\/09\/IMG_20190909_095221.jpg?resize=350%2C200&ssl=1 1x, https:\/\/i0.wp.com\/www.satokangas.fi\/blogi\/wp-content\/uploads\/2019\/09\/IMG_20190909_095221.jpg?resize=525%2C300&ssl=1 1.5x, https:\/\/i0.wp.com\/www.satokangas.fi\/blogi\/wp-content\/uploads\/2019\/09\/IMG_20190909_095221.jpg?resize=700%2C400&ssl=1 2x, https:\/\/i0.wp.com\/www.satokangas.fi\/blogi\/wp-content\/uploads\/2019\/09\/IMG_20190909_095221.jpg?resize=1050%2C600&ssl=1 3x, https:\/\/i0.wp.com\/www.satokangas.fi\/blogi\/wp-content\/uploads\/2019\/09\/IMG_20190909_095221.jpg?resize=1400%2C800&ssl=1 4x"},"classes":[]},{"id":8059,"url":"https:\/\/www.satokangas.fi\/blogi\/2010\/08\/tepastellen-tunturissa-pyoraillen-poluilla\/","url_meta":{"origin":39293,"position":3},"title":"Tepastellen tunturissa, py\u00f6r\u00e4illen poluilla","author":"Reija","date":"6.8.2010","format":false,"excerpt":"Vaikka aamulla ei paistanutkaan en malttanut t\u00f6iden \u00e4\u00e4reen istahtaa: suuntana R\u00f6nk\u00f6nlampi. Menin m\u00f6kkitiet\u00e4 ja latupohjia pitkin, perill\u00e4 uusi taukotupa ja tyyni lampi, jonka pintaan jo heijastui pilkahdus sinisest\u00e4 taivaasta.\u00a0Siit\u00e4 se repesi. Ei kest\u00e4nyt kauan kun etel\u00e4tuuli toi aurinkoisen taivaan. P\u00e4\u00e4tin tepastella mets\u00e4n kautta takaisin, siis \"suoraan\". Olen pari kertaa aiemminkin\u2026","rel":"","context":"Kategoriassa &quot;Niit\u00e4 n\u00e4it\u00e4&quot;","block_context":{"text":"Niit\u00e4 n\u00e4it\u00e4","link":"https:\/\/www.satokangas.fi\/blogi\/category\/aiheeton\/"},"img":{"alt_text":"","src":"https:\/\/i0.wp.com\/www.satokangas.fi\/blogi\/wp-content\/uploads\/rouskut-500x313.jpg?resize=350%2C200&ssl=1","width":350,"height":200},"classes":[]},{"id":36611,"url":"https:\/\/www.satokangas.fi\/blogi\/2019\/06\/lapista-ja-lappiin\/","url_meta":{"origin":39293,"position":4},"title":"Lapista ja Lappiin","author":"Reija","date":"10.6.2019","format":false,"excerpt":"Pako Lapin mahdollisesta takatalvesta kotipihan vehreyteen alkoi jo hyviss\u00e4 ajoin ennen kahdeksaa. Hangasoja\u2013 antapelto taittui sujuvasti ja nopsasti. Maanantaina aamup\u00e4iv\u00e4ll\u00e4 Rovaniemen pohjoispuolella ei ollut paljon muuta liikennett\u00e4 kuin matkailuautoja,- ja Sirkus Finlandia. L\u00e4ht\u00f6 m\u00f6kilt\u00e4 ei juuri riipaissut, oli sen verran kylm\u00e4\u00e4 ja sumuista. Sit\u00e4 paitsi paluuseen m\u00f6kkimaisemiin ei ole kuin\u2026","rel":"","context":"Kategoriassa &quot;Lappi&quot;","block_context":{"text":"Lappi","link":"https:\/\/www.satokangas.fi\/blogi\/category\/lappi\/"},"img":{"alt_text":"","src":"https:\/\/i0.wp.com\/www.satokangas.fi\/blogi\/wp-content\/uploads\/2019\/06\/1-2-1-600x400.jpg?resize=350%2C200&ssl=1","width":350,"height":200,"srcset":"https:\/\/i0.wp.com\/www.satokangas.fi\/blogi\/wp-content\/uploads\/2019\/06\/1-2-1-600x400.jpg?resize=350%2C200&ssl=1 1x, https:\/\/i0.wp.com\/www.satokangas.fi\/blogi\/wp-content\/uploads\/2019\/06\/1-2-1-600x400.jpg?resize=525%2C300&ssl=1 1.5x"},"classes":[]},{"id":26751,"url":"https:\/\/www.satokangas.fi\/blogi\/2015\/11\/junat-kuviin\/","url_meta":{"origin":39293,"position":5},"title":"Junat kuviin","author":"Reija","date":"6.11.2015","format":false,"excerpt":"Minulla on kymmeni\u00e4, satoja kuvia junista. Ja ne kaikki on otettu t\u00e4ll\u00e4 viikolla. Olen ollut radanvarressa aamukahdeksalta, kun Oulu - Kemi -juna menee ohi, ja ennen puolta p\u00e4iv\u00e4\u00e4, jolloin Kemist\u00e4 tulee juna Ouluun. Iltakuuden junalla olen ollut melkein jokailta, ja my\u00f6h\u00e4isill\u00e4 junillakin k\u00e4vin toissailtana. Muutamina p\u00e4ivin\u00e4 olen ajoittanut lenkin tai\u2026","rel":"","context":"Kategoriassa &quot;Valokuvaus&quot;","block_context":{"text":"Valokuvaus","link":"https:\/\/www.satokangas.fi\/blogi\/category\/valokuvaus\/"},"img":{"alt_text":"","src":"https:\/\/i0.wp.com\/www.satokangas.fi\/blogi\/wp-content\/uploads\/2015\/11\/Junat-kartalla-1.jpg?resize=350%2C200&ssl=1","width":350,"height":200},"classes":[]}],"_links":{"self":[{"href":"https:\/\/www.satokangas.fi\/blogi\/wp-json\/wp\/v2\/posts\/39293","targetHints":{"allow":["GET"]}}],"collection":[{"href":"https:\/\/www.satokangas.fi\/blogi\/wp-json\/wp\/v2\/posts"}],"about":[{"href":"https:\/\/www.satokangas.fi\/blogi\/wp-json\/wp\/v2\/types\/post"}],"author":[{"embeddable":true,"href":"https:\/\/www.satokangas.fi\/blogi\/wp-json\/wp\/v2\/users\/1"}],"replies":[{"embeddable":true,"href":"https:\/\/www.satokangas.fi\/blogi\/wp-json\/wp\/v2\/comments?post=39293"}],"version-history":[{"count":0,"href":"https:\/\/www.satokangas.fi\/blogi\/wp-json\/wp\/v2\/posts\/39293\/revisions"}],"wp:attachment":[{"href":"https:\/\/www.satokangas.fi\/blogi\/wp-json\/wp\/v2\/media?parent=39293"}],"wp:term":[{"taxonomy":"category","embeddable":true,"href":"https:\/\/www.satokangas.fi\/blogi\/wp-json\/wp\/v2\/categories?post=39293"},{"taxonomy":"post_tag","embeddable":true,"href":"https:\/\/www.satokangas.fi\/blogi\/wp-json\/wp\/v2\/tags?post=39293"}],"curies":[{"name":"wp","href":"https:\/\/api.w.org\/{rel}","templated":true}]}}