{"id":39286,"date":"2020-09-02T20:12:11","date_gmt":"2020-09-02T17:12:11","guid":{"rendered":"https:\/\/www.satokangas.fi\/blogi\/?p=39286"},"modified":"2020-09-02T20:12:11","modified_gmt":"2020-09-02T17:12:11","slug":"kaikki-paikallaan-ja-tallessakin","status":"publish","type":"post","link":"https:\/\/www.satokangas.fi\/blogi\/2020\/09\/kaikki-paikallaan-ja-tallessakin\/","title":{"rendered":"Kaikki paikallaan &#8211; ja tallessakin?"},"content":{"rendered":"<p style=\"text-align: justify;\">Vuosi vuodelta t\u00e4m\u00e4 muuttuu pahemmaksi. Minun asioiden &#8221;talteen laittaminen&#8221;, &#8221;sujauttelu&#8221;, &#8221;pois tielt\u00e4&#8221;, &#8211; ja sitten liikkeelle l\u00e4hteminen. En suinkaan ole sellainen, jonka tarvitsisi palata jo kilometrien p\u00e4\u00e4st\u00e4 takaisin kotiin tarkistamaan, onko kahvinkeitin p\u00e4\u00e4ll\u00e4 (sit\u00e4 paitsi meill\u00e4h\u00e4n ei edes ole kahvinkeitint\u00e4), mutta minulla menee tolkuttoman kauan aikaa p\u00e4\u00e4st\u00e4 l\u00e4htem\u00e4\u00e4n. Ja sitten &#8221;kohteessa&#8221; voin viel\u00e4 h\u00e4sl\u00e4t\u00e4 aika lailla. T\u00e4n\u00e4\u00e4n taas liki enn\u00e4tyksellinen p\u00e4iv\u00e4 n\u00e4iden juttujen suhteen.<\/p>\n<p style=\"text-align: justify;\">Ensinn\u00e4kin aamusella p\u00e4\u00e4tin l\u00e4hte\u00e4 k\u00e4v\u00e4isem\u00e4\u00e4n py\u00f6r\u00e4lenkill\u00e4. Ilokseni totesin, ett\u00e4 olin illalla muistanut laittaa py\u00f6r\u00e4n ja kameran akut lataukseen. Mik\u00e4 oli hyv\u00e4 juttu, muttei mik\u00e4\u00e4n itsest\u00e4\u00e4nselvyys &#8211; tosin kovin monta kertaa ei ole l\u00e4ht\u00f6\u00e4 tarvinnut siirt\u00e4\u00e4 latauksien takia. Siis akku py\u00f6r\u00e4\u00e4n, ja kameraan. Sitten kameraan my\u00f6s muistikortti, joka on joskus j\u00e4\u00e4nyt tietokoneeseen, kun olen purkanut edellisen\u00e4 iltana kuvia. Usein kyll\u00e4 on my\u00f6s vara-akku ja muistikortti repussa, mutta ei suinkaan aina.<\/p>\n<p style=\"text-align: justify;\">Siis akut? &#8211; Check.<\/p>\n<p style=\"text-align: justify;\">Sitten etsim\u00e4\u00e4n ja pakkaamaan kaikkea mukaan tarvittavaa.<\/p>\n<p style=\"text-align: justify;\">Puhelin. &#8211; Check!<br \/>\nOnhan meneill\u00e4\u00e4n oleva kirja (&#8221;Suon villi laulu&#8221; &#8211; se on todella hyv\u00e4!) ladattu puhelimeen. &#8211; Check!<br \/>\nMiss\u00e4 nappikuulokkeet ja niiden kotelo? &#8211; Check!<br \/>\nJuomapullo. &#8211; Check.<br \/>\nAurinkolasit (ja\/tai sadeviitta). &#8211; Check.<br \/>\nPy\u00f6r\u00e4n avain, kotiavain, varaston avain. &#8211; Check.<br \/>\nPy\u00f6r\u00e4n mittari. &#8211; Check!<br \/>\nKyp\u00e4r\u00e4? &#8211; Check.<br \/>\nKorttikotelo (ajo- ja pankkikortti) &#8211; Check!<br \/>\nKamera kameralaukkuun ja se py\u00f6r\u00e4n satulalaukkuun. &#8211; Check.<br \/>\nOlihan se muistikortti? Tarkistanpa viel\u00e4. &#8211; Check.<br \/>\nHeiiii, sormukset ja kello! &#8211; Check!<br \/>\nHanskat? En tarvi. Sittenkin varalle. Miss\u00e4 ne on? &#8211; Check!<br \/>\nUusi aktiivisuusmittari\/\u00e4lykello (whatever) k\u00e4yntiin. &#8211; Nyt jo osaan. Siis check!<\/p>\n<p style=\"text-align: justify;\">Ja n\u00e4in k\u00e4tev\u00e4sti kotoa l\u00e4ht\u00f6: eiku menoksi &#8230; T\u00e4n\u00e4\u00e4n pohjoiseen p\u00e4in. Ja yhdentoista j\u00e4lkeen takaisin kotona, piipahdus vain. Menisink\u00f6 autolla? &#8211; Eiku on hyv\u00e4 keli, joten jatkan py\u00f6r\u00e4ll\u00e4. Ehdin kyll\u00e4.<\/p>\n<p style=\"text-align: justify;\">Ja kun olen jo matkalla, muistan:\u00a0 KELA-kortti ja l\u00e4hete! Ja maski. Varmasti on hyv\u00e4 olla maski mukana.<\/p>\n<p style=\"text-align: justify;\">Eiku takaisin, muutama sata metri\u00e4 vain. Ja aika vauhdilla vastatuuleen polkemista, ett\u00e4 olin ajoissa Avohoitotalon parkissa. &#8211; Py\u00f6r\u00e4 lukkoon, mittari irti ohjaustangosta, satulalaukku irti ja ilmoittautumaan. Onhan minulla KELA-kortti, joten hoituu automaatilla nopeasti. Viel\u00e4 viisi minuuttia aikaa: ehdin varmaan k\u00e4v\u00e4ist\u00e4 viel\u00e4 vessassa, pest\u00e4 k\u00e4det ja laittaa maskin.<\/p>\n<p style=\"text-align: justify;\">Avohoitotalon aulassa ja ruokalassa on paljon ihmisi\u00e4, kymmeni\u00e4, ei sent\u00e4\u00e4n tungosta, mutta ei yhdell\u00e4k\u00e4\u00e4n ole maskia, ei sairaanhoitajilla, ei l\u00e4\u00e4k\u00e4reill\u00e4, ei potilailla\/asiakkailla, ei edes vanhusten saattajilla. &#8230;<\/p>\n<p style=\"text-align: justify;\">Vessasta toiseen aulaan (&#8221;seulontamammo&#8221; &#8211; hassu sana), jossa pit\u00e4\u00e4 ilmoittautua automaatilla uudestaan. Ja miss\u00e4 on minun KELA-korttini? K\u00e4\u00e4nn\u00e4n pikkureppuni\u00a0 yl\u00f6salaisin, pengon taskut &#8211; nope! Sen t\u00e4ytyi j\u00e4\u00e4d\u00e4 vessaan &#8211; laskin sen varmaan lavuaarin viereen&#8230; Kyll\u00e4, sielt\u00e4 se l\u00f6ytyi. Sitten istahdan ihan lunkisti odottelemaan. Ja hoksaan, ett\u00e4 vaikka olen sulkenut \u00e4\u00e4nikirjan, minulla on toinen nappikuuloke paikallaan, mutta miss\u00e4 on toinen!?? No se l\u00f6ytyy &#8211; aika helposti takin oikeasta taskusta, jossa hoksaan olevan my\u00f6s py\u00f6r\u00e4n avaimen, vaikka olen asettanut itselleni s\u00e4\u00e4nn\u00f6n, ett\u00e4 se pit\u00e4\u00e4 laittaa AINA housujen taskuun. Huoh! No mutta kaikki tallessa.<\/p>\n<p style=\"text-align: justify;\">P\u00e4\u00e4sen tutkimushuoneeseen, jossa automaattisesti ryhdyn ottamaan pois my\u00f6s kaulakoruani ja samalla hoitaja sanoo, ett\u00e4 saa se koru olla. Mutta kun se on jo k\u00e4dess\u00e4, en ryhdy r\u00e4pl\u00e4\u00e4m\u00e4\u00e4n lukkoa, vaan sujautankin ketjun pikkurepun etutaskuun. Siin\u00e4 kun on hyv\u00e4 vetoketjullinen pieni tasku, joten ei joudu hukkaan. Mutta niin vain oli penkominen, kun sit\u00e4 kotiin palattuani muistin etsi\u00e4!<\/p>\n<p style=\"text-align: justify;\">Tied\u00e4n olen toivoton. Ja minunhan se on itseni kestett\u00e4v\u00e4. \ud83d\ude42<\/p>\n<p style=\"text-align: justify;\"><img loading=\"lazy\" decoding=\"async\" data-attachment-id=\"39287\" data-permalink=\"https:\/\/www.satokangas.fi\/blogi\/2020\/09\/kaikki-paikallaan-ja-tallessakin\/1-3-64\/\" data-orig-file=\"https:\/\/www.satokangas.fi\/blogi\/wp-content\/uploads\/2020\/09\/1-3.jpg\" data-orig-size=\"750,611\" data-comments-opened=\"1\" data-image-meta=\"{&quot;aperture&quot;:&quot;4&quot;,&quot;credit&quot;:&quot;REIJA SATOKANGAS&quot;,&quot;camera&quot;:&quot;Canon EOS 5D Mark IV&quot;,&quot;caption&quot;:&quot;&quot;,&quot;created_timestamp&quot;:&quot;1599034372&quot;,&quot;copyright&quot;:&quot;&quot;,&quot;focal_length&quot;:&quot;200&quot;,&quot;iso&quot;:&quot;500&quot;,&quot;shutter_speed&quot;:&quot;0.000625&quot;,&quot;title&quot;:&quot;&quot;,&quot;orientation&quot;:&quot;0&quot;}\" data-image-title=\"1-3\" data-image-description=\"\" data-image-caption=\"\" data-large-file=\"https:\/\/www.satokangas.fi\/blogi\/wp-content\/uploads\/2020\/09\/1-3.jpg\" class=\"size-full wp-image-39287\" src=\"https:\/\/www.satokangas.fi\/blogi\/wp-content\/uploads\/2020\/09\/1-3.jpg\" alt=\"\" width=\"750\" height=\"611\" srcset=\"https:\/\/www.satokangas.fi\/blogi\/wp-content\/uploads\/2020\/09\/1-3.jpg 750w, https:\/\/www.satokangas.fi\/blogi\/wp-content\/uploads\/2020\/09\/1-3-491x400.jpg 491w, https:\/\/www.satokangas.fi\/blogi\/wp-content\/uploads\/2020\/09\/1-3-300x244.jpg 300w\" sizes=\"auto, (max-width: 750px) 100vw, 750px\" \/><\/p>\n","protected":false},"excerpt":{"rendered":"<p>Vuosi vuodelta t\u00e4m\u00e4 muuttuu pahemmaksi. Minun asioiden &#8221;talteen laittaminen&#8221;, &#8221;sujauttelu&#8221;, &#8221;pois tielt\u00e4&#8221;, &#8211; ja sitten liikkeelle l\u00e4hteminen. En suinkaan ole sellainen, jonka tarvitsisi palata jo kilometrien p\u00e4\u00e4st\u00e4 takaisin kotiin tarkistamaan, onko kahvinkeitin p\u00e4\u00e4ll\u00e4 (sit\u00e4 paitsi meill\u00e4h\u00e4n ei edes ole kahvinkeitint\u00e4), mutta minulla menee tolkuttoman kauan aikaa p\u00e4\u00e4st\u00e4 l\u00e4htem\u00e4\u00e4n. Ja sitten &#8221;kohteessa&#8221; voin viel\u00e4 h\u00e4sl\u00e4t\u00e4 aika lailla. T\u00e4n\u00e4\u00e4n taas liki enn\u00e4tyksellinen &hellip; <\/p>\n","protected":false},"author":1,"featured_media":0,"comment_status":"open","ping_status":"open","sticky":false,"template":"","format":"standard","meta":{"jetpack_post_was_ever_published":false,"_jetpack_newsletter_access":"","_jetpack_dont_email_post_to_subs":false,"_jetpack_newsletter_tier_id":0,"_jetpack_memberships_contains_paywalled_content":false,"_jetpack_memberships_contains_paid_content":false,"footnotes":"","jetpack_publicize_message":"","jetpack_publicize_feature_enabled":true,"jetpack_social_post_already_shared":true,"jetpack_social_options":{"image_generator_settings":{"template":"highway","default_image_id":0,"font":"","enabled":false},"version":2}},"categories":[1],"tags":[],"class_list":["post-39286","post","type-post","status-publish","format-standard","hentry","category-aiheeton","latest_post"],"jetpack_publicize_connections":[],"jetpack_featured_media_url":"","jetpack_shortlink":"https:\/\/wp.me\/pr4p4-adE","jetpack_sharing_enabled":true,"jetpack_likes_enabled":false,"jetpack-related-posts":[{"id":36540,"url":"https:\/\/www.satokangas.fi\/blogi\/2019\/05\/latauksen-tarvetta\/","url_meta":{"origin":39286,"position":0},"title":"Latauksen tarvetta","author":"Reija","date":"29.5.2019","format":false,"excerpt":"\u00c4\u00e4nikirjat - joiden kuuntelutahti on jatkunut nyt pari kuukautta hyvin intensiivisen\u00e4 - tuovat mieleen lukio- ja opiskeluaikojen kes\u00e4t. Ja talvetkin. Silloin luin ihan hurjan paljon. Vaikka olin kaikki kes\u00e4t t\u00f6iss\u00e4, ja suorittelin opintojakin muutamana kes\u00e4n\u00e4, niin silti luin (lukunopeuteni oli silloin jotain ihan eri\u00e4 kuin nykyisin) ihan valtavasti romaaneja(kin). Se\u2026","rel":"","context":"Kategoriassa &quot;Niit\u00e4 n\u00e4it\u00e4&quot;","block_context":{"text":"Niit\u00e4 n\u00e4it\u00e4","link":"https:\/\/www.satokangas.fi\/blogi\/category\/aiheeton\/"},"img":{"alt_text":"","src":"https:\/\/i0.wp.com\/www.satokangas.fi\/blogi\/wp-content\/uploads\/2019\/05\/Rooma-2.jpg?resize=350%2C200&ssl=1","width":350,"height":200,"srcset":"https:\/\/i0.wp.com\/www.satokangas.fi\/blogi\/wp-content\/uploads\/2019\/05\/Rooma-2.jpg?resize=350%2C200&ssl=1 1x, https:\/\/i0.wp.com\/www.satokangas.fi\/blogi\/wp-content\/uploads\/2019\/05\/Rooma-2.jpg?resize=525%2C300&ssl=1 1.5x, https:\/\/i0.wp.com\/www.satokangas.fi\/blogi\/wp-content\/uploads\/2019\/05\/Rooma-2.jpg?resize=700%2C400&ssl=1 2x"},"classes":[]},{"id":40661,"url":"https:\/\/www.satokangas.fi\/blogi\/2021\/04\/kolmas-sahkopyorailykesa-on-nyt\/","url_meta":{"origin":39286,"position":1},"title":"Kolmas s\u00e4hk\u00f6py\u00f6r\u00e4ilykes\u00e4 on nyt!","author":"Reija","date":"15.4.2021","format":false,"excerpt":"Eilen otin jo pienen maistiaisen py\u00f6r\u00e4ilykauden alkamisesta, mutta t\u00e4n\u00e4\u00e4n aloitin kunnolla ja k\u00e4vin t\u00e4lle vuodelle eka kertaa polkemassa vakkarilenkkini: Oulujokivartta Poikkimaantiesille ja takaisin. Siin\u00e4 menee aika tarkkaan tunti, ja kilometrej\u00e4 kertyy\u00a0 parikymment\u00e4. Jokivarressa on viel\u00e4 paikoin lunta, py\u00f6r\u00e4teit\u00e4 ei ollut putsattu ja joessa vesi on korkealla, eik\u00e4 niin tavattoman l\u00e4mmint\u00e4k\u00e4\u00e4n,\u2026","rel":"","context":"Kategoriassa &quot;Liikkuminen&quot;","block_context":{"text":"Liikkuminen","link":"https:\/\/www.satokangas.fi\/blogi\/category\/liikkuminen\/"},"img":{"alt_text":"","src":"https:\/\/i0.wp.com\/www.satokangas.fi\/blogi\/wp-content\/uploads\/2021\/04\/pyoralenkki.jpg?resize=350%2C200&ssl=1","width":350,"height":200,"srcset":"https:\/\/i0.wp.com\/www.satokangas.fi\/blogi\/wp-content\/uploads\/2021\/04\/pyoralenkki.jpg?resize=350%2C200&ssl=1 1x, https:\/\/i0.wp.com\/www.satokangas.fi\/blogi\/wp-content\/uploads\/2021\/04\/pyoralenkki.jpg?resize=525%2C300&ssl=1 1.5x, https:\/\/i0.wp.com\/www.satokangas.fi\/blogi\/wp-content\/uploads\/2021\/04\/pyoralenkki.jpg?resize=700%2C400&ssl=1 2x"},"classes":[]},{"id":49427,"url":"https:\/\/www.satokangas.fi\/blogi\/2024\/05\/automaattinen-luonnos-2\/","url_meta":{"origin":39286,"position":2},"title":"Lentoon l\u00e4hd\u00f6ss\u00e4 &#x2708;&#x1f7e9;&#x2b1c;&#x1f7e5;","author":"Reija","date":"16.5.2024","format":false,"excerpt":"Samalla kun surffailen, silittelen vaatteita, k\u00e4yn py\u00f6r\u00e4ll\u00e4 kaupungissa ripset ja kulmat ehostuttamassa loman kest\u00e4viksi, kuuntelen \"Kuuntele ja opi italiaa\" -\u00e4\u00e4nioppikirjaa ja mutisen \u00e4\u00e4nt\u00e4mist\u00e4 itsekseni . . . Siin\u00e4 samalla pakkailen ja ihmettelen t\u00e4m\u00e4n reissukuumeen korkeutta. Lomareissuille on ollut aina mukava l\u00e4hte\u00e4, joskus viel\u00e4 j\u00e4nnemp\u00e4\u00e4 kuin nyt, mutta on t\u00e4ss\u00e4 on\u2026","rel":"","context":"Kategoriassa &quot;Niit\u00e4 n\u00e4it\u00e4&quot;","block_context":{"text":"Niit\u00e4 n\u00e4it\u00e4","link":"https:\/\/www.satokangas.fi\/blogi\/category\/aiheeton\/"},"img":{"alt_text":"","src":"https:\/\/i0.wp.com\/www.satokangas.fi\/blogi\/wp-content\/uploads\/2024\/05\/MonteBaldo_patikkareitit.jpg?resize=350%2C200&ssl=1","width":350,"height":200,"srcset":"https:\/\/i0.wp.com\/www.satokangas.fi\/blogi\/wp-content\/uploads\/2024\/05\/MonteBaldo_patikkareitit.jpg?resize=350%2C200&ssl=1 1x, https:\/\/i0.wp.com\/www.satokangas.fi\/blogi\/wp-content\/uploads\/2024\/05\/MonteBaldo_patikkareitit.jpg?resize=525%2C300&ssl=1 1.5x, https:\/\/i0.wp.com\/www.satokangas.fi\/blogi\/wp-content\/uploads\/2024\/05\/MonteBaldo_patikkareitit.jpg?resize=700%2C400&ssl=1 2x, https:\/\/i0.wp.com\/www.satokangas.fi\/blogi\/wp-content\/uploads\/2024\/05\/MonteBaldo_patikkareitit.jpg?resize=1050%2C600&ssl=1 3x, https:\/\/i0.wp.com\/www.satokangas.fi\/blogi\/wp-content\/uploads\/2024\/05\/MonteBaldo_patikkareitit.jpg?resize=1400%2C800&ssl=1 4x"},"classes":[]},{"id":36251,"url":"https:\/\/www.satokangas.fi\/blogi\/2019\/04\/uusi-menopeli\/","url_meta":{"origin":39286,"position":3},"title":"Uusi menopeli","author":"Reija","date":"15.4.2019","format":false,"excerpt":"Varoitus: sis\u00e4lt\u00e4\u00e4 tuotesijoittelua! Jo viime kev\u00e4\u00e4n\u00e4 harkitsin pitk\u00e4\u00e4n, mutta en raskinut. Oli se Kreikan reissu, tele-zoomin osto ja kaikenmoista.\u00a0 Viime viikolla m\u00f6kill\u00e4 p\u00e4\u00e4tin, ett\u00e4 heti kotiin palattua menen kauppaan ja ostan. Ja niin tein. Ostin itselleni s\u00e4hk\u00f6py\u00f6r\u00e4n! Kyll\u00e4 minulla on ihan hyv\u00e4 py\u00f6r\u00e4 olemassa, ei ihan uusi; muistelen, ett\u00e4 on\u2026","rel":"","context":"Kategoriassa &quot;Liikkuminen&quot;","block_context":{"text":"Liikkuminen","link":"https:\/\/www.satokangas.fi\/blogi\/category\/liikkuminen\/"},"img":{"alt_text":"","src":"https:\/\/i0.wp.com\/www.satokangas.fi\/blogi\/wp-content\/uploads\/2019\/04\/Sahkopyora.jpg?resize=350%2C200&ssl=1","width":350,"height":200,"srcset":"https:\/\/i0.wp.com\/www.satokangas.fi\/blogi\/wp-content\/uploads\/2019\/04\/Sahkopyora.jpg?resize=350%2C200&ssl=1 1x, https:\/\/i0.wp.com\/www.satokangas.fi\/blogi\/wp-content\/uploads\/2019\/04\/Sahkopyora.jpg?resize=525%2C300&ssl=1 1.5x, https:\/\/i0.wp.com\/www.satokangas.fi\/blogi\/wp-content\/uploads\/2019\/04\/Sahkopyora.jpg?resize=700%2C400&ssl=1 2x"},"classes":[]},{"id":41187,"url":"https:\/\/www.satokangas.fi\/blogi\/2021\/07\/aina-ei-voi-onnitua-mutta-sitten-kuitenkin\/","url_meta":{"origin":39286,"position":4},"title":"Aina ei voi onnistua, mutta sitten kuitenkin &#8230;","author":"Reija","date":"9.7.2021","format":false,"excerpt":"Eilen ennen nukkumaanmenoa pakkasin kamerarepun valmiiksi, etsin kaikki tarpeelliset py\u00f6r\u00e4ilyvermeet ja -vaatteet kylpp\u00e4rin penkille, varmistin, ett\u00e4 on akut ladattu py\u00f6r\u00e4\u00e4n, puhelimeen, kuulokkeisiin, kelloon ja kameraan, ett\u00e4 on muistikortit, Starbucks-kahvi, vesipullo ja aurinkolasit v\u00f6l\u00f6kiss\u00e4. Ajatuksena ett\u00e4 hiljaa hipsin yl\u00f6s ja ulos her\u00e4tt\u00e4m\u00e4tt\u00e4 Pehtooria. Iloitsin jo valmiiksi kes\u00e4aamun tuoksuista, linnunlaulusta, yksikseen olosta,\u2026","rel":"","context":"Kategoriassa &quot;Niit\u00e4 n\u00e4it\u00e4&quot;","block_context":{"text":"Niit\u00e4 n\u00e4it\u00e4","link":"https:\/\/www.satokangas.fi\/blogi\/category\/aiheeton\/"},"img":{"alt_text":"","src":"https:\/\/i0.wp.com\/www.satokangas.fi\/blogi\/wp-content\/uploads\/2021\/07\/kotipiazza-2.jpg?resize=350%2C200&ssl=1","width":350,"height":200,"srcset":"https:\/\/i0.wp.com\/www.satokangas.fi\/blogi\/wp-content\/uploads\/2021\/07\/kotipiazza-2.jpg?resize=350%2C200&ssl=1 1x, https:\/\/i0.wp.com\/www.satokangas.fi\/blogi\/wp-content\/uploads\/2021\/07\/kotipiazza-2.jpg?resize=525%2C300&ssl=1 1.5x, https:\/\/i0.wp.com\/www.satokangas.fi\/blogi\/wp-content\/uploads\/2021\/07\/kotipiazza-2.jpg?resize=700%2C400&ssl=1 2x"},"classes":[]},{"id":26027,"url":"https:\/\/www.satokangas.fi\/blogi\/2015\/09\/ei-kirjoitettavaa\/","url_meta":{"origin":39286,"position":5},"title":"Ei kirjoitettavaa","author":"Reija","date":"11.9.2015","format":false,"excerpt":"Nyt on vaikea p\u00e4\u00e4tt\u00e4\u00e4 mist\u00e4 kirjoittaisi, siit\u00e4k\u00f6, kuinka on vaan niin hurjan hienoa n\u00e4m\u00e4 s\u00e4\u00e4t. Syksyst\u00e4 olen pit\u00e4nyt aina, mutta onhan nyt ihan ylivertaisen hienot kelit \u00a0 siit\u00e4k\u00f6, kuinka harmittaa, etten sittenkin y\u00f6ll\u00e4 (enemp\u00e4\u00e4) valvonut, Juniori oli nimitt\u00e4in valvonut ja kuviaan on nyt Taivaanvahdissa: KLIKS\u00a0Hienot revontulet on Pateniemess\u00e4 n\u00e4kynyt. T\u00e4\u00e4ll\u00e4\u2026","rel":"","context":"Kategoriassa &quot;Niit\u00e4 n\u00e4it\u00e4&quot;","block_context":{"text":"Niit\u00e4 n\u00e4it\u00e4","link":"https:\/\/www.satokangas.fi\/blogi\/category\/aiheeton\/"},"img":{"alt_text":"1-13","src":"https:\/\/i0.wp.com\/www.satokangas.fi\/blogi\/wp-content\/uploads\/2015\/09\/1-131-267x400.jpg?resize=350%2C200&ssl=1","width":350,"height":200},"classes":[]}],"_links":{"self":[{"href":"https:\/\/www.satokangas.fi\/blogi\/wp-json\/wp\/v2\/posts\/39286","targetHints":{"allow":["GET"]}}],"collection":[{"href":"https:\/\/www.satokangas.fi\/blogi\/wp-json\/wp\/v2\/posts"}],"about":[{"href":"https:\/\/www.satokangas.fi\/blogi\/wp-json\/wp\/v2\/types\/post"}],"author":[{"embeddable":true,"href":"https:\/\/www.satokangas.fi\/blogi\/wp-json\/wp\/v2\/users\/1"}],"replies":[{"embeddable":true,"href":"https:\/\/www.satokangas.fi\/blogi\/wp-json\/wp\/v2\/comments?post=39286"}],"version-history":[{"count":0,"href":"https:\/\/www.satokangas.fi\/blogi\/wp-json\/wp\/v2\/posts\/39286\/revisions"}],"wp:attachment":[{"href":"https:\/\/www.satokangas.fi\/blogi\/wp-json\/wp\/v2\/media?parent=39286"}],"wp:term":[{"taxonomy":"category","embeddable":true,"href":"https:\/\/www.satokangas.fi\/blogi\/wp-json\/wp\/v2\/categories?post=39286"},{"taxonomy":"post_tag","embeddable":true,"href":"https:\/\/www.satokangas.fi\/blogi\/wp-json\/wp\/v2\/tags?post=39286"}],"curies":[{"name":"wp","href":"https:\/\/api.w.org\/{rel}","templated":true}]}}