{"id":39281,"date":"2020-09-01T20:09:41","date_gmt":"2020-09-01T17:09:41","guid":{"rendered":"https:\/\/www.satokangas.fi\/blogi\/?p=39281"},"modified":"2020-09-01T20:12:13","modified_gmt":"2020-09-01T17:12:13","slug":"liikkeella-ja-liikkeessa","status":"publish","type":"post","link":"https:\/\/www.satokangas.fi\/blogi\/2020\/09\/liikkeella-ja-liikkeessa\/","title":{"rendered":"Liikkeell\u00e4 ja liikkeess\u00e4"},"content":{"rendered":"<p style=\"text-align: justify;\"><img loading=\"lazy\" decoding=\"async\" data-attachment-id=\"39283\" data-permalink=\"https:\/\/www.satokangas.fi\/blogi\/2020\/09\/liikkeella-ja-liikkeessa\/1-109\/\" data-orig-file=\"https:\/\/www.satokangas.fi\/blogi\/wp-content\/uploads\/2020\/09\/1.jpg\" data-orig-size=\"484,750\" data-comments-opened=\"1\" data-image-meta=\"{&quot;aperture&quot;:&quot;1.8&quot;,&quot;credit&quot;:&quot;&quot;,&quot;camera&quot;:&quot;CLT-L29&quot;,&quot;caption&quot;:&quot;&quot;,&quot;created_timestamp&quot;:&quot;1598964471&quot;,&quot;copyright&quot;:&quot;&quot;,&quot;focal_length&quot;:&quot;5.58&quot;,&quot;iso&quot;:&quot;50&quot;,&quot;shutter_speed&quot;:&quot;0.0013333333333333&quot;,&quot;title&quot;:&quot;&quot;,&quot;orientation&quot;:&quot;0&quot;}\" data-image-title=\"1\" data-image-description=\"\" data-image-caption=\"\" data-large-file=\"https:\/\/www.satokangas.fi\/blogi\/wp-content\/uploads\/2020\/09\/1.jpg\" class=\"wp-image-39283 size-full aligncenter\" src=\"https:\/\/www.satokangas.fi\/blogi\/wp-content\/uploads\/2020\/09\/1.jpg\" alt=\"\" width=\"484\" height=\"750\" srcset=\"https:\/\/www.satokangas.fi\/blogi\/wp-content\/uploads\/2020\/09\/1.jpg 484w, https:\/\/www.satokangas.fi\/blogi\/wp-content\/uploads\/2020\/09\/1-258x400.jpg 258w, https:\/\/www.satokangas.fi\/blogi\/wp-content\/uploads\/2020\/09\/1-194x300.jpg 194w\" sizes=\"auto, (max-width: 484px) 100vw, 484px\" \/><\/p>\n<p style=\"text-align: justify;\">N\u00e4iss\u00e4 merkeiss\u00e4h\u00e4n se meni t\u00e4n\u00e4\u00e4nkin pari tuntinen kun olin saanut kotit\u00f6it\u00e4 ja varautumista loppuviikon juttuihin tehdyksi. V\u00e4h\u00e4n on aina kodin irtaimiston (kukkien, pikkuliinojen, etc.) vaihtamista n\u00e4in vuoden aikojen vaihteessa. Kynttil\u00e4t esille, s\u00e4\u00e4skikarkottimet piiloon, villasukat l\u00e4psyttimien tilalle, kangask\u00e4silaukun vaihto nahkaiseen, &#8230; kaikkea pient\u00e4. En\u00e4\u00e4 lukukauden aloitus ei n\u00e4it\u00e4 muutoksia s\u00e4\u00e4tele, s\u00e4iden ja valon muuttuminen vaikuttaa v\u00e4rien valintaan.<\/p>\n<p style=\"text-align: justify;\">Kuva on Lintulan kohdalta, jossa on saatu pitk\u00e4 p\u00e4tk\u00e4 uutta baanaa valmiina. Baanaverkkosuunnitelman toisena vuonna M\u00e4ntybaana!\u00a0 (Kartta suurenee klikkaamalla.)<\/p>\n<p style=\"text-align: justify;\"><img loading=\"lazy\" decoding=\"async\" data-attachment-id=\"39284\" data-permalink=\"https:\/\/www.satokangas.fi\/blogi\/2020\/09\/liikkeella-ja-liikkeessa\/baanaverkkosuunnitelma-1\/\" data-orig-file=\"https:\/\/www.satokangas.fi\/blogi\/wp-content\/uploads\/2020\/09\/baanaverkkosuunnitelma-1.jpg\" data-orig-size=\"1010,1600\" data-comments-opened=\"1\" data-image-meta=\"{&quot;aperture&quot;:&quot;0&quot;,&quot;credit&quot;:&quot;&quot;,&quot;camera&quot;:&quot;&quot;,&quot;caption&quot;:&quot;&quot;,&quot;created_timestamp&quot;:&quot;0&quot;,&quot;copyright&quot;:&quot;&quot;,&quot;focal_length&quot;:&quot;0&quot;,&quot;iso&quot;:&quot;0&quot;,&quot;shutter_speed&quot;:&quot;0&quot;,&quot;title&quot;:&quot;&quot;,&quot;orientation&quot;:&quot;1&quot;}\" data-image-title=\"baanaverkkosuunnitelma-1\" data-image-description=\"\" data-image-caption=\"\" data-large-file=\"https:\/\/www.satokangas.fi\/blogi\/wp-content\/uploads\/2020\/09\/baanaverkkosuunnitelma-1-646x1024.jpg\" class=\"aligncenter wp-image-39284\" src=\"https:\/\/www.satokangas.fi\/blogi\/wp-content\/uploads\/2020\/09\/baanaverkkosuunnitelma-1.jpg\" alt=\"\" width=\"379\" height=\"600\" srcset=\"https:\/\/www.satokangas.fi\/blogi\/wp-content\/uploads\/2020\/09\/baanaverkkosuunnitelma-1.jpg 1010w, https:\/\/www.satokangas.fi\/blogi\/wp-content\/uploads\/2020\/09\/baanaverkkosuunnitelma-1-253x400.jpg 253w, https:\/\/www.satokangas.fi\/blogi\/wp-content\/uploads\/2020\/09\/baanaverkkosuunnitelma-1-646x1024.jpg 646w, https:\/\/www.satokangas.fi\/blogi\/wp-content\/uploads\/2020\/09\/baanaverkkosuunnitelma-1-189x300.jpg 189w, https:\/\/www.satokangas.fi\/blogi\/wp-content\/uploads\/2020\/09\/baanaverkkosuunnitelma-1-768x1217.jpg 768w, https:\/\/www.satokangas.fi\/blogi\/wp-content\/uploads\/2020\/09\/baanaverkkosuunnitelma-1-970x1536.jpg 970w\" sizes=\"auto, (max-width: 379px) 100vw, 379px\" \/><\/p>\n<p style=\"text-align: justify;\">Pitk\u00e4st\u00e4 aikaa, t\u00e4n\u00e4\u00e4n noutoruokaa. Tuiraan Valtatielle avattiin kev\u00e4tkes\u00e4ll\u00e4 uusi pizzeria <a href=\"https:\/\/www.johnnysheist.com\/fi\/\" target=\"_blank\" rel=\"noopener noreferrer\">Johnny\u00b4s Heist<\/a>, jossa on vain muutama asiakaspaikka, mutta oikea pizzauuni &#8211; joten nimenomaan ulosmyyntiin sielt\u00e4. Paljon &#8221;somep\u00f6hin\u00e4\u00e4&#8221; sen ymp\u00e4rill\u00e4 oli avaamisen aikana, mekin yritimme jo silloin testata, mutta jonot olivat turhan pitk\u00e4t. T\u00e4n\u00e4\u00e4n sitten tilasin, Pehtoori haki ja nautimme Huvilassa.<\/p>\n<p style=\"text-align: justify;\">En tied\u00e4, kuuluiko pizzojen olla pehmoisia, l\u00f6ysi\u00e4. En tied\u00e4, annetaanko edes toista yrityst\u00e4&#8230; N\u00e4yttiv\u00e4t aika hyv\u00e4lle, rustiikkisia, artesaanin oloisia. Minua kyll\u00e4 hieman jo riepoo tuon &#8221;artesaani&#8221;-termin k\u00e4ytt\u00e4minen v\u00e4h\u00e4n kaiken &#8221;k\u00e4sintehdyn&#8221;, ei-teollisen tekemisen yhteydess\u00e4. On artesaani-pizzaa, -j\u00e4\u00e4tel\u00f6\u00e4, -leip\u00e4\u00e4, -makkaraa&#8230; No kyll\u00e4h\u00e4n se yleens\u00e4 merkitsee my\u00f6s hyv\u00e4lle, maukkaalle maistuvaa. Mutta ainakaan t\u00e4n\u00e4\u00e4n nuo pizzat eiv\u00e4t olleet mieluisia: no eip\u00e4h\u00e4n tullut sy\u00f6ty\u00e4 liikaa. Mutta ainahan se on tyls\u00e4\u00e4 heitt\u00e4\u00e4 ruokaa pois.<\/p>\n<p style=\"text-align: justify;\">Iltasella viel\u00e4 v\u00e4h\u00e4n muuttopuuhissa, ei en\u00e4\u00e4 Iiss\u00e4, vaan ihan t\u00e4ss\u00e4 l\u00e4hell\u00e4. On muuttojen ja muutosten aikaa.<\/p>\n<p style=\"text-align: justify;\">Ja revontulten aikaa. Ensi y\u00f6n\u00e4 pit\u00e4isi n\u00e4ky\u00e4 t\u00e4\u00e4ll\u00e4 Oulunkin korkeudella.<\/p>\n","protected":false},"excerpt":{"rendered":"<p>N\u00e4iss\u00e4 merkeiss\u00e4h\u00e4n se meni t\u00e4n\u00e4\u00e4nkin pari tuntinen kun olin saanut kotit\u00f6it\u00e4 ja varautumista loppuviikon juttuihin tehdyksi. V\u00e4h\u00e4n on aina kodin irtaimiston (kukkien, pikkuliinojen, etc.) vaihtamista n\u00e4in vuoden aikojen vaihteessa. Kynttil\u00e4t esille, s\u00e4\u00e4skikarkottimet piiloon, villasukat l\u00e4psyttimien tilalle, kangask\u00e4silaukun vaihto nahkaiseen, &#8230; kaikkea pient\u00e4. En\u00e4\u00e4 lukukauden aloitus ei n\u00e4it\u00e4 muutoksia s\u00e4\u00e4tele, s\u00e4iden ja valon muuttuminen vaikuttaa v\u00e4rien valintaan. Kuva on Lintulan kohdalta, &hellip; <\/p>\n","protected":false},"author":1,"featured_media":0,"comment_status":"open","ping_status":"open","sticky":false,"template":"","format":"standard","meta":{"jetpack_post_was_ever_published":false,"_jetpack_newsletter_access":"","_jetpack_dont_email_post_to_subs":false,"_jetpack_newsletter_tier_id":0,"_jetpack_memberships_contains_paywalled_content":false,"_jetpack_memberships_contains_paid_content":false,"footnotes":"","jetpack_publicize_message":"","jetpack_publicize_feature_enabled":true,"jetpack_social_post_already_shared":true,"jetpack_social_options":{"image_generator_settings":{"template":"highway","default_image_id":0,"font":"","enabled":false},"version":2}},"categories":[75,33,1,55,94,17,22],"tags":[],"class_list":["post-39281","post","type-post","status-publish","format-standard","hentry","category-isovanhemmuus","category-liikkuminen","category-aiheeton","category-oulu","category-ravintolat-ruoka_ja_viini","category-ruoka_ja_viini","category-vanhemmuus","latest_post"],"jetpack_publicize_connections":[],"jetpack_featured_media_url":"","jetpack_shortlink":"https:\/\/wp.me\/pr4p4-adz","jetpack_sharing_enabled":true,"jetpack_likes_enabled":false,"jetpack-related-posts":[{"id":36055,"url":"https:\/\/www.satokangas.fi\/blogi\/2019\/03\/luovuutta-liikkeella\/","url_meta":{"origin":39281,"position":0},"title":"Luovuutta liikkeell\u00e4?","author":"Reija","date":"7.3.2019","format":false,"excerpt":"P\u00e4iv\u00e4 vier\u00e4hti v\u00e4h\u00e4n kuin unessa. Sent\u00e4\u00e4n pariinkin otteeseen ollessani ulkosalla oli n her\u00e4ill\u00e4 ja t\u00e4ss\u00e4 maailmassa, muutoin v\u00e4h\u00e4n omissa ajatuksissa ja toiskeleposena. Mutta eip\u00e4 sill\u00e4 niin v\u00e4li\u00e4. Ulkona mieleen tuli ajatuksia uusista korttisarjoista... Ja yht\u00e4 ajatusta (\"Oulun tornit\") jo otinkin kuvia, ... v\u00e4h\u00e4n v\u00e4rkk\u00e4sin. Ja sitten tuli mieleen Jussi Lahtisen\u2026","rel":"","context":"Kategoriassa &quot;Niit\u00e4 n\u00e4it\u00e4&quot;","block_context":{"text":"Niit\u00e4 n\u00e4it\u00e4","link":"https:\/\/www.satokangas.fi\/blogi\/category\/aiheeton\/"},"img":{"alt_text":"","src":"https:\/\/i0.wp.com\/www.satokangas.fi\/blogi\/wp-content\/uploads\/2019\/03\/Hannala-2.jpg?resize=350%2C200&ssl=1","width":350,"height":200,"srcset":"https:\/\/i0.wp.com\/www.satokangas.fi\/blogi\/wp-content\/uploads\/2019\/03\/Hannala-2.jpg?resize=350%2C200&ssl=1 1x, https:\/\/i0.wp.com\/www.satokangas.fi\/blogi\/wp-content\/uploads\/2019\/03\/Hannala-2.jpg?resize=525%2C300&ssl=1 1.5x, https:\/\/i0.wp.com\/www.satokangas.fi\/blogi\/wp-content\/uploads\/2019\/03\/Hannala-2.jpg?resize=700%2C400&ssl=1 2x"},"classes":[]},{"id":38241,"url":"https:\/\/www.satokangas.fi\/blogi\/2020\/02\/liikkeella\/","url_meta":{"origin":39281,"position":1},"title":"Liikkeell\u00e4","author":"Reija","date":"20.2.2020","format":false,"excerpt":"Kyll\u00e4 on ollut melkoinen liikekannalla-olo p\u00e4iv\u00e4 t\u00e4n\u00e4\u00e4n. Ei pelkki\u00e4 onnistumisia touhuissani, mutta jotain kuitenkin. \u00c4idin ja systerin apuna ja asioilla, REKOsta hakemassa herkkuja, huomiseen hankintoja ja valmisteluja, erinomaisen broiler-ruoan valmistaminen (paista jyv\u00e4broilerin fileeseen ruskea pinta rypsi\u00f6ljyss\u00e4, laita \u00bd purkillista Sacla Pesto Maroccan -soosia pannulle, lis\u00e4\u00e4 v\u00e4h\u00e4n vett\u00e4 ja kypsenn\u00e4 (n.\u2026","rel":"","context":"Kategoriassa &quot;Niit\u00e4 n\u00e4it\u00e4&quot;","block_context":{"text":"Niit\u00e4 n\u00e4it\u00e4","link":"https:\/\/www.satokangas.fi\/blogi\/category\/aiheeton\/"},"img":{"alt_text":"","src":"https:\/\/i0.wp.com\/www.satokangas.fi\/blogi\/wp-content\/uploads\/2020\/02\/Lumiveistoskilpailu-16.jpg?resize=350%2C200&ssl=1","width":350,"height":200,"srcset":"https:\/\/i0.wp.com\/www.satokangas.fi\/blogi\/wp-content\/uploads\/2020\/02\/Lumiveistoskilpailu-16.jpg?resize=350%2C200&ssl=1 1x, https:\/\/i0.wp.com\/www.satokangas.fi\/blogi\/wp-content\/uploads\/2020\/02\/Lumiveistoskilpailu-16.jpg?resize=525%2C300&ssl=1 1.5x, https:\/\/i0.wp.com\/www.satokangas.fi\/blogi\/wp-content\/uploads\/2020\/02\/Lumiveistoskilpailu-16.jpg?resize=700%2C400&ssl=1 2x"},"classes":[]},{"id":42848,"url":"https:\/\/www.satokangas.fi\/blogi\/2022\/05\/kameran-kanssa-liikkeella-2\/","url_meta":{"origin":39281,"position":2},"title":"Kameran kanssa liikkeell\u00e4","author":"Reija","date":"12.5.2022","format":false,"excerpt":"Oikea kev\u00e4inen p\u00e4iv\u00e4. Eilisen hillitt\u00f6m\u00e4n vesisateen, harmaan valottoman p\u00e4iv\u00e4n, sumuisen illan j\u00e4lkeen t\u00e4m\u00e4 p\u00e4iv\u00e4 on tuntunut kirjaimellisesti kirkastumiselta! Kunnes sitten iltap\u00e4iv\u00e4ll\u00e4 nousi ukkonen. Meill\u00e4 oikein jyrisikin, mutta aamup\u00e4iv\u00e4ll\u00e4 oli tyynt\u00e4 ja tyvent\u00e4 - ennen myrsky\u00e4. Oulujoen pappilan kohdalla heijastukset joenpinnasta niin kauniita. Tuntui ett\u00e4 nuo pilvet voisi \"poimia\". Monta kertaa\u2026","rel":"","context":"Kategoriassa &quot;Niit\u00e4 n\u00e4it\u00e4&quot;","block_context":{"text":"Niit\u00e4 n\u00e4it\u00e4","link":"https:\/\/www.satokangas.fi\/blogi\/category\/aiheeton\/"},"img":{"alt_text":"","src":"https:\/\/i0.wp.com\/www.satokangas.fi\/blogi\/wp-content\/uploads\/2022\/05\/Oulujoella-5.jpg?resize=350%2C200&ssl=1","width":350,"height":200,"srcset":"https:\/\/i0.wp.com\/www.satokangas.fi\/blogi\/wp-content\/uploads\/2022\/05\/Oulujoella-5.jpg?resize=350%2C200&ssl=1 1x, https:\/\/i0.wp.com\/www.satokangas.fi\/blogi\/wp-content\/uploads\/2022\/05\/Oulujoella-5.jpg?resize=525%2C300&ssl=1 1.5x, https:\/\/i0.wp.com\/www.satokangas.fi\/blogi\/wp-content\/uploads\/2022\/05\/Oulujoella-5.jpg?resize=700%2C400&ssl=1 2x"},"classes":[]},{"id":13078,"url":"https:\/\/www.satokangas.fi\/blogi\/2011\/12\/valokuvatorstai-tontut-hiipivat\/","url_meta":{"origin":39281,"position":3},"title":"Valokuvatorstai: Tontut hiipiv\u00e4t","author":"Reija","date":"15.12.2011","format":false,"excerpt":"Valokuvatorstain haasteessa kysell\u00e4\u00e4n: \"Ovatko tontut jo k\u00e4yneet kurkkimassa ikkunoidenne takana?\" - Ovatko? T\u00e4\u00e4ll\u00e4 niit\u00e4 vilisee, ja viel\u00e4 montaa tonttuheimoa on liikkeell\u00e4. Pieni\u00e4 punaisia on kaikkein vaikein n\u00e4hd\u00e4... (kaikki tonttukuvat n\u00e4kyv\u00e4t paremmin kun klikkaat ne isommiksi)\u00a0 VMP (varamiespalvelun) tontut tavataan usein m\u00f6kkimaisemissa. Saunatonttu on aina ikkunan vieress\u00e4. \u00a0 Ja kaikkein rakkain\u2026","rel":"","context":"Kategoriassa &quot;Niit\u00e4 n\u00e4it\u00e4&quot;","block_context":{"text":"Niit\u00e4 n\u00e4it\u00e4","link":"https:\/\/www.satokangas.fi\/blogi\/category\/aiheeton\/"},"img":{"alt_text":"","src":"https:\/\/i0.wp.com\/www.satokangas.fi\/blogi\/wp-content\/uploads\/Punainen-tonttu-583x400.jpg?resize=350%2C200&ssl=1","width":350,"height":200,"srcset":"https:\/\/i0.wp.com\/www.satokangas.fi\/blogi\/wp-content\/uploads\/Punainen-tonttu-583x400.jpg?resize=350%2C200&ssl=1 1x, https:\/\/i0.wp.com\/www.satokangas.fi\/blogi\/wp-content\/uploads\/Punainen-tonttu-583x400.jpg?resize=525%2C300&ssl=1 1.5x"},"classes":[]},{"id":28804,"url":"https:\/\/www.satokangas.fi\/blogi\/2016\/07\/kameran-kanssa-liikkeella-paivin-oin\/","url_meta":{"origin":39281,"position":4},"title":"Kameran kanssa liikkeell\u00e4 p\u00e4ivin, \u00f6in","author":"Reija","date":"25.7.2016","format":false,"excerpt":"Nyt ukostaa. On mourunnut jo pari tuntia. Oiskohan t\u00e4m\u00e4n ensimm\u00e4inen postaus t\u00e4ll\u00e4 m\u00f6kkireissulla kun kirjoittelen sis\u00e4ll\u00e4. Muina p\u00e4ivin\u00e4 on se aika, jota\u00a0ei ole touhuttu tai oltu tunturissa, on istuttu terassilla. Ainakaan viel\u00e4 ei sada, on edelleen l\u00e4mmint\u00e4, mutta synke\u00e4\u00e4. S\u00e4hk\u00f6t on jo kahdesti r\u00e4ps\u00e4ht\u00e4neet. Aamup\u00e4iv\u00e4ll\u00e4 oltiin taas tunturissa. Monen tunnin\u2026","rel":"","context":"Kategoriassa &quot;Lappi&quot;","block_context":{"text":"Lappi","link":"https:\/\/www.satokangas.fi\/blogi\/category\/lappi\/"},"img":{"alt_text":"Patikka Saariselk\u00e4 Vahtamap\u00e4\u00e4_","src":"https:\/\/i0.wp.com\/www.satokangas.fi\/blogi\/wp-content\/uploads\/2016\/07\/Patikka-Saariselk%C3%A4-Vahtamap%C3%A4%C3%A4_-600x400.jpg?resize=350%2C200&ssl=1","width":350,"height":200,"srcset":"https:\/\/i0.wp.com\/www.satokangas.fi\/blogi\/wp-content\/uploads\/2016\/07\/Patikka-Saariselk%C3%A4-Vahtamap%C3%A4%C3%A4_-600x400.jpg?resize=350%2C200&ssl=1 1x, https:\/\/i0.wp.com\/www.satokangas.fi\/blogi\/wp-content\/uploads\/2016\/07\/Patikka-Saariselk%C3%A4-Vahtamap%C3%A4%C3%A4_-600x400.jpg?resize=525%2C300&ssl=1 1.5x"},"classes":[]},{"id":13035,"url":"https:\/\/www.satokangas.fi\/blogi\/2011\/12\/lunta-ja-lampoa\/","url_meta":{"origin":39281,"position":5},"title":"Lunta ja l\u00e4mp\u00f6\u00e4","author":"Reija","date":"11.12.2011","format":false,"excerpt":"Aamuh\u00e4m\u00e4r\u00e4ss\u00e4 pihalla valkoinen satumaailma. \u00a0Hiljainen, lumisateinen aamu. Lumit\u00f6iden ohessa kuvia ... tonttuja on liikkeell\u00e4. Kotosalla koko p\u00e4iv\u00e4. Leivinuunin pehtoori l\u00e4mmitti. Ja kuori lantut ja porkkanat. Eih\u00e4n minulle sitten paljon j\u00e4\u00e4nyt teht\u00e4v\u00e4ksi. Mummuloihinkin asti taitaa nyt laatikoita riitt\u00e4\u00e4. Nuoret tulivat sy\u00f6m\u00e4\u00e4n, tein muka hienoa paistia. H\u00f6! Ihan sy\u00f6t\u00e4v\u00e4\u00e4, muttei erikoista. J\u00e4lkiruoka\u2026","rel":"","context":"Kategoriassa &quot;Niit\u00e4 n\u00e4it\u00e4&quot;","block_context":{"text":"Niit\u00e4 n\u00e4it\u00e4","link":"https:\/\/www.satokangas.fi\/blogi\/category\/aiheeton\/"},"img":{"alt_text":"","src":"https:\/\/i0.wp.com\/www.satokangas.fi\/blogi\/wp-content\/uploads\/leivinuunin-hiillos2-600x376.jpg?resize=350%2C200&ssl=1","width":350,"height":200,"srcset":"https:\/\/i0.wp.com\/www.satokangas.fi\/blogi\/wp-content\/uploads\/leivinuunin-hiillos2-600x376.jpg?resize=350%2C200&ssl=1 1x, https:\/\/i0.wp.com\/www.satokangas.fi\/blogi\/wp-content\/uploads\/leivinuunin-hiillos2-600x376.jpg?resize=525%2C300&ssl=1 1.5x"},"classes":[]}],"_links":{"self":[{"href":"https:\/\/www.satokangas.fi\/blogi\/wp-json\/wp\/v2\/posts\/39281","targetHints":{"allow":["GET"]}}],"collection":[{"href":"https:\/\/www.satokangas.fi\/blogi\/wp-json\/wp\/v2\/posts"}],"about":[{"href":"https:\/\/www.satokangas.fi\/blogi\/wp-json\/wp\/v2\/types\/post"}],"author":[{"embeddable":true,"href":"https:\/\/www.satokangas.fi\/blogi\/wp-json\/wp\/v2\/users\/1"}],"replies":[{"embeddable":true,"href":"https:\/\/www.satokangas.fi\/blogi\/wp-json\/wp\/v2\/comments?post=39281"}],"version-history":[{"count":0,"href":"https:\/\/www.satokangas.fi\/blogi\/wp-json\/wp\/v2\/posts\/39281\/revisions"}],"wp:attachment":[{"href":"https:\/\/www.satokangas.fi\/blogi\/wp-json\/wp\/v2\/media?parent=39281"}],"wp:term":[{"taxonomy":"category","embeddable":true,"href":"https:\/\/www.satokangas.fi\/blogi\/wp-json\/wp\/v2\/categories?post=39281"},{"taxonomy":"post_tag","embeddable":true,"href":"https:\/\/www.satokangas.fi\/blogi\/wp-json\/wp\/v2\/tags?post=39281"}],"curies":[{"name":"wp","href":"https:\/\/api.w.org\/{rel}","templated":true}]}}