{"id":3928,"date":"2009-08-02T23:33:03","date_gmt":"2009-08-02T20:33:03","guid":{"rendered":"https:\/\/www.satokangas.fi\/blogi\/?p=3928"},"modified":"2009-08-02T23:58:29","modified_gmt":"2009-08-02T20:58:29","slug":"huiputusta-amerikkalaisittain","status":"publish","type":"post","link":"https:\/\/www.satokangas.fi\/blogi\/2009\/08\/huiputusta-amerikkalaisittain\/","title":{"rendered":"Huiputusta amerikkalaisittain"},"content":{"rendered":"<p><a href=\"https:\/\/www.satokangas.fi\/blogi\/wp-content\/uploads\/2009\/08\/ib.jpg\"><img loading=\"lazy\" decoding=\"async\" src=\"https:\/\/www.satokangas.fi\/blogi\/wp-content\/uploads\/2009\/08\/ib-331x400.jpg\" alt=\"IB Iisakkip\u00e4\u00e4n huiputuksessa\" title=\"IB Iisakkip\u00e4\u00e4n huiputuksessa\" width=\"331\" height=\"400\" class=\"alignleft size-medium wp-image-3930\" \/><\/a>Taas kerran Iisakkip\u00e4\u00e4 huiputettu, taas kerran se tuntui hyv\u00e4lt\u00e4. Oli hyv\u00e4 l\u00e4hte\u00e4 tunturiin kun vieraatkin olivat lev\u00e4nneet y\u00f6n hyvin. Levollinen uni t\u00e4\u00e4ll\u00e4 ei johdukaan hirsist\u00e4, Lapin rauhasta, Napapiirin pohjoispuolisen luonnon lumosta, vaan siit\u00e4 kullasta, joka Tunturituulen (m\u00f6kkitontin nimi) alla on. N\u00e4in sanoi Saarisel\u00e4n Siula-Centeriss\u00e4 Hippupuodin ihminen. Kultaa tai ei, mutta hyvin nukuttiin. <\/p>\n<p>Siis aamiaisen j\u00e4lkeen kohti huippua. Kaksi tuntia mutkin. Keskip\u00e4iv\u00e4n korkeassa valossa. L\u00e4mmint\u00e4 ja aurinkoa helteen rajalle asti. Hiljalleen nousimme, tunturi- ja vaivaiskoivuja ihmetellen, puroja, kuruja ja poroja kuvaten. Maiseman avaruudesta nauttien. Eik\u00e4 muita kuin me. Oli se &#8211; toivottavasti, ymm\u00e4rt\u00e4\u00e4ksemme &#8211; Atlantin takaa tulleillekin mukava juttu. Ei ihan jokainen newyorkilainen ole Iisakkip\u00e4\u00e4lle (450 mpy) kavunnut&#8230; \ud83d\ude42 <\/p>\n<p>Kun nuotiomakkara on oululaisillekin nimenomaan m\u00f6kkiel\u00e4m\u00e4\u00e4n liittyv\u00e4 juttu kuittasimme lounaan sill\u00e4 (tosin kahvilla ja kakulla h\u00f6yst\u00e4en). Kummasti pari tuntia vier\u00e4hti Hangasojan t\u00f6yr\u00e4\u00e4ll\u00e4, ja sitten turisteina shoppaamaan Saarisel\u00e4lle. <\/p>\n<p>Ilta saunoen ja sy\u00f6den. <\/p>\n<p>Ei j\u00e4rin yll\u00e4tt\u00e4vi\u00e4 ohjelmanumeroita, mutta mukavahan se on. Maailman pienuus ja suuruus, sukulaisuus :), tuli todettua. <\/p>\n","protected":false},"excerpt":{"rendered":"<p>Taas kerran Iisakkip\u00e4\u00e4 huiputettu, taas kerran se tuntui hyv\u00e4lt\u00e4. Oli hyv\u00e4 l\u00e4hte\u00e4 tunturiin kun vieraatkin olivat lev\u00e4nneet y\u00f6n hyvin. Levollinen uni t\u00e4\u00e4ll\u00e4 ei johdukaan hirsist\u00e4, Lapin rauhasta, Napapiirin pohjoispuolisen luonnon lumosta, vaan siit\u00e4 kullasta, joka Tunturituulen (m\u00f6kkitontin nimi) alla on. N\u00e4in sanoi Saarisel\u00e4n Siula-Centeriss\u00e4 Hippupuodin ihminen. Kultaa tai ei, mutta hyvin nukuttiin. Siis aamiaisen j\u00e4lkeen kohti huippua. Kaksi tuntia mutkin. &hellip; <\/p>\n","protected":false},"author":1,"featured_media":0,"comment_status":"open","ping_status":"open","sticky":false,"template":"","format":"standard","meta":{"jetpack_post_was_ever_published":false,"_jetpack_newsletter_access":"","_jetpack_dont_email_post_to_subs":false,"_jetpack_newsletter_tier_id":0,"_jetpack_memberships_contains_paywalled_content":false,"_jetpack_memberships_contains_paid_content":false,"footnotes":"","jetpack_publicize_message":"","jetpack_publicize_feature_enabled":true,"jetpack_social_post_already_shared":false,"jetpack_social_options":{"image_generator_settings":{"template":"highway","default_image_id":0,"font":"","enabled":false},"version":2}},"categories":[1],"tags":[],"class_list":["post-3928","post","type-post","status-publish","format-standard","hentry","category-aiheeton","latest_post"],"jetpack_publicize_connections":[],"jetpack_featured_media_url":"","jetpack_shortlink":"https:\/\/wp.me\/pr4p4-11m","jetpack_sharing_enabled":true,"jetpack_likes_enabled":false,"jetpack-related-posts":[{"id":50951,"url":"https:\/\/www.satokangas.fi\/blogi\/2024\/10\/lumettomassa-tunturissa\/","url_meta":{"origin":3928,"position":0},"title":"Lumettomassa tunturissa","author":"Reija","date":"29.10.2024","format":false,"excerpt":"Lunta ja latuja odotellessa voi viel\u00e4 hyvin patikoida. T\u00e4n\u00e4\u00e4n\u00a0 - kuten t\u00e4ll\u00e4 kaudella monta kertaa ennenkin - etsittiin ja l\u00f6ydettiin taas uusi kohde. Kuusip\u00e4\u00e4 on toki tuttu, se on niin kes\u00e4ll\u00e4 kuin talvella, syksyll\u00e4 ja kev\u00e4\u00e4ll\u00e4 k\u00e4yty tunturi, mutta t\u00e4n\u00e4\u00e4n k\u00e4veltiin sen \"taakse\" (kiitos taas kerran vinkist\u00e4 \"L\u00e4hes naapuri\", BTW:\u2026","rel":"","context":"Kategoriassa &quot;Lappi&quot;","block_context":{"text":"Lappi","link":"https:\/\/www.satokangas.fi\/blogi\/category\/lappi\/"},"img":{"alt_text":"","src":"https:\/\/i0.wp.com\/www.satokangas.fi\/blogi\/wp-content\/uploads\/2024\/10\/Kuusipaa_Alajoenlampi_purolla_lumeton-8.jpg?resize=350%2C200&ssl=1","width":350,"height":200,"srcset":"https:\/\/i0.wp.com\/www.satokangas.fi\/blogi\/wp-content\/uploads\/2024\/10\/Kuusipaa_Alajoenlampi_purolla_lumeton-8.jpg?resize=350%2C200&ssl=1 1x, https:\/\/i0.wp.com\/www.satokangas.fi\/blogi\/wp-content\/uploads\/2024\/10\/Kuusipaa_Alajoenlampi_purolla_lumeton-8.jpg?resize=525%2C300&ssl=1 1.5x, https:\/\/i0.wp.com\/www.satokangas.fi\/blogi\/wp-content\/uploads\/2024\/10\/Kuusipaa_Alajoenlampi_purolla_lumeton-8.jpg?resize=700%2C400&ssl=1 2x"},"classes":[]},{"id":23491,"url":"https:\/\/www.satokangas.fi\/blogi\/2014\/12\/sinisia-hetkia-tunturissa\/","url_meta":{"origin":3928,"position":1},"title":"Sinisi\u00e4 hetki\u00e4 tunturissa","author":"Reija","date":"28.12.2014","format":false,"excerpt":"\u00a0Sinisi\u00e4 hetki\u00e4, pakkasta, lunta, kauniimpaa kuin koskaan - tai noh, ainakin silt\u00e4 taas tuntuu. Hyv\u00e4\u00e4 ruokaa, rantasauna, pitki\u00e4 y\u00f6unia ilman painajaisia. K\u00e4vely\u00e4 tunturin reunalla ja Hangasojan varrella. Rakkainta seuraa (vain pari puuttuu), gl\u00f6gin tuoksua ja takkatulen loimua. Kirjoja, lautapelej\u00e4 ja k\u00e4sit\u00f6it\u00e4. Ensi vuoden joulukorttikuvat otettu. Todellakin, vaikka koko joulukalenterin kuvat!\u2026","rel":"","context":"Kategoriassa &quot;Lappi&quot;","block_context":{"text":"Lappi","link":"https:\/\/www.satokangas.fi\/blogi\/category\/lappi\/"},"img":{"alt_text":"Sinisi\u00e4 hetki\u00e4_","src":"https:\/\/i0.wp.com\/www.satokangas.fi\/blogi\/wp-content\/uploads\/2014\/12\/Sinisi%C3%A4-hetki%C3%A4_-600x400.jpg?resize=350%2C200&ssl=1","width":350,"height":200,"srcset":"https:\/\/i0.wp.com\/www.satokangas.fi\/blogi\/wp-content\/uploads\/2014\/12\/Sinisi%C3%A4-hetki%C3%A4_-600x400.jpg?resize=350%2C200&ssl=1 1x, https:\/\/i0.wp.com\/www.satokangas.fi\/blogi\/wp-content\/uploads\/2014\/12\/Sinisi%C3%A4-hetki%C3%A4_-600x400.jpg?resize=525%2C300&ssl=1 1.5x"},"classes":[]},{"id":39702,"url":"https:\/\/www.satokangas.fi\/blogi\/2020\/11\/torstainakin-tunturiin\/","url_meta":{"origin":3928,"position":2},"title":"Torstainakin tunturiin","author":"Reija","date":"19.11.2020","format":false,"excerpt":"Kunhan 10 tunnin y\u00f6unien j\u00e4lkeen her\u00e4simme, alkoi kiivas ;) suunnittelu koskien p\u00e4iv\u00e4n ohjelmaa, mahdollisen liikunnan suuntaa. Hyvin pian olimme yht\u00e4 mielt\u00e4 siit\u00e4, ett\u00e4 ulos ja patikalle l\u00e4hdet\u00e4\u00e4n. Semminkin kun oli pikkupakkanen, tyven, sateeton s\u00e4\u00e4. Jopa pieni h\u00e4iv\u00e4hdys sinist\u00e4 taivasta n\u00e4kyviss\u00e4. Mutta mihin l\u00e4hdet\u00e4\u00e4n? Kartat pirtin p\u00f6yd\u00e4lle, ja miettim\u00e4\u00e4n mihin voimavarat\u2026","rel":"","context":"Kategoriassa &quot;Lappi&quot;","block_context":{"text":"Lappi","link":"https:\/\/www.satokangas.fi\/blogi\/category\/lappi\/"},"img":{"alt_text":"","src":"https:\/\/i0.wp.com\/www.satokangas.fi\/blogi\/wp-content\/uploads\/2020\/11\/1-9.jpg?resize=350%2C200&ssl=1","width":350,"height":200,"srcset":"https:\/\/i0.wp.com\/www.satokangas.fi\/blogi\/wp-content\/uploads\/2020\/11\/1-9.jpg?resize=350%2C200&ssl=1 1x, https:\/\/i0.wp.com\/www.satokangas.fi\/blogi\/wp-content\/uploads\/2020\/11\/1-9.jpg?resize=525%2C300&ssl=1 1.5x, https:\/\/i0.wp.com\/www.satokangas.fi\/blogi\/wp-content\/uploads\/2020\/11\/1-9.jpg?resize=700%2C400&ssl=1 2x"},"classes":[]},{"id":25974,"url":"https:\/\/www.satokangas.fi\/blogi\/2015\/09\/makron-kanssa-tunturissa\/","url_meta":{"origin":3928,"position":3},"title":"Makron kanssa tunturissa","author":"Reija","date":"5.9.2015","format":false,"excerpt":"Kuvat h\u00e4vinneet t\u00e4st\u00e4kin postauksesta. :( \u00a0 T\u00e4ss\u00e4 kun ollaan nyt niin luontokuvaajaa, niin luontokuvaajaa*, niin olihan se aamulla tunturiin l\u00e4htiess\u00e4 otettava v\u00e4lill\u00e4 makro-objektiivi (100 mm) mukaan. * Eilen illalla Ylen \"p\u00e4\u00e4uutisl\u00e4hetyksen\" s\u00e4\u00e4osuudessa oli taustalla n\u00e4kynyt ottamani kuva. Muutaman kerran aiemminkin on kuvani n\u00e4kynyt telkkarissa, ja yksi j\u00e4nn\u00e4 juttu\u00a0n\u00e4ihin julkaistuihin kuviin\u2026","rel":"","context":"Kategoriassa &quot;Lappi&quot;","block_context":{"text":"Lappi","link":"https:\/\/www.satokangas.fi\/blogi\/category\/lappi\/"},"img":{"alt_text":"20150904034456","src":"https:\/\/i0.wp.com\/www.satokangas.fi\/blogi\/wp-content\/uploads\/2015\/09\/20150904034456-600x338.jpg?resize=350%2C200&ssl=1","width":350,"height":200,"srcset":"https:\/\/i0.wp.com\/www.satokangas.fi\/blogi\/wp-content\/uploads\/2015\/09\/20150904034456-600x338.jpg?resize=350%2C200&ssl=1 1x, https:\/\/i0.wp.com\/www.satokangas.fi\/blogi\/wp-content\/uploads\/2015\/09\/20150904034456-600x338.jpg?resize=525%2C300&ssl=1 1.5x"},"classes":[]},{"id":12126,"url":"https:\/\/www.satokangas.fi\/blogi\/2011\/08\/pikku-tankavaara-huiputettu\/","url_meta":{"origin":3928,"position":4},"title":"Pikku Tankavaara huiputettu","author":"Reija","date":"4.8.2011","format":false,"excerpt":"\u00a0 Pikku Tankavaara ennen kokematon. T\u00e4n\u00e4\u00e4n sen vuoro. Kuukkeli-kierros soppeli meille. L\u00e4mp\u00f6mittari ei n\u00e4yt\u00e4 kuin sen + 10 C mutta tunturiin noustessa kylm\u00e4 katoaa. Eik\u00e4 sada. Muutaman kilometrin j\u00e4lkeen jo paistaa. Patikkareitti on mukava, onko oikeastaan aika helppokin? Meille vuorikiipeilij\u00f6ille tunturit eiv\u00e4t en\u00e4\u00e4 ole niin haastavia :) \u00a0Heh, oikeasti reitti\u2026","rel":"","context":"Kategoriassa &quot;Lappi&quot;","block_context":{"text":"Lappi","link":"https:\/\/www.satokangas.fi\/blogi\/category\/lappi\/"},"img":{"alt_text":"","src":"https:\/\/i0.wp.com\/www.satokangas.fi\/blogi\/wp-content\/uploads\/Pikku-Tankavaara-luontopolut-600x350.jpg?resize=350%2C200&ssl=1","width":350,"height":200,"srcset":"https:\/\/i0.wp.com\/www.satokangas.fi\/blogi\/wp-content\/uploads\/Pikku-Tankavaara-luontopolut-600x350.jpg?resize=350%2C200&ssl=1 1x, https:\/\/i0.wp.com\/www.satokangas.fi\/blogi\/wp-content\/uploads\/Pikku-Tankavaara-luontopolut-600x350.jpg?resize=525%2C300&ssl=1 1.5x"},"classes":[]},{"id":43057,"url":"https:\/\/www.satokangas.fi\/blogi\/2022\/06\/taas-tunturiin-maastopyoralla\/","url_meta":{"origin":3928,"position":5},"title":"Taas tunturiin maastopy\u00f6r\u00e4ll\u00e4!","author":"Reija","date":"7.6.2022","format":false,"excerpt":"Hangasojan varrella, kuten muuallakin n\u00e4ill\u00e4 leveysasteilla, on jo y\u00f6t\u00f6n y\u00f6; aurinko ei en\u00e4\u00e4 laske horisontin alapuolelle. Ja silti tuntuu, ett\u00e4 olen pari viime y\u00f6t\u00e4 nukkunut paremmin kuin aiemmin koko t\u00e4n\u00e4 vuonna. Levollisia, pitki\u00e4 unia - ihan aamuun asti. Ja kuinka ollakkaan, meh\u00e4n ajelimme\u00a0 - taas :D - kylille ja Siulan\u2026","rel":"","context":"Kategoriassa &quot;Lappi&quot;","block_context":{"text":"Lappi","link":"https:\/\/www.satokangas.fi\/blogi\/category\/lappi\/"},"img":{"alt_text":"","src":"https:\/\/i0.wp.com\/www.satokangas.fi\/blogi\/wp-content\/uploads\/2022\/06\/eMTB_Saariselka-6.jpg?resize=350%2C200&ssl=1","width":350,"height":200,"srcset":"https:\/\/i0.wp.com\/www.satokangas.fi\/blogi\/wp-content\/uploads\/2022\/06\/eMTB_Saariselka-6.jpg?resize=350%2C200&ssl=1 1x, https:\/\/i0.wp.com\/www.satokangas.fi\/blogi\/wp-content\/uploads\/2022\/06\/eMTB_Saariselka-6.jpg?resize=525%2C300&ssl=1 1.5x, https:\/\/i0.wp.com\/www.satokangas.fi\/blogi\/wp-content\/uploads\/2022\/06\/eMTB_Saariselka-6.jpg?resize=700%2C400&ssl=1 2x"},"classes":[]}],"_links":{"self":[{"href":"https:\/\/www.satokangas.fi\/blogi\/wp-json\/wp\/v2\/posts\/3928","targetHints":{"allow":["GET"]}}],"collection":[{"href":"https:\/\/www.satokangas.fi\/blogi\/wp-json\/wp\/v2\/posts"}],"about":[{"href":"https:\/\/www.satokangas.fi\/blogi\/wp-json\/wp\/v2\/types\/post"}],"author":[{"embeddable":true,"href":"https:\/\/www.satokangas.fi\/blogi\/wp-json\/wp\/v2\/users\/1"}],"replies":[{"embeddable":true,"href":"https:\/\/www.satokangas.fi\/blogi\/wp-json\/wp\/v2\/comments?post=3928"}],"version-history":[{"count":0,"href":"https:\/\/www.satokangas.fi\/blogi\/wp-json\/wp\/v2\/posts\/3928\/revisions"}],"wp:attachment":[{"href":"https:\/\/www.satokangas.fi\/blogi\/wp-json\/wp\/v2\/media?parent=3928"}],"wp:term":[{"taxonomy":"category","embeddable":true,"href":"https:\/\/www.satokangas.fi\/blogi\/wp-json\/wp\/v2\/categories?post=3928"},{"taxonomy":"post_tag","embeddable":true,"href":"https:\/\/www.satokangas.fi\/blogi\/wp-json\/wp\/v2\/tags?post=3928"}],"curies":[{"name":"wp","href":"https:\/\/api.w.org\/{rel}","templated":true}]}}