{"id":39279,"date":"2020-08-31T21:09:48","date_gmt":"2020-08-31T18:09:48","guid":{"rendered":"https:\/\/www.satokangas.fi\/blogi\/?p=39279"},"modified":"2020-08-31T21:09:48","modified_gmt":"2020-08-31T18:09:48","slug":"elo-kaantyy-jo-syksyiseksi","status":"publish","type":"post","link":"https:\/\/www.satokangas.fi\/blogi\/2020\/08\/elo-kaantyy-jo-syksyiseksi\/","title":{"rendered":"Elo k\u00e4\u00e4ntyy jo syksyiseksi&#8230;"},"content":{"rendered":"<p><img loading=\"lazy\" decoding=\"async\" data-attachment-id=\"39280\" data-permalink=\"https:\/\/www.satokangas.fi\/blogi\/2020\/08\/elo-kaantyy-jo-syksyiseksi\/1-48-4\/\" data-orig-file=\"https:\/\/www.satokangas.fi\/blogi\/wp-content\/uploads\/2020\/08\/1-48.jpg\" data-orig-size=\"1000,647\" data-comments-opened=\"1\" data-image-meta=\"{&quot;aperture&quot;:&quot;3.5&quot;,&quot;credit&quot;:&quot;&quot;,&quot;camera&quot;:&quot;Canon EOS R&quot;,&quot;caption&quot;:&quot;&quot;,&quot;created_timestamp&quot;:&quot;1596349619&quot;,&quot;copyright&quot;:&quot;&quot;,&quot;focal_length&quot;:&quot;100&quot;,&quot;iso&quot;:&quot;250&quot;,&quot;shutter_speed&quot;:&quot;0.005&quot;,&quot;title&quot;:&quot;&quot;,&quot;orientation&quot;:&quot;0&quot;}\" data-image-title=\"1-48\" data-image-description=\"\" data-image-caption=\"\" data-large-file=\"https:\/\/www.satokangas.fi\/blogi\/wp-content\/uploads\/2020\/08\/1-48.jpg\" class=\"aligncenter size-full wp-image-39280\" src=\"https:\/\/www.satokangas.fi\/blogi\/wp-content\/uploads\/2020\/08\/1-48.jpg\" alt=\"\" width=\"1000\" height=\"647\" srcset=\"https:\/\/www.satokangas.fi\/blogi\/wp-content\/uploads\/2020\/08\/1-48.jpg 1000w, https:\/\/www.satokangas.fi\/blogi\/wp-content\/uploads\/2020\/08\/1-48-618x400.jpg 618w, https:\/\/www.satokangas.fi\/blogi\/wp-content\/uploads\/2020\/08\/1-48-300x194.jpg 300w, https:\/\/www.satokangas.fi\/blogi\/wp-content\/uploads\/2020\/08\/1-48-768x497.jpg 768w\" sizes=\"auto, (max-width: 1000px) 100vw, 1000px\" \/><\/p>\n<p>&nbsp;<\/p>\n<p style=\"text-align: center;\">Syksy\u00e4 jo jossain\u00a0 &#8211; vaikka niin l\u00e4mmin ja hieno, aurinkoinen p\u00e4iv\u00e4 on ollutkin.<\/p>\n<p style=\"text-align: center;\">Paljon olen touhunnut, mutta kaikki touhu ei ole johtanut onnistuneeseen tulokseen tai hyv\u00e4\u00e4n j\u00e4lkeen.<\/p>\n","protected":false},"excerpt":{"rendered":"<p>&nbsp; Syksy\u00e4 jo jossain\u00a0 &#8211; vaikka niin l\u00e4mmin ja hieno, aurinkoinen p\u00e4iv\u00e4 on ollutkin. Paljon olen touhunnut, mutta kaikki touhu ei ole johtanut onnistuneeseen tulokseen tai hyv\u00e4\u00e4n j\u00e4lkeen.<\/p>\n","protected":false},"author":1,"featured_media":0,"comment_status":"open","ping_status":"open","sticky":false,"template":"","format":"standard","meta":{"jetpack_post_was_ever_published":false,"_jetpack_newsletter_access":"","_jetpack_dont_email_post_to_subs":false,"_jetpack_newsletter_tier_id":0,"_jetpack_memberships_contains_paywalled_content":false,"_jetpack_memberships_contains_paid_content":false,"footnotes":"","jetpack_publicize_message":"","jetpack_publicize_feature_enabled":true,"jetpack_social_post_already_shared":true,"jetpack_social_options":{"image_generator_settings":{"template":"highway","default_image_id":0,"font":"","enabled":false},"version":2}},"categories":[1],"tags":[],"class_list":["post-39279","post","type-post","status-publish","format-standard","hentry","category-aiheeton","latest_post"],"jetpack_publicize_connections":[],"jetpack_featured_media_url":"","jetpack_shortlink":"https:\/\/wp.me\/pr4p4-adx","jetpack_sharing_enabled":true,"jetpack_likes_enabled":false,"jetpack-related-posts":[{"id":52433,"url":"https:\/\/www.satokangas.fi\/blogi\/2025\/04\/aika-kulkee-jo\/","url_meta":{"origin":39279,"position":0},"title":"Aika kulkee jo","author":"Reija","date":"26.4.2025","format":false,"excerpt":"Sanomakellojen aikaan. Puistossa, ja merenrannassa auringon laskiessa. Yksin. Hengitellen syv\u00e4\u00e4n. On mennyt melkein pari kuukautta (pisin aika\u00a0 sen j\u00e4lkeen kun A. syntyi), jolloin en ole pojan lapsia n\u00e4hnyt, olen ollut pois - ja poissaoleva. Ik\u00e4v\u00e4 - molemmin puolin, mik\u00e4 nyt tuntuu kummallisesti hyv\u00e4lt\u00e4 - on ollut jo kova. Hyv\u00e4 oli\u2026","rel":"","context":"Kategoriassa &quot;Niit\u00e4 n\u00e4it\u00e4&quot;","block_context":{"text":"Niit\u00e4 n\u00e4it\u00e4","link":"https:\/\/www.satokangas.fi\/blogi\/category\/aiheeton\/"},"img":{"alt_text":"","src":"https:\/\/i0.wp.com\/www.satokangas.fi\/blogi\/wp-content\/uploads\/2025\/04\/Ilta_merenrannassa-2.jpg?resize=350%2C200&ssl=1","width":350,"height":200,"srcset":"https:\/\/i0.wp.com\/www.satokangas.fi\/blogi\/wp-content\/uploads\/2025\/04\/Ilta_merenrannassa-2.jpg?resize=350%2C200&ssl=1 1x, https:\/\/i0.wp.com\/www.satokangas.fi\/blogi\/wp-content\/uploads\/2025\/04\/Ilta_merenrannassa-2.jpg?resize=525%2C300&ssl=1 1.5x, https:\/\/i0.wp.com\/www.satokangas.fi\/blogi\/wp-content\/uploads\/2025\/04\/Ilta_merenrannassa-2.jpg?resize=700%2C400&ssl=1 2x"},"classes":[]},{"id":36283,"url":"https:\/\/www.satokangas.fi\/blogi\/2019\/04\/jaat-jo-lahdolla\/","url_meta":{"origin":39279,"position":1},"title":"J\u00e4\u00e4t jo l\u00e4hd\u00f6ll\u00e4","author":"Reija","date":"23.4.2019","format":false,"excerpt":"\"Iijoesta on jo l\u00e4hteneet j\u00e4\u00e4t\", - systeri kertoi, kun aamup\u00e4iv\u00e4ll\u00e4 piipahti kuva-asioiden takia. Ja Kuivasj\u00e4rvess\u00e4 on j\u00e4\u00e4npinnalla jo paljon vett\u00e4, toisessa p\u00e4\u00e4ss\u00e4 j\u00e4rve\u00e4 ei en\u00e4\u00e4 ollenkaan j\u00e4\u00e4t\u00e4, hoksasin ihan itse kun kiersin j\u00e4rven t\u00e4n\u00e4\u00e4n. Aika l\u00e4mmint\u00e4, ja ihanan aurinkoista on ollut. J\u00e4rjestelyj\u00e4, asioista sopimista, suunnittelua. Ei mit\u00e4\u00e4n ihmeellist\u00e4. Kev\u00e4\u00e4lt\u00e4 alkaa\u2026","rel":"","context":"Kategoriassa &quot;Niit\u00e4 n\u00e4it\u00e4&quot;","block_context":{"text":"Niit\u00e4 n\u00e4it\u00e4","link":"https:\/\/www.satokangas.fi\/blogi\/category\/aiheeton\/"},"img":{"alt_text":"","src":"https:\/\/i0.wp.com\/www.satokangas.fi\/blogi\/wp-content\/uploads\/2019\/04\/3-4.jpg?resize=350%2C200&ssl=1","width":350,"height":200,"srcset":"https:\/\/i0.wp.com\/www.satokangas.fi\/blogi\/wp-content\/uploads\/2019\/04\/3-4.jpg?resize=350%2C200&ssl=1 1x, https:\/\/i0.wp.com\/www.satokangas.fi\/blogi\/wp-content\/uploads\/2019\/04\/3-4.jpg?resize=525%2C300&ssl=1 1.5x, https:\/\/i0.wp.com\/www.satokangas.fi\/blogi\/wp-content\/uploads\/2019\/04\/3-4.jpg?resize=700%2C400&ssl=1 2x"},"classes":[]},{"id":30457,"url":"https:\/\/www.satokangas.fi\/blogi\/2017\/03\/jo-melkein-ohi\/","url_meta":{"origin":39279,"position":2},"title":"Jo melkein ohi","author":"Reija","date":"11.3.2017","format":false,"excerpt":"... melkein kuin olisi joulu. Hyv\u00e4 p\u00e4iv\u00e4 t\u00e4n\u00e4\u00e4n. Olemme olleet yhdess\u00e4, sy\u00f6neet paljon, juoneet hyvin, puhuneet kevyesti ja v\u00e4lill\u00e4 sukeltaneet syvemm\u00e4llekin. T\u00e4llaisia p\u00e4ivi\u00e4 tarvitaan. Hyv\u00e4 mieli, ja nyt jo haikeus. \u00a0","rel":"","context":"Kategoriassa &quot;Niit\u00e4 n\u00e4it\u00e4&quot;","block_context":{"text":"Niit\u00e4 n\u00e4it\u00e4","link":"https:\/\/www.satokangas.fi\/blogi\/category\/aiheeton\/"},"img":{"alt_text":"","src":"","width":0,"height":0},"classes":[]},{"id":38743,"url":"https:\/\/www.satokangas.fi\/blogi\/2020\/05\/jo-joutui\/","url_meta":{"origin":39279,"position":3},"title":"Jo joutui &#8230;","author":"Reija","date":"30.5.2020","format":false,"excerpt":"Py\u00f6r\u00e4lenkill\u00e4 tuoksui leikattu nurmi, n\u00e4kyi juhlapukeisia koulukkaita palailemassa kev\u00e4tjuhlista todistukset k\u00e4siss\u00e4\u00e4n, koivuissa lehdet herkimmill\u00e4\u00e4n, ihmisi\u00e4 liikkeell\u00e4 kuin \"tavallisesti\". Ja aurinkoa. Ei lakkiaisia, ei valmistujaisia, ei kev\u00e4tjuhlia. Ei valokuvauksia. Kuitenkin kev\u00e4t, jo joutui.","rel":"","context":"Kategoriassa &quot;Niit\u00e4 n\u00e4it\u00e4&quot;","block_context":{"text":"Niit\u00e4 n\u00e4it\u00e4","link":"https:\/\/www.satokangas.fi\/blogi\/category\/aiheeton\/"},"img":{"alt_text":"","src":"https:\/\/i0.wp.com\/www.satokangas.fi\/blogi\/wp-content\/uploads\/2020\/05\/koivu.jpg?resize=350%2C200&ssl=1","width":350,"height":200,"srcset":"https:\/\/i0.wp.com\/www.satokangas.fi\/blogi\/wp-content\/uploads\/2020\/05\/koivu.jpg?resize=350%2C200&ssl=1 1x, https:\/\/i0.wp.com\/www.satokangas.fi\/blogi\/wp-content\/uploads\/2020\/05\/koivu.jpg?resize=525%2C300&ssl=1 1.5x, https:\/\/i0.wp.com\/www.satokangas.fi\/blogi\/wp-content\/uploads\/2020\/05\/koivu.jpg?resize=700%2C400&ssl=1 2x"},"classes":[]},{"id":27213,"url":"https:\/\/www.satokangas.fi\/blogi\/2015\/12\/jo-hiljalleen-hiipuu-joulun-ilo\/","url_meta":{"origin":39279,"position":4},"title":"Jo hiljalleen hiipuu joulun ilo","author":"Reija","date":"26.12.2015","format":false,"excerpt":"Piparimuruja p\u00f6ydill\u00e4, konvehtipapereita kulhoissa, rusina- ja manteliskoolien pohjat jo n\u00e4kyviss\u00e4, p\u00f6yt\u00e4\u00e4n nostamani j\u00e4lkiruokatarjotin ei en\u00e4\u00e4 aiheuta erityist\u00e4 innostusta, puheensorina jo verkkaisempaa ... Joulu jo hiipuu. Levolliselta tuntuu silti. Nuoret ovat erikseen ja yhdess\u00e4 kiert\u00e4neet mummuloita, anoppiloita, kummilapsiaan ja illansuussa palautuivat Rantapellon ruokap\u00f6yd\u00e4n ymp\u00e4rille. Ja jouluruukun, kalkkunan ja salaatin ja muutamien\u2026","rel":"","context":"Kategoriassa &quot;Isovanhemmuus&quot;","block_context":{"text":"Isovanhemmuus","link":"https:\/\/www.satokangas.fi\/blogi\/category\/isovanhemmuus\/"},"img":{"alt_text":"Joulun lopulla_","src":"https:\/\/i0.wp.com\/www.satokangas.fi\/blogi\/wp-content\/uploads\/2015\/12\/Joulun-lopulla_-600x400.jpg?resize=350%2C200&ssl=1","width":350,"height":200,"srcset":"https:\/\/i0.wp.com\/www.satokangas.fi\/blogi\/wp-content\/uploads\/2015\/12\/Joulun-lopulla_-600x400.jpg?resize=350%2C200&ssl=1 1x, https:\/\/i0.wp.com\/www.satokangas.fi\/blogi\/wp-content\/uploads\/2015\/12\/Joulun-lopulla_-600x400.jpg?resize=525%2C300&ssl=1 1.5x"},"classes":[]},{"id":42832,"url":"https:\/\/www.satokangas.fi\/blogi\/2022\/05\/aitienpaiva-aidin-mentya\/","url_meta":{"origin":39279,"position":5},"title":"\u00c4itienp\u00e4iv\u00e4 \u00e4idin menty\u00e4","author":"Reija","date":"8.5.2022","format":false,"excerpt":"T\u00e4n\u00e4kin vuonna \u00e4itienp\u00e4iv\u00e4korttini on itse tehty. Se on oikeastaan my\u00f6s mummin kortti, sill\u00e4 apuja sen tekemiseen sain pojantytt\u00e4relt\u00e4; Eeviksen kanssa askarreltu enkeli lent\u00e4\u00e4 liihottaa hautalehdon rauhasta taivaan tuuliin, tuonilmaisiin ... Nelj\u00e4n sukupolven \u00e4itienp\u00e4iv\u00e4tervehdys. Siit\u00e4kin kiitollinen, nelj\u00e4st\u00e4 sukupolvesta. Pehtoorilla viel\u00e4 nelj\u00e4, minulla en\u00e4\u00e4 kolme, mutta se on paljon, eik\u00e4 mik\u00e4\u00e4n itsest\u00e4\u00e4nselvyys.\u2026","rel":"","context":"Kategoriassa &quot;Niit\u00e4 n\u00e4it\u00e4&quot;","block_context":{"text":"Niit\u00e4 n\u00e4it\u00e4","link":"https:\/\/www.satokangas.fi\/blogi\/category\/aiheeton\/"},"img":{"alt_text":"","src":"https:\/\/i0.wp.com\/www.satokangas.fi\/blogi\/wp-content\/uploads\/2022\/05\/aitienpaivana-3.jpg?resize=350%2C200&ssl=1","width":350,"height":200,"srcset":"https:\/\/i0.wp.com\/www.satokangas.fi\/blogi\/wp-content\/uploads\/2022\/05\/aitienpaivana-3.jpg?resize=350%2C200&ssl=1 1x, https:\/\/i0.wp.com\/www.satokangas.fi\/blogi\/wp-content\/uploads\/2022\/05\/aitienpaivana-3.jpg?resize=525%2C300&ssl=1 1.5x, https:\/\/i0.wp.com\/www.satokangas.fi\/blogi\/wp-content\/uploads\/2022\/05\/aitienpaivana-3.jpg?resize=700%2C400&ssl=1 2x"},"classes":[]}],"_links":{"self":[{"href":"https:\/\/www.satokangas.fi\/blogi\/wp-json\/wp\/v2\/posts\/39279","targetHints":{"allow":["GET"]}}],"collection":[{"href":"https:\/\/www.satokangas.fi\/blogi\/wp-json\/wp\/v2\/posts"}],"about":[{"href":"https:\/\/www.satokangas.fi\/blogi\/wp-json\/wp\/v2\/types\/post"}],"author":[{"embeddable":true,"href":"https:\/\/www.satokangas.fi\/blogi\/wp-json\/wp\/v2\/users\/1"}],"replies":[{"embeddable":true,"href":"https:\/\/www.satokangas.fi\/blogi\/wp-json\/wp\/v2\/comments?post=39279"}],"version-history":[{"count":0,"href":"https:\/\/www.satokangas.fi\/blogi\/wp-json\/wp\/v2\/posts\/39279\/revisions"}],"wp:attachment":[{"href":"https:\/\/www.satokangas.fi\/blogi\/wp-json\/wp\/v2\/media?parent=39279"}],"wp:term":[{"taxonomy":"category","embeddable":true,"href":"https:\/\/www.satokangas.fi\/blogi\/wp-json\/wp\/v2\/categories?post=39279"},{"taxonomy":"post_tag","embeddable":true,"href":"https:\/\/www.satokangas.fi\/blogi\/wp-json\/wp\/v2\/tags?post=39279"}],"curies":[{"name":"wp","href":"https:\/\/api.w.org\/{rel}","templated":true}]}}