{"id":3918,"date":"2009-08-01T23:58:31","date_gmt":"2009-08-01T20:58:31","guid":{"rendered":"https:\/\/www.satokangas.fi\/blogi\/?p=3918"},"modified":"2009-08-02T18:40:15","modified_gmt":"2009-08-02T15:40:15","slug":"longislandilaiset-lapissa","status":"publish","type":"post","link":"https:\/\/www.satokangas.fi\/blogi\/2009\/08\/longislandilaiset-lapissa\/","title":{"rendered":"Longislandilaiset Lapissa"},"content":{"rendered":"<p>New Yorkin kone laskeutui t\u00e4n\u00e4 aamuna 1\u00bd tuntia my\u00f6h\u00e4ss\u00e4 Helsinkiin. No mit\u00e4 se meit\u00e4 liikuttaa? Sit\u00e4 vaan, ett\u00e4 huolehdittiin josko vieraamme ehtiv\u00e4t Ivalon koneeseen. Ehtiv\u00e4th\u00e4n he. Laukut eiv\u00e4t. No h\u00e4t\u00e4. Taksi toi ne illalla m\u00f6kin pihaan. <\/p>\n<p>Ivalon kent\u00e4ll\u00e4 oli pilvist\u00e4, melkein sateisen n\u00e4k\u00f6ist\u00e4, mutta kun p\u00e4\u00e4simme Kaunisp\u00e4\u00e4n etel\u00e4puolelle aurinko n\u00e4ytt\u00e4ytyi. Ja sen j\u00e4lkeen Lappi on n\u00e4ytt\u00e4nyt parhaintaan. L\u00e4mp\u00f6\u00e4, valoa, rauhaa. Ja sitten! Nuotiobrunssin ja nokosten j\u00e4lkeen &#8221;turisteille&#8221; sight seeingin vuoro. Sen, ett\u00e4 ensimm\u00e4iseen etappiin p\u00e4\u00e4stiin oli siell\u00e4 saamelaish\u00e4\u00e4t hyv\u00e4ss\u00e4 vauhdissa. Paljon saamelaispukuja ja aurinkoista juhlaa. Seuraavassa vaiheessa kolmenkymmenen poron tokka katseltavana ja kuvattavana keskell\u00e4 Saarisel\u00e4n hotellialuetta. Ilta-auringossa k\u00e4ytiin viel\u00e4 kappelissa ja &#8221;kirkkoviinill\u00e4&#8221;. <\/p>\n<p>M\u00f6kin rannassa sauna ja puropulahdus maistuivat longislandilaisillekin. Ja sitten ruokaa ja viini\u00e4. Souvarit soivat &#8230; <\/p>\n","protected":false},"excerpt":{"rendered":"<p>New Yorkin kone laskeutui t\u00e4n\u00e4 aamuna 1\u00bd tuntia my\u00f6h\u00e4ss\u00e4 Helsinkiin. No mit\u00e4 se meit\u00e4 liikuttaa? Sit\u00e4 vaan, ett\u00e4 huolehdittiin josko vieraamme ehtiv\u00e4t Ivalon koneeseen. Ehtiv\u00e4th\u00e4n he. Laukut eiv\u00e4t. No h\u00e4t\u00e4. Taksi toi ne illalla m\u00f6kin pihaan. Ivalon kent\u00e4ll\u00e4 oli pilvist\u00e4, melkein sateisen n\u00e4k\u00f6ist\u00e4, mutta kun p\u00e4\u00e4simme Kaunisp\u00e4\u00e4n etel\u00e4puolelle aurinko n\u00e4ytt\u00e4ytyi. Ja sen j\u00e4lkeen Lappi on n\u00e4ytt\u00e4nyt parhaintaan. L\u00e4mp\u00f6\u00e4, valoa, rauhaa. &hellip; <\/p>\n","protected":false},"author":1,"featured_media":0,"comment_status":"open","ping_status":"open","sticky":false,"template":"","format":"standard","meta":{"jetpack_post_was_ever_published":false,"_jetpack_newsletter_access":"","_jetpack_dont_email_post_to_subs":false,"_jetpack_newsletter_tier_id":0,"_jetpack_memberships_contains_paywalled_content":false,"_jetpack_memberships_contains_paid_content":false,"footnotes":"","jetpack_publicize_message":"","jetpack_publicize_feature_enabled":true,"jetpack_social_post_already_shared":false,"jetpack_social_options":{"image_generator_settings":{"template":"highway","default_image_id":0,"font":"","enabled":false},"version":2}},"categories":[1],"tags":[],"class_list":["post-3918","post","type-post","status-publish","format-standard","hentry","category-aiheeton","latest_post"],"jetpack_publicize_connections":[],"jetpack_featured_media_url":"","jetpack_shortlink":"https:\/\/wp.me\/pr4p4-11c","jetpack_sharing_enabled":true,"jetpack_likes_enabled":false,"jetpack-related-posts":[{"id":50958,"url":"https:\/\/www.satokangas.fi\/blogi\/2024\/10\/ivalon-reissu-2\/","url_meta":{"origin":3918,"position":0},"title":"Ivalon reissu","author":"Reija","date":"30.10.2024","format":false,"excerpt":"Jos eilen oli huikea aurinkoinen p\u00e4iv\u00e4 patikalla, niin t\u00e4n\u00e4\u00e4n ei todellakaan ollut! Y\u00f6ll\u00e4 oli satanut lunta pari, kolme sentti\u00e4, ja aamulla ja p\u00e4iv\u00e4ll\u00e4 tuli v\u00e4h\u00e4n lis\u00e4\u00e4. Oli pime\u00e4\u00e4, ankeaa, v\u00e4rit\u00f6nt\u00e4. Koska joka tapauksessa t\u00e4ll\u00e4kin reissulla on k\u00e4yt\u00e4v\u00e4 Ivalon kaupoissa, niin p\u00e4\u00e4tettiin s\u00e4\u00e4n n\u00e4in ollessa l\u00e4hte\u00e4 asioille. [Otsikkokuvassa n\u00e4kyy Ivalon tie\u2026","rel":"","context":"Kategoriassa &quot;M\u00f6kkiel\u00e4m\u00e4\u00e4&quot;","block_context":{"text":"M\u00f6kkiel\u00e4m\u00e4\u00e4","link":"https:\/\/www.satokangas.fi\/blogi\/category\/mokkielamaa\/"},"img":{"alt_text":"","src":"https:\/\/i0.wp.com\/www.satokangas.fi\/blogi\/wp-content\/uploads\/2024\/10\/laiskapaiva.jpg?resize=350%2C200&ssl=1","width":350,"height":200,"srcset":"https:\/\/i0.wp.com\/www.satokangas.fi\/blogi\/wp-content\/uploads\/2024\/10\/laiskapaiva.jpg?resize=350%2C200&ssl=1 1x, https:\/\/i0.wp.com\/www.satokangas.fi\/blogi\/wp-content\/uploads\/2024\/10\/laiskapaiva.jpg?resize=525%2C300&ssl=1 1.5x, https:\/\/i0.wp.com\/www.satokangas.fi\/blogi\/wp-content\/uploads\/2024\/10\/laiskapaiva.jpg?resize=700%2C400&ssl=1 2x"},"classes":[]},{"id":11344,"url":"https:\/\/www.satokangas.fi\/blogi\/2011\/04\/mokkilauantai\/","url_meta":{"origin":3918,"position":1},"title":"M\u00f6kkilauantai","author":"Reija","date":"2.4.2011","format":false,"excerpt":"Nyt sataa r\u00e4nt\u00e4\u00e4! Paljon! Tuiskuaa. Paljon. Aamup\u00e4iv\u00e4ll\u00e4 olimme autonhakureissulla. Eilen illalla innostuimme l\u00e4htem\u00e4\u00e4n kylille sy\u00f6m\u00e4\u00e4n. Olisimme menneet taksilla, mutta kun puoli seitsem\u00e4lt\u00e4 taksiin soittelimme, sielt\u00e4 kerrottiin, ett\u00e4 kaikki autot olivat Ivalossa: Helsingin kone kun oli tulossa. Joten oli ment\u00e4v\u00e4 omalla autolla, ja j\u00e4tett\u00e4v\u00e4 se ravintolan pihalle y\u00f6pym\u00e4\u00e4n. Ravintolavaihtoehtojahan Saarisel\u00e4ll\u00e4 on\u2026","rel":"","context":"Kategoriassa &quot;Lappi&quot;","block_context":{"text":"Lappi","link":"https:\/\/www.satokangas.fi\/blogi\/category\/lappi\/"},"img":{"alt_text":"","src":"","width":0,"height":0},"classes":[]},{"id":11337,"url":"https:\/\/www.satokangas.fi\/blogi\/2011\/03\/jutajaisten-jatkuessa\/","url_meta":{"origin":3918,"position":2},"title":"Jutajaisten jatkuessa","author":"Reija","date":"31.3.2011","format":false,"excerpt":"\u00a0Maaliskuun viimeisen\u00e4 aamuna her\u00e4t\u00e4\u00e4n m\u00f6kill\u00e4. P\u00e4\u00e4si\u00e4inen? Ei, ei ole kiirastorstai vaan on arki, jolloin olen m\u00f6kill\u00e4. Pehtoori tuli t\u00e4nne jo maanantaina, min\u00e4 eilen juna-bussi \u2013kyydill\u00e4. Ennen kahta l\u00e4hdin duunista, poika k\u00e4vi heitt\u00e4m\u00e4ss\u00e4 rautatieasemalle: ja juna on my\u00f6h\u00e4ss\u00e4 50 minuuttia! Ei muuten huolta, mutta miten ehdin Rovaniemell\u00e4 Ivalon bussiin. Eskelinen l\u00e4htee\u2026","rel":"","context":"Kategoriassa &quot;Lappi&quot;","block_context":{"text":"Lappi","link":"https:\/\/www.satokangas.fi\/blogi\/category\/lappi\/"},"img":{"alt_text":"","src":"","width":0,"height":0},"classes":[]},{"id":44861,"url":"https:\/\/www.satokangas.fi\/blogi\/2023\/02\/pakkaspaivana-ivalossa-ja-ladulla\/","url_meta":{"origin":3918,"position":3},"title":"Pakkasp\u00e4iv\u00e4n\u00e4 Ivalossa ja ladulla","author":"Reija","date":"21.2.2023","format":false,"excerpt":"El\u00e4m\u00e4nmeno ja p\u00e4ivien kulku m\u00f6kill\u00e4 ollessa m\u00e4\u00e4r\u00e4ytyy paljolti valon ja s\u00e4\u00e4n mukaan. Aamulla sen j\u00e4lkeen kun on l\u00f6yt\u00e4nyt rillit nen\u00e4lleen ja villasukat jalkaansa, tulee seuraavaksi katsottua ulkol\u00e4mp\u00f6mittaria, taivaan v\u00e4ri\u00e4 ja ilman laatua. T\u00e4n\u00e4\u00e4n seitsem\u00e4lt\u00e4: - 25 C, pilvet\u00f6n taivas, aurinko nousemassa. Siis ei aamuladulle! Koska t\u00e4ll\u00e4 viikolla olisi joka tapauksessa\u2026","rel":"","context":"Kategoriassa &quot;Lappi&quot;","block_context":{"text":"Lappi","link":"https:\/\/www.satokangas.fi\/blogi\/category\/lappi\/"},"img":{"alt_text":"","src":"https:\/\/i0.wp.com\/www.satokangas.fi\/blogi\/wp-content\/uploads\/2023\/02\/pakkaspaiva-3-1.jpg?resize=350%2C200&ssl=1","width":350,"height":200,"srcset":"https:\/\/i0.wp.com\/www.satokangas.fi\/blogi\/wp-content\/uploads\/2023\/02\/pakkaspaiva-3-1.jpg?resize=350%2C200&ssl=1 1x, https:\/\/i0.wp.com\/www.satokangas.fi\/blogi\/wp-content\/uploads\/2023\/02\/pakkaspaiva-3-1.jpg?resize=525%2C300&ssl=1 1.5x, https:\/\/i0.wp.com\/www.satokangas.fi\/blogi\/wp-content\/uploads\/2023\/02\/pakkaspaiva-3-1.jpg?resize=700%2C400&ssl=1 2x"},"classes":[]},{"id":32409,"url":"https:\/\/www.satokangas.fi\/blogi\/2017\/10\/32409\/","url_meta":{"origin":3918,"position":4},"title":"Syyslomasen pieni\u00e4, isoja iloja","author":"Reija","date":"23.10.2017","format":false,"excerpt":"M\u00f6kkiunilta her\u00e4t\u00e4\u00e4n siten, ett\u00e4 yhdeks\u00e4n aikoihin istutaan puuropadan ja verraten runsaiden aamiaisherkkujen \u00e4\u00e4relle. Ja siin\u00e4 sitten yleens\u00e4 p\u00e4\u00e4tet\u00e4\u00e4n, mit\u00e4 t\u00e4n\u00e4\u00e4n teht\u00e4isiin. T\u00e4n\u00e4\u00e4n p\u00e4\u00e4timme, ett\u00e4 l\u00e4hdet\u00e4\u00e4n koko porukalla, yhdess\u00e4 lenkille, ja seh\u00e4n tarkoittaa, ett\u00e4 reitin valintaan vaikuttaa se, ett\u00e4 rattailla on p\u00e4\u00e4st\u00e4v\u00e4 kulkemaan. Siisp\u00e4 Saarisel\u00e4n talvik\u00e4velyreitille, jota oli v\u00e4h\u00e4n taas muutettu.\u2026","rel":"","context":"Kategoriassa &quot;Jokaviikkoinen soppamme&quot;","block_context":{"text":"Jokaviikkoinen soppamme","link":"https:\/\/www.satokangas.fi\/blogi\/category\/ruoka_ja_viini\/jokaviikkoinen-soppamme\/"},"img":{"alt_text":"","src":"https:\/\/i0.wp.com\/www.satokangas.fi\/blogi\/wp-content\/uploads\/2017\/10\/Liikkeella-7.jpg?resize=350%2C200&ssl=1","width":350,"height":200,"srcset":"https:\/\/i0.wp.com\/www.satokangas.fi\/blogi\/wp-content\/uploads\/2017\/10\/Liikkeella-7.jpg?resize=350%2C200&ssl=1 1x, https:\/\/i0.wp.com\/www.satokangas.fi\/blogi\/wp-content\/uploads\/2017\/10\/Liikkeella-7.jpg?resize=525%2C300&ssl=1 1.5x, https:\/\/i0.wp.com\/www.satokangas.fi\/blogi\/wp-content\/uploads\/2017\/10\/Liikkeella-7.jpg?resize=700%2C400&ssl=1 2x"},"classes":[]},{"id":26619,"url":"https:\/\/www.satokangas.fi\/blogi\/2015\/10\/lokakuisessa-lapissa\/","url_meta":{"origin":3918,"position":5},"title":"Lokakuisessa Lapissa","author":"Reija","date":"23.10.2015","format":false,"excerpt":"Pakkasaamu. Rauhallinen aamu, jolloin kaurapuurokin ehti hautua gourmetruoaksi. Tytt\u00e4ren kone Helsingist\u00e4 Ivaloon laskeutui puolelta p\u00e4ivin, ja nuoret l\u00e4htiv\u00e4t vastaan. Mie p\u00e4\u00e4sin Aapelin kanssa aamup\u00e4iv\u00e4k\u00e4velylle. Menimm\u00e4 tunturiin, siten kuin m\u00f6kin pihasta vaunujen kanssa on mahdollista. On minullakin ollut el\u00e4m\u00e4ss\u00e4 vaihe, jolloin en olisi olla v\u00e4hemm\u00e4n kiinnostunut vaunujen pukkaamisesta, mutta kuinka se\u2026","rel":"","context":"Kategoriassa &quot;Lappi&quot;","block_context":{"text":"Lappi","link":"https:\/\/www.satokangas.fi\/blogi\/category\/lappi\/"},"img":{"alt_text":"","src":"","width":0,"height":0},"classes":[]}],"_links":{"self":[{"href":"https:\/\/www.satokangas.fi\/blogi\/wp-json\/wp\/v2\/posts\/3918","targetHints":{"allow":["GET"]}}],"collection":[{"href":"https:\/\/www.satokangas.fi\/blogi\/wp-json\/wp\/v2\/posts"}],"about":[{"href":"https:\/\/www.satokangas.fi\/blogi\/wp-json\/wp\/v2\/types\/post"}],"author":[{"embeddable":true,"href":"https:\/\/www.satokangas.fi\/blogi\/wp-json\/wp\/v2\/users\/1"}],"replies":[{"embeddable":true,"href":"https:\/\/www.satokangas.fi\/blogi\/wp-json\/wp\/v2\/comments?post=3918"}],"version-history":[{"count":0,"href":"https:\/\/www.satokangas.fi\/blogi\/wp-json\/wp\/v2\/posts\/3918\/revisions"}],"wp:attachment":[{"href":"https:\/\/www.satokangas.fi\/blogi\/wp-json\/wp\/v2\/media?parent=3918"}],"wp:term":[{"taxonomy":"category","embeddable":true,"href":"https:\/\/www.satokangas.fi\/blogi\/wp-json\/wp\/v2\/categories?post=3918"},{"taxonomy":"post_tag","embeddable":true,"href":"https:\/\/www.satokangas.fi\/blogi\/wp-json\/wp\/v2\/tags?post=3918"}],"curies":[{"name":"wp","href":"https:\/\/api.w.org\/{rel}","templated":true}]}}