{"id":3909,"date":"2009-07-31T21:50:10","date_gmt":"2009-07-31T18:50:10","guid":{"rendered":"https:\/\/www.satokangas.fi\/blogi\/?p=3909"},"modified":"2009-08-03T21:28:02","modified_gmt":"2009-08-03T18:28:02","slug":"lapissa-kaikki-on-toisin","status":"publish","type":"post","link":"https:\/\/www.satokangas.fi\/blogi\/2009\/07\/lapissa-kaikki-on-toisin\/","title":{"rendered":"Lapissa kaikki on toisin"},"content":{"rendered":"<p>Aamuvarhaisella purolla kasvojenpesulla katselen kun iso, lihava pupu mutustaa viereisell\u00e4 m\u00e4tt\u00e4\u00e4ll\u00e4 jotain. P\u00e4iv\u00e4ll\u00e4 seistess\u00e4ni saunapolulla &#8211; puhuen k\u00e4nnykk\u00e4\u00e4n \u00e4itini kanssa &#8211; porot tepastelevat ohi katsellen kummeksuen. \u00c4sken k\u00e4vin mets\u00e4ss\u00e4 hakemassa oksia p\u00f6ytien koristeeksi, oli l\u00e4mmin (iltakahdeksalta +21 C) ja aurinko paistoi viel\u00e4 korkealta (klikkaamalla kuva suurenee). Pieni tuulenv\u00e4re, ei \u00e4\u00e4nt\u00e4k\u00e4\u00e4n. Ollaan pohjoisessa, ollaan Lapissa. T\u00e4llaista ei ole muualla. En min\u00e4 ainakaan tied\u00e4, ett\u00e4 olisi. En min\u00e4 nyt muuta kaipaakaan. <\/p>\n<p><a href=\"https:\/\/www.satokangas.fi\/blogi\/wp-content\/uploads\/2009\/07\/sauna-iltavalossa.jpg\"><img loading=\"lazy\" decoding=\"async\" data-attachment-id=\"3947\" data-permalink=\"https:\/\/www.satokangas.fi\/blogi\/2009\/07\/lapissa-kaikki-on-toisin\/sauna-iltavalossa\/\" data-orig-file=\"https:\/\/www.satokangas.fi\/blogi\/wp-content\/uploads\/2009\/07\/sauna-iltavalossa.jpg\" data-orig-size=\"1024,683\" data-comments-opened=\"1\" data-image-meta=\"{&quot;aperture&quot;:&quot;8&quot;,&quot;credit&quot;:&quot;&quot;,&quot;camera&quot;:&quot;Canon EOS 450D&quot;,&quot;caption&quot;:&quot;&quot;,&quot;created_timestamp&quot;:&quot;1249223352&quot;,&quot;copyright&quot;:&quot;&quot;,&quot;focal_length&quot;:&quot;90&quot;,&quot;iso&quot;:&quot;200&quot;,&quot;shutter_speed&quot;:&quot;0.004&quot;,&quot;title&quot;:&quot;&quot;}\" data-image-title=\"sauna-iltavalossa\" data-image-description=\"\" data-image-caption=\"\" data-large-file=\"https:\/\/www.satokangas.fi\/blogi\/wp-content\/uploads\/2009\/07\/sauna-iltavalossa.jpg\" src=\"https:\/\/www.satokangas.fi\/blogi\/wp-content\/uploads\/2009\/07\/sauna-iltavalossa-500x333.jpg\" alt=\"sauna-iltavalossa\" title=\"sauna-iltavalossa\" width=\"500\" height=\"333\" class=\"aligncenter size-medium wp-image-3947\" srcset=\"https:\/\/www.satokangas.fi\/blogi\/wp-content\/uploads\/2009\/07\/sauna-iltavalossa-500x333.jpg 500w, https:\/\/www.satokangas.fi\/blogi\/wp-content\/uploads\/2009\/07\/sauna-iltavalossa-200x133.jpg 200w, https:\/\/www.satokangas.fi\/blogi\/wp-content\/uploads\/2009\/07\/sauna-iltavalossa.jpg 1024w\" sizes=\"auto, (max-width: 500px) 100vw, 500px\" \/><\/a><\/p>\n<p>T\u00e4n\u00e4\u00e4n viel\u00e4 ty\u00f6leiri. Pehtoori ajoi aamusella Ivaloon hakemaan multaa. Kivihommien viimeistely\u00e4 ja siistimist\u00e4 on riitt\u00e4nyt. Minulla t\u00e4n\u00e4\u00e4n eilist\u00e4 kevyempi p\u00e4iv\u00e4: leipomista, marinointeja, valmisteluja, ikkunoiden pesua (&#8221;Lapissa kaikki on toisin&#8221;, kuten Eino Leino runoilee, elikk\u00e4s <a href=\"https:\/\/www.satokangas.fi\/blogi\/2009\/04\/kevathommia\/\">t\u00e4\u00e4ll\u00e4 min\u00e4(kin<\/a>) pesen ikkunoita). Molempien m\u00f6kkien vuosittainen ikkunarojekti on hoideltu. V\u00e4leist\u00e4 en viitsinyt, mutta eip\u00e4 t\u00e4\u00e4ll\u00e4 sill\u00e4 lailla sotkeennukaan kuin kaupungissa. <\/p>\n<p>M\u00f6kkinaapureita l\u00e4helt\u00e4 ja kaukaa piipahti kahveilla, piipahti jutustelemassa. Ty\u00f6leiriss\u00e4mme oli parin aurinkoisen tauon paikka. <\/p>\n<p>Tekeminen on tuntunut hyv\u00e4lt\u00e4. Puuhastelua, ei pakkotekemist\u00e4. Silti nyt perjantain ehtoolla on viikonlopuntuntu. Heitt\u00e4ydymme nyt turisteiksi, lomalaisiksi. \u00c4sken jo lomalaisten illallinen. Poronfile grilliss\u00e4, marinoituja mozzarelloja, bataatti-sipulilisuketta. Ei vaadi paljon mutta k\u00e4y kurmeesta. Ja merkillinen St. Emilion -viini. Merkillinen koska etiketist\u00e4 ei etsim\u00e4ll\u00e4k\u00e4\u00e4n l\u00f6ydy tuottajaa. Alkon luettelon kautta arvelemme, ett\u00e4 tuottaja on Yvon Mau. 13 euron viini. Nuori (2007). Ja kerrassaan oivallinen, ei mit\u00e4\u00e4n kitkeryytt\u00e4, ei napsumista hampaissa, ei liikaa tanniineja, puhdas, yksinkertaisen hyv\u00e4 viini. Ty\u00f6leirin lopettajaisiksi passeli :).<\/p>\n<p>Huomenna Amerikan serkku ja miehens\u00e4 Ivalon kent\u00e4ll\u00e4 puolen p\u00e4iv\u00e4n j\u00e4lkeen. Sit\u00e4 odotellessa. <\/p>\n","protected":false},"excerpt":{"rendered":"<p>Aamuvarhaisella purolla kasvojenpesulla katselen kun iso, lihava pupu mutustaa viereisell\u00e4 m\u00e4tt\u00e4\u00e4ll\u00e4 jotain. P\u00e4iv\u00e4ll\u00e4 seistess\u00e4ni saunapolulla &#8211; puhuen k\u00e4nnykk\u00e4\u00e4n \u00e4itini kanssa &#8211; porot tepastelevat ohi katsellen kummeksuen. \u00c4sken k\u00e4vin mets\u00e4ss\u00e4 hakemassa oksia p\u00f6ytien koristeeksi, oli l\u00e4mmin (iltakahdeksalta +21 C) ja aurinko paistoi viel\u00e4 korkealta (klikkaamalla kuva suurenee). Pieni tuulenv\u00e4re, ei \u00e4\u00e4nt\u00e4k\u00e4\u00e4n. Ollaan pohjoisessa, ollaan Lapissa. T\u00e4llaista ei ole muualla. En min\u00e4 &hellip; <\/p>\n","protected":false},"author":1,"featured_media":0,"comment_status":"open","ping_status":"open","sticky":false,"template":"","format":"standard","meta":{"jetpack_post_was_ever_published":false,"_jetpack_newsletter_access":"","_jetpack_dont_email_post_to_subs":false,"_jetpack_newsletter_tier_id":0,"_jetpack_memberships_contains_paywalled_content":false,"_jetpack_memberships_contains_paid_content":false,"footnotes":"","jetpack_publicize_message":"","jetpack_publicize_feature_enabled":true,"jetpack_social_post_already_shared":false,"jetpack_social_options":{"image_generator_settings":{"template":"highway","default_image_id":0,"font":"","enabled":false},"version":2}},"categories":[15],"tags":[],"class_list":["post-3909","post","type-post","status-publish","format-standard","hentry","category-lappi","latest_post"],"jetpack_publicize_connections":[],"jetpack_featured_media_url":"","jetpack_shortlink":"https:\/\/wp.me\/pr4p4-113","jetpack_sharing_enabled":true,"jetpack_likes_enabled":false,"jetpack-related-posts":[{"id":2867,"url":"https:\/\/www.satokangas.fi\/blogi\/2009\/03\/lapissako\/","url_meta":{"origin":3909,"position":0},"title":"Lapissako?","author":"Reija","date":"21.3.2009","format":false,"excerpt":"Lapissa? Ei vaan kuva on vakkarilenkilt\u00e4ni Toppilan rannasta. Hulvattoman hieno kev\u00e4tp\u00e4iv\u00e4 t\u00e4n\u00e4\u00e4n. Ja min\u00e4 suoritan. Hyv\u00e4nen aika, kuinka min\u00e4 suoritankaan... Mukavaa on huomisten kestien j\u00e4rjestely. Pihaa jo sai jo siisti\u00e4. Ikkunalautoja luututa, ja sitten k\u00e4vin puutarhalta hakemassa pikkunarsisseja. Ostin heti tusinan. Ripottelin pitkin pihapiiri\u00e4. Min\u00e4 joka en voi siet\u00e4\u00e4 keltaisia\u2026","rel":"","context":"Kategoriassa &quot;Niit\u00e4 n\u00e4it\u00e4&quot;","block_context":{"text":"Niit\u00e4 n\u00e4it\u00e4","link":"https:\/\/www.satokangas.fi\/blogi\/category\/aiheeton\/"},"img":{"alt_text":"Toppilan tunturi","src":"https:\/\/i0.wp.com\/www.satokangas.fi\/blogi\/wp-content\/uploads\/2009\/03\/toppilan-tunturi1-500x333.jpg?resize=350%2C200&ssl=1","width":350,"height":200},"classes":[]},{"id":21437,"url":"https:\/\/www.satokangas.fi\/blogi\/2014\/06\/lappiin-on-tultu\/","url_meta":{"origin":3909,"position":1},"title":"Lappiin on tultu","author":"Reija","date":"18.6.2014","format":false,"excerpt":"Viel\u00e4 se loman alku jaksaa niin innostaa, ett\u00e4 aamuviidelt\u00e4, viiden tunnin y\u00f6unen j\u00e4lkeen, olin t\u00e4ysin hereill\u00e4. Turhan my\u00f6h\u00e4\u00e4n olin valvonut: katsoin fudista! Min\u00e4! Brasilia - Meksiko ottelu vei menness\u00e4\u00e4n, eik\u00e4 v\u00e4h\u00e4isin syy ollut se ett\u00e4 tytt\u00e4ren kanssa chattailimme. Kertoi, ett\u00e4 koko miljoonakaupunki Monterrey oli pelin aikana (paikallinen siesta-aika) ihan jumissa,\u2026","rel":"","context":"Kategoriassa &quot;Lappi&quot;","block_context":{"text":"Lappi","link":"https:\/\/www.satokangas.fi\/blogi\/category\/lappi\/"},"img":{"alt_text":"r","src":"https:\/\/i0.wp.com\/www.satokangas.fi\/blogi\/wp-content\/uploads\/2014\/06\/r-300x400.jpg?resize=350%2C200&ssl=1","width":350,"height":200},"classes":[]},{"id":34346,"url":"https:\/\/www.satokangas.fi\/blogi\/2018\/07\/eino-leinon-paiva-lapin-kesa\/","url_meta":{"origin":3909,"position":2},"title":"Eino Leinon p\u00e4iv\u00e4:\u00a0Lapin kes\u00e4","author":"Reija","date":"6.7.2018","format":false,"excerpt":"T\u00e4n\u00e4\u00e4n Lappi on n\u00e4ytt\u00e4nyt parhaintaan. Pehtoorin mainion ehdotuksen j\u00e4lkeen l\u00e4hdimme aamup\u00e4iv\u00e4ll\u00e4 kohti Tankavaaraa... vanha tuttu pikkupatikka Pikkutankavaaran huipulle. L\u00e4mmin, leppe\u00e4 tuuli, ei s\u00e4\u00e4ski\u00e4, v\u00e4lill\u00e4 paarmoja, mutta eiv\u00e4t k\u00e4yneet iholle. Ja minun lempisuoni sill\u00e4 reitill\u00e4: Tankasuo. Aina syk\u00e4hdytt\u00e4v\u00e4. Ja yht\u00e4kki\u00e4 meill\u00e4 molemmilla tuli mieleen Maisa, ik\u00e4v\u00e4. MIk\u00e4 tuo savu on? Palatessa\u2026","rel":"","context":"Kategoriassa &quot;Lappi&quot;","block_context":{"text":"Lappi","link":"https:\/\/www.satokangas.fi\/blogi\/category\/lappi\/"},"img":{"alt_text":"","src":"https:\/\/i0.wp.com\/www.satokangas.fi\/blogi\/wp-content\/uploads\/2018\/07\/Mokkielamaa-4.jpg?resize=350%2C200&ssl=1","width":350,"height":200,"srcset":"https:\/\/i0.wp.com\/www.satokangas.fi\/blogi\/wp-content\/uploads\/2018\/07\/Mokkielamaa-4.jpg?resize=350%2C200&ssl=1 1x, https:\/\/i0.wp.com\/www.satokangas.fi\/blogi\/wp-content\/uploads\/2018\/07\/Mokkielamaa-4.jpg?resize=525%2C300&ssl=1 1.5x, https:\/\/i0.wp.com\/www.satokangas.fi\/blogi\/wp-content\/uploads\/2018\/07\/Mokkielamaa-4.jpg?resize=700%2C400&ssl=1 2x"},"classes":[]},{"id":34727,"url":"https:\/\/www.satokangas.fi\/blogi\/2018\/09\/mokkilomalle\/","url_meta":{"origin":3909,"position":3},"title":"M\u00f6kkilomalle","author":"Reija","date":"2.9.2018","format":false,"excerpt":"\"Voi jeehu\", raikui Sodankyl\u00e4n Pohjant\u00e4hti-marketissa iltap\u00e4iv\u00e4ll\u00e4 kun Apsu katseli meid\u00e4n ruokak\u00e4rry\u00e4! \"Onpa paljon ruokaa!\" Olikin sit\u00e4. Mutta me tulimmekin viidest\u00e4\u00e4n m\u00f6kkilomalle moneksi p\u00e4iv\u00e4ksi. Juniorilla on kes\u00e4 ollut duunia 6\/7 p\u00e4iv\u00e4\u00e4 viikossa (pl. is\u00e4ns\u00e4 (= Pehtoorin) syntt\u00e4riviikonloppu, jolloin oli kolmen p\u00e4iv\u00e4n \"lomaputki\") ja v\u00e4lill\u00e4 kellon ymp\u00e4rysp\u00e4ivi\u00e4. Ja Mini\u00e4kin teki l\u00e4hes koko\u2026","rel":"","context":"Kategoriassa &quot;Isovanhemmuus&quot;","block_context":{"text":"Isovanhemmuus","link":"https:\/\/www.satokangas.fi\/blogi\/category\/isovanhemmuus\/"},"img":{"alt_text":"","src":"https:\/\/i0.wp.com\/www.satokangas.fi\/blogi\/wp-content\/uploads\/2018\/09\/1-6.jpg?resize=350%2C200&ssl=1","width":350,"height":200,"srcset":"https:\/\/i0.wp.com\/www.satokangas.fi\/blogi\/wp-content\/uploads\/2018\/09\/1-6.jpg?resize=350%2C200&ssl=1 1x, https:\/\/i0.wp.com\/www.satokangas.fi\/blogi\/wp-content\/uploads\/2018\/09\/1-6.jpg?resize=525%2C300&ssl=1 1.5x"},"classes":[]},{"id":22360,"url":"https:\/\/www.satokangas.fi\/blogi\/2014\/09\/paluulippu-kotiin\/","url_meta":{"origin":3909,"position":4},"title":"Paluulippu kotiin!","author":"Reija","date":"7.9.2014","format":false,"excerpt":"Muumipekko seisoi ja katsoi kun Nuuskamuikkunen pakkasi telttansa. - Viivytk\u00f6 kauan poissa? h\u00e4n kysyi. - En, sanoi Nuuskamuikkunen. Ensimm\u00e4isen\u00e4 kev\u00e4tp\u00e4iv\u00e4n\u00e4 olen t\u00e4\u00e4ll\u00e4 j\u00e4lleen ja vihell\u00e4n ikkunan alla. Yksi vuosi kuluu nopeasti! \u00a0(Tove Jansson, Taikurin hattu) \u00a0 Vuosi sitten ostin esikoiselle syntt\u00e4rilahjan, jota en olisi halunnut antaa. T\u00e4n\u00e4 vuonna - ihan\u2026","rel":"","context":"Kategoriassa &quot;Meksiko&quot;","block_context":{"text":"Meksiko","link":"https:\/\/www.satokangas.fi\/blogi\/category\/reissut\/meksiko\/"},"img":{"alt_text":"","src":"https:\/\/i0.wp.com\/www.satokangas.fi\/blogi\/wp-content\/uploads\/2014\/09\/mapa_do_mexico.jpg?resize=350%2C200&ssl=1","width":350,"height":200},"classes":[]},{"id":41358,"url":"https:\/\/www.satokangas.fi\/blogi\/2021\/08\/syodaan-pullaa-ja-kuunnellaan-souvareita\/","url_meta":{"origin":3909,"position":5},"title":"&#8221;Sy\u00f6d\u00e4\u00e4n pullaa ja kuunnellaan Souvareita&#8221;","author":"Reija","date":"9.8.2021","format":false,"excerpt":"Purot ja porot, tunturit ja Tuulentupa j\u00e4iv\u00e4t taakse. Oli aika luopua m\u00f6kkielosta, \"Herrane aika\", sanoi Eevis monta kertaa, ja viel\u00e4 useammin Apsu ehdotti, ett\u00e4 \"menn\u00e4\u00e4n purolle\" tai \"sy\u00f6d\u00e4\u00e4n pullaa ja kuunnellaan Souvareita\" [kyll\u00e4 on papan vaikutusta tuollainen. :) ] Kauan odotettu, viel\u00e4 tavallistakin odotetumpi, m\u00f6kkiviikko takana. Olisin voinut j\u00e4\u00e4d\u00e4, jos\u2026","rel":"","context":"Kategoriassa &quot;Isovanhemmuus&quot;","block_context":{"text":"Isovanhemmuus","link":"https:\/\/www.satokangas.fi\/blogi\/category\/isovanhemmuus\/"},"img":{"alt_text":"","src":"https:\/\/i0.wp.com\/www.satokangas.fi\/blogi\/wp-content\/uploads\/2021\/08\/1.jpg?resize=350%2C200&ssl=1","width":350,"height":200,"srcset":"https:\/\/i0.wp.com\/www.satokangas.fi\/blogi\/wp-content\/uploads\/2021\/08\/1.jpg?resize=350%2C200&ssl=1 1x, https:\/\/i0.wp.com\/www.satokangas.fi\/blogi\/wp-content\/uploads\/2021\/08\/1.jpg?resize=525%2C300&ssl=1 1.5x, https:\/\/i0.wp.com\/www.satokangas.fi\/blogi\/wp-content\/uploads\/2021\/08\/1.jpg?resize=700%2C400&ssl=1 2x"},"classes":[]}],"_links":{"self":[{"href":"https:\/\/www.satokangas.fi\/blogi\/wp-json\/wp\/v2\/posts\/3909","targetHints":{"allow":["GET"]}}],"collection":[{"href":"https:\/\/www.satokangas.fi\/blogi\/wp-json\/wp\/v2\/posts"}],"about":[{"href":"https:\/\/www.satokangas.fi\/blogi\/wp-json\/wp\/v2\/types\/post"}],"author":[{"embeddable":true,"href":"https:\/\/www.satokangas.fi\/blogi\/wp-json\/wp\/v2\/users\/1"}],"replies":[{"embeddable":true,"href":"https:\/\/www.satokangas.fi\/blogi\/wp-json\/wp\/v2\/comments?post=3909"}],"version-history":[{"count":0,"href":"https:\/\/www.satokangas.fi\/blogi\/wp-json\/wp\/v2\/posts\/3909\/revisions"}],"wp:attachment":[{"href":"https:\/\/www.satokangas.fi\/blogi\/wp-json\/wp\/v2\/media?parent=3909"}],"wp:term":[{"taxonomy":"category","embeddable":true,"href":"https:\/\/www.satokangas.fi\/blogi\/wp-json\/wp\/v2\/categories?post=3909"},{"taxonomy":"post_tag","embeddable":true,"href":"https:\/\/www.satokangas.fi\/blogi\/wp-json\/wp\/v2\/tags?post=3909"}],"curies":[{"name":"wp","href":"https:\/\/api.w.org\/{rel}","templated":true}]}}