{"id":3891,"date":"2009-07-29T22:37:54","date_gmt":"2009-07-29T19:37:54","guid":{"rendered":"https:\/\/www.satokangas.fi\/blogi\/?p=3891"},"modified":"2009-07-29T23:26:39","modified_gmt":"2009-07-29T20:26:39","slug":"mokkiviikonloppu","status":"publish","type":"post","link":"https:\/\/www.satokangas.fi\/blogi\/2009\/07\/mokkiviikonloppu\/","title":{"rendered":"M\u00f6kkiviikonloppu"},"content":{"rendered":"<p>Ajelimme iltap\u00e4iv\u00e4ll\u00e4 pohjoiseen, m\u00f6kille. Matkalla v\u00e4h\u00e4n rekkoja (lama ja kes\u00e4) mutta paljon poroja, yksi vasa oli jo vaarallisen l\u00e4hell\u00e4 j\u00e4\u00e4d\u00e4 alle. Tankavaaran j\u00e4lkeen, muutaman kymmenen kilometrin matkalla, varmaan yhteens\u00e4 kymmeni\u00e4&#8230; Ja yksi kotiporo odottamassa portailla!<\/p>\n<p><a href=\"https:\/\/www.satokangas.fi\/blogi\/wp-content\/uploads\/2009\/07\/poro1.jpg\"><img loading=\"lazy\" decoding=\"async\" data-attachment-id=\"3898\" data-permalink=\"https:\/\/www.satokangas.fi\/blogi\/2009\/07\/mokkiviikonloppu\/poro1\/\" data-orig-file=\"https:\/\/www.satokangas.fi\/blogi\/wp-content\/uploads\/2009\/07\/poro1.jpg\" data-orig-size=\"819,564\" data-comments-opened=\"1\" data-image-meta=\"{&quot;aperture&quot;:&quot;4.5&quot;,&quot;credit&quot;:&quot;&quot;,&quot;camera&quot;:&quot;Canon PowerShot G9&quot;,&quot;caption&quot;:&quot;&quot;,&quot;created_timestamp&quot;:&quot;1248883973&quot;,&quot;copyright&quot;:&quot;&quot;,&quot;focal_length&quot;:&quot;7.4&quot;,&quot;iso&quot;:&quot;800&quot;,&quot;shutter_speed&quot;:&quot;0.002&quot;,&quot;title&quot;:&quot;&quot;}\" data-image-title=\"poro1\" data-image-description=\"\" data-image-caption=\"\" data-large-file=\"https:\/\/www.satokangas.fi\/blogi\/wp-content\/uploads\/2009\/07\/poro1.jpg\" src=\"https:\/\/www.satokangas.fi\/blogi\/wp-content\/uploads\/2009\/07\/poro1-500x344.jpg\" alt=\"poro1\" title=\"poro1\" width=\"500\" height=\"344\" class=\"alignleft size-medium wp-image-3898\" srcset=\"https:\/\/www.satokangas.fi\/blogi\/wp-content\/uploads\/2009\/07\/poro1-500x344.jpg 500w, https:\/\/www.satokangas.fi\/blogi\/wp-content\/uploads\/2009\/07\/poro1-200x137.jpg 200w, https:\/\/www.satokangas.fi\/blogi\/wp-content\/uploads\/2009\/07\/poro1.jpg 819w\" sizes=\"auto, (max-width: 500px) 100vw, 500px\" \/><\/a><\/p>\n<p>T\u00e4\u00e4ll\u00e4 on merkillisen vihre\u00e4\u00e4. M\u00f6kill\u00e4 on usein kauniita ruskan v\u00e4rej\u00e4, h\u00e4ik\u00e4isev\u00e4n kirkkaita hankia, kainoa kev\u00e4\u00e4n vihre\u00e4\u00e4 mutta nyt kuntta on hurjan vihre\u00e4\u00e4, koivuissa on isohkot, vihre\u00e4t lehdet, hein\u00e4 kuntassa on pitk\u00e4\u00e4 ja vihre\u00e4\u00e4, sammal ja j\u00e4k\u00e4l\u00e4t vihreit\u00e4, minun pyh\u00e4t pihlajani kauniin vihreit\u00e4&#8230; Vihre\u00e4\u00e4 ja valoisaa on! Rauhallista ja leppoisaa on. Hyv\u00e4 t\u00e4\u00e4ll\u00e4 on. Ihan parasta, kuten nuorisolla on tapana sanoa.  <\/p>\n<p>On viel\u00e4 loma, on viel\u00e4 aikaa olla Lapissa. Ja pidennettyyn viikonloppuun t\u00e4\u00e4ll\u00e4 tuo iloa kun saamme vieraita. Kaukaa vieraita. <\/p>\n","protected":false},"excerpt":{"rendered":"<p>Ajelimme iltap\u00e4iv\u00e4ll\u00e4 pohjoiseen, m\u00f6kille. Matkalla v\u00e4h\u00e4n rekkoja (lama ja kes\u00e4) mutta paljon poroja, yksi vasa oli jo vaarallisen l\u00e4hell\u00e4 j\u00e4\u00e4d\u00e4 alle. Tankavaaran j\u00e4lkeen, muutaman kymmenen kilometrin matkalla, varmaan yhteens\u00e4 kymmeni\u00e4&#8230; Ja yksi kotiporo odottamassa portailla! T\u00e4\u00e4ll\u00e4 on merkillisen vihre\u00e4\u00e4. M\u00f6kill\u00e4 on usein kauniita ruskan v\u00e4rej\u00e4, h\u00e4ik\u00e4isev\u00e4n kirkkaita hankia, kainoa kev\u00e4\u00e4n vihre\u00e4\u00e4 mutta nyt kuntta on hurjan vihre\u00e4\u00e4, koivuissa on isohkot, &hellip; <\/p>\n","protected":false},"author":1,"featured_media":0,"comment_status":"open","ping_status":"open","sticky":false,"template":"","format":"standard","meta":{"jetpack_post_was_ever_published":false,"_jetpack_newsletter_access":"","_jetpack_dont_email_post_to_subs":false,"_jetpack_newsletter_tier_id":0,"_jetpack_memberships_contains_paywalled_content":false,"_jetpack_memberships_contains_paid_content":false,"footnotes":"","jetpack_publicize_message":"","jetpack_publicize_feature_enabled":true,"jetpack_social_post_already_shared":false,"jetpack_social_options":{"image_generator_settings":{"template":"highway","default_image_id":0,"font":"","enabled":false},"version":2}},"categories":[15],"tags":[],"class_list":["post-3891","post","type-post","status-publish","format-standard","hentry","category-lappi","latest_post"],"jetpack_publicize_connections":[],"jetpack_featured_media_url":"","jetpack_shortlink":"https:\/\/wp.me\/pr4p4-10L","jetpack_sharing_enabled":true,"jetpack_likes_enabled":false,"jetpack-related-posts":[{"id":11565,"url":"https:\/\/www.satokangas.fi\/blogi\/2011\/05\/makrohaaste-vihreaa-ulkona\/","url_meta":{"origin":3891,"position":0},"title":"Makrohaaste: vihre\u00e4\u00e4, ulkona","author":"Reija","date":"4.5.2011","format":false,"excerpt":"T\u00e4m\u00e4n viikon makrohaaste kehottaa kuvaamaan ulkona jotain vihre\u00e4\u00e4. Eih\u00e4n t\u00e4\u00e4ll\u00e4 viel\u00e4k\u00e4\u00e4n sellaista paljon ole, joten oli taas (kuten toisellakin haasteviikolla) ment\u00e4v\u00e4 mets\u00e4\u00e4n. Piipahdin j\u00e4lleen k\u00e4\u00e4p\u00e4puideni luona kameran kanssa. \u00a0Kaikki (vy\u00f6k\u00e4\u00e4pien?) kuvat suurenevat klikkaamalla. Muiden vihreit\u00e4 makroja on t\u00e4\u00e4ll\u00e4 .","rel":"","context":"Kategoriassa &quot;Makrokuvaus&quot;","block_context":{"text":"Makrokuvaus","link":"https:\/\/www.satokangas.fi\/blogi\/category\/valokuvaus\/makrokuvaus\/"},"img":{"alt_text":"","src":"","width":0,"height":0},"classes":[]},{"id":13678,"url":"https:\/\/www.satokangas.fi\/blogi\/2012\/03\/taivaan-tulien-alta-katulamppujen-katveeseen\/","url_meta":{"origin":3891,"position":1},"title":"Taivaan tulien alta katulamppujen katveeseen","author":"Reija","date":"8.3.2012","format":false,"excerpt":"Taivaan tulet! Ne olivat eilen loppuillasta, puoliyhdentoista aikaan hienot. En ole koskaan n\u00e4hnyt sellaisia. Koko taivaankansi oli lainehtivien, vihreiden valojen ja py\u00f6rteiden peitt\u00e4m\u00e4. Ja punaisiakin, syv\u00e4n- ja oranssipunaisia kieppej\u00e4. Eik\u00e4 yht\u00e4\u00e4n kunnon kuvaa niist\u00e4, olivat niin nopeita, niin pystysuoraan yl\u00f6s, etten osannut kuvata. Yksi hyv\u00e4 otos voimapuusta ja vihre\u00e4st\u00e4 tulesta\u2026","rel":"","context":"Kategoriassa &quot;Lappi&quot;","block_context":{"text":"Lappi","link":"https:\/\/www.satokangas.fi\/blogi\/category\/lappi\/"},"img":{"alt_text":"","src":"https:\/\/i0.wp.com\/www.satokangas.fi\/blogi\/wp-content\/uploads\/Taivaan-tulet-600x400.jpg?resize=350%2C200&ssl=1","width":350,"height":200,"srcset":"https:\/\/i0.wp.com\/www.satokangas.fi\/blogi\/wp-content\/uploads\/Taivaan-tulet-600x400.jpg?resize=350%2C200&ssl=1 1x, https:\/\/i0.wp.com\/www.satokangas.fi\/blogi\/wp-content\/uploads\/Taivaan-tulet-600x400.jpg?resize=525%2C300&ssl=1 1.5x"},"classes":[]},{"id":12855,"url":"https:\/\/www.satokangas.fi\/blogi\/2011\/11\/etelaan-matkalla\/","url_meta":{"origin":3891,"position":2},"title":"Etel\u00e4\u00e4n matkalla","author":"Reija","date":"17.11.2011","format":false,"excerpt":"Ja min\u00e4 tomppeli pakkasin kamerani vetolaukkuun, jonka sitten laitoin Eskelis-bussin tavaratilaan, kun aamusella viitt\u00e4 vaille yhdeks\u00e4n J\u00e4\u00e4merentien varresta kyytiin nousimme. Ei olisi kannattanut sinne alas j\u00e4tt\u00e4\u00e4, kameraa siis. Porttipahdassa ja Yl\u00e4postojoella ja Torvisessa ja Olkkaj\u00e4rvell\u00e4 ja pitkin matkaa olisi ollut paljon kaunista kuvattavaa. Aurinko ja sen s\u00e4teet veden yll\u00e4. Aamup\u00e4iv\u00e4n\u2026","rel":"","context":"Kategoriassa &quot;Lappi&quot;","block_context":{"text":"Lappi","link":"https:\/\/www.satokangas.fi\/blogi\/category\/lappi\/"},"img":{"alt_text":"","src":"","width":0,"height":0},"classes":[]},{"id":3352,"url":"https:\/\/www.satokangas.fi\/blogi\/2009\/05\/mokilla\/","url_meta":{"origin":3891,"position":3},"title":"M\u00f6kill\u00e4","author":"Reija","date":"20.5.2009","format":false,"excerpt":"Sade ropisee. Ropisee m\u00f6kin kattoon. Ei haittaa vaikka sataa. Olemme m\u00f6kill\u00e4. T\u00e4t\u00e4 olen odottanut. \u00a0 Matka meni nopeasti. Oli matkalla mielenkiintoista seurata, miten kev\u00e4t etenee: Oulusta l\u00e4hes 500 km pohjoiseen ehtii n\u00e4hd\u00e4 monenkokoisia koivunlehti\u00e4 (Tervolassa (sis\u00e4maassa) yht\u00e4 isoja kuin etel\u00e4mp\u00e4n\u00e4 Oulussa, mutta Rovaniemen j\u00e4lkeen vihre\u00e4n joudut kuvittelemaan). Eih\u00e4n me paljon\u2026","rel":"","context":"Kategoriassa &quot;Lappi&quot;","block_context":{"text":"Lappi","link":"https:\/\/www.satokangas.fi\/blogi\/category\/lappi\/"},"img":{"alt_text":"","src":"https:\/\/i0.wp.com\/www.satokangas.fi\/blogi\/wp-content\/uploads\/2009\/05\/riekko.jpg?resize=350%2C200&ssl=1","width":350,"height":200,"srcset":"https:\/\/i0.wp.com\/www.satokangas.fi\/blogi\/wp-content\/uploads\/2009\/05\/riekko.jpg?resize=350%2C200&ssl=1 1x, https:\/\/i0.wp.com\/www.satokangas.fi\/blogi\/wp-content\/uploads\/2009\/05\/riekko.jpg?resize=525%2C300&ssl=1 1.5x"},"classes":[]},{"id":41012,"url":"https:\/\/www.satokangas.fi\/blogi\/2021\/06\/pyoraillen-vihreassa-kaupungissa\/","url_meta":{"origin":3891,"position":4},"title":"Py\u00f6r\u00e4illen vihre\u00e4ss\u00e4 kaupungissa","author":"Reija","date":"17.6.2021","format":false,"excerpt":"[Taas kerran Oulujoen pappilan koivukujalla.] Eilen oli kova ja kylm\u00e4 tuuli ja muutenkin kylm\u00e4, eik\u00e4 t\u00e4n\u00e4\u00e4nk\u00e4\u00e4n ennen iltap\u00e4iv\u00e4n loppua mit\u00e4\u00e4n kes\u00e4hellett\u00e4, mutta kes\u00e4isen n\u00e4k\u00f6ist\u00e4 on. Eik\u00e4 nyt ole satanut, joten hyvinkin on matkaa Helkaman kanssa taiteltu. Kyll\u00e4kin hakeutuen pois pitkilt\u00e4 vastatuulisuorilta, sivukatuja, suojaisia asutusalueiden teit\u00e4 ristiin rastiin kulkien. Mik\u00e4p\u00e4 siin\u00e4,\u2026","rel":"","context":"Kategoriassa &quot;Liikkuminen&quot;","block_context":{"text":"Liikkuminen","link":"https:\/\/www.satokangas.fi\/blogi\/category\/liikkuminen\/"},"img":{"alt_text":"","src":"https:\/\/i0.wp.com\/www.satokangas.fi\/blogi\/wp-content\/uploads\/2021\/06\/vihreytta-5.jpg?resize=350%2C200&ssl=1","width":350,"height":200,"srcset":"https:\/\/i0.wp.com\/www.satokangas.fi\/blogi\/wp-content\/uploads\/2021\/06\/vihreytta-5.jpg?resize=350%2C200&ssl=1 1x, https:\/\/i0.wp.com\/www.satokangas.fi\/blogi\/wp-content\/uploads\/2021\/06\/vihreytta-5.jpg?resize=525%2C300&ssl=1 1.5x"},"classes":[]},{"id":36585,"url":"https:\/\/www.satokangas.fi\/blogi\/2019\/06\/mokkipihan-lammossa\/","url_meta":{"origin":3891,"position":5},"title":"M\u00f6kkipihan l\u00e4mm\u00f6ss\u00e4","author":"Reija","date":"6.6.2019","format":false,"excerpt":"Istun m\u00f6kin terassilla. Ulkona. Ehk\u00e4 kolme kertaa aiemmin olen blogin yli kymmenvuotisen historian aikana voinut postata istuskellen t\u00e4ss\u00e4. T\u00e4n\u00e4\u00e4n on ollut juuri sellainen p\u00e4iv\u00e4 kuin toivoinkin. Ilman Buranaa ei olisi ollut. Enk\u00e4 min\u00e4 edes saisi sy\u00f6d\u00e4 Buranaa (aika vastik\u00e4\u00e4n uusiutunut vatsakatarri :( ). Mutta kun flunssa. Nyt se on minullakin.\u2026","rel":"","context":"Kategoriassa &quot;Lappi&quot;","block_context":{"text":"Lappi","link":"https:\/\/www.satokangas.fi\/blogi\/category\/lappi\/"},"img":{"alt_text":"","src":"https:\/\/i0.wp.com\/www.satokangas.fi\/blogi\/wp-content\/uploads\/2019\/06\/ulkona-4.jpg?resize=350%2C200&ssl=1","width":350,"height":200,"srcset":"https:\/\/i0.wp.com\/www.satokangas.fi\/blogi\/wp-content\/uploads\/2019\/06\/ulkona-4.jpg?resize=350%2C200&ssl=1 1x, https:\/\/i0.wp.com\/www.satokangas.fi\/blogi\/wp-content\/uploads\/2019\/06\/ulkona-4.jpg?resize=525%2C300&ssl=1 1.5x, https:\/\/i0.wp.com\/www.satokangas.fi\/blogi\/wp-content\/uploads\/2019\/06\/ulkona-4.jpg?resize=700%2C400&ssl=1 2x"},"classes":[]}],"_links":{"self":[{"href":"https:\/\/www.satokangas.fi\/blogi\/wp-json\/wp\/v2\/posts\/3891","targetHints":{"allow":["GET"]}}],"collection":[{"href":"https:\/\/www.satokangas.fi\/blogi\/wp-json\/wp\/v2\/posts"}],"about":[{"href":"https:\/\/www.satokangas.fi\/blogi\/wp-json\/wp\/v2\/types\/post"}],"author":[{"embeddable":true,"href":"https:\/\/www.satokangas.fi\/blogi\/wp-json\/wp\/v2\/users\/1"}],"replies":[{"embeddable":true,"href":"https:\/\/www.satokangas.fi\/blogi\/wp-json\/wp\/v2\/comments?post=3891"}],"version-history":[{"count":0,"href":"https:\/\/www.satokangas.fi\/blogi\/wp-json\/wp\/v2\/posts\/3891\/revisions"}],"wp:attachment":[{"href":"https:\/\/www.satokangas.fi\/blogi\/wp-json\/wp\/v2\/media?parent=3891"}],"wp:term":[{"taxonomy":"category","embeddable":true,"href":"https:\/\/www.satokangas.fi\/blogi\/wp-json\/wp\/v2\/categories?post=3891"},{"taxonomy":"post_tag","embeddable":true,"href":"https:\/\/www.satokangas.fi\/blogi\/wp-json\/wp\/v2\/tags?post=3891"}],"curies":[{"name":"wp","href":"https:\/\/api.w.org\/{rel}","templated":true}]}}