{"id":3876,"date":"2009-07-28T17:21:16","date_gmt":"2009-07-28T14:21:16","guid":{"rendered":"https:\/\/www.satokangas.fi\/blogi\/?p=3876"},"modified":"2009-07-28T17:51:25","modified_gmt":"2009-07-28T14:51:25","slug":"erinomaisen-tarkea-asia","status":"publish","type":"post","link":"https:\/\/www.satokangas.fi\/blogi\/2009\/07\/erinomaisen-tarkea-asia\/","title":{"rendered":"Erinomaisen T\u00e4rke\u00e4 Asia"},"content":{"rendered":"<p><a href=\"https:\/\/www.satokangas.fi\/blogi\/wp-content\/uploads\/2009\/07\/kuisti.jpg\"><img loading=\"lazy\" decoding=\"async\" data-attachment-id=\"3878\" data-permalink=\"https:\/\/www.satokangas.fi\/blogi\/2009\/07\/erinomaisen-tarkea-asia\/kuisti\/\" data-orig-file=\"https:\/\/www.satokangas.fi\/blogi\/wp-content\/uploads\/2009\/07\/kuisti.jpg\" data-orig-size=\"500,650\" data-comments-opened=\"1\" data-image-meta=\"{&quot;aperture&quot;:&quot;9&quot;,&quot;credit&quot;:&quot;&quot;,&quot;camera&quot;:&quot;Canon EOS 450D&quot;,&quot;caption&quot;:&quot;&quot;,&quot;created_timestamp&quot;:&quot;1248699637&quot;,&quot;copyright&quot;:&quot;&quot;,&quot;focal_length&quot;:&quot;28&quot;,&quot;iso&quot;:&quot;100&quot;,&quot;shutter_speed&quot;:&quot;0.0166666666667&quot;,&quot;title&quot;:&quot;&quot;}\" data-image-title=\"kuisti\" data-image-description=\"\" data-image-caption=\"\" data-large-file=\"https:\/\/www.satokangas.fi\/blogi\/wp-content\/uploads\/2009\/07\/kuisti.jpg\" src=\"https:\/\/www.satokangas.fi\/blogi\/wp-content\/uploads\/2009\/07\/kuisti-307x400.jpg\" alt=\"kuisti\" title=\"kuisti\" width=\"307\" height=\"400\" class=\"alignleft size-medium wp-image-3878\" srcset=\"https:\/\/www.satokangas.fi\/blogi\/wp-content\/uploads\/2009\/07\/kuisti-307x400.jpg 307w, https:\/\/www.satokangas.fi\/blogi\/wp-content\/uploads\/2009\/07\/kuisti-153x200.jpg 153w, https:\/\/www.satokangas.fi\/blogi\/wp-content\/uploads\/2009\/07\/kuisti.jpg 500w\" sizes=\"auto, (max-width: 307px) 100vw, 307px\" \/><\/a>Edellisell\u00e4, jo edesmenneell\u00e4 esimiehell\u00e4ni, emeritusprofessorilla oli aina paljon Erinomaisen T\u00e4rkeit\u00e4 Asiota. H\u00e4nelle niit\u00e4 olivat mm. (huom. mm. !) P\u00e4hkin\u00e4saaren rauhan raja, tupakan riitt\u00e4v\u00e4 m\u00e4\u00e4r\u00e4, kirjeenvaihto (paperinen, ei sposti!!), bibliofiiliset harvinaisuudet,  Pohjois-Suomen asutushistorian selvitt\u00e4minen, hyv\u00e4t suhteet tiettyihin kollegoihin, Albigenssisodat, reissaaminen jne. Nyt en kuitenkaan ajattele mit\u00e4\u00e4n n\u00e4ist\u00e4 Erinomaisen T\u00e4rke\u00e4n\u00e4 Asiana. <\/p>\n<p>T\u00e4n\u00e4\u00e4n &#8211; eilisen j\u00e4lkeen &#8211; min\u00e4 muistan ja tied\u00e4n, ett\u00e4 Erinomaisen T\u00e4rke\u00e4 Asia on se, ett\u00e4 on yst\u00e4vi\u00e4. Vietimme eilisen yst\u00e4vien kanssa. Matkalla Pudasj\u00e4rven Livolle. Ja p\u00e4iv\u00e4n ja illan vietimme yst\u00e4vien kanssa, ilman mit\u00e4\u00e4n isompaa ohjelmaa. <\/p>\n<p>Punaisen m\u00f6kin pihapiiriss\u00e4 nautimme hein\u00e4kuisesta maaseudusta, auringosta. Pienest\u00e4 liikkumisesta, suuresta, herkullisesta tarjoilusta. Tarvitaanko muuta? Ei tarvita. Yllin kyllin meille annettiin.<br \/>\n<a href=\"https:\/\/www.satokangas.fi\/blogi\/wp-content\/uploads\/2009\/07\/hillajaadyke.jpg\"><img loading=\"lazy\" decoding=\"async\" data-attachment-id=\"3885\" data-permalink=\"https:\/\/www.satokangas.fi\/blogi\/2009\/07\/erinomaisen-tarkea-asia\/hillajaadyke\/\" data-orig-file=\"https:\/\/www.satokangas.fi\/blogi\/wp-content\/uploads\/2009\/07\/hillajaadyke.jpg\" data-orig-size=\"500,447\" data-comments-opened=\"1\" data-image-meta=\"{&quot;aperture&quot;:&quot;4.5&quot;,&quot;credit&quot;:&quot;&quot;,&quot;camera&quot;:&quot;Canon EOS 450D&quot;,&quot;caption&quot;:&quot;&quot;,&quot;created_timestamp&quot;:&quot;1248716622&quot;,&quot;copyright&quot;:&quot;&quot;,&quot;focal_length&quot;:&quot;18&quot;,&quot;iso&quot;:&quot;800&quot;,&quot;shutter_speed&quot;:&quot;0.04&quot;,&quot;title&quot;:&quot;&quot;}\" data-image-title=\"hillajaadyke\" data-image-description=\"\" data-image-caption=\"\" data-large-file=\"https:\/\/www.satokangas.fi\/blogi\/wp-content\/uploads\/2009\/07\/hillajaadyke.jpg\" src=\"https:\/\/www.satokangas.fi\/blogi\/wp-content\/uploads\/2009\/07\/hillajaadyke.jpg\" alt=\"hillajaadyke\" title=\"hillajaadyke\" width=\"500\" height=\"447\" class=\"alignleft size-full wp-image-3885\" srcset=\"https:\/\/www.satokangas.fi\/blogi\/wp-content\/uploads\/2009\/07\/hillajaadyke.jpg 500w, https:\/\/www.satokangas.fi\/blogi\/wp-content\/uploads\/2009\/07\/hillajaadyke-200x178.jpg 200w, https:\/\/www.satokangas.fi\/blogi\/wp-content\/uploads\/2009\/07\/hillajaadyke-447x400.jpg 447w\" sizes=\"auto, (max-width: 500px) 100vw, 500px\" \/><\/a><\/p>\n<p>__________<\/p>\n<p>T\u00e4n\u00e4\u00e4n kaikkien asioiden p\u00e4ivityst\u00e4. Piha, keitti\u00f6, kirjeenvaihto, pankkiasiat, apteekki, pyykki, nuoriso, kuntoilu, &#8230; Kaikkea n\u00e4it\u00e4, ja kaikki n\u00e4m\u00e4 vaativat viel\u00e4 tekemist\u00e4 ja kaikki jatkuu. Mutta mitk\u00e4\u00e4n n\u00e4ist\u00e4 (paitsi nuoriso) eiv\u00e4t ole Erinomaisen T\u00e4rkeit\u00e4 Asioita.<\/p>\n","protected":false},"excerpt":{"rendered":"<p>Edellisell\u00e4, jo edesmenneell\u00e4 esimiehell\u00e4ni, emeritusprofessorilla oli aina paljon Erinomaisen T\u00e4rkeit\u00e4 Asiota. H\u00e4nelle niit\u00e4 olivat mm. (huom. mm. !) P\u00e4hkin\u00e4saaren rauhan raja, tupakan riitt\u00e4v\u00e4 m\u00e4\u00e4r\u00e4, kirjeenvaihto (paperinen, ei sposti!!), bibliofiiliset harvinaisuudet, Pohjois-Suomen asutushistorian selvitt\u00e4minen, hyv\u00e4t suhteet tiettyihin kollegoihin, Albigenssisodat, reissaaminen jne. Nyt en kuitenkaan ajattele mit\u00e4\u00e4n n\u00e4ist\u00e4 Erinomaisen T\u00e4rke\u00e4n\u00e4 Asiana. T\u00e4n\u00e4\u00e4n &#8211; eilisen j\u00e4lkeen &#8211; min\u00e4 muistan ja tied\u00e4n, ett\u00e4 Erinomaisen &hellip; <\/p>\n","protected":false},"author":1,"featured_media":0,"comment_status":"open","ping_status":"open","sticky":false,"template":"","format":"standard","meta":{"jetpack_post_was_ever_published":false,"_jetpack_newsletter_access":"","_jetpack_dont_email_post_to_subs":false,"_jetpack_newsletter_tier_id":0,"_jetpack_memberships_contains_paywalled_content":false,"_jetpack_memberships_contains_paid_content":false,"footnotes":"","jetpack_publicize_message":"","jetpack_publicize_feature_enabled":true,"jetpack_social_post_already_shared":false,"jetpack_social_options":{"image_generator_settings":{"template":"highway","default_image_id":0,"font":"","enabled":false},"version":2}},"categories":[1],"tags":[],"class_list":["post-3876","post","type-post","status-publish","format-standard","hentry","category-aiheeton","latest_post"],"jetpack_publicize_connections":[],"jetpack_featured_media_url":"","jetpack_shortlink":"https:\/\/wp.me\/pr4p4-10w","jetpack_sharing_enabled":true,"jetpack_likes_enabled":false,"jetpack-related-posts":[{"id":41730,"url":"https:\/\/www.satokangas.fi\/blogi\/2021\/10\/illalla-tahtihetkia\/","url_meta":{"origin":3876,"position":0},"title":"Illalla t\u00e4htihetki\u00e4","author":"Reija","date":"9.10.2021","format":false,"excerpt":"Toisin kuin yleens\u00e4 lauantaisin en aloittanutkaan p\u00e4iv\u00e4n hommia mummituurilla tai viikonloppuruoan esivalmisteluja tehden, vaan palailin kuvaprojektien pariin. Hiljalleen ne etenev\u00e4t. S\u00e4\u00e4n seljetess\u00e4 oli p\u00e4\u00e4st\u00e4v\u00e4 jo ulos: Oulujokivartta poikkimaantiesillalle. Kev\u00e4\u00e4ll\u00e4, puoli vuotta sitten, sen oli t\u00e4n\u00e4 vuonna ylitt\u00e4nyt 46 372 py\u00f6r\u00e4ilij\u00e4\u00e4 kaupungista Hiukkavaaraan p\u00e4in ja t\u00e4n\u00e4\u00e4n melkein nelj\u00e4nnesmiljoonaa lis\u00e4\u00e4, yhteens\u00e4 285\u2026","rel":"","context":"Kategoriassa &quot;Niit\u00e4 n\u00e4it\u00e4&quot;","block_context":{"text":"Niit\u00e4 n\u00e4it\u00e4","link":"https:\/\/www.satokangas.fi\/blogi\/category\/aiheeton\/"},"img":{"alt_text":"","src":"https:\/\/i0.wp.com\/www.satokangas.fi\/blogi\/wp-content\/uploads\/2021\/10\/11.jpg?resize=350%2C200&ssl=1","width":350,"height":200,"srcset":"https:\/\/i0.wp.com\/www.satokangas.fi\/blogi\/wp-content\/uploads\/2021\/10\/11.jpg?resize=350%2C200&ssl=1 1x, https:\/\/i0.wp.com\/www.satokangas.fi\/blogi\/wp-content\/uploads\/2021\/10\/11.jpg?resize=525%2C300&ssl=1 1.5x, https:\/\/i0.wp.com\/www.satokangas.fi\/blogi\/wp-content\/uploads\/2021\/10\/11.jpg?resize=700%2C400&ssl=1 2x"},"classes":[]},{"id":7067,"url":"https:\/\/www.satokangas.fi\/blogi\/2010\/05\/poikkeuksellinen-atienpaivalounas\/","url_meta":{"origin":3876,"position":1},"title":"Poikkeuksellinen \u00e4itienp\u00e4iv\u00e4lounas","author":"Reija","date":"9.5.2010","format":false,"excerpt":"Eilisen paisteen j\u00e4lkeen aamulla oli todella motivoitava itsens\u00e4 lenkille. + 4 C ja vesitihkua ei ollut motivoiva syy l\u00e4hte\u00e4, mutta menih\u00e4n se siin\u00e4. Ja kun on k\u00e4ynyt lenkill\u00e4 voi l\u00e4hte\u00e4 \u00e4itienp\u00e4iv\u00e4lounaalle,\u00a0 ja samalla juhlimaan Eurooppa-p\u00e4iv\u00e4\u00e4 ja ties mit\u00e4... . Poikkeuksellinen oli lounas. Mummu, joka meid\u00e4t sisarukset perheineen yleens\u00e4 kutsuu ja\u2026","rel":"","context":"Kategoriassa &quot;Niit\u00e4 n\u00e4it\u00e4&quot;","block_context":{"text":"Niit\u00e4 n\u00e4it\u00e4","link":"https:\/\/www.satokangas.fi\/blogi\/category\/aiheeton\/"},"img":{"alt_text":"","src":"","width":0,"height":0},"classes":[]},{"id":10759,"url":"https:\/\/www.satokangas.fi\/blogi\/2011\/02\/ylos-ulos-ja-lenkille\/","url_meta":{"origin":3876,"position":2},"title":"Yl\u00f6s, ulos ja lenkille!","author":"Reija","date":"19.2.2011","format":false,"excerpt":"Tarvaj\u00e4rve\u00e4 mukaillen: yl\u00f6s, ulos ja lenkille! Viidentoista asteen pakkanen oli ylivertaisen hyv\u00e4 s\u00e4\u00e4 olla ulkona. Jokivarressa, hautuumaalla, Pikisaaressa, Nallikarissa. Ah, onnea. Ja kamera mukana. Varjot viel\u00e4 pitk\u00e4t, mutta aurinko jo kertoi, ett\u00e4 kev\u00e4t on tulossa. Kev\u00e4\u00e4n korkea keskip\u00e4iv\u00e4 ... (kuvat suurenevat klikkaamalla) Pari tuntia vier\u00e4hti hyvinkin, ja pari tuntia asioilla.\u2026","rel":"","context":"Kategoriassa &quot;Niit\u00e4 n\u00e4it\u00e4&quot;","block_context":{"text":"Niit\u00e4 n\u00e4it\u00e4","link":"https:\/\/www.satokangas.fi\/blogi\/category\/aiheeton\/"},"img":{"alt_text":"","src":"https:\/\/i0.wp.com\/www.satokangas.fi\/blogi\/wp-content\/uploads\/pitk%C3%A4t-varjot-500x261.jpg?resize=350%2C200&ssl=1","width":350,"height":200},"classes":[]},{"id":13770,"url":"https:\/\/www.satokangas.fi\/blogi\/2012\/03\/lounaskaronkka-ja-rapakko\/","url_meta":{"origin":3876,"position":3},"title":"Lounaskaronkka ja rapakko","author":"Reija","date":"22.3.2012","format":false,"excerpt":"Oikeastaan voitaisiin jo siirt\u00e4\u00e4 kellot kes\u00e4aikaan: minun sis\u00e4inen kelloni on jo kes\u00e4ss\u00e4. Tai ainakin kes\u00e4ajassa. Kuuden j\u00e4lkeen loppuu uni ... Mutta kaikkihan se loppuu aikanaan; jos loppumiseen liittyy my\u00f6s luopumista, niin se ei v\u00e4ltt\u00e4m\u00e4tt\u00e4 ole hyv\u00e4 asia. Noh, ei mit\u00e4\u00e4n el\u00e4m\u00e4\u00e4 suurempaa ole tapahtunut. Vietimme kirjaprojektin lopuksi karonkan Sokeri-Jussissa, \u00e4\u00e4rimm\u00e4isen\u2026","rel":"","context":"Kategoriassa &quot;Niit\u00e4 n\u00e4it\u00e4&quot;","block_context":{"text":"Niit\u00e4 n\u00e4it\u00e4","link":"https:\/\/www.satokangas.fi\/blogi\/category\/aiheeton\/"},"img":{"alt_text":"","src":"https:\/\/i0.wp.com\/www.satokangas.fi\/blogi\/wp-content\/uploads\/rapakko-600x392.jpg?resize=350%2C200&ssl=1","width":350,"height":200,"srcset":"https:\/\/i0.wp.com\/www.satokangas.fi\/blogi\/wp-content\/uploads\/rapakko-600x392.jpg?resize=350%2C200&ssl=1 1x, https:\/\/i0.wp.com\/www.satokangas.fi\/blogi\/wp-content\/uploads\/rapakko-600x392.jpg?resize=525%2C300&ssl=1 1.5x"},"classes":[]},{"id":35276,"url":"https:\/\/www.satokangas.fi\/blogi\/2018\/11\/tampereelta-palattua-sulatellaan-viela\/","url_meta":{"origin":3876,"position":4},"title":"Tampereelta palattua sulatellaan viel\u00e4","author":"Reija","date":"25.11.2018","format":false,"excerpt":"Ravintola C on Tampereella\u00a0 rautatiesemaa vastap\u00e4\u00e4t\u00e4. Se on Paistink\u00e4\u00e4nt\u00e4jien kilpiravintola ja se on hyvin pelkistetty, eik\u00e4 se ole kovin suuri. Mik\u00e4 on tietysti hyv\u00e4 asia. Siell\u00e4 me eilen vietimme viinikerho Botrytis Ouluensiksen 27-vuotissyntt\u00e4ri\u00e4. Olin varannut meille p\u00f6yd\u00e4n ja tilannut kuuden ruokalajin menun, johon alussa ja v\u00e4liss\u00e4 saimmme yhteens\u00e4 nelj\u00e4 pient\u00e4\u2026","rel":"","context":"Kategoriassa &quot;Niit\u00e4 n\u00e4it\u00e4&quot;","block_context":{"text":"Niit\u00e4 n\u00e4it\u00e4","link":"https:\/\/www.satokangas.fi\/blogi\/category\/aiheeton\/"},"img":{"alt_text":"","src":"https:\/\/i0.wp.com\/www.satokangas.fi\/blogi\/wp-content\/uploads\/2018\/11\/C-621x400.jpg?resize=350%2C200&ssl=1","width":350,"height":200,"srcset":"https:\/\/i0.wp.com\/www.satokangas.fi\/blogi\/wp-content\/uploads\/2018\/11\/C-621x400.jpg?resize=350%2C200&ssl=1 1x, https:\/\/i0.wp.com\/www.satokangas.fi\/blogi\/wp-content\/uploads\/2018\/11\/C-621x400.jpg?resize=525%2C300&ssl=1 1.5x"},"classes":[]},{"id":14293,"url":"https:\/\/www.satokangas.fi\/blogi\/2012\/05\/jaahyvaiset-orvietossa\/","url_meta":{"origin":3876,"position":5},"title":"J\u00e4\u00e4hyv\u00e4iset Orvietossa","author":"Reija","date":"17.5.2012","format":false,"excerpt":"Helatorstai Umbriassa aukeni kylm\u00e4n\u00e4, mutta aurinkoisena. Merkillinen p\u00e4iv\u00e4 t\u00e4n\u00e4\u00e4n: ei lenkki\u00e4, ei uintia. Rauhaisasti aamutoimet. Aamiainen. P\u00e4iv\u00e4ohjelman suunnittelua yhdess\u00e4. T\u00e4n\u00e4\u00e4n ensimm\u00e4iset t\u00e4m\u00e4n viimeisen Umbrian-viikkomme vieraat l\u00e4htiv\u00e4t kotiin, ja p\u00e4\u00e4timmme, ett\u00e4 on parasta tehd\u00e4 niin, ett\u00e4 ajellaan koko seitsem\u00e4n hengen porukka, kahdella autolla Orvietoon, josta Rooma-Helsinki iltakoneelle l\u00e4htev\u00e4t VMP ja E.\u2026","rel":"","context":"Kategoriassa &quot;Italia&quot;","block_context":{"text":"Italia","link":"https:\/\/www.satokangas.fi\/blogi\/category\/italia\/"},"img":{"alt_text":"","src":"","width":0,"height":0},"classes":[]}],"_links":{"self":[{"href":"https:\/\/www.satokangas.fi\/blogi\/wp-json\/wp\/v2\/posts\/3876","targetHints":{"allow":["GET"]}}],"collection":[{"href":"https:\/\/www.satokangas.fi\/blogi\/wp-json\/wp\/v2\/posts"}],"about":[{"href":"https:\/\/www.satokangas.fi\/blogi\/wp-json\/wp\/v2\/types\/post"}],"author":[{"embeddable":true,"href":"https:\/\/www.satokangas.fi\/blogi\/wp-json\/wp\/v2\/users\/1"}],"replies":[{"embeddable":true,"href":"https:\/\/www.satokangas.fi\/blogi\/wp-json\/wp\/v2\/comments?post=3876"}],"version-history":[{"count":0,"href":"https:\/\/www.satokangas.fi\/blogi\/wp-json\/wp\/v2\/posts\/3876\/revisions"}],"wp:attachment":[{"href":"https:\/\/www.satokangas.fi\/blogi\/wp-json\/wp\/v2\/media?parent=3876"}],"wp:term":[{"taxonomy":"category","embeddable":true,"href":"https:\/\/www.satokangas.fi\/blogi\/wp-json\/wp\/v2\/categories?post=3876"},{"taxonomy":"post_tag","embeddable":true,"href":"https:\/\/www.satokangas.fi\/blogi\/wp-json\/wp\/v2\/tags?post=3876"}],"curies":[{"name":"wp","href":"https:\/\/api.w.org\/{rel}","templated":true}]}}