{"id":3872,"date":"2009-07-26T21:20:13","date_gmt":"2009-07-26T18:20:13","guid":{"rendered":"https:\/\/www.satokangas.fi\/blogi\/?p=3872"},"modified":"2009-07-27T09:38:44","modified_gmt":"2009-07-27T06:38:44","slug":"webbailua-ja-loman-loppusuoran-alku","status":"publish","type":"post","link":"https:\/\/www.satokangas.fi\/blogi\/2009\/07\/webbailua-ja-loman-loppusuoran-alku\/","title":{"rendered":"Webbailua ja loman loppusuoran alku"},"content":{"rendered":"<p>H\u00e4th\u00e4t\u00e4\u00e4 ehdin k\u00e4yd\u00e4 aamulenkill\u00e4 ennen sadetta. Lenkin j\u00e4lkeen sade salli istahtaa koneelle, jossa olen suunnilleen koko p\u00e4iv\u00e4n systerin ja miehens\u00e4 vierailua sek\u00e4 ruoanlaittoa lukuunottamatta sitten ollutkin. Katalonian matkan maisemissa olen p\u00e4iv\u00e4n viett\u00e4nyt, palannut muutaman viikon takaisiin lomap\u00e4iviin. Siisp\u00e4 matkasivusto on nyt jotensakin valmiina:<br \/>\n<a href=\"http:\/\/www.satokangas.fi\/Matka\/Katalonia\/index.htm\">http:\/\/www.satokangas.fi\/Matka\/Katalonia\/index.htm<\/a><br \/>\nKuvat eiv\u00e4t ole niin hyvi\u00e4 kuin olisin toivonut, mutta eik\u00f6h\u00e4n niist\u00e4 jotain Katalonian lomaviikkomme vaiheista v\u00e4lity.<\/p>\n<p>Lomatunnelmien merkeiss\u00e4 onnenrippuja my\u00f6s ajatuksesta ett\u00e4 viel\u00e4 on viikko lomaa. Huomenna m\u00f6kkivierailup\u00e4iv\u00e4 Pudasj\u00e4rvelle. Ja loppuviikosta m\u00f6kille. Se kyll\u00e4 on minulle kovin mieluista.  <\/p>\n","protected":false},"excerpt":{"rendered":"<p>H\u00e4th\u00e4t\u00e4\u00e4 ehdin k\u00e4yd\u00e4 aamulenkill\u00e4 ennen sadetta. Lenkin j\u00e4lkeen sade salli istahtaa koneelle, jossa olen suunnilleen koko p\u00e4iv\u00e4n systerin ja miehens\u00e4 vierailua sek\u00e4 ruoanlaittoa lukuunottamatta sitten ollutkin. Katalonian matkan maisemissa olen p\u00e4iv\u00e4n viett\u00e4nyt, palannut muutaman viikon takaisiin lomap\u00e4iviin. Siisp\u00e4 matkasivusto on nyt jotensakin valmiina: http:\/\/www.satokangas.fi\/Matka\/Katalonia\/index.htm Kuvat eiv\u00e4t ole niin hyvi\u00e4 kuin olisin toivonut, mutta eik\u00f6h\u00e4n niist\u00e4 jotain Katalonian lomaviikkomme vaiheista v\u00e4lity. &hellip; <\/p>\n","protected":false},"author":1,"featured_media":0,"comment_status":"open","ping_status":"open","sticky":false,"template":"","format":"standard","meta":{"jetpack_post_was_ever_published":false,"_jetpack_newsletter_access":"","_jetpack_dont_email_post_to_subs":false,"_jetpack_newsletter_tier_id":0,"_jetpack_memberships_contains_paywalled_content":false,"_jetpack_memberships_contains_paid_content":false,"footnotes":"","jetpack_publicize_message":"","jetpack_publicize_feature_enabled":true,"jetpack_social_post_already_shared":false,"jetpack_social_options":{"image_generator_settings":{"template":"highway","default_image_id":0,"font":"","enabled":false},"version":2}},"categories":[1],"tags":[],"class_list":["post-3872","post","type-post","status-publish","format-standard","hentry","category-aiheeton","latest_post"],"jetpack_publicize_connections":[],"jetpack_featured_media_url":"","jetpack_shortlink":"https:\/\/wp.me\/pr4p4-10s","jetpack_sharing_enabled":true,"jetpack_likes_enabled":false,"jetpack-related-posts":[{"id":3691,"url":"https:\/\/www.satokangas.fi\/blogi\/2009\/07\/andorra\/","url_meta":{"origin":3872,"position":0},"title":"Andorra","author":"Reija","date":"1.7.2009","format":false,"excerpt":"Andorra. Suunnitellessamme t\u00e4t\u00e4 matkaa vaihtoehtoja olivat Portugali, Provence ja sitten t\u00e4m\u00e4 Costa Bravan rannikko t\u00e4\u00e4ll\u00e4 Kataloniassa. Yksi iso peruste Katalonian valitsemiseksi oli se, ett\u00e4 voisimme samalla reissulla k\u00e4yd\u00e4 my\u00f6s Andorrassa. T\u00e4n\u00e4\u00e4n se on tehty. Euroopan katolla? Aivan. Aamup\u00e4iv\u00e4 sinne Pyreneiden rinteit\u00e4 vuoren sein\u00e4mi\u00e4 noustessa kului ja ilta sielt\u00e4 palatessa. Kilometrej\u00e4\u2026","rel":"","context":"Kategoriassa &quot;Katalonia&quot;","block_context":{"text":"Katalonia","link":"https:\/\/www.satokangas.fi\/blogi\/category\/reissut\/katalonia\/"},"img":{"alt_text":"Andorra","src":"https:\/\/i0.wp.com\/www.satokangas.fi\/blogi\/wp-content\/uploads\/2009\/07\/andorra-020-302x400.jpg?resize=350%2C200&ssl=1","width":350,"height":200},"classes":[]},{"id":3640,"url":"https:\/\/www.satokangas.fi\/blogi\/2009\/06\/kataloniaan-on-tultu\/","url_meta":{"origin":3872,"position":1},"title":"Kataloniaan on tultu","author":"Reija","date":"26.6.2009","format":false,"excerpt":"Perjantai-ilta klo 23.45. Helteinen Barcelona, hotel Condal; korttelin p\u00e4\u00e4ss\u00e4 La Ramblasta,\u00a0 pieni, kahden t\u00e4hden y\u00f6paikka. Paljon mukavampi \u00a0t\u00e4\u00e4ll\u00e4 kuin hotelli Cumuluksessa tai jossain muussa Helsinki\u2013Vantaan lentokentt\u00e4hotellissa. Kotoa l\u00e4hdimme puolen p\u00e4iv\u00e4n aikoihin. Oulusta Helsinkiin kone oli my\u00f6h\u00e4ss\u00e4 l\u00e4hes tunnin; meill\u00e4 ei onneksi kuitenkaan h\u00e4t\u00e4\u00e4\u2026 hyvin ehdittiin Barcelonan lennolle. My\u00f6s palatessa olemme\u2026","rel":"","context":"Kategoriassa &quot;Niit\u00e4 n\u00e4it\u00e4&quot;","block_context":{"text":"Niit\u00e4 n\u00e4it\u00e4","link":"https:\/\/www.satokangas.fi\/blogi\/category\/aiheeton\/"},"img":{"alt_text":"","src":"","width":0,"height":0},"classes":[]},{"id":3624,"url":"https:\/\/www.satokangas.fi\/blogi\/2009\/06\/loman-alussa\/","url_meta":{"origin":3872,"position":2},"title":"Loman alussa","author":"Reija","date":"25.6.2009","format":false,"excerpt":"Tuulee etel\u00e4st\u00e4. Tuulestatemmattu l\u00e4htee etel\u00e4\u00e4n. On loma. T\u00f6ist\u00e4 tultuani kun sain kulkuneuvoni (juniori on edelleen pohjoisessa tytt\u00f6yst\u00e4v\u00e4ns\u00e4 kanssa, joten olen viett\u00e4nyt autottoman viikon) parkkeerattua ja kun pehtoori viel\u00e4 viimeisteli pihaa l\u00e4ht\u00f6kuntoon maistuivat meille lasilliset huippukuohuvaa. Matkakuumetta? Eip\u00e4 juuri, kun en ole viel\u00e4 ehtinyt oikeasti tajutakaan, ett\u00e4 huomenna l\u00e4hdet\u00e4\u00e4n. Koko kes\u00e4\u2026","rel":"","context":"Kategoriassa &quot;Niit\u00e4 n\u00e4it\u00e4&quot;","block_context":{"text":"Niit\u00e4 n\u00e4it\u00e4","link":"https:\/\/www.satokangas.fi\/blogi\/category\/aiheeton\/"},"img":{"alt_text":"","src":"https:\/\/i0.wp.com\/www.satokangas.fi\/blogi\/wp-content\/uploads\/2009\/06\/kuophuvat.jpg?resize=350%2C200&ssl=1","width":350,"height":200,"srcset":"https:\/\/i0.wp.com\/www.satokangas.fi\/blogi\/wp-content\/uploads\/2009\/06\/kuophuvat.jpg?resize=350%2C200&ssl=1 1x, https:\/\/i0.wp.com\/www.satokangas.fi\/blogi\/wp-content\/uploads\/2009\/06\/kuophuvat.jpg?resize=525%2C300&ssl=1 1.5x"},"classes":[]},{"id":43171,"url":"https:\/\/www.satokangas.fi\/blogi\/2022\/06\/lomamatkalle-jonnekin-eurooppaan\/","url_meta":{"origin":3872,"position":3},"title":"Lomamatkalle jonnekin Eurooppaan&#8230;","author":"Reija","date":"22.6.2022","format":false,"excerpt":"Reissuhaave jo l\u00e4hell\u00e4 toteutumistaan. Melkein kolme vuotta tullut s\u00e4\u00e4stetty\u00e4 rahaa ja luontoa, kun ei olla lennelty ja huideltu maailmalla. Koronan rajoittaessa matkustelua sopeuduimme, jopa min\u00e4kin, aika hyvin kotoiluun, eik\u00e4 edes Helsingiss\u00e4 tullut k\u00e4yty\u00e4. Reissaamattomuuteen varsinkin viime vuonna vaikutti my\u00f6s oma ja varsinkin \u00e4idin enempi v\u00e4hempi ep\u00e4vakaa terveys. Ei niin, ettenk\u00f6\u2026","rel":"","context":"Kategoriassa &quot;Italia&quot;","block_context":{"text":"Italia","link":"https:\/\/www.satokangas.fi\/blogi\/category\/italia\/"},"img":{"alt_text":"","src":"https:\/\/i0.wp.com\/www.satokangas.fi\/blogi\/wp-content\/uploads\/2022\/06\/Italiaan-5.jpg?resize=350%2C200&ssl=1","width":350,"height":200,"srcset":"https:\/\/i0.wp.com\/www.satokangas.fi\/blogi\/wp-content\/uploads\/2022\/06\/Italiaan-5.jpg?resize=350%2C200&ssl=1 1x, https:\/\/i0.wp.com\/www.satokangas.fi\/blogi\/wp-content\/uploads\/2022\/06\/Italiaan-5.jpg?resize=525%2C300&ssl=1 1.5x, https:\/\/i0.wp.com\/www.satokangas.fi\/blogi\/wp-content\/uploads\/2022\/06\/Italiaan-5.jpg?resize=700%2C400&ssl=1 2x"},"classes":[]},{"id":13917,"url":"https:\/\/www.satokangas.fi\/blogi\/2012\/04\/talonvuokrausta-euroopasta\/","url_meta":{"origin":3872,"position":4},"title":"Talonvuokrausta Euroopasta","author":"Reija","date":"11.4.2012","format":false,"excerpt":"Yksi unelma on l\u00e4hell\u00e4 toteutumistaan. Kun viime vuonna sain varmistuksen vuorotteluvapaasta, melkein yksin tein vuokrasin meille talon Italiasta! Kerron siit\u00e4 viel\u00e4 - paljonkin - mutta toiste. Nyt lyhyt talonvuokrauksen historia ... :) Talonvuokrausta on harrastettu jo ennenkin, monta kertaa. Interhome on ollut k\u00e4ytt\u00e4m\u00e4mme firma. Sen kautta vuokrattiin talo ensimm\u00e4isen kerran\u2026","rel":"","context":"Kategoriassa &quot;Niit\u00e4 n\u00e4it\u00e4&quot;","block_context":{"text":"Niit\u00e4 n\u00e4it\u00e4","link":"https:\/\/www.satokangas.fi\/blogi\/category\/aiheeton\/"},"img":{"alt_text":"","src":"https:\/\/i0.wp.com\/www.satokangas.fi\/blogi\/wp-content\/uploads\/Calonge-1995-600x383.jpg?resize=350%2C200&ssl=1","width":350,"height":200,"srcset":"https:\/\/i0.wp.com\/www.satokangas.fi\/blogi\/wp-content\/uploads\/Calonge-1995-600x383.jpg?resize=350%2C200&ssl=1 1x, https:\/\/i0.wp.com\/www.satokangas.fi\/blogi\/wp-content\/uploads\/Calonge-1995-600x383.jpg?resize=525%2C300&ssl=1 1.5x"},"classes":[]},{"id":3594,"url":"https:\/\/www.satokangas.fi\/blogi\/2009\/06\/ja-oulussa-jalleen\/","url_meta":{"origin":3872,"position":5},"title":"Ja Oulussa j\u00e4lleen","author":"Reija","date":"22.6.2009","format":false,"excerpt":"Maanantaina t\u00f6ihin l\u00e4ht\u00f6 kuten tavallisestikin. Seitsem\u00e4n pinnassa kohti Linnanmaata. T\u00e4n\u00e4\u00e4n vaan poikkeuksellisen pitk\u00e4 ty\u00f6matka vaati kahvittelun puoliv\u00e4liss\u00e4 matkaa, - Rovaniemell\u00e4. Puolilta p\u00e4ivin olin kampuksella, eik\u00e4 olisi kyll\u00e4 voinut v\u00e4hemp\u00e4\u00e4 kiinnostaa. Mutta eip\u00e4 siell\u00e4 ollut juuri muitakaan. Niinp\u00e4 hyviss\u00e4 ajoin ennen nelj\u00e4\u00e4 liityin pehtoorin seuraan pihan trimmaushommin. Nyt kelpaa s\u00e4iden l\u00e4mmet\u00e4.\u2026","rel":"","context":"Kategoriassa &quot;Niit\u00e4 n\u00e4it\u00e4&quot;","block_context":{"text":"Niit\u00e4 n\u00e4it\u00e4","link":"https:\/\/www.satokangas.fi\/blogi\/category\/aiheeton\/"},"img":{"alt_text":"","src":"","width":0,"height":0},"classes":[]}],"_links":{"self":[{"href":"https:\/\/www.satokangas.fi\/blogi\/wp-json\/wp\/v2\/posts\/3872","targetHints":{"allow":["GET"]}}],"collection":[{"href":"https:\/\/www.satokangas.fi\/blogi\/wp-json\/wp\/v2\/posts"}],"about":[{"href":"https:\/\/www.satokangas.fi\/blogi\/wp-json\/wp\/v2\/types\/post"}],"author":[{"embeddable":true,"href":"https:\/\/www.satokangas.fi\/blogi\/wp-json\/wp\/v2\/users\/1"}],"replies":[{"embeddable":true,"href":"https:\/\/www.satokangas.fi\/blogi\/wp-json\/wp\/v2\/comments?post=3872"}],"version-history":[{"count":0,"href":"https:\/\/www.satokangas.fi\/blogi\/wp-json\/wp\/v2\/posts\/3872\/revisions"}],"wp:attachment":[{"href":"https:\/\/www.satokangas.fi\/blogi\/wp-json\/wp\/v2\/media?parent=3872"}],"wp:term":[{"taxonomy":"category","embeddable":true,"href":"https:\/\/www.satokangas.fi\/blogi\/wp-json\/wp\/v2\/categories?post=3872"},{"taxonomy":"post_tag","embeddable":true,"href":"https:\/\/www.satokangas.fi\/blogi\/wp-json\/wp\/v2\/tags?post=3872"}],"curies":[{"name":"wp","href":"https:\/\/api.w.org\/{rel}","templated":true}]}}