{"id":3865,"date":"2009-07-25T22:53:59","date_gmt":"2009-07-25T19:53:59","guid":{"rendered":"https:\/\/www.satokangas.fi\/blogi\/?p=3865"},"modified":"2009-07-25T23:09:59","modified_gmt":"2009-07-25T20:09:59","slug":"pieni-paiva","status":"publish","type":"post","link":"https:\/\/www.satokangas.fi\/blogi\/2009\/07\/pieni-paiva\/","title":{"rendered":"Pieni p\u00e4iv\u00e4"},"content":{"rendered":"<p><a href=\"https:\/\/www.satokangas.fi\/blogi\/wp-content\/uploads\/2009\/07\/lippu.jpg\"><img loading=\"lazy\" decoding=\"async\" data-attachment-id=\"3868\" data-permalink=\"https:\/\/www.satokangas.fi\/blogi\/2009\/07\/pieni-paiva\/lippu\/\" data-orig-file=\"https:\/\/www.satokangas.fi\/blogi\/wp-content\/uploads\/2009\/07\/lippu.jpg\" data-orig-size=\"300,202\" data-comments-opened=\"1\" data-image-meta=\"{&quot;aperture&quot;:&quot;5.6&quot;,&quot;credit&quot;:&quot;&quot;,&quot;camera&quot;:&quot;Canon EOS 450D&quot;,&quot;caption&quot;:&quot;&quot;,&quot;created_timestamp&quot;:&quot;1246525800&quot;,&quot;copyright&quot;:&quot;&quot;,&quot;focal_length&quot;:&quot;200&quot;,&quot;iso&quot;:&quot;100&quot;,&quot;shutter_speed&quot;:&quot;0.000625&quot;,&quot;title&quot;:&quot;&quot;}\" data-image-title=\"lippu\" data-image-description=\"\" data-image-caption=\"\" data-large-file=\"https:\/\/www.satokangas.fi\/blogi\/wp-content\/uploads\/2009\/07\/lippu.jpg\" src=\"https:\/\/www.satokangas.fi\/blogi\/wp-content\/uploads\/2009\/07\/lippu.jpg\" alt=\"lippu\" title=\"lippu\" width=\"300\" height=\"202\" class=\"alignleft size-full wp-image-3868\" srcset=\"https:\/\/www.satokangas.fi\/blogi\/wp-content\/uploads\/2009\/07\/lippu.jpg 300w, https:\/\/www.satokangas.fi\/blogi\/wp-content\/uploads\/2009\/07\/lippu-200x134.jpg 200w\" sizes=\"auto, (max-width: 300px) 100vw, 300px\" \/><\/a>P\u00e4iv\u00e4 lukien (ty\u00f6hommia!) ja ruokaa laittaen ja siit\u00e4 perheen kanssa nauttien.<\/p>\n<p>Koko ilta matkasivua ty\u00f6st\u00e4en: Kataloniasta Alku, Barcelona, Sitges ja matkap\u00e4iv\u00e4kirja valmiina, huomenna loput. <\/p>\n<p>L\u00e4mmin tuntuu hyv\u00e4lle. <\/p>\n","protected":false},"excerpt":{"rendered":"<p>P\u00e4iv\u00e4 lukien (ty\u00f6hommia!) ja ruokaa laittaen ja siit\u00e4 perheen kanssa nauttien. Koko ilta matkasivua ty\u00f6st\u00e4en: Kataloniasta Alku, Barcelona, Sitges ja matkap\u00e4iv\u00e4kirja valmiina, huomenna loput. L\u00e4mmin tuntuu hyv\u00e4lle.<\/p>\n","protected":false},"author":1,"featured_media":0,"comment_status":"open","ping_status":"open","sticky":false,"template":"","format":"standard","meta":{"jetpack_post_was_ever_published":false,"_jetpack_newsletter_access":"","_jetpack_dont_email_post_to_subs":false,"_jetpack_newsletter_tier_id":0,"_jetpack_memberships_contains_paywalled_content":false,"_jetpack_memberships_contains_paid_content":false,"footnotes":"","jetpack_publicize_message":"","jetpack_publicize_feature_enabled":true,"jetpack_social_post_already_shared":false,"jetpack_social_options":{"image_generator_settings":{"template":"highway","default_image_id":0,"font":"","enabled":false},"version":2}},"categories":[1],"tags":[],"class_list":["post-3865","post","type-post","status-publish","format-standard","hentry","category-aiheeton","latest_post"],"jetpack_publicize_connections":[],"jetpack_featured_media_url":"","jetpack_shortlink":"https:\/\/wp.me\/pr4p4-10l","jetpack_sharing_enabled":true,"jetpack_likes_enabled":false,"jetpack-related-posts":[{"id":51267,"url":"https:\/\/www.satokangas.fi\/blogi\/2024\/11\/arkinen-hyva-paiva\/","url_meta":{"origin":3865,"position":0},"title":"Arkinen, hyv\u00e4 p\u00e4iv\u00e4","author":"Reija","date":"25.11.2024","format":false,"excerpt":"Arkinen p\u00e4iv\u00e4, kotip\u00e4iv\u00e4, kotity\u00f6p\u00e4iv\u00e4, vesisadep\u00e4iv\u00e4, kuukausi jouluun -p\u00e4iv\u00e4, ahkera p\u00e4iv\u00e4. \u00a0 Hyv\u00e4 arki on hyv\u00e4 asia.\u00a0 Silloinhan el\u00e4m\u00e4ss\u00e4 on asiat hyv\u00e4ll\u00e4 mallilla, kun arkikin on turvallista ja hyv\u00e4\u00e4 ja kun p\u00e4iv\u00e4t kuluvat helposti ja heng\u00e4stym\u00e4tt\u00e4 turhia. \u00a0 Lorem ipsum dolor sit amet, consectetur adipiscing elit. Ut elit tellus, luctus nec\u2026","rel":"","context":"Kategoriassa &quot;Niit\u00e4 n\u00e4it\u00e4&quot;","block_context":{"text":"Niit\u00e4 n\u00e4it\u00e4","link":"https:\/\/www.satokangas.fi\/blogi\/category\/aiheeton\/"},"img":{"alt_text":"","src":"https:\/\/i0.wp.com\/www.satokangas.fi\/blogi\/wp-content\/uploads\/2024\/11\/0e3be815-c96c-4609-9bc0-c614698c8592.webp?resize=350%2C200&ssl=1","width":350,"height":200,"srcset":"https:\/\/i0.wp.com\/www.satokangas.fi\/blogi\/wp-content\/uploads\/2024\/11\/0e3be815-c96c-4609-9bc0-c614698c8592.webp?resize=350%2C200&ssl=1 1x, https:\/\/i0.wp.com\/www.satokangas.fi\/blogi\/wp-content\/uploads\/2024\/11\/0e3be815-c96c-4609-9bc0-c614698c8592.webp?resize=525%2C300&ssl=1 1.5x, https:\/\/i0.wp.com\/www.satokangas.fi\/blogi\/wp-content\/uploads\/2024\/11\/0e3be815-c96c-4609-9bc0-c614698c8592.webp?resize=700%2C400&ssl=1 2x, https:\/\/i0.wp.com\/www.satokangas.fi\/blogi\/wp-content\/uploads\/2024\/11\/0e3be815-c96c-4609-9bc0-c614698c8592.webp?resize=1050%2C600&ssl=1 3x"},"classes":[]},{"id":17957,"url":"https:\/\/www.satokangas.fi\/blogi\/2013\/07\/hieno-paiva\/","url_meta":{"origin":3865,"position":1},"title":"Hieno p\u00e4iv\u00e4","author":"Reija","date":"7.7.2013","format":false,"excerpt":"Kaikki nuoret l\u00e4htiv\u00e4t tunti sitten kaupunkiin, tanssimaan jonnekin. Talo hiljeni. Hieno p\u00e4iv\u00e4 oli.\u00a0Koko p\u00e4iv\u00e4 oli hyv\u00e4. \u00a0Nyt v\u00e4sy. Hassua, ett\u00e4 minusta oli parasta, kun me nelj\u00e4st\u00e4\u00e4n puolen p\u00e4iv\u00e4n j\u00e4lkeen yhdess\u00e4 juhlaa valmistelimme. Se oli parasta. Paljon muutakin hyv\u00e4\u00e4... Kerron huomenna.","rel":"","context":"Kategoriassa &quot;Niit\u00e4 n\u00e4it\u00e4&quot;","block_context":{"text":"Niit\u00e4 n\u00e4it\u00e4","link":"https:\/\/www.satokangas.fi\/blogi\/category\/aiheeton\/"},"img":{"alt_text":"Meksiko-menu","src":"https:\/\/i0.wp.com\/www.satokangas.fi\/blogi\/wp-content\/uploads\/2013\/07\/Meksiko-menu-266x400.jpg?resize=350%2C200&ssl=1","width":350,"height":200},"classes":[]},{"id":44608,"url":"https:\/\/www.satokangas.fi\/blogi\/2023\/01\/kovin-vahan-kirjoitusviretta\/","url_meta":{"origin":3865,"position":2},"title":"Kovin v\u00e4h\u00e4n kirjoitusvirett\u00e4","author":"Reija","date":"18.1.2023","format":false,"excerpt":"Myr\u00e4kk\u00e4p\u00e4iv\u00e4. Asioille l\u00e4htemisen p\u00e4iv\u00e4. Kameran huoltoon l\u00e4hett\u00e4misen p\u00e4iv\u00e4. P\u00e4iv\u00e4, jolloin mietin, ett\u00e4 mitenk\u00e4s periytyv\u00e4\u00e4 se osteoporoosi onkaan. Kirjanpitop\u00e4iv\u00e4. Pizzap\u00e4iv\u00e4. Kotipizza. Tai siis kotona tehdyn pizzan p\u00e4iv\u00e4. Postausp\u00e4iv\u00e4kin, - ihan niin kuin ne 364 muutakin p\u00e4iv\u00e4\u00e4 vuodessa, mutta t\u00e4n\u00e4\u00e4n ei oikein virett\u00e4.","rel":"","context":"Kategoriassa &quot;Bloggailu&quot;","block_context":{"text":"Bloggailu","link":"https:\/\/www.satokangas.fi\/blogi\/category\/bloggailu\/"},"img":{"alt_text":"","src":"https:\/\/i0.wp.com\/www.satokangas.fi\/blogi\/wp-content\/uploads\/2013\/01\/Talviperjantai-5.jpg?resize=350%2C200&ssl=1","width":350,"height":200,"srcset":"https:\/\/i0.wp.com\/www.satokangas.fi\/blogi\/wp-content\/uploads\/2013\/01\/Talviperjantai-5.jpg?resize=350%2C200&ssl=1 1x, https:\/\/i0.wp.com\/www.satokangas.fi\/blogi\/wp-content\/uploads\/2013\/01\/Talviperjantai-5.jpg?resize=525%2C300&ssl=1 1.5x"},"classes":[]},{"id":47945,"url":"https:\/\/www.satokangas.fi\/blogi\/2023\/12\/niin-hieno-paiva\/","url_meta":{"origin":3865,"position":3},"title":"Niin hieno p\u00e4iv\u00e4","author":"Reija","date":"8.12.2023","format":false,"excerpt":"On puoliy\u00f6. Olen juuri tullut kotiin. (klo 23.52) Olen liki pakahtumaisillani p\u00e4iv\u00e4n annista. Pitk\u00e4st\u00e4 aikaa p\u00e4iv\u00e4 t\u00e4ynn\u00e4 akateemista el\u00e4m\u00e4\u00e4. P\u00e4iv\u00e4ll\u00e4 v\u00e4it\u00f6stilaisuus, illalla karonkka. Molemmat poikkeuksellisia. Poikkeuksellisen rauhallisia, kauniita, tunteikkaita, historiallisia, positiivisia hetki\u00e4. Paljon n\u00e4kymi\u00e4, ajatuksia, kohtaamisia, kuulumisia ja kiitoksia. Uutta tietoa, - paluuta omaan ja Oulun menneeseen. Ja ilta viel\u00e4\u2026","rel":"","context":"Kategoriassa &quot;Yliopistoel\u00e4m\u00e4\u00e4&quot;","block_context":{"text":"Yliopistoel\u00e4m\u00e4\u00e4","link":"https:\/\/www.satokangas.fi\/blogi\/category\/yliopistoelamaa\/"},"img":{"alt_text":"","src":"https:\/\/i0.wp.com\/www.satokangas.fi\/blogi\/wp-content\/uploads\/2023\/12\/WhatsApp-Kuva-2023-12-09-klo-00.28.28_440778c6.jpg?resize=350%2C200&ssl=1","width":350,"height":200,"srcset":"https:\/\/i0.wp.com\/www.satokangas.fi\/blogi\/wp-content\/uploads\/2023\/12\/WhatsApp-Kuva-2023-12-09-klo-00.28.28_440778c6.jpg?resize=350%2C200&ssl=1 1x, https:\/\/i0.wp.com\/www.satokangas.fi\/blogi\/wp-content\/uploads\/2023\/12\/WhatsApp-Kuva-2023-12-09-klo-00.28.28_440778c6.jpg?resize=525%2C300&ssl=1 1.5x, https:\/\/i0.wp.com\/www.satokangas.fi\/blogi\/wp-content\/uploads\/2023\/12\/WhatsApp-Kuva-2023-12-09-klo-00.28.28_440778c6.jpg?resize=700%2C400&ssl=1 2x"},"classes":[]},{"id":50696,"url":"https:\/\/www.satokangas.fi\/blogi\/2024\/10\/heijastimet-sillanpaa-ja-naisten-oikeudet\/","url_meta":{"origin":3865,"position":4},"title":"Heijastimet, Sillanp\u00e4\u00e4 ja naisten oikeudet","author":"Reija","date":"1.10.2024","format":false,"excerpt":"\u00a0 Lokakuun ensimm\u00e4inen on Heijastinp\u00e4iv\u00e4! Viimeist\u00e4\u00e4n nyt heijastimet takkeihin ja reppuihin heilumaan. T\u00e4n\u00e4\u00e4n on my\u00f6s Miina Sillanp\u00e4\u00e4n ja kansalaisvaikuttamisen p\u00e4iv\u00e4, ja se on my\u00f6s virallinen liputusp\u00e4iv\u00e4. Kaikkihan me tied\u00e4mme, miksi juuri Sillanp\u00e4\u00e4n kunniaksi liputetaan? - Sillanp\u00e4\u00e4 oli vuonna 1907 valitun ensimm\u00e4isen eduskunnan naiskansanedustaja (SDP); yksi niist\u00e4 19 naisesta, jotka valittiin.\u2026","rel":"","context":"Kategoriassa &quot;Historiaa&quot;","block_context":{"text":"Historiaa","link":"https:\/\/www.satokangas.fi\/blogi\/category\/historiaa\/"},"img":{"alt_text":"","src":"https:\/\/i0.wp.com\/www.satokangas.fi\/blogi\/wp-content\/uploads\/2024\/10\/Siperianorapihlaja-2.jpg?resize=350%2C200&ssl=1","width":350,"height":200,"srcset":"https:\/\/i0.wp.com\/www.satokangas.fi\/blogi\/wp-content\/uploads\/2024\/10\/Siperianorapihlaja-2.jpg?resize=350%2C200&ssl=1 1x, https:\/\/i0.wp.com\/www.satokangas.fi\/blogi\/wp-content\/uploads\/2024\/10\/Siperianorapihlaja-2.jpg?resize=525%2C300&ssl=1 1.5x, https:\/\/i0.wp.com\/www.satokangas.fi\/blogi\/wp-content\/uploads\/2024\/10\/Siperianorapihlaja-2.jpg?resize=700%2C400&ssl=1 2x"},"classes":[]},{"id":12158,"url":"https:\/\/www.satokangas.fi\/blogi\/2011\/08\/tama-paiva-on-tehty\/","url_meta":{"origin":3865,"position":5},"title":"T\u00e4m\u00e4 p\u00e4iv\u00e4 on tehty &#8230;","author":"Reija","date":"8.8.2011","format":false,"excerpt":"T\u00e4m\u00e4 maanantai on tehty mustikoista, vadelmista. \u00a0Ulkona vihmovasta sateesta, viheli\u00e4isest\u00e4 sateesta, joka kertoo syksyn olevan l\u00e4hell\u00e4. T\u00e4m\u00e4 p\u00e4iv\u00e4 on tehty tytt\u00e4ren n\u00e4kemisest\u00e4, hyv\u00e4st\u00e4 mielest\u00e4 apen voidessa jo paremmin. T\u00e4m\u00e4 p\u00e4iv\u00e4 on tehty pitkien asialistojen tekemisest\u00e4, ja niiss\u00e4 mainittujen asioiden v\u00e4lttelyst\u00e4. T\u00e4m\u00e4 p\u00e4iv\u00e4 on tehty kotonaolosta. T\u00e4n\u00e4\u00e4n on ollut aikaa It\u00e4vallan\u2026","rel":"","context":"Kategoriassa &quot;Niit\u00e4 n\u00e4it\u00e4&quot;","block_context":{"text":"Niit\u00e4 n\u00e4it\u00e4","link":"https:\/\/www.satokangas.fi\/blogi\/category\/aiheeton\/"},"img":{"alt_text":"","src":"","width":0,"height":0},"classes":[]}],"_links":{"self":[{"href":"https:\/\/www.satokangas.fi\/blogi\/wp-json\/wp\/v2\/posts\/3865","targetHints":{"allow":["GET"]}}],"collection":[{"href":"https:\/\/www.satokangas.fi\/blogi\/wp-json\/wp\/v2\/posts"}],"about":[{"href":"https:\/\/www.satokangas.fi\/blogi\/wp-json\/wp\/v2\/types\/post"}],"author":[{"embeddable":true,"href":"https:\/\/www.satokangas.fi\/blogi\/wp-json\/wp\/v2\/users\/1"}],"replies":[{"embeddable":true,"href":"https:\/\/www.satokangas.fi\/blogi\/wp-json\/wp\/v2\/comments?post=3865"}],"version-history":[{"count":0,"href":"https:\/\/www.satokangas.fi\/blogi\/wp-json\/wp\/v2\/posts\/3865\/revisions"}],"wp:attachment":[{"href":"https:\/\/www.satokangas.fi\/blogi\/wp-json\/wp\/v2\/media?parent=3865"}],"wp:term":[{"taxonomy":"category","embeddable":true,"href":"https:\/\/www.satokangas.fi\/blogi\/wp-json\/wp\/v2\/categories?post=3865"},{"taxonomy":"post_tag","embeddable":true,"href":"https:\/\/www.satokangas.fi\/blogi\/wp-json\/wp\/v2\/tags?post=3865"}],"curies":[{"name":"wp","href":"https:\/\/api.w.org\/{rel}","templated":true}]}}